{"id":6288,"date":"2026-03-15T02:52:38","date_gmt":"2026-03-15T02:52:38","guid":{"rendered":"https:\/\/radioecoutefm.com\/?p=6288"},"modified":"2026-03-15T02:52:38","modified_gmt":"2026-03-15T02:52:38","slug":"arrestation-de-lancien-depute-arnel-belizaire-a-petion-ville","status":"publish","type":"post","link":"https:\/\/radioecoutefm.com\/index.php\/2026\/03\/15\/arrestation-de-lancien-depute-arnel-belizaire-a-petion-ville\/","title":{"rendered":"Arrestation de l\u2019ancien d\u00e9put\u00e9 Arnel B\u00e9lizaire \u00e0 P\u00e9tion-Ville"},"content":{"rendered":"<p>Munie d\u2019un mandat d\u2019amener, la Direction Centrale de la Police Judiciaire (DCPJ) a proc\u00e9d\u00e9, ce samedi 14 mars 2026 vers 16 h 45, \u00e0 l\u2019arrestation de l\u2019ancien d\u00e9put\u00e9 Arnel B\u00e9lizaire \u00e0 l\u2019h\u00f4tel Oasis, dans la commune de P\u00e9tion-Ville.<\/p>\n<p>L\u2019ancien parlementaire a \u00e9t\u00e9 interpell\u00e9 lors d\u2019une op\u00e9ration men\u00e9e par des agents de la police judiciaire. L\u2019intervention s\u2019est d\u00e9roul\u00e9e dans l\u2019\u00e9tablissement h\u00f4telier, o\u00f9 les autorit\u00e9s ont proc\u00e9d\u00e9 \u00e0 son arrestation sans que d\u2019autres d\u00e9tails ne soient imm\u00e9diatement communiqu\u00e9s sur le d\u00e9roulement de l\u2019op\u00e9ration.<\/p>\n<p>\u00c0 titre de rappel, Arnel B\u00e9lizaire \u00e9tait recherch\u00e9 par la police pour financement du terrorisme, attentat et complot contre la s\u00fbret\u00e9 interne de l\u2019\u00c9tat, ainsi que pour association de malfaiteurs. Les autorit\u00e9s n\u2019ont pas encore pr\u00e9cis\u00e9 les prochaines \u00e9tapes judiciaires concernant son dossier.<\/p>\n<p>Radio \u00e9coute fm<\/p>\n","protected":false},"excerpt":{"rendered":"<p>Munie d\u2019un mandat d\u2019amener, la Direction Centrale de la Police Judiciaire (DCPJ) a proc\u00e9d\u00e9, ce samedi 14 mars 2026 vers 16 h 45, \u00e0 l\u2019arrestation de l\u2019ancien d\u00e9put\u00e9 Arnel B\u00e9lizaire \u00e0 l\u2019h\u00f4tel Oasis, dans la commune de P\u00e9tion-Ville. L\u2019ancien parlementaire a \u00e9t\u00e9 interpell\u00e9 lors d\u2019une op\u00e9ration men\u00e9e par des agents de la police judiciaire. L\u2019intervention [&hellip;]<\/p>\n","protected":false},"author":1,"featured_media":6289,"comment_status":"open","ping_status":"open","sticky":false,"template":"","format":"standard","meta":{"_uag_custom_page_level_css":"","jetpack_post_was_ever_published":false,"_jetpack_newsletter_access":"","_jetpack_dont_email_post_to_subs":false,"_jetpack_newsletter_tier_id":0,"_jetpack_memberships_contains_paywalled_content":false,"_jetpack_memberships_contains_paid_content":false,"footnotes":"","jetpack_publicize_message":"","jetpack_publicize_feature_enabled":true,"jetpack_social_post_already_shared":true,"jetpack_social_options":{"image_generator_settings":{"template":"highway","default_image_id":0,"font":"","enabled":false},"version":2}},"categories":[76],"tags":[],"ppma_author":[15],"class_list":["post-6288","post","type-post","status-publish","format-standard","has-post-thumbnail","hentry","category-arrestation"],"aioseo_notices":[],"jetpack_publicize_connections":[],"jetpack_featured_media_url":"https:\/\/i0.wp.com\/radioecoutefm.com\/wp-content\/uploads\/2026\/03\/D3863D94-0AC2-4DD1-A61C-27848E7E6768.jpeg?fit=1275%2C613&ssl=1","uagb_featured_image_src":{"full":["https:\/\/i0.wp.com\/radioecoutefm.com\/wp-content\/uploads\/2026\/03\/D3863D94-0AC2-4DD1-A61C-27848E7E6768.jpeg?fit=1275%2C613&ssl=1",1275,613,false],"thumbnail":["https:\/\/i0.wp.com\/radioecoutefm.com\/wp-content\/uploads\/2026\/03\/D3863D94-0AC2-4DD1-A61C-27848E7E6768.jpeg?resize=150%2C150&ssl=1",150,150,true],"medium":["https:\/\/i0.wp.com\/radioecoutefm.com\/wp-content\/uploads\/2026\/03\/D3863D94-0AC2-4DD1-A61C-27848E7E6768.jpeg?fit=300%2C144&ssl=1",300,144,true],"medium_large":["https:\/\/i0.wp.com\/radioecoutefm.com\/wp-content\/uploads\/2026\/03\/D3863D94-0AC2-4DD1-A61C-27848E7E6768.jpeg?fit=640%2C308&ssl=1",640,308,true],"large":["https:\/\/i0.wp.com\/radioecoutefm.com\/wp-content\/uploads\/2026\/03\/D3863D94-0AC2-4DD1-A61C-27848E7E6768.jpeg?fit=640%2C308&ssl=1",640,308,true],"1536x1536":["https:\/\/i0.wp.com\/radioecoutefm.com\/wp-content\/uploads\/2026\/03\/D3863D94-0AC2-4DD1-A61C-27848E7E6768.jpeg?fit=1275%2C613&ssl=1",1275,613,true],"2048x2048":["https:\/\/i0.wp.com\/radioecoutefm.com\/wp-content\/uploads\/2026\/03\/D3863D94-0AC2-4DD1-A61C-27848E7E6768.jpeg?fit=1275%2C613&ssl=1",1275,613,true],"newsair-slider-full":["https:\/\/i0.wp.com\/radioecoutefm.com\/wp-content\/uploads\/2026\/03\/D3863D94-0AC2-4DD1-A61C-27848E7E6768.jpeg?resize=1275%2C613&ssl=1",1275,613,true],"newsair-featured":["https:\/\/i0.wp.com\/radioecoutefm.com\/wp-content\/uploads\/2026\/03\/D3863D94-0AC2-4DD1-A61C-27848E7E6768.jpeg?fit=1024%2C492&ssl=1",1024,492,true],"newsair-medium":["https:\/\/i0.wp.com\/radioecoutefm.com\/wp-content\/uploads\/2026\/03\/D3863D94-0AC2-4DD1-A61C-27848E7E6768.jpeg?resize=720%2C380&ssl=1",720,380,true]},"uagb_author_info":{"display_name":"Ecoute FM","author_link":"https:\/\/radioecoutefm.com\/index.php\/author\/borgellaattis\/"},"uagb_comment_info":3,"uagb_excerpt":"Munie d\u2019un mandat d\u2019amener, la Direction Centrale de la Police Judiciaire (DCPJ) a proc\u00e9d\u00e9, ce samedi 14 mars 2026 vers 16 h 45, \u00e0 l\u2019arrestation de l\u2019ancien d\u00e9put\u00e9 Arnel B\u00e9lizaire \u00e0 l\u2019h\u00f4tel Oasis, dans la commune de P\u00e9tion-Ville. L\u2019ancien parlementaire a \u00e9t\u00e9 interpell\u00e9 lors d\u2019une op\u00e9ration men\u00e9e par des agents de la police judiciaire. L\u2019intervention&hellip;","jetpack_sharing_enabled":true,"jetpack_shortlink":"https:\/\/wp.me\/pgoyna-1Dq","jetpack-related-posts":[{"id":5958,"url":"https:\/\/radioecoutefm.com\/index.php\/2025\/09\/23\/les-etats-unis-sanctionnent-don-kato-et-arnel-belizaire\/","url_meta":{"origin":6288,"position":0},"title":"Les \u00c9tats-Unis sanctionnent Don Kato et Arnel B\u00e9lizaire","author":"Ecoute FM","date":"23.09.2025","format":false,"excerpt":"Le D\u00e9partement d\u2019\u00c9tat am\u00e9ricain a annonc\u00e9 ce lundi 22 septembre des sanctions contre deux figures politiques ha\u00eftiennes. Il s'agit de l\u2019ancien s\u00e9nateur Antonio Ch\u00e9ramy, dit Don Kato, et l\u2019ancien d\u00e9put\u00e9 Arnel B\u00e9lizaire. Selon Washington, les deux hommes auraient jou\u00e9 un r\u00f4le jug\u00e9 \u00ab d\u00e9stabilisateur \u00bb dans le processus d\u00e9mocratique en\u2026","rel":"","context":"In &quot;SOCIETE&quot;","block_context":{"text":"SOCIETE","link":"https:\/\/radioecoutefm.com\/index.php\/category\/societe\/"},"img":{"alt_text":"","src":"https:\/\/i0.wp.com\/radioecoutefm.com\/wp-content\/uploads\/2025\/09\/d8b6ec45886449f2d9cb74bdc37233fc.jpeg?fit=1200%2C1200&ssl=1&resize=350%2C200","width":350,"height":200,"srcset":"https:\/\/i0.wp.com\/radioecoutefm.com\/wp-content\/uploads\/2025\/09\/d8b6ec45886449f2d9cb74bdc37233fc.jpeg?fit=1200%2C1200&ssl=1&resize=350%2C200 1x, https:\/\/i0.wp.com\/radioecoutefm.com\/wp-content\/uploads\/2025\/09\/d8b6ec45886449f2d9cb74bdc37233fc.jpeg?fit=1200%2C1200&ssl=1&resize=525%2C300 1.5x, https:\/\/i0.wp.com\/radioecoutefm.com\/wp-content\/uploads\/2025\/09\/d8b6ec45886449f2d9cb74bdc37233fc.jpeg?fit=1200%2C1200&ssl=1&resize=700%2C400 2x, https:\/\/i0.wp.com\/radioecoutefm.com\/wp-content\/uploads\/2025\/09\/d8b6ec45886449f2d9cb74bdc37233fc.jpeg?fit=1200%2C1200&ssl=1&resize=1050%2C600 3x"},"classes":[]},{"id":3650,"url":"https:\/\/radioecoutefm.com\/index.php\/2025\/05\/01\/arnel-belizaire-arrete-apres-une-altercation-a-jacmel\/","url_meta":{"origin":6288,"position":1},"title":"Arnel B\u00e9lizaire arr\u00eat\u00e9 apr\u00e8s une altercation \u00e0 Jacmel","author":"Ecoute FM","date":"01.05.2025","format":false,"excerpt":"L\u2019ex-d\u00e9put\u00e9 Arnel B\u00e9lizaire a \u00e9t\u00e9 arr\u00eat\u00e9 le 30 avril 2025 \u00e0 Jacmel apr\u00e8s avoir \u00e9t\u00e9 impliqu\u00e9 dans une violente dispute avec une commer\u00e7ante install\u00e9e pr\u00e8s de son h\u00f4tel. Selon des t\u00e9moins, l\u2019altercation a d\u00e9g\u00e9n\u00e9r\u00e9 lorsque l\u2019ex-parlementaire a agress\u00e9 la femme et caus\u00e9 des d\u00e9g\u00e2ts \u00e0 ses biens, provoquant une sc\u00e8ne\u2026","rel":"","context":"In &quot;JUSTICE&quot;","block_context":{"text":"JUSTICE","link":"https:\/\/radioecoutefm.com\/index.php\/category\/interview\/"},"img":{"alt_text":"","src":"","width":0,"height":0},"classes":[]},{"id":2356,"url":"https:\/\/radioecoutefm.com\/index.php\/2025\/04\/04\/lancien-depute-alfredo-antoine-jr-arrete-par-la-police-nationale-dhaiti\/","url_meta":{"origin":6288,"position":2},"title":"L\u2019ancien d\u00e9put\u00e9 Alfredo Antoine Jr arr\u00eat\u00e9 par la DCPJ","author":"Ecoute FM","date":"04.04.2025","format":false,"excerpt":"Alfredo Antoine Jr, ancien d\u00e9put\u00e9 de la circonscription de Kenscoff, a \u00e9t\u00e9 arr\u00eat\u00e9 ce vendredi par des agents de la Direction Centrale de la Police Judiciaire (DCPJ) \u00e0 Morne-Calvaire. Il faisait l\u2019objet d\u2019un avis de recherche pour ses pr\u00e9sum\u00e9es collaborations avec des gangs arm\u00e9s, selon les autorit\u00e9s polici\u00e8res. L\u2019ancien parlementaire\u2026","rel":"","context":"In &quot;POLITIQUE&quot;","block_context":{"text":"POLITIQUE","link":"https:\/\/radioecoutefm.com\/index.php\/category\/politique\/"},"img":{"alt_text":"","src":"https:\/\/i0.wp.com\/radioecoutefm.com\/wp-content\/uploads\/2025\/04\/Alfredo.png?fit=621%2C276&ssl=1&resize=350%2C200","width":350,"height":200,"srcset":"https:\/\/i0.wp.com\/radioecoutefm.com\/wp-content\/uploads\/2025\/04\/Alfredo.png?fit=621%2C276&ssl=1&resize=350%2C200 1x, https:\/\/i0.wp.com\/radioecoutefm.com\/wp-content\/uploads\/2025\/04\/Alfredo.png?fit=621%2C276&ssl=1&resize=525%2C300 1.5x"},"classes":[]},{"id":5894,"url":"https:\/\/radioecoutefm.com\/index.php\/2025\/09\/19\/necrologie-deces-de-lancien-senateur-dejean-belizaire\/","url_meta":{"origin":6288,"position":3},"title":"N\u00e9crologie : D\u00e9c\u00e8s de l\u2019ancien s\u00e9nateur D\u00e9jean B\u00e9lizaire","author":"Ecoute FM","date":"19.09.2025","format":false,"excerpt":"N\u00e9crologie : D\u00e9c\u00e8s de l\u2019ancien s\u00e9nateur D\u00e9jean B\u00e9lizaire L\u2019ancien s\u00e9nateur et homme politique ha\u00eftien D\u00e9jean B\u00e9lizaire est d\u00e9c\u00e9d\u00e9 ce jeudi \u00e0 New York \u00e0 l\u2019\u00e2ge de 90 ans, selon des sources familiales. Ing\u00e9nieur de formation, sp\u00e9cialiste en hydrologie et hydraulique, il \u00e9tait originaire de Petite-Rivi\u00e8re-de-l\u2019Artibonite, o\u00f9 il \u00e9tait n\u00e9 en\u2026","rel":"","context":"In &quot;NECROLOGIE&quot;","block_context":{"text":"NECROLOGIE","link":"https:\/\/radioecoutefm.com\/index.php\/category\/necrologie\/"},"img":{"alt_text":"","src":"https:\/\/i0.wp.com\/radioecoutefm.com\/wp-content\/uploads\/2025\/09\/WhatsApp-Image-2025-09-18-at-18.19.10.jpeg?fit=550%2C367&ssl=1&resize=350%2C200","width":350,"height":200,"srcset":"https:\/\/i0.wp.com\/radioecoutefm.com\/wp-content\/uploads\/2025\/09\/WhatsApp-Image-2025-09-18-at-18.19.10.jpeg?fit=550%2C367&ssl=1&resize=350%2C200 1x, https:\/\/i0.wp.com\/radioecoutefm.com\/wp-content\/uploads\/2025\/09\/WhatsApp-Image-2025-09-18-at-18.19.10.jpeg?fit=550%2C367&ssl=1&resize=525%2C300 1.5x"},"classes":[]},{"id":4435,"url":"https:\/\/radioecoutefm.com\/index.php\/2025\/05\/22\/haiti-decouverte-de-restes-humains-dans-un-hopital-abandonne-a-petion-ville\/","url_meta":{"origin":6288,"position":4},"title":"Haiti: d\u00e9couverte de restes humains dans un h\u00f4pital abandonn\u00e9 \u00e0 Petion-ville","author":"Ecoute FM","date":"22.05.2025","format":false,"excerpt":"Une op\u00e9ration men\u00e9e ce mercredi 21 mai par des agents de la Direction Centrale de la Police Judiciaire (DCPJ) a r\u00e9v\u00e9l\u00e9 une sc\u00e8ne d\u2019horreur dans un b\u00e2timent situ\u00e9 au GBS Plaza, Route de Fr\u00e8res, \u00e0 P\u00e9tion-Ville. Lors d\u2019une perquisition dans les locaux d\u2019un ancien h\u00f4pital laiss\u00e9 \u00e0 l\u2019abandon, les enqu\u00eateurs\u2026","rel":"","context":"In &quot;INSECURITE&quot;","block_context":{"text":"INSECURITE","link":"https:\/\/radioecoutefm.com\/index.php\/category\/securite\/"},"img":{"alt_text":"","src":"https:\/\/i0.wp.com\/radioecoutefm.com\/wp-content\/uploads\/2025\/05\/att.HZfqepXjR4QnakHO46-yr1XCTiafQfnkLfWnBccweWs.jpeg?fit=828%2C356&ssl=1&resize=350%2C200","width":350,"height":200,"srcset":"https:\/\/i0.wp.com\/radioecoutefm.com\/wp-content\/uploads\/2025\/05\/att.HZfqepXjR4QnakHO46-yr1XCTiafQfnkLfWnBccweWs.jpeg?fit=828%2C356&ssl=1&resize=350%2C200 1x, https:\/\/i0.wp.com\/radioecoutefm.com\/wp-content\/uploads\/2025\/05\/att.HZfqepXjR4QnakHO46-yr1XCTiafQfnkLfWnBccweWs.jpeg?fit=828%2C356&ssl=1&resize=525%2C300 1.5x, https:\/\/i0.wp.com\/radioecoutefm.com\/wp-content\/uploads\/2025\/05\/att.HZfqepXjR4QnakHO46-yr1XCTiafQfnkLfWnBccweWs.jpeg?fit=828%2C356&ssl=1&resize=700%2C400 2x"},"classes":[]},{"id":1346,"url":"https:\/\/radioecoutefm.com\/index.php\/2025\/03\/06\/arrestation-dun-presume-criminel-a-jacmel\/","url_meta":{"origin":6288,"position":5},"title":"Arrestation d&#8217;un pr\u00e9sum\u00e9 criminel \u00e0 Jacmel","author":"Claude DIEUPHENE","date":"06.03.2025","format":false,"excerpt":"Le nomm\u00e9 Ren\u00e9 Felito, alias Kesnel, \u00e2g\u00e9 de 40 ans, a \u00e9t\u00e9 arr\u00eat\u00e9 le samedi 1er mars 2025 par la Police Nationale d\u2019Ha\u00efti (PNH), plus pr\u00e9cis\u00e9ment par le Service D\u00e9partemental de la Police Judiciaire du Sud-Est (SDPJ-SE), pour le meurtre d\u2019un citoyen dans la section communale de \"Coq Chante\", commune\u2026","rel":"","context":"In &quot;INSECURITE&quot;","block_context":{"text":"INSECURITE","link":"https:\/\/radioecoutefm.com\/index.php\/category\/securite\/"},"img":{"alt_text":"","src":"https:\/\/i0.wp.com\/radioecoutefm.com\/wp-content\/uploads\/2025\/03\/avion.jpeg?fit=512%2C350&ssl=1&resize=350%2C200","width":350,"height":200},"classes":[]}],"authors":[{"term_id":15,"user_id":1,"is_guest":0,"slug":"borgellaattis","display_name":"Ecoute FM","avatar_url":"https:\/\/secure.gravatar.com\/avatar\/a5369629745bf29c5deb65198d5e38aed1dc2c880c04b3b630ab3f6e8c623b70?s=96&d=mm&r=g","0":null,"1":"","2":"","3":"","4":"","5":"","6":"","7":"","8":""}],"_links":{"self":[{"href":"https:\/\/radioecoutefm.com\/index.php\/wp-json\/wp\/v2\/posts\/6288","targetHints":{"allow":["GET"]}}],"collection":[{"href":"https:\/\/radioecoutefm.com\/index.php\/wp-json\/wp\/v2\/posts"}],"about":[{"href":"https:\/\/radioecoutefm.com\/index.php\/wp-json\/wp\/v2\/types\/post"}],"author":[{"embeddable":true,"href":"https:\/\/radioecoutefm.com\/index.php\/wp-json\/wp\/v2\/users\/1"}],"replies":[{"embeddable":true,"href":"https:\/\/radioecoutefm.com\/index.php\/wp-json\/wp\/v2\/comments?post=6288"}],"version-history":[{"count":1,"href":"https:\/\/radioecoutefm.com\/index.php\/wp-json\/wp\/v2\/posts\/6288\/revisions"}],"predecessor-version":[{"id":6293,"href":"https:\/\/radioecoutefm.com\/index.php\/wp-json\/wp\/v2\/posts\/6288\/revisions\/6293"}],"wp:featuredmedia":[{"embeddable":true,"href":"https:\/\/radioecoutefm.com\/index.php\/wp-json\/wp\/v2\/media\/6289"}],"wp:attachment":[{"href":"https:\/\/radioecoutefm.com\/index.php\/wp-json\/wp\/v2\/media?parent=6288"}],"wp:term":[{"taxonomy":"category","embeddable":true,"href":"https:\/\/radioecoutefm.com\/index.php\/wp-json\/wp\/v2\/categories?post=6288"},{"taxonomy":"post_tag","embeddable":true,"href":"https:\/\/radioecoutefm.com\/index.php\/wp-json\/wp\/v2\/tags?post=6288"},{"taxonomy":"author","embeddable":true,"href":"https:\/\/radioecoutefm.com\/index.php\/wp-json\/wp\/v2\/ppma_author?post=6288"}],"curies":[{"name":"wp","href":"https:\/\/api.w.org\/{rel}","templated":true}]}}