{"id":6091,"date":"2025-10-10T04:13:29","date_gmt":"2025-10-10T04:13:29","guid":{"rendered":"https:\/\/radioecoutefm.com\/?p=6091"},"modified":"2025-10-10T04:13:29","modified_gmt":"2025-10-10T04:13:29","slug":"haiti-lonu-sinquiete-de-lusage-croissant-de-drones-explosifs-par-les-autorites","status":"publish","type":"post","link":"https:\/\/radioecoutefm.com\/index.php\/2025\/10\/10\/haiti-lonu-sinquiete-de-lusage-croissant-de-drones-explosifs-par-les-autorites\/","title":{"rendered":"Ha\u00efti : l\u2019ONU s\u2019inqui\u00e8te de l\u2019usage croissant de drones explosifs par les autorit\u00e9s"},"content":{"rendered":"<p>Le Haut-Commissaire des Nations unies aux droits de l\u2019homme, Volker T\u00fcrk, a exprim\u00e9 une profonde inqui\u00e9tude face \u00e0 l\u2019usage de plus en plus fr\u00e9quent de drones explosifs par les forces ha\u00eftiennes dans la lutte contre les gangs arm\u00e9s \u00e0 Port-au-Prince. Selon les donn\u00e9es publi\u00e9es par l\u2019ONU, ces frappes, men\u00e9es depuis mars 2025, auraient caus\u00e9 la mort d\u2019au moins 559 personnes, dont 11 enfants, \u00e0 la mi-septembre.<\/p>\n<p>\u00ab Depuis mars, le gouvernement a intensifi\u00e9 son utilisation de drones explosifs dans ses op\u00e9rations anti-gangs \u00e0 Port-au-Prince. \u00c0 la mi-septembre, ces frappes ont tu\u00e9 au moins 559 personnes, dont 11 enfants. La plupart sont probablement ill\u00e9gales au regard du droit international des droits de l\u2019homme \u00bb, a d\u00e9clar\u00e9 M. T\u00fcrk dans un communiqu\u00e9.<\/p>\n<p>Le responsable onusien a soulign\u00e9 que l\u2019ampleur et la nature de ces op\u00e9rations soul\u00e8vent de s\u00e9rieuses pr\u00e9occupations quant \u00e0 la proportionnalit\u00e9 et \u00e0 la l\u00e9galit\u00e9 de l\u2019usage de la force. Il a exhort\u00e9 les autorit\u00e9s ha\u00eftiennes \u00e0 diligenter des enqu\u00eates ind\u00e9pendantes et cr\u00e9dibles afin de faire toute la lumi\u00e8re sur l\u2019emploi de ces drones et sur les cas pr\u00e9sum\u00e9s d\u2019abus.<\/p>\n<p>Volker T\u00fcrk a rappel\u00e9 que toute action s\u00e9curitaire, m\u00eame dans un contexte de lutte contre la criminalit\u00e9 organis\u00e9e, doit se conformer aux principes fondamentaux du droit international : l\u00e9galit\u00e9, n\u00e9cessit\u00e9, proportionnalit\u00e9, non-discrimination, pr\u00e9caution et responsabilit\u00e9.<\/p>\n<p>Cette mise en garde intervient alors que la capitale ha\u00eftienne reste en proie \u00e0 une violence persistante. Les gangs continuent de contr\u00f4ler plusieurs quartiers de Port-au-Prince, tandis que les autorit\u00e9s misent de plus en plus sur les technologies militaires pour tenter de reprendre le contr\u00f4le. L\u2019usage de drones explosifs, une pratique r\u00e9cente et controvers\u00e9e, suscite d\u00e9sormais de vives inqui\u00e9tudes quant \u00e0 son impact sur les populations civiles et son respect des normes internationales en mati\u00e8re de droits humains.<\/p>\n","protected":false},"excerpt":{"rendered":"<p>Le Haut-Commissaire des Nations unies aux droits de l\u2019homme, Volker T\u00fcrk, a exprim\u00e9 une profonde inqui\u00e9tude face \u00e0 l\u2019usage de plus en plus fr\u00e9quent de drones explosifs par les forces ha\u00eftiennes dans la lutte contre les gangs arm\u00e9s \u00e0 Port-au-Prince. Selon les donn\u00e9es publi\u00e9es par l\u2019ONU, ces frappes, men\u00e9es depuis mars 2025, auraient caus\u00e9 la [&hellip;]<\/p>\n","protected":false},"author":1,"featured_media":6092,"comment_status":"open","ping_status":"open","sticky":false,"template":"","format":"standard","meta":{"_uag_custom_page_level_css":"","jetpack_post_was_ever_published":false,"_jetpack_newsletter_access":"","_jetpack_dont_email_post_to_subs":false,"_jetpack_newsletter_tier_id":0,"_jetpack_memberships_contains_paywalled_content":false,"_jetpack_memberships_contains_paid_content":false,"footnotes":"","jetpack_publicize_message":"","jetpack_publicize_feature_enabled":true,"jetpack_social_post_already_shared":true,"jetpack_social_options":{"image_generator_settings":{"template":"highway","default_image_id":0,"font":"","enabled":false},"version":2}},"categories":[8],"tags":[],"ppma_author":[15],"class_list":["post-6091","post","type-post","status-publish","format-standard","has-post-thumbnail","hentry","category-politique"],"aioseo_notices":[],"jetpack_publicize_connections":[],"jetpack_featured_media_url":"https:\/\/i0.wp.com\/radioecoutefm.com\/wp-content\/uploads\/2025\/10\/ONU.jpg?fit=576%2C324&ssl=1","uagb_featured_image_src":{"full":["https:\/\/i0.wp.com\/radioecoutefm.com\/wp-content\/uploads\/2025\/10\/ONU.jpg?fit=576%2C324&ssl=1",576,324,false],"thumbnail":["https:\/\/i0.wp.com\/radioecoutefm.com\/wp-content\/uploads\/2025\/10\/ONU.jpg?resize=150%2C150&ssl=1",150,150,true],"medium":["https:\/\/i0.wp.com\/radioecoutefm.com\/wp-content\/uploads\/2025\/10\/ONU.jpg?fit=300%2C169&ssl=1",300,169,true],"medium_large":["https:\/\/i0.wp.com\/radioecoutefm.com\/wp-content\/uploads\/2025\/10\/ONU.jpg?fit=576%2C324&ssl=1",576,324,true],"large":["https:\/\/i0.wp.com\/radioecoutefm.com\/wp-content\/uploads\/2025\/10\/ONU.jpg?fit=576%2C324&ssl=1",576,324,true],"1536x1536":["https:\/\/i0.wp.com\/radioecoutefm.com\/wp-content\/uploads\/2025\/10\/ONU.jpg?fit=576%2C324&ssl=1",576,324,true],"2048x2048":["https:\/\/i0.wp.com\/radioecoutefm.com\/wp-content\/uploads\/2025\/10\/ONU.jpg?fit=576%2C324&ssl=1",576,324,true],"newsair-slider-full":["https:\/\/i0.wp.com\/radioecoutefm.com\/wp-content\/uploads\/2025\/10\/ONU.jpg?resize=576%2C324&ssl=1",576,324,true],"newsair-featured":["https:\/\/i0.wp.com\/radioecoutefm.com\/wp-content\/uploads\/2025\/10\/ONU.jpg?fit=576%2C324&ssl=1",576,324,true],"newsair-medium":["https:\/\/i0.wp.com\/radioecoutefm.com\/wp-content\/uploads\/2025\/10\/ONU.jpg?resize=576%2C324&ssl=1",576,324,true]},"uagb_author_info":{"display_name":"Ecoute FM","author_link":"https:\/\/radioecoutefm.com\/index.php\/author\/borgellaattis\/"},"uagb_comment_info":1,"uagb_excerpt":"Le Haut-Commissaire des Nations unies aux droits de l\u2019homme, Volker T\u00fcrk, a exprim\u00e9 une profonde inqui\u00e9tude face \u00e0 l\u2019usage de plus en plus fr\u00e9quent de drones explosifs par les forces ha\u00eftiennes dans la lutte contre les gangs arm\u00e9s \u00e0 Port-au-Prince. Selon les donn\u00e9es publi\u00e9es par l\u2019ONU, ces frappes, men\u00e9es depuis mars 2025, auraient caus\u00e9 la&hellip;","jetpack_sharing_enabled":true,"jetpack_shortlink":"https:\/\/wp.me\/pgoyna-1Af","jetpack-related-posts":[{"id":1706,"url":"https:\/\/radioecoutefm.com\/index.php\/2025\/03\/17\/lonu-demande-a-haiti-de-cesser-lutilisation-de-drones-kamikazes-contre-les-gangs\/","url_meta":{"origin":6091,"position":0},"title":"L\u2019ONU demande \u00e0 Ha\u00efti de cesser l\u2019utilisation de drones kamikazes contre les gangs","author":"Ecoute FM","date":"17.03.2025","format":false,"excerpt":"Lors de l\u2019\u00e9mission Sa Nou Vle de ce lundi 17 mars, l\u2019animateur Rudy Thomas Sanon a r\u00e9v\u00e9l\u00e9 que les Nations Unies auraient demand\u00e9 au gouvernement ha\u00eftien d\u2019arr\u00eater l\u2019utilisation de drones kamikazes contre les gangs arm\u00e9s. Selon lui, lors d\u2019une r\u00e9union r\u00e9cente, des repr\u00e9sentants de l\u2019ONU ont rencontr\u00e9 plusieurs responsables d\u2019organisations\u2026","rel":"","context":"In &quot;INSECURITE&quot;","block_context":{"text":"INSECURITE","link":"https:\/\/radioecoutefm.com\/index.php\/category\/securite\/"},"img":{"alt_text":"","src":"https:\/\/i0.wp.com\/radioecoutefm.com\/wp-content\/uploads\/2025\/03\/IMG_1406.jpeg?fit=800%2C533&ssl=1&resize=350%2C200","width":350,"height":200,"srcset":"https:\/\/i0.wp.com\/radioecoutefm.com\/wp-content\/uploads\/2025\/03\/IMG_1406.jpeg?fit=800%2C533&ssl=1&resize=350%2C200 1x, https:\/\/i0.wp.com\/radioecoutefm.com\/wp-content\/uploads\/2025\/03\/IMG_1406.jpeg?fit=800%2C533&ssl=1&resize=525%2C300 1.5x, https:\/\/i0.wp.com\/radioecoutefm.com\/wp-content\/uploads\/2025\/03\/IMG_1406.jpeg?fit=800%2C533&ssl=1&resize=700%2C400 2x"},"classes":[]},{"id":5133,"url":"https:\/\/radioecoutefm.com\/index.php\/2025\/06\/15\/la-crise-humanitaire-en-haiti-atteint-des-niveaux-alarmants\/","url_meta":{"origin":6091,"position":1},"title":"La crise humanitaire en Ha\u00efti atteint des niveaux alarmants","author":"Ecoute FM","date":"15.06.2025","format":false,"excerpt":"La situation des droits humains en Ha\u00efti a franchi un seuil critique selon le Haut-Commissaire des Nations Unies aux droits de l'homme, Volker T\u00fcrk. Les gangs arm\u00e9s ont consid\u00e9rablement \u00e9tendu leur emprise territoriale, d\u00e9passant les limites de Port-au-Prince pour s'implanter dans le centre du pays. Cette expansion s'accompagne d'une escalade\u2026","rel":"","context":"In &quot;SOCIETE&quot;","block_context":{"text":"SOCIETE","link":"https:\/\/radioecoutefm.com\/index.php\/category\/societe\/"},"img":{"alt_text":"","src":"https:\/\/i0.wp.com\/radioecoutefm.com\/wp-content\/uploads\/2025\/06\/ONU.jpeg?fit=864%2C486&ssl=1&resize=350%2C200","width":350,"height":200,"srcset":"https:\/\/i0.wp.com\/radioecoutefm.com\/wp-content\/uploads\/2025\/06\/ONU.jpeg?fit=864%2C486&ssl=1&resize=350%2C200 1x, https:\/\/i0.wp.com\/radioecoutefm.com\/wp-content\/uploads\/2025\/06\/ONU.jpeg?fit=864%2C486&ssl=1&resize=525%2C300 1.5x, https:\/\/i0.wp.com\/radioecoutefm.com\/wp-content\/uploads\/2025\/06\/ONU.jpeg?fit=864%2C486&ssl=1&resize=700%2C400 2x"},"classes":[]},{"id":5852,"url":"https:\/\/radioecoutefm.com\/index.php\/2025\/09\/17\/massacre-a-cabaret-lonu-condamne-fermement-lattaque-meurtriere\/","url_meta":{"origin":6091,"position":2},"title":"Massacre \u00e0 Cabaret : l\u2019ONU condamne fermement l\u2019attaque meurtri\u00e8re","author":"Ecoute FM","date":"17.09.2025","format":false,"excerpt":"Au moins quarante personnes, dont des femmes, des enfants et des personnes \u00e2g\u00e9es, ont \u00e9t\u00e9 tu\u00e9es dans la nuit du jeudi 11 septembre 2025 lors d\u2019une attaque sanglante perp\u00e9tr\u00e9e par des gangs arm\u00e9s dans la commune de Cabaret, pr\u00e9cis\u00e9ment dans la localit\u00e9 de Laboderie, d\u00e9partement de l\u2019Ouest. La coalition criminelle\u2026","rel":"","context":"In &quot;INSECURITE&quot;","block_context":{"text":"INSECURITE","link":"https:\/\/radioecoutefm.com\/index.php\/category\/securite\/"},"img":{"alt_text":"","src":"https:\/\/i0.wp.com\/radioecoutefm.com\/wp-content\/uploads\/2025\/09\/onu.jpg?fit=670%2C431&ssl=1&resize=350%2C200","width":350,"height":200,"srcset":"https:\/\/i0.wp.com\/radioecoutefm.com\/wp-content\/uploads\/2025\/09\/onu.jpg?fit=670%2C431&ssl=1&resize=350%2C200 1x, https:\/\/i0.wp.com\/radioecoutefm.com\/wp-content\/uploads\/2025\/09\/onu.jpg?fit=670%2C431&ssl=1&resize=525%2C300 1.5x"},"classes":[]},{"id":1404,"url":"https:\/\/radioecoutefm.com\/index.php\/2025\/03\/07\/1404\/","url_meta":{"origin":6091,"position":3},"title":"Port-au-Prince secou\u00e9e par plusieurs explosions de drones","author":"Ecoute FM","date":"07.03.2025","format":false,"excerpt":"La capitale ha\u00eftienne a \u00e9t\u00e9 le th\u00e9\u00e2tre d\u2019une s\u00e9rie d\u2019explosions ce vendredi 7 mars 2025, lorsqu\u2019au moins trois drones se sont \u00e9cras\u00e9s dans diff\u00e9rents quartiers de la ville. Les impacts ont \u00e9t\u00e9 signal\u00e9s \u00e0 Delmas, Wharf J\u00e9r\u00e9mie et dans d\u2019autres zones sous le contr\u00f4le de gangs arm\u00e9s. Des attaques de\u2026","rel":"","context":"In &quot;INSECURITE&quot;","block_context":{"text":"INSECURITE","link":"https:\/\/radioecoutefm.com\/index.php\/category\/securite\/"},"img":{"alt_text":"","src":"https:\/\/i0.wp.com\/radioecoutefm.com\/wp-content\/uploads\/2025\/03\/IMG_1311.jpeg?fit=1116%2C669&ssl=1&resize=350%2C200","width":350,"height":200,"srcset":"https:\/\/i0.wp.com\/radioecoutefm.com\/wp-content\/uploads\/2025\/03\/IMG_1311.jpeg?fit=1116%2C669&ssl=1&resize=350%2C200 1x, https:\/\/i0.wp.com\/radioecoutefm.com\/wp-content\/uploads\/2025\/03\/IMG_1311.jpeg?fit=1116%2C669&ssl=1&resize=525%2C300 1.5x, https:\/\/i0.wp.com\/radioecoutefm.com\/wp-content\/uploads\/2025\/03\/IMG_1311.jpeg?fit=1116%2C669&ssl=1&resize=700%2C400 2x, https:\/\/i0.wp.com\/radioecoutefm.com\/wp-content\/uploads\/2025\/03\/IMG_1311.jpeg?fit=1116%2C669&ssl=1&resize=1050%2C600 3x"},"classes":[]},{"id":1147,"url":"https:\/\/radioecoutefm.com\/index.php\/2025\/03\/03\/jhonson-andre-dit-izo-touche-par-des-fragments-de-drone-explosif-au-village-de-dieu\/","url_meta":{"origin":6091,"position":4},"title":"Jhonson Andr\u00e9 dit Izo touch\u00e9 par des fragments de drone explosif au Village de Dieu","author":"Claude DIEUPHENE","date":"03.03.2025","format":false,"excerpt":"Une importante op\u00e9ration a \u00e9t\u00e9 men\u00e9e dans la soir\u00e9e du dimanche 2 mars 2025 au Village de Dieu, dans le fief du ca\u00efd Jhonson Andr\u00e9, dit \"Izo\". L'objectif de cette op\u00e9ration \u00e9tait de continuer \u00e0 traquer ces malfrats qui s\u00e8ment la pagaille aux peuples ha\u00eftiens. Selon les informations dont nous\u2026","rel":"","context":"In &quot;INSECURITE&quot;","block_context":{"text":"INSECURITE","link":"https:\/\/radioecoutefm.com\/index.php\/category\/securite\/"},"img":{"alt_text":"","src":"https:\/\/i0.wp.com\/radioecoutefm.com\/wp-content\/uploads\/2025\/03\/izofoto.jpeg?fit=777%2C407&ssl=1&resize=350%2C200","width":350,"height":200,"srcset":"https:\/\/i0.wp.com\/radioecoutefm.com\/wp-content\/uploads\/2025\/03\/izofoto.jpeg?fit=777%2C407&ssl=1&resize=350%2C200 1x, https:\/\/i0.wp.com\/radioecoutefm.com\/wp-content\/uploads\/2025\/03\/izofoto.jpeg?fit=777%2C407&ssl=1&resize=525%2C300 1.5x, https:\/\/i0.wp.com\/radioecoutefm.com\/wp-content\/uploads\/2025\/03\/izofoto.jpeg?fit=777%2C407&ssl=1&resize=700%2C400 2x"},"classes":[]},{"id":1809,"url":"https:\/\/radioecoutefm.com\/index.php\/2025\/03\/19\/60-000-deplaces-a-port-au-prince-a-cause-des-violences-selon-loim\/","url_meta":{"origin":6091,"position":5},"title":"60 000 d\u00e9plac\u00e9s \u00e0 Port-au-Prince \u00e0 cause des violences, selon l&#8217;OIM","author":"Ecoute FM","date":"19.03.2025","format":false,"excerpt":"Selon un rapport publi\u00e9 par l'OIM le mardi 18 mars 2025, les violences des gangs ont contraint pr\u00e8s de 60 000 personnes \u00e0 fuir leurs maisons en seulement un mois. Les gangs ont intensifi\u00e9 leurs violences et ont attaqu\u00e9 plusieurs quartiers de la capitale, dont Delmas 30, 19, Tabarre 27,\u2026","rel":"","context":"In &quot;INSECURITE&quot;","block_context":{"text":"INSECURITE","link":"https:\/\/radioecoutefm.com\/index.php\/category\/securite\/"},"img":{"alt_text":"","src":"https:\/\/i0.wp.com\/radioecoutefm.com\/wp-content\/uploads\/2025\/03\/WhatsApp-Image-2025-03-19-at-10.04.24.jpeg?fit=1200%2C675&ssl=1&resize=350%2C200","width":350,"height":200,"srcset":"https:\/\/i0.wp.com\/radioecoutefm.com\/wp-content\/uploads\/2025\/03\/WhatsApp-Image-2025-03-19-at-10.04.24.jpeg?fit=1200%2C675&ssl=1&resize=350%2C200 1x, https:\/\/i0.wp.com\/radioecoutefm.com\/wp-content\/uploads\/2025\/03\/WhatsApp-Image-2025-03-19-at-10.04.24.jpeg?fit=1200%2C675&ssl=1&resize=525%2C300 1.5x, https:\/\/i0.wp.com\/radioecoutefm.com\/wp-content\/uploads\/2025\/03\/WhatsApp-Image-2025-03-19-at-10.04.24.jpeg?fit=1200%2C675&ssl=1&resize=700%2C400 2x, https:\/\/i0.wp.com\/radioecoutefm.com\/wp-content\/uploads\/2025\/03\/WhatsApp-Image-2025-03-19-at-10.04.24.jpeg?fit=1200%2C675&ssl=1&resize=1050%2C600 3x"},"classes":[]}],"authors":[{"term_id":15,"user_id":1,"is_guest":0,"slug":"borgellaattis","display_name":"Ecoute FM","avatar_url":"https:\/\/secure.gravatar.com\/avatar\/a5369629745bf29c5deb65198d5e38aed1dc2c880c04b3b630ab3f6e8c623b70?s=96&d=mm&r=g","0":null,"1":"","2":"","3":"","4":"","5":"","6":"","7":"","8":""}],"_links":{"self":[{"href":"https:\/\/radioecoutefm.com\/index.php\/wp-json\/wp\/v2\/posts\/6091","targetHints":{"allow":["GET"]}}],"collection":[{"href":"https:\/\/radioecoutefm.com\/index.php\/wp-json\/wp\/v2\/posts"}],"about":[{"href":"https:\/\/radioecoutefm.com\/index.php\/wp-json\/wp\/v2\/types\/post"}],"author":[{"embeddable":true,"href":"https:\/\/radioecoutefm.com\/index.php\/wp-json\/wp\/v2\/users\/1"}],"replies":[{"embeddable":true,"href":"https:\/\/radioecoutefm.com\/index.php\/wp-json\/wp\/v2\/comments?post=6091"}],"version-history":[{"count":1,"href":"https:\/\/radioecoutefm.com\/index.php\/wp-json\/wp\/v2\/posts\/6091\/revisions"}],"predecessor-version":[{"id":6096,"href":"https:\/\/radioecoutefm.com\/index.php\/wp-json\/wp\/v2\/posts\/6091\/revisions\/6096"}],"wp:featuredmedia":[{"embeddable":true,"href":"https:\/\/radioecoutefm.com\/index.php\/wp-json\/wp\/v2\/media\/6092"}],"wp:attachment":[{"href":"https:\/\/radioecoutefm.com\/index.php\/wp-json\/wp\/v2\/media?parent=6091"}],"wp:term":[{"taxonomy":"category","embeddable":true,"href":"https:\/\/radioecoutefm.com\/index.php\/wp-json\/wp\/v2\/categories?post=6091"},{"taxonomy":"post_tag","embeddable":true,"href":"https:\/\/radioecoutefm.com\/index.php\/wp-json\/wp\/v2\/tags?post=6091"},{"taxonomy":"author","embeddable":true,"href":"https:\/\/radioecoutefm.com\/index.php\/wp-json\/wp\/v2\/ppma_author?post=6091"}],"curies":[{"name":"wp","href":"https:\/\/api.w.org\/{rel}","templated":true}]}}