{"id":6061,"date":"2025-10-03T16:32:16","date_gmt":"2025-10-03T16:32:16","guid":{"rendered":"https:\/\/radioecoutefm.com\/?p=6061"},"modified":"2025-10-03T16:32:16","modified_gmt":"2025-10-03T16:32:16","slug":"renforcement-des-capacites-de-la-police-nationale-dhaiti","status":"publish","type":"post","link":"https:\/\/radioecoutefm.com\/index.php\/2025\/10\/03\/renforcement-des-capacites-de-la-police-nationale-dhaiti\/","title":{"rendered":"Renforcement des capacit\u00e9s de la Police nationale d\u2019Ha\u00efti"},"content":{"rendered":"<p>La Police nationale d\u2019Ha\u00efti (PNH) a b\u00e9n\u00e9fici\u00e9 ce vendredi d\u2019un important appui logistique afin de renforcer sa lutte contre l\u2019ins\u00e9curit\u00e9. Lors d\u2019une c\u00e9r\u00e9monie officielle, 90 motocyclettes ainsi qu\u2019un lot cons\u00e9quent d\u2019\u00e9quipements ont \u00e9t\u00e9 remis \u00e0 l\u2019institution polici\u00e8re pour accro\u00eetre sa capacit\u00e9 de d\u00e9ploiement rapide sur le territoire.<\/p>\n<p>La remise a \u00e9t\u00e9 effectu\u00e9e conjointement par le repr\u00e9sentant du secr\u00e9taire g\u00e9n\u00e9ral de l\u2019Organisation des \u00c9tats am\u00e9ricains (OEA) en Ha\u00efti, Cristobal Dupouy, et le directeur g\u00e9n\u00e9ral de la PNH, Vladimir Parison, avec le soutien du gouvernement du Canada \u00e0 travers Affaires mondiales Canada.<\/p>\n<p>Ces \u00e9quipements permettront d\u2019am\u00e9liorer la mobilit\u00e9 et la r\u00e9activit\u00e9 des unit\u00e9s polici\u00e8res face aux menaces s\u00e9curitaires, a \u00e9crit Cristobal Dupouy. Les autorit\u00e9s ha\u00eftiennes estiment que ce renforcement logistique contribuera \u00e0 rassurer la population et \u00e0 am\u00e9liorer progressivement la s\u00e9curit\u00e9 des citoyens \u00e0 travers le pays.<\/p>\n","protected":false},"excerpt":{"rendered":"<p>La Police nationale d\u2019Ha\u00efti (PNH) a b\u00e9n\u00e9fici\u00e9 ce vendredi d\u2019un important appui logistique afin de renforcer sa lutte contre l\u2019ins\u00e9curit\u00e9. Lors d\u2019une c\u00e9r\u00e9monie officielle, 90 motocyclettes ainsi qu\u2019un lot cons\u00e9quent d\u2019\u00e9quipements ont \u00e9t\u00e9 remis \u00e0 l\u2019institution polici\u00e8re pour accro\u00eetre sa capacit\u00e9 de d\u00e9ploiement rapide sur le territoire. La remise a \u00e9t\u00e9 effectu\u00e9e conjointement par le [&hellip;]<\/p>\n","protected":false},"author":1,"featured_media":6062,"comment_status":"open","ping_status":"open","sticky":false,"template":"","format":"standard","meta":{"_uag_custom_page_level_css":"","jetpack_post_was_ever_published":false,"_jetpack_newsletter_access":"","_jetpack_dont_email_post_to_subs":false,"_jetpack_newsletter_tier_id":0,"_jetpack_memberships_contains_paywalled_content":false,"_jetpack_memberships_contains_paid_content":false,"footnotes":"","jetpack_publicize_message":"","jetpack_publicize_feature_enabled":true,"jetpack_social_post_already_shared":true,"jetpack_social_options":{"image_generator_settings":{"template":"highway","default_image_id":0,"font":"","enabled":false},"version":2}},"categories":[63],"tags":[],"ppma_author":[15],"class_list":["post-6061","post","type-post","status-publish","format-standard","has-post-thumbnail","hentry","category-insecurite"],"aioseo_notices":[],"jetpack_publicize_connections":[],"jetpack_featured_media_url":"https:\/\/i0.wp.com\/radioecoutefm.com\/wp-content\/uploads\/2025\/10\/IMG_3052.jpeg?fit=1170%2C864&ssl=1","uagb_featured_image_src":{"full":["https:\/\/i0.wp.com\/radioecoutefm.com\/wp-content\/uploads\/2025\/10\/IMG_3052.jpeg?fit=1170%2C864&ssl=1",1170,864,false],"thumbnail":["https:\/\/i0.wp.com\/radioecoutefm.com\/wp-content\/uploads\/2025\/10\/IMG_3052.jpeg?resize=150%2C150&ssl=1",150,150,true],"medium":["https:\/\/i0.wp.com\/radioecoutefm.com\/wp-content\/uploads\/2025\/10\/IMG_3052.jpeg?fit=300%2C222&ssl=1",300,222,true],"medium_large":["https:\/\/i0.wp.com\/radioecoutefm.com\/wp-content\/uploads\/2025\/10\/IMG_3052.jpeg?fit=640%2C473&ssl=1",640,473,true],"large":["https:\/\/i0.wp.com\/radioecoutefm.com\/wp-content\/uploads\/2025\/10\/IMG_3052.jpeg?fit=640%2C473&ssl=1",640,473,true],"1536x1536":["https:\/\/i0.wp.com\/radioecoutefm.com\/wp-content\/uploads\/2025\/10\/IMG_3052.jpeg?fit=1170%2C864&ssl=1",1170,864,true],"2048x2048":["https:\/\/i0.wp.com\/radioecoutefm.com\/wp-content\/uploads\/2025\/10\/IMG_3052.jpeg?fit=1170%2C864&ssl=1",1170,864,true],"newsair-slider-full":["https:\/\/i0.wp.com\/radioecoutefm.com\/wp-content\/uploads\/2025\/10\/IMG_3052.jpeg?resize=1170%2C720&ssl=1",1170,720,true],"newsair-featured":["https:\/\/i0.wp.com\/radioecoutefm.com\/wp-content\/uploads\/2025\/10\/IMG_3052.jpeg?fit=1024%2C756&ssl=1",1024,756,true],"newsair-medium":["https:\/\/i0.wp.com\/radioecoutefm.com\/wp-content\/uploads\/2025\/10\/IMG_3052.jpeg?resize=720%2C380&ssl=1",720,380,true]},"uagb_author_info":{"display_name":"Ecoute FM","author_link":"https:\/\/radioecoutefm.com\/index.php\/author\/borgellaattis\/"},"uagb_comment_info":4,"uagb_excerpt":"La Police nationale d\u2019Ha\u00efti (PNH) a b\u00e9n\u00e9fici\u00e9 ce vendredi d\u2019un important appui logistique afin de renforcer sa lutte contre l\u2019ins\u00e9curit\u00e9. Lors d\u2019une c\u00e9r\u00e9monie officielle, 90 motocyclettes ainsi qu\u2019un lot cons\u00e9quent d\u2019\u00e9quipements ont \u00e9t\u00e9 remis \u00e0 l\u2019institution polici\u00e8re pour accro\u00eetre sa capacit\u00e9 de d\u00e9ploiement rapide sur le territoire. La remise a \u00e9t\u00e9 effectu\u00e9e conjointement par le&hellip;","jetpack_sharing_enabled":true,"jetpack_shortlink":"https:\/\/wp.me\/pgoyna-1zL","jetpack-related-posts":[{"id":5658,"url":"https:\/\/radioecoutefm.com\/index.php\/2025\/07\/24\/haiti-pnh-la-boid-renforce-ses-moyens-grace-a-un-don-canadien\/","url_meta":{"origin":6061,"position":0},"title":"Haiti-PNH: la BOID renforce ses moyens gr\u00e2ce \u00e0 un don canadien","author":"Ecoute FM","date":"24.07.2025","format":false,"excerpt":"La Brigade d\u2019Op\u00e9ration et d\u2019Intervention D\u00e9partementale (BOID), unit\u00e9 sp\u00e9ciale de la Police Nationale d\u2019Ha\u00efti (PNH), vient de b\u00e9n\u00e9ficier d\u2019un nouveau renforcement logistique. Plus de 550 pi\u00e8ces d\u2019\u00e9quipements tactiques et de protection individuelle lui ont \u00e9t\u00e9 remises dans le cadre d\u2019un appui international, marquant ainsi la cinqui\u00e8me livraison de ce type.\u2026","rel":"","context":"In &quot;SECURITE&quot;","block_context":{"text":"SECURITE","link":"https:\/\/radioecoutefm.com\/index.php\/category\/insecurite\/"},"img":{"alt_text":"","src":"https:\/\/i0.wp.com\/radioecoutefm.com\/wp-content\/uploads\/2025\/07\/boid.png?fit=696%2C398&ssl=1&resize=350%2C200","width":350,"height":200,"srcset":"https:\/\/i0.wp.com\/radioecoutefm.com\/wp-content\/uploads\/2025\/07\/boid.png?fit=696%2C398&ssl=1&resize=350%2C200 1x, https:\/\/i0.wp.com\/radioecoutefm.com\/wp-content\/uploads\/2025\/07\/boid.png?fit=696%2C398&ssl=1&resize=525%2C300 1.5x"},"classes":[]},{"id":6085,"url":"https:\/\/radioecoutefm.com\/index.php\/2025\/10\/10\/plus-de-20-commissariats-modernises-a-travers-le-pays-grace-a-lappui-du-canada-et-de-loea\/","url_meta":{"origin":6061,"position":1},"title":"Plus de 20 commissariats modernis\u00e9s \u00e0 travers le pays gr\u00e2ce \u00e0 l\u2019appui du Canada et de l\u2019OEA","author":"Ecoute FM","date":"10.10.2025","format":false,"excerpt":"Plus de vingt commissariats ont \u00e9t\u00e9 r\u00e9habilit\u00e9s \u00e0 travers le pays dans le cadre d\u2019un vaste programme de renforcement de la Police nationale d\u2019Ha\u00efti (PNH), soutenu par le gouvernement canadien, via AMC corporatif, et l\u2019Organisation des \u00c9tats am\u00e9ricains (OEA). Dans un message publi\u00e9 sur X (anciennement Twitter), Cristobal Dupouy a\u2026","rel":"","context":"In &quot;SECURITE&quot;","block_context":{"text":"SECURITE","link":"https:\/\/radioecoutefm.com\/index.php\/category\/insecurite\/"},"img":{"alt_text":"","src":"https:\/\/i0.wp.com\/radioecoutefm.com\/wp-content\/uploads\/2025\/10\/policer.jpg?fit=400%2C225&ssl=1&resize=350%2C200","width":350,"height":200},"classes":[]},{"id":6073,"url":"https:\/\/radioecoutefm.com\/index.php\/2025\/10\/10\/pnh-892-nouvelles-recrues-entament-leur-formation-a-lecole-nationale-de-police\/","url_meta":{"origin":6061,"position":2},"title":"PNH: 892 nouvelles recrues entament leur formation \u00e0 l\u2019\u00c9cole nationale de Police","author":"Ecoute FM","date":"10.10.2025","format":false,"excerpt":"Une nouvelle \u00e9tape s\u2019ouvre pour la Police nationale d\u2019Ha\u00efti (PNH) avec le lancement officiel de la formation de sa 35e promotion, compos\u00e9e de 892 aspirants policiers. La c\u00e9r\u00e9monie s\u2019est d\u00e9roul\u00e9e ce dimanche \u00e0 l\u2019\u00c9cole nationale de Police, sur la route de Fr\u00e8res, en pr\u00e9sence du Conseiller-Pr\u00e9sident Leslie Voltaire, du Premier\u2026","rel":"","context":"In &quot;SECURITE&quot;","block_context":{"text":"SECURITE","link":"https:\/\/radioecoutefm.com\/index.php\/category\/insecurite\/"},"img":{"alt_text":"","src":"https:\/\/i0.wp.com\/radioecoutefm.com\/wp-content\/uploads\/2025\/10\/PNH.jpg?fit=1200%2C994&ssl=1&resize=350%2C200","width":350,"height":200,"srcset":"https:\/\/i0.wp.com\/radioecoutefm.com\/wp-content\/uploads\/2025\/10\/PNH.jpg?fit=1200%2C994&ssl=1&resize=350%2C200 1x, https:\/\/i0.wp.com\/radioecoutefm.com\/wp-content\/uploads\/2025\/10\/PNH.jpg?fit=1200%2C994&ssl=1&resize=525%2C300 1.5x, https:\/\/i0.wp.com\/radioecoutefm.com\/wp-content\/uploads\/2025\/10\/PNH.jpg?fit=1200%2C994&ssl=1&resize=700%2C400 2x, https:\/\/i0.wp.com\/radioecoutefm.com\/wp-content\/uploads\/2025\/10\/PNH.jpg?fit=1200%2C994&ssl=1&resize=1050%2C600 3x"},"classes":[]},{"id":6134,"url":"https:\/\/radioecoutefm.com\/index.php\/2025\/10\/14\/affrontements-armes-a-kenscoff-la-pnh-deploie-ses-unites-speciales-apres-lincendie-de-wynn-farm\/","url_meta":{"origin":6061,"position":3},"title":"Affrontements arm\u00e9s \u00e0 Kenscoff : la PNH d\u00e9ploie ses unit\u00e9s sp\u00e9ciales apr\u00e8s l\u2019incendie de Wynn Farm","author":"Ecoute FM","date":"14.10.2025","format":false,"excerpt":"Un violent affrontement s\u2019est produit dans la nuit du 11 au 12 octobre 2025 \u00e0 Kenscoff, dans la commune de P\u00e9tion-Ville. Selon une note publi\u00e9e par la Coordination de Presse et des Relations Publiques de la Police Nationale d\u2019Ha\u00efti (CPRP\/PNH), des individus lourdement arm\u00e9s ont attaqu\u00e9 la zone, provoquant un\u2026","rel":"","context":"In &quot;INSECURITE&quot;","block_context":{"text":"INSECURITE","link":"https:\/\/radioecoutefm.com\/index.php\/category\/securite\/"},"img":{"alt_text":"","src":"https:\/\/i0.wp.com\/radioecoutefm.com\/wp-content\/uploads\/2025\/10\/6EA5E080-2F68-458A-9DE5-A0E5F59DC2F1.jpeg?fit=598%2C334&ssl=1&resize=350%2C200","width":350,"height":200,"srcset":"https:\/\/i0.wp.com\/radioecoutefm.com\/wp-content\/uploads\/2025\/10\/6EA5E080-2F68-458A-9DE5-A0E5F59DC2F1.jpeg?fit=598%2C334&ssl=1&resize=350%2C200 1x, https:\/\/i0.wp.com\/radioecoutefm.com\/wp-content\/uploads\/2025\/10\/6EA5E080-2F68-458A-9DE5-A0E5F59DC2F1.jpeg?fit=598%2C334&ssl=1&resize=525%2C300 1.5x"},"classes":[]},{"id":1637,"url":"https:\/\/radioecoutefm.com\/index.php\/2025\/03\/15\/le-syndicat-de-la-pnh-alerte-sur-linsecurite-et-exige-des-mesures-urgentes\/","url_meta":{"origin":6061,"position":4},"title":"Le Syndicat de la PNH alerte sur l\u2019ins\u00e9curit\u00e9 et exige des mesures urgentes","author":"Ecoute FM","date":"15.03.2025","format":false,"excerpt":"Face \u00e0 la mont\u00e9e en puissance de l\u2019ins\u00e9curit\u00e9 en Ha\u00efti, le Syndicat de la Police Nationale d\u2019Ha\u00efti (SPNH-17) lance un cri d\u2019alarme et exige des actions imm\u00e9diates de la part des autorit\u00e9s comp\u00e9tentes, notamment le Conseil Sup\u00e9rieur de la Police Nationale , le Haut Commandement de la Police et le\u2026","rel":"","context":"In &quot;INSECURITE&quot;","block_context":{"text":"INSECURITE","link":"https:\/\/radioecoutefm.com\/index.php\/category\/securite\/"},"img":{"alt_text":"","src":"https:\/\/i0.wp.com\/radioecoutefm.com\/wp-content\/uploads\/2025\/03\/IMG_1393.jpeg?fit=1008%2C1008&ssl=1&resize=350%2C200","width":350,"height":200,"srcset":"https:\/\/i0.wp.com\/radioecoutefm.com\/wp-content\/uploads\/2025\/03\/IMG_1393.jpeg?fit=1008%2C1008&ssl=1&resize=350%2C200 1x, https:\/\/i0.wp.com\/radioecoutefm.com\/wp-content\/uploads\/2025\/03\/IMG_1393.jpeg?fit=1008%2C1008&ssl=1&resize=525%2C300 1.5x, https:\/\/i0.wp.com\/radioecoutefm.com\/wp-content\/uploads\/2025\/03\/IMG_1393.jpeg?fit=1008%2C1008&ssl=1&resize=700%2C400 2x"},"classes":[]},{"id":4633,"url":"https:\/\/radioecoutefm.com\/index.php\/2025\/05\/29\/frantz-elbe-nomme-representant-dhaiti-a-la-junte-interamericaine-de-defense\/","url_meta":{"origin":6061,"position":5},"title":"Frantz Elb\u00e9 nomm\u00e9 repr\u00e9sentant d\u2019Ha\u00efti \u00e0 la Junte Interam\u00e9ricaine de D\u00e9fense","author":"Ecoute FM","date":"29.05.2025","format":false,"excerpt":"L\u2019ancien directeur g\u00e9n\u00e9ral de la Police Nationale d\u2019Ha\u00efti (PNH), Frantz Elb\u00e9, entame une nouvelle mission diplomatique en tant que repr\u00e9sentant officiel d\u2019Ha\u00efti aupr\u00e8s de la Junte Interam\u00e9ricaine de D\u00e9fense (JID). s\u00e9curit\u00e9. R\u00e9voqu\u00e9 de son poste \u00e0 la t\u00eate de l\u2019institution polici\u00e8re en juin 2024, Frantz Elb\u00e9 retrouve aujourd\u2019hui la sc\u00e8ne\u2026","rel":"","context":"In &quot;POLITIQUE&quot;","block_context":{"text":"POLITIQUE","link":"https:\/\/radioecoutefm.com\/index.php\/category\/politique\/"},"img":{"alt_text":"","src":"https:\/\/i0.wp.com\/radioecoutefm.com\/wp-content\/uploads\/2025\/05\/ELBE.jpeg?fit=1086%2C775&ssl=1&resize=350%2C200","width":350,"height":200,"srcset":"https:\/\/i0.wp.com\/radioecoutefm.com\/wp-content\/uploads\/2025\/05\/ELBE.jpeg?fit=1086%2C775&ssl=1&resize=350%2C200 1x, https:\/\/i0.wp.com\/radioecoutefm.com\/wp-content\/uploads\/2025\/05\/ELBE.jpeg?fit=1086%2C775&ssl=1&resize=525%2C300 1.5x, https:\/\/i0.wp.com\/radioecoutefm.com\/wp-content\/uploads\/2025\/05\/ELBE.jpeg?fit=1086%2C775&ssl=1&resize=700%2C400 2x, https:\/\/i0.wp.com\/radioecoutefm.com\/wp-content\/uploads\/2025\/05\/ELBE.jpeg?fit=1086%2C775&ssl=1&resize=1050%2C600 3x"},"classes":[]}],"authors":[{"term_id":15,"user_id":1,"is_guest":0,"slug":"borgellaattis","display_name":"Ecoute FM","avatar_url":"https:\/\/secure.gravatar.com\/avatar\/a5369629745bf29c5deb65198d5e38aed1dc2c880c04b3b630ab3f6e8c623b70?s=96&d=mm&r=g","0":null,"1":"","2":"","3":"","4":"","5":"","6":"","7":"","8":""}],"_links":{"self":[{"href":"https:\/\/radioecoutefm.com\/index.php\/wp-json\/wp\/v2\/posts\/6061","targetHints":{"allow":["GET"]}}],"collection":[{"href":"https:\/\/radioecoutefm.com\/index.php\/wp-json\/wp\/v2\/posts"}],"about":[{"href":"https:\/\/radioecoutefm.com\/index.php\/wp-json\/wp\/v2\/types\/post"}],"author":[{"embeddable":true,"href":"https:\/\/radioecoutefm.com\/index.php\/wp-json\/wp\/v2\/users\/1"}],"replies":[{"embeddable":true,"href":"https:\/\/radioecoutefm.com\/index.php\/wp-json\/wp\/v2\/comments?post=6061"}],"version-history":[{"count":1,"href":"https:\/\/radioecoutefm.com\/index.php\/wp-json\/wp\/v2\/posts\/6061\/revisions"}],"predecessor-version":[{"id":6066,"href":"https:\/\/radioecoutefm.com\/index.php\/wp-json\/wp\/v2\/posts\/6061\/revisions\/6066"}],"wp:featuredmedia":[{"embeddable":true,"href":"https:\/\/radioecoutefm.com\/index.php\/wp-json\/wp\/v2\/media\/6062"}],"wp:attachment":[{"href":"https:\/\/radioecoutefm.com\/index.php\/wp-json\/wp\/v2\/media?parent=6061"}],"wp:term":[{"taxonomy":"category","embeddable":true,"href":"https:\/\/radioecoutefm.com\/index.php\/wp-json\/wp\/v2\/categories?post=6061"},{"taxonomy":"post_tag","embeddable":true,"href":"https:\/\/radioecoutefm.com\/index.php\/wp-json\/wp\/v2\/tags?post=6061"},{"taxonomy":"author","embeddable":true,"href":"https:\/\/radioecoutefm.com\/index.php\/wp-json\/wp\/v2\/ppma_author?post=6061"}],"curies":[{"name":"wp","href":"https:\/\/api.w.org\/{rel}","templated":true}]}}