{"id":6055,"date":"2025-10-01T20:47:55","date_gmt":"2025-10-01T20:47:55","guid":{"rendered":"https:\/\/radioecoutefm.com\/?p=6055"},"modified":"2025-10-01T20:47:55","modified_gmt":"2025-10-01T20:47:55","slug":"lonu-approuve-une-nouvelle-force-internationale-pour-haiti","status":"publish","type":"post","link":"https:\/\/radioecoutefm.com\/index.php\/2025\/10\/01\/lonu-approuve-une-nouvelle-force-internationale-pour-haiti\/","title":{"rendered":"L\u2019ONU approuve une nouvelle force internationale pour Ha\u00efti"},"content":{"rendered":"<p>Le Conseil de s\u00e9curit\u00e9 de l\u2019ONU a vot\u00e9 ce mardi la cr\u00e9ation d\u2019une \u00ab Force de r\u00e9pression des gangs \u00bb destin\u00e9e \u00e0 r\u00e9tablir la s\u00e9curit\u00e9 en Ha\u00efti. Dirig\u00e9e par le Kenya, cette mission plus robuste et offensive remplacera la pr\u00e9c\u00e9dente force multinationale de soutien, dont l\u2019efficacit\u00e9 avait \u00e9t\u00e9 jug\u00e9e insuffisante.<\/p>\n<p>Le mandat, approuv\u00e9 pour une dur\u00e9e de douze mois, a re\u00e7u 12 voix favorables, tandis que la Russie, la Chine et le Pakistan se sont abstenus. Si ces pays reconnaissent la gravit\u00e9 de la crise ha\u00eftienne, ils ont d\u00e9nonc\u00e9 des zones d\u2019ombre dans la r\u00e9solution et reproch\u00e9 aux \u00c9tats-Unis de ne pas avoir tenu leurs engagements financiers ni stopp\u00e9 l\u2019afflux d\u2019armes ill\u00e9gales vers Ha\u00efti.<\/p>\n<p>Pour le repr\u00e9sentant ha\u00eftien \u00e0 l\u2019ONU, \u00c9ricq Pierre, il s\u2019agit d\u2019\u00ab un v\u00e9ritable tournant \u00bb. La nouvelle force, a-t-il expliqu\u00e9, visera \u00e0 neutraliser les gangs arm\u00e9s, d\u00e9sarmer leurs milices, d\u00e9manteler leurs r\u00e9seaux et s\u00e9curiser les infrastructures vitales du pays. Washington, principal soutien de l\u2019initiative, estime que la mont\u00e9e de la violence menace \u00ab l\u2019existence m\u00eame de l\u2019\u00c9tat ha\u00eftien \u00bb et risque de d\u00e9clencher une crise migratoire r\u00e9gionale.<\/p>\n<p>Cette d\u00e9cision marque une victoire diplomatique pour l\u2019administration Trump, qui a promis de renforcer son appui via un nouveau Bureau d\u2019appui de l\u2019ONU et la coop\u00e9ration de l\u2019Organisation des \u00c9tats am\u00e9ricains (OEA). Plusieurs \u00c9tats membres ont toutefois rappel\u00e9 que la r\u00e9ussite de cette mission d\u00e9pendra d\u2019un v\u00e9ritable partage du fardeau financier et logistique.<\/p>\n<p>En Ha\u00efti, les attentes sont immenses. Le pr\u00e9sident du Conseil pr\u00e9sidentiel de transition, Laurent Saint-Cyr, avait r\u00e9cemment implor\u00e9 la communaut\u00e9 internationale d\u2019agir face \u00e0 une violence ayant d\u00e9j\u00e0 caus\u00e9 plus de 3 000 morts et d\u00e9plac\u00e9 1,3 million de personnes en 2025. Selon lui, seule une am\u00e9lioration durable de la s\u00e9curit\u00e9 permettra de cr\u00e9er les conditions n\u00e9cessaires \u00e0 la tenue d\u2019\u00e9lections libres, attendues depuis pr\u00e8s d\u2019une d\u00e9cennie.<\/p>\n","protected":false},"excerpt":{"rendered":"<p>Le Conseil de s\u00e9curit\u00e9 de l\u2019ONU a vot\u00e9 ce mardi la cr\u00e9ation d\u2019une \u00ab Force de r\u00e9pression des gangs \u00bb destin\u00e9e \u00e0 r\u00e9tablir la s\u00e9curit\u00e9 en Ha\u00efti. Dirig\u00e9e par le Kenya, cette mission plus robuste et offensive remplacera la pr\u00e9c\u00e9dente force multinationale de soutien, dont l\u2019efficacit\u00e9 avait \u00e9t\u00e9 jug\u00e9e insuffisante. Le mandat, approuv\u00e9 pour une [&hellip;]<\/p>\n","protected":false},"author":1,"featured_media":6056,"comment_status":"open","ping_status":"open","sticky":false,"template":"","format":"standard","meta":{"_uag_custom_page_level_css":"","jetpack_post_was_ever_published":false,"_jetpack_newsletter_access":"","_jetpack_dont_email_post_to_subs":false,"_jetpack_newsletter_tier_id":0,"_jetpack_memberships_contains_paywalled_content":false,"_jetpack_memberships_contains_paid_content":false,"footnotes":"","jetpack_publicize_message":"","jetpack_publicize_feature_enabled":true,"jetpack_social_post_already_shared":true,"jetpack_social_options":{"image_generator_settings":{"template":"highway","default_image_id":0,"font":"","enabled":false},"version":2}},"categories":[63],"tags":[],"ppma_author":[15],"class_list":["post-6055","post","type-post","status-publish","format-standard","has-post-thumbnail","hentry","category-insecurite"],"aioseo_notices":[],"jetpack_publicize_connections":[],"jetpack_featured_media_url":"https:\/\/i0.wp.com\/radioecoutefm.com\/wp-content\/uploads\/2025\/10\/EC4E8F04-B120-4B9F-9D35-1D643799A511.jpeg?fit=576%2C324&ssl=1","uagb_featured_image_src":{"full":["https:\/\/i0.wp.com\/radioecoutefm.com\/wp-content\/uploads\/2025\/10\/EC4E8F04-B120-4B9F-9D35-1D643799A511.jpeg?fit=576%2C324&ssl=1",576,324,false],"thumbnail":["https:\/\/i0.wp.com\/radioecoutefm.com\/wp-content\/uploads\/2025\/10\/EC4E8F04-B120-4B9F-9D35-1D643799A511.jpeg?resize=150%2C150&ssl=1",150,150,true],"medium":["https:\/\/i0.wp.com\/radioecoutefm.com\/wp-content\/uploads\/2025\/10\/EC4E8F04-B120-4B9F-9D35-1D643799A511.jpeg?fit=300%2C169&ssl=1",300,169,true],"medium_large":["https:\/\/i0.wp.com\/radioecoutefm.com\/wp-content\/uploads\/2025\/10\/EC4E8F04-B120-4B9F-9D35-1D643799A511.jpeg?fit=576%2C324&ssl=1",576,324,true],"large":["https:\/\/i0.wp.com\/radioecoutefm.com\/wp-content\/uploads\/2025\/10\/EC4E8F04-B120-4B9F-9D35-1D643799A511.jpeg?fit=576%2C324&ssl=1",576,324,true],"1536x1536":["https:\/\/i0.wp.com\/radioecoutefm.com\/wp-content\/uploads\/2025\/10\/EC4E8F04-B120-4B9F-9D35-1D643799A511.jpeg?fit=576%2C324&ssl=1",576,324,true],"2048x2048":["https:\/\/i0.wp.com\/radioecoutefm.com\/wp-content\/uploads\/2025\/10\/EC4E8F04-B120-4B9F-9D35-1D643799A511.jpeg?fit=576%2C324&ssl=1",576,324,true],"newsair-slider-full":["https:\/\/i0.wp.com\/radioecoutefm.com\/wp-content\/uploads\/2025\/10\/EC4E8F04-B120-4B9F-9D35-1D643799A511.jpeg?resize=576%2C324&ssl=1",576,324,true],"newsair-featured":["https:\/\/i0.wp.com\/radioecoutefm.com\/wp-content\/uploads\/2025\/10\/EC4E8F04-B120-4B9F-9D35-1D643799A511.jpeg?fit=576%2C324&ssl=1",576,324,true],"newsair-medium":["https:\/\/i0.wp.com\/radioecoutefm.com\/wp-content\/uploads\/2025\/10\/EC4E8F04-B120-4B9F-9D35-1D643799A511.jpeg?resize=576%2C324&ssl=1",576,324,true]},"uagb_author_info":{"display_name":"Ecoute FM","author_link":"https:\/\/radioecoutefm.com\/index.php\/author\/borgellaattis\/"},"uagb_comment_info":1,"uagb_excerpt":"Le Conseil de s\u00e9curit\u00e9 de l\u2019ONU a vot\u00e9 ce mardi la cr\u00e9ation d\u2019une \u00ab Force de r\u00e9pression des gangs \u00bb destin\u00e9e \u00e0 r\u00e9tablir la s\u00e9curit\u00e9 en Ha\u00efti. Dirig\u00e9e par le Kenya, cette mission plus robuste et offensive remplacera la pr\u00e9c\u00e9dente force multinationale de soutien, dont l\u2019efficacit\u00e9 avait \u00e9t\u00e9 jug\u00e9e insuffisante. Le mandat, approuv\u00e9 pour une&hellip;","jetpack_sharing_enabled":true,"jetpack_shortlink":"https:\/\/wp.me\/pgoyna-1zF","jetpack-related-posts":[{"id":5796,"url":"https:\/\/radioecoutefm.com\/index.php\/2025\/09\/09\/haiti-soutient-fermement-la-creation-dune-force-internationale-anti-gangs-sous-mandat-de-lonu\/","url_meta":{"origin":6055,"position":0},"title":"Ha\u00efti soutient fermement la cr\u00e9ation d\u2019une force internationale anti-gangs sous mandat de l\u2019ONU","author":"Ecoute FM","date":"09.09.2025","format":false,"excerpt":"Le Premier ministre ha\u00eftien, Alix Didier Fils-Aim\u00e9, a exprim\u00e9 ce mardi son appui total \u00e0 la transformation de la Mission multinationale d\u2019appui \u00e0 la s\u00e9curit\u00e9 (MMAS) en une force internationale de r\u00e9pression des gangs, lors d\u2019une r\u00e9union de haut niveau avec le Conseil de s\u00e9curit\u00e9 des Nations Unies. Face \u00e0\u2026","rel":"","context":"In &quot;SECURITE&quot;","block_context":{"text":"SECURITE","link":"https:\/\/radioecoutefm.com\/index.php\/category\/insecurite\/"},"img":{"alt_text":"","src":"https:\/\/i0.wp.com\/radioecoutefm.com\/wp-content\/uploads\/2025\/09\/Fizeme.png?fit=750%2C500&ssl=1&resize=350%2C200","width":350,"height":200,"srcset":"https:\/\/i0.wp.com\/radioecoutefm.com\/wp-content\/uploads\/2025\/09\/Fizeme.png?fit=750%2C500&ssl=1&resize=350%2C200 1x, https:\/\/i0.wp.com\/radioecoutefm.com\/wp-content\/uploads\/2025\/09\/Fizeme.png?fit=750%2C500&ssl=1&resize=525%2C300 1.5x, https:\/\/i0.wp.com\/radioecoutefm.com\/wp-content\/uploads\/2025\/09\/Fizeme.png?fit=750%2C500&ssl=1&resize=700%2C400 2x"},"classes":[]},{"id":5784,"url":"https:\/\/radioecoutefm.com\/index.php\/2025\/09\/09\/haiti-la-caricom-salue-le-projet-de-resolution-du-conseil-de-securite-de-lonu\/","url_meta":{"origin":6055,"position":1},"title":"Ha\u00efti : la Caricom salue le projet de r\u00e9solution du Conseil de s\u00e9curit\u00e9 de l\u2019ONU","author":"Ecoute FM","date":"09.09.2025","format":false,"excerpt":"La Communaut\u00e9 des Cara\u00efbes (CARICOM) a exprim\u00e9 son int\u00e9r\u00eat pour le projet de r\u00e9solution r\u00e9cemment d\u00e9pos\u00e9 au Conseil de s\u00e9curit\u00e9 des Nations Unies par les \u00c9tats-Unis et le Panama, visant \u00e0 renforcer l\u2019assistance s\u00e9curitaire demand\u00e9e par Ha\u00efti. Cette initiative intervient alors que le pays traverse une grave crise s\u00e9curitaire et\u2026","rel":"","context":"In &quot;DIPLOMATIE&quot;","block_context":{"text":"DIPLOMATIE","link":"https:\/\/radioecoutefm.com\/index.php\/category\/diplomatie\/"},"img":{"alt_text":"","src":"https:\/\/i0.wp.com\/radioecoutefm.com\/wp-content\/uploads\/2025\/09\/CARICOM.jpeg?fit=1200%2C783&ssl=1&resize=350%2C200","width":350,"height":200,"srcset":"https:\/\/i0.wp.com\/radioecoutefm.com\/wp-content\/uploads\/2025\/09\/CARICOM.jpeg?fit=1200%2C783&ssl=1&resize=350%2C200 1x, https:\/\/i0.wp.com\/radioecoutefm.com\/wp-content\/uploads\/2025\/09\/CARICOM.jpeg?fit=1200%2C783&ssl=1&resize=525%2C300 1.5x, https:\/\/i0.wp.com\/radioecoutefm.com\/wp-content\/uploads\/2025\/09\/CARICOM.jpeg?fit=1200%2C783&ssl=1&resize=700%2C400 2x, https:\/\/i0.wp.com\/radioecoutefm.com\/wp-content\/uploads\/2025\/09\/CARICOM.jpeg?fit=1200%2C783&ssl=1&resize=1050%2C600 3x"},"classes":[]},{"id":2651,"url":"https:\/\/radioecoutefm.com\/index.php\/2025\/04\/11\/le-senat-francais-adopte-une-resolution-en-faveur-du-retablissement-de-la-securite-en-haiti\/","url_meta":{"origin":6055,"position":2},"title":"Le S\u00e9nat fran\u00e7ais adopte une r\u00e9solution en faveur du r\u00e9tablissement de la s\u00e9curit\u00e9 en Ha\u00efti","author":"Ecoute FM","date":"11.04.2025","format":false,"excerpt":"Dans un vote quasi unanime, le S\u00e9nat fran\u00e7ais a adopt\u00e9, ce jeudi, une r\u00e9solution politique appelant \u00e0 une intensification du soutien international en faveur d\u2019Ha\u00efti, pays en proie \u00e0 une crise s\u00e9curitaire et humanitaire aigu\u00eb. Le texte, approuv\u00e9 par 332 voix pour, 2 contre et 7 abstentions, marque un signal\u2026","rel":"","context":"In &quot;INSECURITE&quot;","block_context":{"text":"INSECURITE","link":"https:\/\/radioecoutefm.com\/index.php\/category\/securite\/"},"img":{"alt_text":"","src":"https:\/\/i0.wp.com\/radioecoutefm.com\/wp-content\/uploads\/2025\/04\/IMG_1641-scaled.jpeg?fit=1200%2C851&ssl=1&resize=350%2C200","width":350,"height":200,"srcset":"https:\/\/i0.wp.com\/radioecoutefm.com\/wp-content\/uploads\/2025\/04\/IMG_1641-scaled.jpeg?fit=1200%2C851&ssl=1&resize=350%2C200 1x, https:\/\/i0.wp.com\/radioecoutefm.com\/wp-content\/uploads\/2025\/04\/IMG_1641-scaled.jpeg?fit=1200%2C851&ssl=1&resize=525%2C300 1.5x, https:\/\/i0.wp.com\/radioecoutefm.com\/wp-content\/uploads\/2025\/04\/IMG_1641-scaled.jpeg?fit=1200%2C851&ssl=1&resize=700%2C400 2x, https:\/\/i0.wp.com\/radioecoutefm.com\/wp-content\/uploads\/2025\/04\/IMG_1641-scaled.jpeg?fit=1200%2C851&ssl=1&resize=1050%2C600 3x"},"classes":[]},{"id":2574,"url":"https:\/\/radioecoutefm.com\/index.php\/2025\/04\/10\/2574\/","url_meta":{"origin":6055,"position":3},"title":"Luis Almagro et et le conseiller pr\u00e9sidentiel, Smith Augustin discutent de la coop\u00e9ration internationale pour renforcer la s\u00e9curit\u00e9 en Ha\u00efti","author":"Ecoute FM","date":"10.04.2025","format":false,"excerpt":"Luis Almagro, secr\u00e9taire g\u00e9n\u00e9ral de l\u2019Organisation des \u00c9tats am\u00e9ricains (OEA), a r\u00e9cemment rencontr\u00e9 plusieurs hauts responsables ha\u00eftiens, dont le conseiller pr\u00e9sidentiel Smith Augustin et la Repr\u00e9sentante d\u2019Ha\u00efti aupr\u00e8s de l\u2019OEA, Myrtha D\u00e9sulm\u00e9. Lors de cette rencontre, ils ont soulign\u00e9 la n\u00e9cessit\u00e9 d\u2019intensifier la coop\u00e9ration internationale pour soutenir Ha\u00efti face \u00e0\u2026","rel":"","context":"In &quot;INSECURITE&quot;","block_context":{"text":"INSECURITE","link":"https:\/\/radioecoutefm.com\/index.php\/category\/securite\/"},"img":{"alt_text":"","src":"https:\/\/i0.wp.com\/radioecoutefm.com\/wp-content\/uploads\/2025\/04\/IMG_1632.jpeg?fit=400%2C320&ssl=1&resize=350%2C200","width":350,"height":200},"classes":[]},{"id":5790,"url":"https:\/\/radioecoutefm.com\/index.php\/2025\/09\/09\/le-president-du-kenya-alerte-sur-la-fin-de-la-mission-en-haiti-et-presse-lonu-dassurer-une-transition\/","url_meta":{"origin":6055,"position":4},"title":"Le pr\u00e9sident du Kenya alerte sur la fin de la mission en Ha\u00efti et presse l\u2019ONU d\u2019assurer une transition","author":"Ecoute FM","date":"09.09.2025","format":false,"excerpt":"Alors que la mission internationale en Ha\u00efti approche de son \u00e9ch\u00e9ance, le pr\u00e9sident k\u00e9nyan William Ruto appelle le Conseil de s\u00e9curit\u00e9 des Nations Unies \u00e0 organiser une sortie responsable. Lors du deuxi\u00e8me sommet Afrique-CARICOM, tenu ce dimanche \u00e0 Addis-Abeba, en \u00c9thiopie, le pr\u00e9sident du Kenya, William Ruto, a exprim\u00e9 ses\u2026","rel":"","context":"In &quot;INTERNATIONAL&quot;","block_context":{"text":"INTERNATIONAL","link":"https:\/\/radioecoutefm.com\/index.php\/category\/international\/"},"img":{"alt_text":"","src":"https:\/\/i0.wp.com\/radioecoutefm.com\/wp-content\/uploads\/2025\/09\/ruto.jpg?fit=896%2C504&ssl=1&resize=350%2C200","width":350,"height":200,"srcset":"https:\/\/i0.wp.com\/radioecoutefm.com\/wp-content\/uploads\/2025\/09\/ruto.jpg?fit=896%2C504&ssl=1&resize=350%2C200 1x, https:\/\/i0.wp.com\/radioecoutefm.com\/wp-content\/uploads\/2025\/09\/ruto.jpg?fit=896%2C504&ssl=1&resize=525%2C300 1.5x, https:\/\/i0.wp.com\/radioecoutefm.com\/wp-content\/uploads\/2025\/09\/ruto.jpg?fit=896%2C504&ssl=1&resize=700%2C400 2x"},"classes":[]},{"id":3010,"url":"https:\/\/radioecoutefm.com\/index.php\/2025\/04\/16\/haiti-la-jamaique-deploie-une-equipe-de-21-membres-pour-soutenir-la-mission-multinationale-de-securite\/","url_meta":{"origin":6055,"position":5},"title":"Ha\u00efti : La Jama\u00efque d\u00e9ploie une \u00e9quipe de 21 membres pour soutenir la mission multinationale de s\u00e9curit\u00e9","author":"Ecoute FM","date":"16.04.2025","format":false,"excerpt":"La Force de D\u00e9fense de la Jama\u00efque (JDF) a annonc\u00e9 le d\u00e9ploiement d\u2019une \u00e9quipe de 21 membres en Ha\u00efti, dans le cadre de la Force Conjointe de la CARICOM pour Ha\u00efti (CJTF-H). Ce d\u00e9ploiement s\u2019inscrit dans le cadre de la mission multinationale de s\u00e9curit\u00e9 (MSS) dirig\u00e9e par le Kenya, appuy\u00e9e\u2026","rel":"","context":"In &quot;SECURITE&quot;","block_context":{"text":"SECURITE","link":"https:\/\/radioecoutefm.com\/index.php\/category\/insecurite\/"},"img":{"alt_text":"","src":"https:\/\/i0.wp.com\/radioecoutefm.com\/wp-content\/uploads\/2025\/04\/IMG_1716.jpeg?fit=599%2C409&ssl=1&resize=350%2C200","width":350,"height":200,"srcset":"https:\/\/i0.wp.com\/radioecoutefm.com\/wp-content\/uploads\/2025\/04\/IMG_1716.jpeg?fit=599%2C409&ssl=1&resize=350%2C200 1x, https:\/\/i0.wp.com\/radioecoutefm.com\/wp-content\/uploads\/2025\/04\/IMG_1716.jpeg?fit=599%2C409&ssl=1&resize=525%2C300 1.5x"},"classes":[]}],"authors":[{"term_id":15,"user_id":1,"is_guest":0,"slug":"borgellaattis","display_name":"Ecoute FM","avatar_url":"https:\/\/secure.gravatar.com\/avatar\/a5369629745bf29c5deb65198d5e38aed1dc2c880c04b3b630ab3f6e8c623b70?s=96&d=mm&r=g","0":null,"1":"","2":"","3":"","4":"","5":"","6":"","7":"","8":""}],"_links":{"self":[{"href":"https:\/\/radioecoutefm.com\/index.php\/wp-json\/wp\/v2\/posts\/6055","targetHints":{"allow":["GET"]}}],"collection":[{"href":"https:\/\/radioecoutefm.com\/index.php\/wp-json\/wp\/v2\/posts"}],"about":[{"href":"https:\/\/radioecoutefm.com\/index.php\/wp-json\/wp\/v2\/types\/post"}],"author":[{"embeddable":true,"href":"https:\/\/radioecoutefm.com\/index.php\/wp-json\/wp\/v2\/users\/1"}],"replies":[{"embeddable":true,"href":"https:\/\/radioecoutefm.com\/index.php\/wp-json\/wp\/v2\/comments?post=6055"}],"version-history":[{"count":1,"href":"https:\/\/radioecoutefm.com\/index.php\/wp-json\/wp\/v2\/posts\/6055\/revisions"}],"predecessor-version":[{"id":6060,"href":"https:\/\/radioecoutefm.com\/index.php\/wp-json\/wp\/v2\/posts\/6055\/revisions\/6060"}],"wp:featuredmedia":[{"embeddable":true,"href":"https:\/\/radioecoutefm.com\/index.php\/wp-json\/wp\/v2\/media\/6056"}],"wp:attachment":[{"href":"https:\/\/radioecoutefm.com\/index.php\/wp-json\/wp\/v2\/media?parent=6055"}],"wp:term":[{"taxonomy":"category","embeddable":true,"href":"https:\/\/radioecoutefm.com\/index.php\/wp-json\/wp\/v2\/categories?post=6055"},{"taxonomy":"post_tag","embeddable":true,"href":"https:\/\/radioecoutefm.com\/index.php\/wp-json\/wp\/v2\/tags?post=6055"},{"taxonomy":"author","embeddable":true,"href":"https:\/\/radioecoutefm.com\/index.php\/wp-json\/wp\/v2\/ppma_author?post=6055"}],"curies":[{"name":"wp","href":"https:\/\/api.w.org\/{rel}","templated":true}]}}