{"id":6017,"date":"2025-09-29T00:38:19","date_gmt":"2025-09-29T00:38:19","guid":{"rendered":"https:\/\/radioecoutefm.com\/?p=6017"},"modified":"2025-09-29T00:38:19","modified_gmt":"2025-09-29T00:38:19","slug":"lancement-de-la-campagne-annuelle-contre-le-cancer-du-sein","status":"publish","type":"post","link":"https:\/\/radioecoutefm.com\/index.php\/2025\/09\/29\/lancement-de-la-campagne-annuelle-contre-le-cancer-du-sein\/","title":{"rendered":"Lancement de la campagne annuelle contre le cancer du sein"},"content":{"rendered":"<p>Le Groupe de Support Contre le Cancer (GSCC) a donn\u00e9 le coup d\u2019envoi de sa campagne annuelle de sensibilisation \u00e0 la lutte contre le cancer du sein, plac\u00e9e cette ann\u00e9e sous le th\u00e8me \u00ab Kans\u00e8 Pa Ka Tann, Ann Aji Kounya \u00bb. L\u2019initiative se d\u00e9roulera tout au long du mois d\u2019octobre, dans un contexte particuli\u00e8rement pr\u00e9occupant marqu\u00e9 par la fermeture de l\u2019H\u00f4pital Universitaire de Mirebalais, un centre de r\u00e9f\u00e9rence pour les soins oncologiques, et par une hausse inqui\u00e9tante des cas signal\u00e9s en province.<\/p>\n<p>Durant ce mois de mobilisation, le GSCC pr\u00e9voit une s\u00e9rie d\u2019activit\u00e9s allant des s\u00e9ances d\u2019\u00e9ducation communautaire aux collectes de fonds, en passant par des campagnes de d\u00e9pistage et divers \u00e9v\u00e9nements caritatifs destin\u00e9s \u00e0 soutenir les patients atteints de cancer. Deux moments forts sont d\u00e9j\u00e0 annonc\u00e9s : un grand rassemblement de solidarit\u00e9 le 19 octobre \u00e0 l\u2019h\u00f4tel Karibe et un match de football caritatif pr\u00e9vu le 25 octobre \u00e0 P\u00e9tion-Ville.<\/p>\n<p>\u00c0 travers cette campagne, le GSCC entend non seulement sensibiliser la population \u00e0 l\u2019importance du d\u00e9pistage pr\u00e9coce, mais \u00e9galement appeler \u00e0 une mobilisation nationale en faveur d\u2019un meilleur acc\u00e8s aux soins pour les personnes touch\u00e9es par la maladie.<\/p>\n<p>Dken<\/p>\n","protected":false},"excerpt":{"rendered":"<p>Le Groupe de Support Contre le Cancer (GSCC) a donn\u00e9 le coup d\u2019envoi de sa campagne annuelle de sensibilisation \u00e0 la lutte contre le cancer du sein, plac\u00e9e cette ann\u00e9e sous le th\u00e8me \u00ab Kans\u00e8 Pa Ka Tann, Ann Aji Kounya \u00bb. L\u2019initiative se d\u00e9roulera tout au long du mois d\u2019octobre, dans un contexte particuli\u00e8rement [&hellip;]<\/p>\n","protected":false},"author":1,"featured_media":6018,"comment_status":"open","ping_status":"open","sticky":false,"template":"","format":"standard","meta":{"_uag_custom_page_level_css":"","jetpack_post_was_ever_published":false,"_jetpack_newsletter_access":"","_jetpack_dont_email_post_to_subs":false,"_jetpack_newsletter_tier_id":0,"_jetpack_memberships_contains_paywalled_content":false,"_jetpack_memberships_contains_paid_content":false,"footnotes":"","jetpack_publicize_message":"","jetpack_publicize_feature_enabled":true,"jetpack_social_post_already_shared":true,"jetpack_social_options":{"image_generator_settings":{"template":"highway","default_image_id":0,"font":"","enabled":false},"version":2}},"categories":[50],"tags":[],"ppma_author":[15],"class_list":["post-6017","post","type-post","status-publish","format-standard","has-post-thumbnail","hentry","category-sante"],"aioseo_notices":[],"jetpack_publicize_connections":[],"jetpack_featured_media_url":"https:\/\/i0.wp.com\/radioecoutefm.com\/wp-content\/uploads\/2025\/09\/8DF0A97C-0E46-4E3F-946F-5F2D3FEE3455.jpeg?fit=565%2C353&ssl=1","uagb_featured_image_src":{"full":["https:\/\/i0.wp.com\/radioecoutefm.com\/wp-content\/uploads\/2025\/09\/8DF0A97C-0E46-4E3F-946F-5F2D3FEE3455.jpeg?fit=565%2C353&ssl=1",565,353,false],"thumbnail":["https:\/\/i0.wp.com\/radioecoutefm.com\/wp-content\/uploads\/2025\/09\/8DF0A97C-0E46-4E3F-946F-5F2D3FEE3455.jpeg?resize=150%2C150&ssl=1",150,150,true],"medium":["https:\/\/i0.wp.com\/radioecoutefm.com\/wp-content\/uploads\/2025\/09\/8DF0A97C-0E46-4E3F-946F-5F2D3FEE3455.jpeg?fit=300%2C187&ssl=1",300,187,true],"medium_large":["https:\/\/i0.wp.com\/radioecoutefm.com\/wp-content\/uploads\/2025\/09\/8DF0A97C-0E46-4E3F-946F-5F2D3FEE3455.jpeg?fit=565%2C353&ssl=1",565,353,true],"large":["https:\/\/i0.wp.com\/radioecoutefm.com\/wp-content\/uploads\/2025\/09\/8DF0A97C-0E46-4E3F-946F-5F2D3FEE3455.jpeg?fit=565%2C353&ssl=1",565,353,true],"1536x1536":["https:\/\/i0.wp.com\/radioecoutefm.com\/wp-content\/uploads\/2025\/09\/8DF0A97C-0E46-4E3F-946F-5F2D3FEE3455.jpeg?fit=565%2C353&ssl=1",565,353,true],"2048x2048":["https:\/\/i0.wp.com\/radioecoutefm.com\/wp-content\/uploads\/2025\/09\/8DF0A97C-0E46-4E3F-946F-5F2D3FEE3455.jpeg?fit=565%2C353&ssl=1",565,353,true],"newsair-slider-full":["https:\/\/i0.wp.com\/radioecoutefm.com\/wp-content\/uploads\/2025\/09\/8DF0A97C-0E46-4E3F-946F-5F2D3FEE3455.jpeg?resize=565%2C353&ssl=1",565,353,true],"newsair-featured":["https:\/\/i0.wp.com\/radioecoutefm.com\/wp-content\/uploads\/2025\/09\/8DF0A97C-0E46-4E3F-946F-5F2D3FEE3455.jpeg?fit=565%2C353&ssl=1",565,353,true],"newsair-medium":["https:\/\/i0.wp.com\/radioecoutefm.com\/wp-content\/uploads\/2025\/09\/8DF0A97C-0E46-4E3F-946F-5F2D3FEE3455.jpeg?resize=565%2C353&ssl=1",565,353,true]},"uagb_author_info":{"display_name":"Ecoute FM","author_link":"https:\/\/radioecoutefm.com\/index.php\/author\/borgellaattis\/"},"uagb_comment_info":3,"uagb_excerpt":"Le Groupe de Support Contre le Cancer (GSCC) a donn\u00e9 le coup d\u2019envoi de sa campagne annuelle de sensibilisation \u00e0 la lutte contre le cancer du sein, plac\u00e9e cette ann\u00e9e sous le th\u00e8me \u00ab Kans\u00e8 Pa Ka Tann, Ann Aji Kounya \u00bb. L\u2019initiative se d\u00e9roulera tout au long du mois d\u2019octobre, dans un contexte particuli\u00e8rement&hellip;","jetpack_sharing_enabled":true,"jetpack_shortlink":"https:\/\/wp.me\/pgoyna-1z3","jetpack-related-posts":[{"id":2651,"url":"https:\/\/radioecoutefm.com\/index.php\/2025\/04\/11\/le-senat-francais-adopte-une-resolution-en-faveur-du-retablissement-de-la-securite-en-haiti\/","url_meta":{"origin":6017,"position":0},"title":"Le S\u00e9nat fran\u00e7ais adopte une r\u00e9solution en faveur du r\u00e9tablissement de la s\u00e9curit\u00e9 en Ha\u00efti","author":"Ecoute FM","date":"11.04.2025","format":false,"excerpt":"Dans un vote quasi unanime, le S\u00e9nat fran\u00e7ais a adopt\u00e9, ce jeudi, une r\u00e9solution politique appelant \u00e0 une intensification du soutien international en faveur d\u2019Ha\u00efti, pays en proie \u00e0 une crise s\u00e9curitaire et humanitaire aigu\u00eb. Le texte, approuv\u00e9 par 332 voix pour, 2 contre et 7 abstentions, marque un signal\u2026","rel":"","context":"In &quot;INSECURITE&quot;","block_context":{"text":"INSECURITE","link":"https:\/\/radioecoutefm.com\/index.php\/category\/securite\/"},"img":{"alt_text":"","src":"https:\/\/i0.wp.com\/radioecoutefm.com\/wp-content\/uploads\/2025\/04\/IMG_1641-scaled.jpeg?fit=1200%2C851&ssl=1&resize=350%2C200","width":350,"height":200,"srcset":"https:\/\/i0.wp.com\/radioecoutefm.com\/wp-content\/uploads\/2025\/04\/IMG_1641-scaled.jpeg?fit=1200%2C851&ssl=1&resize=350%2C200 1x, https:\/\/i0.wp.com\/radioecoutefm.com\/wp-content\/uploads\/2025\/04\/IMG_1641-scaled.jpeg?fit=1200%2C851&ssl=1&resize=525%2C300 1.5x, https:\/\/i0.wp.com\/radioecoutefm.com\/wp-content\/uploads\/2025\/04\/IMG_1641-scaled.jpeg?fit=1200%2C851&ssl=1&resize=700%2C400 2x, https:\/\/i0.wp.com\/radioecoutefm.com\/wp-content\/uploads\/2025\/04\/IMG_1641-scaled.jpeg?fit=1200%2C851&ssl=1&resize=1050%2C600 3x"},"classes":[]},{"id":4186,"url":"https:\/\/radioecoutefm.com\/index.php\/2025\/05\/12\/des-avocats-haitiens-deposent-une-plainte-contre-le-cpt\/","url_meta":{"origin":6017,"position":1},"title":"Des avocats ha\u00eftiens d\u00e9posent une plainte contre le CPT","author":"Ecoute FM","date":"12.05.2025","format":false,"excerpt":"Un groupe d'avocats, dont Me Arnel Remy, a d\u00e9pos\u00e9, ce lundi 12 mai 2025, une plainte aupr\u00e8s du parquet de Port-au-Prince contre les neuf membres du Conseil Pr\u00e9sidentiel de Transition (CPT). Cette action judiciaire vise \u00e0 d\u00e9noncer des violations pr\u00e9sum\u00e9es des droits fondamentaux durant les treize mois au pouvoir de\u2026","rel":"","context":"In &quot;JUSTICE&quot;","block_context":{"text":"JUSTICE","link":"https:\/\/radioecoutefm.com\/index.php\/category\/interview\/"},"img":{"alt_text":"","src":"https:\/\/i0.wp.com\/radioecoutefm.com\/wp-content\/uploads\/2025\/05\/DB6C5B4F-2157-483B-A669-E5A9E7FA2D4F.jpeg?fit=800%2C450&ssl=1&resize=350%2C200","width":350,"height":200,"srcset":"https:\/\/i0.wp.com\/radioecoutefm.com\/wp-content\/uploads\/2025\/05\/DB6C5B4F-2157-483B-A669-E5A9E7FA2D4F.jpeg?fit=800%2C450&ssl=1&resize=350%2C200 1x, https:\/\/i0.wp.com\/radioecoutefm.com\/wp-content\/uploads\/2025\/05\/DB6C5B4F-2157-483B-A669-E5A9E7FA2D4F.jpeg?fit=800%2C450&ssl=1&resize=525%2C300 1.5x, https:\/\/i0.wp.com\/radioecoutefm.com\/wp-content\/uploads\/2025\/05\/DB6C5B4F-2157-483B-A669-E5A9E7FA2D4F.jpeg?fit=800%2C450&ssl=1&resize=700%2C400 2x"},"classes":[]},{"id":5821,"url":"https:\/\/radioecoutefm.com\/index.php\/2025\/09\/12\/les-accouchements-de-meres-haitiennes-dans-les-hopitaux-publics-en-republique-dominicaine-en-baisse\/","url_meta":{"origin":6017,"position":2},"title":"Les accouchements de m\u00e8res ha\u00eftiennes dans les h\u00f4pitaux publics en R\u00e9publique dominicaine en baisse","author":"Ecoute FM","date":"12.09.2025","format":false,"excerpt":"Entre janvier et ao\u00fbt 2025, les h\u00f4pitaux de la Republique dominicaine ont enregistr\u00e9 13 125 accouchements de m\u00e8res ha\u00eftiennes, soit 4 856 de moins que sur la m\u00eame p\u00e9riode en 2024, ce qui repr\u00e9sente une baisse de 17,07 %. Selon le rapport du Servicio Nacional de Salud (SNS), ces naissances\u2026","rel":"","context":"In &quot;SANTE&quot;","block_context":{"text":"SANTE","link":"https:\/\/radioecoutefm.com\/index.php\/category\/sante\/"},"img":{"alt_text":"","src":"https:\/\/i0.wp.com\/radioecoutefm.com\/wp-content\/uploads\/2025\/09\/38224E5F-BE8C-4440-BDDE-4737806279F4.jpeg?fit=692%2C443&ssl=1&resize=350%2C200","width":350,"height":200,"srcset":"https:\/\/i0.wp.com\/radioecoutefm.com\/wp-content\/uploads\/2025\/09\/38224E5F-BE8C-4440-BDDE-4737806279F4.jpeg?fit=692%2C443&ssl=1&resize=350%2C200 1x, https:\/\/i0.wp.com\/radioecoutefm.com\/wp-content\/uploads\/2025\/09\/38224E5F-BE8C-4440-BDDE-4737806279F4.jpeg?fit=692%2C443&ssl=1&resize=525%2C300 1.5x"},"classes":[]},{"id":1772,"url":"https:\/\/radioecoutefm.com\/index.php\/2025\/03\/18\/dawensky-alias-diaoul-abattu-par-le-commissaire-jean-ernst-muscadin-a-cavaillon\/","url_meta":{"origin":6017,"position":3},"title":"Le bandit, Dawensky alias \u201cDiaoul\u201d abattu par le commissaire Jean Ernst Muscadin \u00e0 Cavaillon","author":"Ecoute FM","date":"18.03.2025","format":false,"excerpt":"Dans le cadre de la lutte contre l\u2019ins\u00e9curit\u00e9 en Ha\u00efti, le commissaire des Nippes, Jean Ernst Muscadin, a abattu ce mardi matin Dawensky, alias \u201cDiaoul\u201d, \u00e0 Cavaillon, dans le d\u00e9partement du Sud. Selon les t\u00e9moignages recueillis aupr\u00e8s des riverains, Diaoul r\u00e9sidait dans la localit\u00e9 de Boileau et \u00e9tait connu pour\u2026","rel":"","context":"In &quot;INSECURITE&quot;","block_context":{"text":"INSECURITE","link":"https:\/\/radioecoutefm.com\/index.php\/category\/securite\/"},"img":{"alt_text":"","src":"https:\/\/i0.wp.com\/radioecoutefm.com\/wp-content\/uploads\/2025\/03\/IMG_1419.jpeg?fit=1125%2C620&ssl=1&resize=350%2C200","width":350,"height":200,"srcset":"https:\/\/i0.wp.com\/radioecoutefm.com\/wp-content\/uploads\/2025\/03\/IMG_1419.jpeg?fit=1125%2C620&ssl=1&resize=350%2C200 1x, https:\/\/i0.wp.com\/radioecoutefm.com\/wp-content\/uploads\/2025\/03\/IMG_1419.jpeg?fit=1125%2C620&ssl=1&resize=525%2C300 1.5x, https:\/\/i0.wp.com\/radioecoutefm.com\/wp-content\/uploads\/2025\/03\/IMG_1419.jpeg?fit=1125%2C620&ssl=1&resize=700%2C400 2x, https:\/\/i0.wp.com\/radioecoutefm.com\/wp-content\/uploads\/2025\/03\/IMG_1419.jpeg?fit=1125%2C620&ssl=1&resize=1050%2C600 3x"},"classes":[]},{"id":1358,"url":"https:\/\/radioecoutefm.com\/index.php\/2025\/03\/06\/35-000-dollars-americains-par-mois-engages-par-le-gouvernement-haitien-pour-un-lobbyiste-aux-etats-unis\/","url_meta":{"origin":6017,"position":4},"title":"35 000 dollars am\u00e9ricains par mois engag\u00e9s par le gouvernement ha\u00eftien pour un lobbyiste aux \u00c9tats-Unis","author":"Claude DIEUPHENE","date":"06.03.2025","format":false,"excerpt":"Le gouvernement ha\u00eftien a d\u00e9cid\u00e9 d\u2019allouer une somme de 35 000 dollars am\u00e9ricains par mois \u00e0 une firme de lobbyistes bas\u00e9e aux \u00c9tats-Unis, dans le but d\u2019influencer la Maison-Blanche sur la question ha\u00eftienne. Ce contrat a \u00e9t\u00e9 sign\u00e9 par le Premier ministre Alix Didier Fils-Aim\u00e9 le 7 f\u00e9vrier dernier et\u2026","rel":"","context":"In &quot;POLITIQUE&quot;","block_context":{"text":"POLITIQUE","link":"https:\/\/radioecoutefm.com\/index.php\/category\/politique\/"},"img":{"alt_text":"","src":"https:\/\/i0.wp.com\/radioecoutefm.com\/wp-content\/uploads\/2025\/03\/filsaime.jpg?fit=1200%2C846&ssl=1&resize=350%2C200","width":350,"height":200,"srcset":"https:\/\/i0.wp.com\/radioecoutefm.com\/wp-content\/uploads\/2025\/03\/filsaime.jpg?fit=1200%2C846&ssl=1&resize=350%2C200 1x, https:\/\/i0.wp.com\/radioecoutefm.com\/wp-content\/uploads\/2025\/03\/filsaime.jpg?fit=1200%2C846&ssl=1&resize=525%2C300 1.5x, https:\/\/i0.wp.com\/radioecoutefm.com\/wp-content\/uploads\/2025\/03\/filsaime.jpg?fit=1200%2C846&ssl=1&resize=700%2C400 2x, https:\/\/i0.wp.com\/radioecoutefm.com\/wp-content\/uploads\/2025\/03\/filsaime.jpg?fit=1200%2C846&ssl=1&resize=1050%2C600 3x"},"classes":[]},{"id":1728,"url":"https:\/\/radioecoutefm.com\/index.php\/2025\/03\/18\/nenel-cassy-face-a-la-justice-entre-accusations-et-denonciation-de-persecution-politique\/","url_meta":{"origin":6017,"position":5},"title":"Nenel Cassy face \u00e0 la justice : entre accusations et d\u00e9nonciation de pers\u00e9cution politique","author":"Ecoute FM","date":"18.03.2025","format":false,"excerpt":"L\u2019ancien s\u00e9nateur des Nippes, Nenel Cassy, s\u2019est pr\u00e9sent\u00e9 ce lundi 17 mars au parquet de Port-au-Prince en r\u00e9ponse \u00e0 une convocation de la justice ha\u00eftienne, un mois apr\u00e8s l\u2019\u00e9mission d\u2019un avis de recherche \u00e0 son encontre par la Direction Centrale de la Police Judiciaire (DCPJ), qui le soup\u00e7onne de liens\u2026","rel":"","context":"In &quot;POLITIQUE&quot;","block_context":{"text":"POLITIQUE","link":"https:\/\/radioecoutefm.com\/index.php\/category\/politique\/"},"img":{"alt_text":"","src":"https:\/\/i0.wp.com\/radioecoutefm.com\/wp-content\/uploads\/2025\/03\/IMG_1414.jpeg?fit=691%2C413&ssl=1&resize=350%2C200","width":350,"height":200,"srcset":"https:\/\/i0.wp.com\/radioecoutefm.com\/wp-content\/uploads\/2025\/03\/IMG_1414.jpeg?fit=691%2C413&ssl=1&resize=350%2C200 1x, https:\/\/i0.wp.com\/radioecoutefm.com\/wp-content\/uploads\/2025\/03\/IMG_1414.jpeg?fit=691%2C413&ssl=1&resize=525%2C300 1.5x"},"classes":[]}],"authors":[{"term_id":15,"user_id":1,"is_guest":0,"slug":"borgellaattis","display_name":"Ecoute FM","avatar_url":"https:\/\/secure.gravatar.com\/avatar\/a5369629745bf29c5deb65198d5e38aed1dc2c880c04b3b630ab3f6e8c623b70?s=96&d=mm&r=g","0":null,"1":"","2":"","3":"","4":"","5":"","6":"","7":"","8":""}],"_links":{"self":[{"href":"https:\/\/radioecoutefm.com\/index.php\/wp-json\/wp\/v2\/posts\/6017","targetHints":{"allow":["GET"]}}],"collection":[{"href":"https:\/\/radioecoutefm.com\/index.php\/wp-json\/wp\/v2\/posts"}],"about":[{"href":"https:\/\/radioecoutefm.com\/index.php\/wp-json\/wp\/v2\/types\/post"}],"author":[{"embeddable":true,"href":"https:\/\/radioecoutefm.com\/index.php\/wp-json\/wp\/v2\/users\/1"}],"replies":[{"embeddable":true,"href":"https:\/\/radioecoutefm.com\/index.php\/wp-json\/wp\/v2\/comments?post=6017"}],"version-history":[{"count":1,"href":"https:\/\/radioecoutefm.com\/index.php\/wp-json\/wp\/v2\/posts\/6017\/revisions"}],"predecessor-version":[{"id":6022,"href":"https:\/\/radioecoutefm.com\/index.php\/wp-json\/wp\/v2\/posts\/6017\/revisions\/6022"}],"wp:featuredmedia":[{"embeddable":true,"href":"https:\/\/radioecoutefm.com\/index.php\/wp-json\/wp\/v2\/media\/6018"}],"wp:attachment":[{"href":"https:\/\/radioecoutefm.com\/index.php\/wp-json\/wp\/v2\/media?parent=6017"}],"wp:term":[{"taxonomy":"category","embeddable":true,"href":"https:\/\/radioecoutefm.com\/index.php\/wp-json\/wp\/v2\/categories?post=6017"},{"taxonomy":"post_tag","embeddable":true,"href":"https:\/\/radioecoutefm.com\/index.php\/wp-json\/wp\/v2\/tags?post=6017"},{"taxonomy":"author","embeddable":true,"href":"https:\/\/radioecoutefm.com\/index.php\/wp-json\/wp\/v2\/ppma_author?post=6017"}],"curies":[{"name":"wp","href":"https:\/\/api.w.org\/{rel}","templated":true}]}}