{"id":5979,"date":"2025-09-24T00:35:18","date_gmt":"2025-09-24T00:35:18","guid":{"rendered":"https:\/\/radioecoutefm.com\/?p=5979"},"modified":"2025-09-24T00:35:18","modified_gmt":"2025-09-24T00:35:18","slug":"arrestation-de-dimitri-vorbe-aux-etats-unis","status":"publish","type":"post","link":"https:\/\/radioecoutefm.com\/index.php\/2025\/09\/24\/arrestation-de-dimitri-vorbe-aux-etats-unis\/","title":{"rendered":"Arrestation de Dimitri Vorbe aux \u00c9tats-Unis"},"content":{"rendered":"<p>L\u2019homme d\u2019affaires ha\u00eftien Dimitri Vorbe, ancien directeur ex\u00e9cutif de la Soci\u00e9t\u00e9 G\u00e9n\u00e9rale d\u2019\u00c9nergie S.A. (SOGENER), a \u00e9t\u00e9 arr\u00eat\u00e9 ce mardi par les autorit\u00e9s am\u00e9ricaines. Selon des sources, il a \u00e9t\u00e9 interpell\u00e9 \u00e0 son domicile en Floride par les agents de l\u2019Immigration and Customs Enforcement (ICE).<\/p>\n<p>Figure influente du secteur priv\u00e9 ha\u00eftien, Vorbe \u00e9tait depuis plusieurs ann\u00e9es dans le viseur de la justice ha\u00eftienne. Son nom a \u00e9t\u00e9 associ\u00e9 \u00e0 des accusations de corruption et de complot dans le cadre des litiges opposant l\u2019\u00c9tat ha\u00eftien \u00e0 la SOGENER autour des contrats \u00e9nerg\u00e9tiques. Toutefois, les motifs exacts de son arrestation n\u2019ont pas encore \u00e9t\u00e9 r\u00e9v\u00e9l\u00e9s.<\/p>\n<p>Cette interpellation relance un dossier sensible qui a longtemps aliment\u00e9 le d\u00e9bat sur la gouvernance et la transparence dans le secteur \u00e9nerg\u00e9tique ha\u00eftien. Si les autorit\u00e9s am\u00e9ricaines n\u2019ont pas encore communiqu\u00e9 officiellement sur les charges retenues, cette arrestation marque un tournant dans l\u2019affaire et pourrait avoir des r\u00e9percussions politiques et \u00e9conomiques en Ha\u00efti.<\/p>\n","protected":false},"excerpt":{"rendered":"<p>L\u2019homme d\u2019affaires ha\u00eftien Dimitri Vorbe, ancien directeur ex\u00e9cutif de la Soci\u00e9t\u00e9 G\u00e9n\u00e9rale d\u2019\u00c9nergie S.A. (SOGENER), a \u00e9t\u00e9 arr\u00eat\u00e9 ce mardi par les autorit\u00e9s am\u00e9ricaines. Selon des sources, il a \u00e9t\u00e9 interpell\u00e9 \u00e0 son domicile en Floride par les agents de l\u2019Immigration and Customs Enforcement (ICE). Figure influente du secteur priv\u00e9 ha\u00eftien, Vorbe \u00e9tait depuis plusieurs [&hellip;]<\/p>\n","protected":false},"author":1,"featured_media":5980,"comment_status":"open","ping_status":"open","sticky":false,"template":"","format":"standard","meta":{"_uag_custom_page_level_css":"","jetpack_post_was_ever_published":false,"_jetpack_newsletter_access":"","_jetpack_dont_email_post_to_subs":false,"_jetpack_newsletter_tier_id":0,"_jetpack_memberships_contains_paywalled_content":false,"_jetpack_memberships_contains_paid_content":false,"footnotes":"","jetpack_publicize_message":"","jetpack_publicize_feature_enabled":true,"jetpack_social_post_already_shared":true,"jetpack_social_options":{"image_generator_settings":{"template":"highway","default_image_id":0,"font":"","enabled":false},"version":2}},"categories":[76],"tags":[],"ppma_author":[15],"class_list":["post-5979","post","type-post","status-publish","format-standard","has-post-thumbnail","hentry","category-arrestation"],"aioseo_notices":[],"jetpack_publicize_connections":[],"jetpack_featured_media_url":"https:\/\/i0.wp.com\/radioecoutefm.com\/wp-content\/uploads\/2025\/09\/EABB055A-520D-4B8A-97FF-ED24D78506AC.jpeg?fit=554%2C554&ssl=1","uagb_featured_image_src":{"full":["https:\/\/i0.wp.com\/radioecoutefm.com\/wp-content\/uploads\/2025\/09\/EABB055A-520D-4B8A-97FF-ED24D78506AC.jpeg?fit=554%2C554&ssl=1",554,554,false],"thumbnail":["https:\/\/i0.wp.com\/radioecoutefm.com\/wp-content\/uploads\/2025\/09\/EABB055A-520D-4B8A-97FF-ED24D78506AC.jpeg?resize=150%2C150&ssl=1",150,150,true],"medium":["https:\/\/i0.wp.com\/radioecoutefm.com\/wp-content\/uploads\/2025\/09\/EABB055A-520D-4B8A-97FF-ED24D78506AC.jpeg?fit=300%2C300&ssl=1",300,300,true],"medium_large":["https:\/\/i0.wp.com\/radioecoutefm.com\/wp-content\/uploads\/2025\/09\/EABB055A-520D-4B8A-97FF-ED24D78506AC.jpeg?fit=554%2C554&ssl=1",554,554,true],"large":["https:\/\/i0.wp.com\/radioecoutefm.com\/wp-content\/uploads\/2025\/09\/EABB055A-520D-4B8A-97FF-ED24D78506AC.jpeg?fit=554%2C554&ssl=1",554,554,true],"1536x1536":["https:\/\/i0.wp.com\/radioecoutefm.com\/wp-content\/uploads\/2025\/09\/EABB055A-520D-4B8A-97FF-ED24D78506AC.jpeg?fit=554%2C554&ssl=1",554,554,true],"2048x2048":["https:\/\/i0.wp.com\/radioecoutefm.com\/wp-content\/uploads\/2025\/09\/EABB055A-520D-4B8A-97FF-ED24D78506AC.jpeg?fit=554%2C554&ssl=1",554,554,true],"newsair-slider-full":["https:\/\/i0.wp.com\/radioecoutefm.com\/wp-content\/uploads\/2025\/09\/EABB055A-520D-4B8A-97FF-ED24D78506AC.jpeg?resize=554%2C554&ssl=1",554,554,true],"newsair-featured":["https:\/\/i0.wp.com\/radioecoutefm.com\/wp-content\/uploads\/2025\/09\/EABB055A-520D-4B8A-97FF-ED24D78506AC.jpeg?fit=554%2C554&ssl=1",554,554,true],"newsair-medium":["https:\/\/i0.wp.com\/radioecoutefm.com\/wp-content\/uploads\/2025\/09\/EABB055A-520D-4B8A-97FF-ED24D78506AC.jpeg?resize=554%2C380&ssl=1",554,380,true]},"uagb_author_info":{"display_name":"Ecoute FM","author_link":"https:\/\/radioecoutefm.com\/index.php\/author\/borgellaattis\/"},"uagb_comment_info":2,"uagb_excerpt":"L\u2019homme d\u2019affaires ha\u00eftien Dimitri Vorbe, ancien directeur ex\u00e9cutif de la Soci\u00e9t\u00e9 G\u00e9n\u00e9rale d\u2019\u00c9nergie S.A. (SOGENER), a \u00e9t\u00e9 arr\u00eat\u00e9 ce mardi par les autorit\u00e9s am\u00e9ricaines. Selon des sources, il a \u00e9t\u00e9 interpell\u00e9 \u00e0 son domicile en Floride par les agents de l\u2019Immigration and Customs Enforcement (ICE). Figure influente du secteur priv\u00e9 ha\u00eftien, Vorbe \u00e9tait depuis plusieurs&hellip;","jetpack_sharing_enabled":true,"jetpack_shortlink":"https:\/\/wp.me\/pgoyna-1yr","jetpack-related-posts":[{"id":3256,"url":"https:\/\/radioecoutefm.com\/index.php\/2025\/04\/22\/republique-dominicaine-un-haitien-arrete-pour-avoir-usurpe-lidentite-dun-consul-du-bresil-et-escroque-ses-compatriotes-avec-de-faux-visas\/","url_meta":{"origin":5979,"position":0},"title":"Republique Dominicaine: Un Ha\u00eftien arr\u00eat\u00e9 pour avoir usurp\u00e9 l&#8217;identit\u00e9 d\u2019un consul du Br\u00e9sil et escroqu\u00e9 ses compatriotes avec de faux visas","author":"Ecoute FM","date":"22.04.2025","format":false,"excerpt":"La Direction centrale d'enqu\u00eate criminelle (DICRIM) a proc\u00e9d\u00e9 \u00e0 l\u2019arrestation de Dieuseul Siac, un citoyen ha\u00eftien de 44 ans, accus\u00e9 de s\u2019\u00eatre fait passer pour un consul du Br\u00e9sil dans le but d\u2019escroquer plusieurs de ses compatriotes en leur promettant des visas pour le pays sud-am\u00e9ricain. L\u2019interpellation a eu lieu\u2026","rel":"","context":"In &quot;INTERNATIONAL&quot;","block_context":{"text":"INTERNATIONAL","link":"https:\/\/radioecoutefm.com\/index.php\/category\/international\/"},"img":{"alt_text":"","src":"https:\/\/i0.wp.com\/radioecoutefm.com\/wp-content\/uploads\/2025\/04\/Haitien-arrete.jpeg?fit=950%2C465&ssl=1&resize=350%2C200","width":350,"height":200,"srcset":"https:\/\/i0.wp.com\/radioecoutefm.com\/wp-content\/uploads\/2025\/04\/Haitien-arrete.jpeg?fit=950%2C465&ssl=1&resize=350%2C200 1x, https:\/\/i0.wp.com\/radioecoutefm.com\/wp-content\/uploads\/2025\/04\/Haitien-arrete.jpeg?fit=950%2C465&ssl=1&resize=525%2C300 1.5x, https:\/\/i0.wp.com\/radioecoutefm.com\/wp-content\/uploads\/2025\/04\/Haitien-arrete.jpeg?fit=950%2C465&ssl=1&resize=700%2C400 2x"},"classes":[]},{"id":5627,"url":"https:\/\/radioecoutefm.com\/index.php\/2025\/07\/11\/kenscoff-un-kidnapping-a-ete-perpetre-chez-les-mevs-tandis-que-les-gangs-ont-occupe-la-residence-des-vorbe\/","url_meta":{"origin":5979,"position":1},"title":"Kenscoff : Un kidnapping a \u00e9t\u00e9 perp\u00e9tr\u00e9 chez les Mevs tandis que les gangs ont occup\u00e9 la r\u00e9sidence des Vorbe.","author":"Ecoute FM","date":"11.07.2025","format":false,"excerpt":"La commune montagneuse de Kenscoff vit une nouvelle vague de violence alors que les gangs de la coalition \u00ab Viv ansanm \u00bb renforcent leur pr\u00e9sence. Jeudi soir, dans la localit\u00e9 de Furcy, des hommes arm\u00e9s ont fait irruption dans la r\u00e9sidence de Fritz Mevs, enlevant trois enfants sous les yeux\u2026","rel":"","context":"In &quot;INSECURITE&quot;","block_context":{"text":"INSECURITE","link":"https:\/\/radioecoutefm.com\/index.php\/category\/securite\/"},"img":{"alt_text":"","src":"https:\/\/i0.wp.com\/radioecoutefm.com\/wp-content\/uploads\/2025\/07\/bandits-bon-1.jpg?fit=1200%2C675&ssl=1&resize=350%2C200","width":350,"height":200,"srcset":"https:\/\/i0.wp.com\/radioecoutefm.com\/wp-content\/uploads\/2025\/07\/bandits-bon-1.jpg?fit=1200%2C675&ssl=1&resize=350%2C200 1x, https:\/\/i0.wp.com\/radioecoutefm.com\/wp-content\/uploads\/2025\/07\/bandits-bon-1.jpg?fit=1200%2C675&ssl=1&resize=525%2C300 1.5x, https:\/\/i0.wp.com\/radioecoutefm.com\/wp-content\/uploads\/2025\/07\/bandits-bon-1.jpg?fit=1200%2C675&ssl=1&resize=700%2C400 2x, https:\/\/i0.wp.com\/radioecoutefm.com\/wp-content\/uploads\/2025\/07\/bandits-bon-1.jpg?fit=1200%2C675&ssl=1&resize=1050%2C600 3x"},"classes":[]},{"id":1656,"url":"https:\/\/radioecoutefm.com\/index.php\/2025\/03\/16\/arrestation-de-deux-individus-a-cap-haitien-pour-liens-avec-un-gang\/","url_meta":{"origin":5979,"position":2},"title":"Arrestation de deux individus \u00e0 Cap-Ha\u00eftien pour liens avec un gang","author":"Ecoute FM","date":"16.03.2025","format":false,"excerpt":"Le 12 mars 2025, la Police Nationale d\u2019Ha\u00efti (PNH) a arr\u00eat\u00e9 deux individus, Badeau Donald et Loubeau Myciana, \u00e0 l'A\u00e9roport International du Cap-Ha\u00eftien alors qu\u2019ils tentaient de quitter le pays pour le Mexique. Selon la PNH, les deux suspects sont li\u00e9s au chef de gang \u00ab Obama \u00bb, op\u00e9rant \u00e0\u2026","rel":"","context":"In &quot;INSECURITE&quot;","block_context":{"text":"INSECURITE","link":"https:\/\/radioecoutefm.com\/index.php\/category\/securite\/"},"img":{"alt_text":"","src":"https:\/\/i0.wp.com\/radioecoutefm.com\/wp-content\/uploads\/2025\/03\/IMG_1397.jpeg?fit=1170%2C731&ssl=1&resize=350%2C200","width":350,"height":200,"srcset":"https:\/\/i0.wp.com\/radioecoutefm.com\/wp-content\/uploads\/2025\/03\/IMG_1397.jpeg?fit=1170%2C731&ssl=1&resize=350%2C200 1x, https:\/\/i0.wp.com\/radioecoutefm.com\/wp-content\/uploads\/2025\/03\/IMG_1397.jpeg?fit=1170%2C731&ssl=1&resize=525%2C300 1.5x, https:\/\/i0.wp.com\/radioecoutefm.com\/wp-content\/uploads\/2025\/03\/IMG_1397.jpeg?fit=1170%2C731&ssl=1&resize=700%2C400 2x, https:\/\/i0.wp.com\/radioecoutefm.com\/wp-content\/uploads\/2025\/03\/IMG_1397.jpeg?fit=1170%2C731&ssl=1&resize=1050%2C600 3x"},"classes":[]},{"id":6288,"url":"https:\/\/radioecoutefm.com\/index.php\/2026\/03\/15\/arrestation-de-lancien-depute-arnel-belizaire-a-petion-ville\/","url_meta":{"origin":5979,"position":3},"title":"Arrestation de l\u2019ancien d\u00e9put\u00e9 Arnel B\u00e9lizaire \u00e0 P\u00e9tion-Ville","author":"Ecoute FM","date":"15.03.2026","format":false,"excerpt":"Munie d\u2019un mandat d\u2019amener, la Direction Centrale de la Police Judiciaire (DCPJ) a proc\u00e9d\u00e9, ce samedi 14 mars 2026 vers 16 h 45, \u00e0 l\u2019arrestation de l\u2019ancien d\u00e9put\u00e9 Arnel B\u00e9lizaire \u00e0 l\u2019h\u00f4tel Oasis, dans la commune de P\u00e9tion-Ville. L\u2019ancien parlementaire a \u00e9t\u00e9 interpell\u00e9 lors d\u2019une op\u00e9ration men\u00e9e par des agents\u2026","rel":"","context":"In &quot;ARRESTATION&quot;","block_context":{"text":"ARRESTATION","link":"https:\/\/radioecoutefm.com\/index.php\/category\/arrestation\/"},"img":{"alt_text":"","src":"https:\/\/i0.wp.com\/radioecoutefm.com\/wp-content\/uploads\/2026\/03\/D3863D94-0AC2-4DD1-A61C-27848E7E6768.jpeg?fit=1200%2C577&ssl=1&resize=350%2C200","width":350,"height":200,"srcset":"https:\/\/i0.wp.com\/radioecoutefm.com\/wp-content\/uploads\/2026\/03\/D3863D94-0AC2-4DD1-A61C-27848E7E6768.jpeg?fit=1200%2C577&ssl=1&resize=350%2C200 1x, https:\/\/i0.wp.com\/radioecoutefm.com\/wp-content\/uploads\/2026\/03\/D3863D94-0AC2-4DD1-A61C-27848E7E6768.jpeg?fit=1200%2C577&ssl=1&resize=525%2C300 1.5x, https:\/\/i0.wp.com\/radioecoutefm.com\/wp-content\/uploads\/2026\/03\/D3863D94-0AC2-4DD1-A61C-27848E7E6768.jpeg?fit=1200%2C577&ssl=1&resize=700%2C400 2x, https:\/\/i0.wp.com\/radioecoutefm.com\/wp-content\/uploads\/2026\/03\/D3863D94-0AC2-4DD1-A61C-27848E7E6768.jpeg?fit=1200%2C577&ssl=1&resize=1050%2C600 3x"},"classes":[]},{"id":1424,"url":"https:\/\/radioecoutefm.com\/index.php\/2025\/03\/08\/arrestation-de-noelson-metelus-alias-zo-pipe-membre-du-gang-de-canaan-suivie-dun-lynchage-a-saut-deau\/","url_meta":{"origin":5979,"position":4},"title":"Arrestation de N\u00f6elson M\u00e9telus, alias \u00ab Zo Pipe \u00bb, membre du gang de Canaan, suivie d\u2019un lynchage \u00e0 Saut-d\u2019Eau","author":"Ecoute FM","date":"08.03.2025","format":false,"excerpt":"Cette semaine, N\u00f6elson M\u00e9telus, mieux connu sous le nom de \u00ab Zo Pipe \u00bb, un membre actif du gang de Canaan, a \u00e9t\u00e9 arr\u00eat\u00e9 par la Police dans la commune de Saut-d\u2019Eau, dans le d\u00e9partement du Centre. Lors de son arrestation, les forces de l\u2019ordre ont saisi une arme \u00e0\u2026","rel":"","context":"In &quot;INSECURITE&quot;","block_context":{"text":"INSECURITE","link":"https:\/\/radioecoutefm.com\/index.php\/category\/securite\/"},"img":{"alt_text":"","src":"https:\/\/i0.wp.com\/radioecoutefm.com\/wp-content\/uploads\/2025\/03\/haiti-lynch.webp?fit=1200%2C720&ssl=1&resize=350%2C200","width":350,"height":200,"srcset":"https:\/\/i0.wp.com\/radioecoutefm.com\/wp-content\/uploads\/2025\/03\/haiti-lynch.webp?fit=1200%2C720&ssl=1&resize=350%2C200 1x, https:\/\/i0.wp.com\/radioecoutefm.com\/wp-content\/uploads\/2025\/03\/haiti-lynch.webp?fit=1200%2C720&ssl=1&resize=525%2C300 1.5x, https:\/\/i0.wp.com\/radioecoutefm.com\/wp-content\/uploads\/2025\/03\/haiti-lynch.webp?fit=1200%2C720&ssl=1&resize=700%2C400 2x, https:\/\/i0.wp.com\/radioecoutefm.com\/wp-content\/uploads\/2025\/03\/haiti-lynch.webp?fit=1200%2C720&ssl=1&resize=1050%2C600 3x"},"classes":[]},{"id":4002,"url":"https:\/\/radioecoutefm.com\/index.php\/2025\/05\/08\/visite-du-president-de-la-bid-a-lhopital-universitaire-justinien-du-cap-haitien\/","url_meta":{"origin":5979,"position":5},"title":"Visite du pr\u00e9sident de la BID \u00e0 l&#8217;H\u00f4pital Universitaire Justinien du Cap-Ha\u00eftien","author":"Ecoute FM","date":"08.05.2025","format":false,"excerpt":"Dans le cadre d'une tourn\u00e9e visant \u00e0 renforcer l'infrastructure sanitaire en Ha\u00efti, le pr\u00e9sident de la Banque Interam\u00e9ricaine de D\u00e9veloppement (BID), Ilan Goldfajn, s'est rendu, ce mercredi 7 mai 2025, \u00e0 l'H\u00f4pital Universitaire Justinien du Cap-Ha\u00eftien. Cette visite s'inscrit dans une d\u00e9marche de coop\u00e9ration internationale destin\u00e9e \u00e0 am\u00e9liorer les infrastructures\u2026","rel":"","context":"In &quot;SANTE&quot;","block_context":{"text":"SANTE","link":"https:\/\/radioecoutefm.com\/index.php\/category\/sante\/"},"img":{"alt_text":"","src":"https:\/\/i0.wp.com\/radioecoutefm.com\/wp-content\/uploads\/2025\/05\/380972BF-8220-421E-8C2C-62AF5251D67E.jpeg?fit=1170%2C785&ssl=1&resize=350%2C200","width":350,"height":200,"srcset":"https:\/\/i0.wp.com\/radioecoutefm.com\/wp-content\/uploads\/2025\/05\/380972BF-8220-421E-8C2C-62AF5251D67E.jpeg?fit=1170%2C785&ssl=1&resize=350%2C200 1x, https:\/\/i0.wp.com\/radioecoutefm.com\/wp-content\/uploads\/2025\/05\/380972BF-8220-421E-8C2C-62AF5251D67E.jpeg?fit=1170%2C785&ssl=1&resize=525%2C300 1.5x, https:\/\/i0.wp.com\/radioecoutefm.com\/wp-content\/uploads\/2025\/05\/380972BF-8220-421E-8C2C-62AF5251D67E.jpeg?fit=1170%2C785&ssl=1&resize=700%2C400 2x, https:\/\/i0.wp.com\/radioecoutefm.com\/wp-content\/uploads\/2025\/05\/380972BF-8220-421E-8C2C-62AF5251D67E.jpeg?fit=1170%2C785&ssl=1&resize=1050%2C600 3x"},"classes":[]}],"authors":[{"term_id":15,"user_id":1,"is_guest":0,"slug":"borgellaattis","display_name":"Ecoute FM","avatar_url":"https:\/\/secure.gravatar.com\/avatar\/a5369629745bf29c5deb65198d5e38aed1dc2c880c04b3b630ab3f6e8c623b70?s=96&d=mm&r=g","0":null,"1":"","2":"","3":"","4":"","5":"","6":"","7":"","8":""}],"_links":{"self":[{"href":"https:\/\/radioecoutefm.com\/index.php\/wp-json\/wp\/v2\/posts\/5979","targetHints":{"allow":["GET"]}}],"collection":[{"href":"https:\/\/radioecoutefm.com\/index.php\/wp-json\/wp\/v2\/posts"}],"about":[{"href":"https:\/\/radioecoutefm.com\/index.php\/wp-json\/wp\/v2\/types\/post"}],"author":[{"embeddable":true,"href":"https:\/\/radioecoutefm.com\/index.php\/wp-json\/wp\/v2\/users\/1"}],"replies":[{"embeddable":true,"href":"https:\/\/radioecoutefm.com\/index.php\/wp-json\/wp\/v2\/comments?post=5979"}],"version-history":[{"count":1,"href":"https:\/\/radioecoutefm.com\/index.php\/wp-json\/wp\/v2\/posts\/5979\/revisions"}],"predecessor-version":[{"id":5984,"href":"https:\/\/radioecoutefm.com\/index.php\/wp-json\/wp\/v2\/posts\/5979\/revisions\/5984"}],"wp:featuredmedia":[{"embeddable":true,"href":"https:\/\/radioecoutefm.com\/index.php\/wp-json\/wp\/v2\/media\/5980"}],"wp:attachment":[{"href":"https:\/\/radioecoutefm.com\/index.php\/wp-json\/wp\/v2\/media?parent=5979"}],"wp:term":[{"taxonomy":"category","embeddable":true,"href":"https:\/\/radioecoutefm.com\/index.php\/wp-json\/wp\/v2\/categories?post=5979"},{"taxonomy":"post_tag","embeddable":true,"href":"https:\/\/radioecoutefm.com\/index.php\/wp-json\/wp\/v2\/tags?post=5979"},{"taxonomy":"author","embeddable":true,"href":"https:\/\/radioecoutefm.com\/index.php\/wp-json\/wp\/v2\/ppma_author?post=5979"}],"curies":[{"name":"wp","href":"https:\/\/api.w.org\/{rel}","templated":true}]}}