{"id":5939,"date":"2025-09-21T20:27:47","date_gmt":"2025-09-21T20:27:47","guid":{"rendered":"https:\/\/radioecoutefm.com\/?p=5939"},"modified":"2025-09-21T20:27:47","modified_gmt":"2025-09-21T20:27:47","slug":"gros-morne-clervoire-yould-albert-d-phendy-laureat-national-des-examens-officiels","status":"publish","type":"post","link":"https:\/\/radioecoutefm.com\/index.php\/2025\/09\/21\/gros-morne-clervoire-yould-albert-d-phendy-laureat-national-des-examens-officiels\/","title":{"rendered":"Gros Morne : Clervoire Yould Albert D. Phendy, laur\u00e9at national des examens officiels"},"content":{"rendered":"<p>Dans la ville de Gros Morne, souvent priv\u00e9e d\u2019\u00e9lectricit\u00e9 et confront\u00e9e \u00e0 une ins\u00e9curit\u00e9 persistante, une lumi\u00e8re brille \u00e0 travers le parcours exceptionnel de Clervoire Yould Albert D. Phendy, \u00e9l\u00e8ve du Coll\u00e8ge Jean XXIII. Avec un total impressionnant de 1 721 points sur 1 900, soit une moyenne de 9,058 sur 10, il se distingue comme l\u2019un des meilleurs \u00e9l\u00e8ves du pays aux examens officiels ha\u00eftiens.<\/p>\n<p>Dans un contexte national o\u00f9 les r\u00e9sultats peinent \u00e0 franchir les 40 %, la performance de Clervoire incarne un v\u00e9ritable symbole d\u2019espoir. Sa d\u00e9termination et son courage rappellent que, malgr\u00e9 les difficult\u00e9s \u00e9conomiques et sociales, l\u2019\u00e9cole reste un vecteur essentiel pour l\u2019avenir des jeunes Ha\u00eftiens.<\/p>\n<p>Radio \u00c9coute FM tient \u00e0 f\u00e9liciter ce jeune talent et \u00e0 r\u00e9affirmer son soutien \u00e0 la jeunesse qui continue de croire en l\u2019avenir du pays, malgr\u00e9 les nombreux obstacles. Clervoire Yould Albert D. Phendy est la preuve que l\u2019excellence peut \u00e9merger m\u00eame dans les conditions les plus difficiles.<\/p>\n","protected":false},"excerpt":{"rendered":"<p>Dans la ville de Gros Morne, souvent priv\u00e9e d\u2019\u00e9lectricit\u00e9 et confront\u00e9e \u00e0 une ins\u00e9curit\u00e9 persistante, une lumi\u00e8re brille \u00e0 travers le parcours exceptionnel de Clervoire Yould Albert D. Phendy, \u00e9l\u00e8ve du Coll\u00e8ge Jean XXIII. Avec un total impressionnant de 1 721 points sur 1 900, soit une moyenne de 9,058 sur 10, il se distingue [&hellip;]<\/p>\n","protected":false},"author":1,"featured_media":5940,"comment_status":"open","ping_status":"open","sticky":false,"template":"","format":"standard","meta":{"_uag_custom_page_level_css":"","jetpack_post_was_ever_published":false,"_jetpack_newsletter_access":"","_jetpack_dont_email_post_to_subs":false,"_jetpack_newsletter_tier_id":0,"_jetpack_memberships_contains_paywalled_content":false,"_jetpack_memberships_contains_paid_content":false,"footnotes":"","jetpack_publicize_message":"","jetpack_publicize_feature_enabled":true,"jetpack_social_post_already_shared":true,"jetpack_social_options":{"image_generator_settings":{"template":"highway","default_image_id":0,"font":"","enabled":false},"version":2}},"categories":[64],"tags":[],"ppma_author":[15],"class_list":["post-5939","post","type-post","status-publish","format-standard","has-post-thumbnail","hentry","category-education"],"aioseo_notices":[],"jetpack_publicize_connections":[],"jetpack_featured_media_url":"https:\/\/i0.wp.com\/radioecoutefm.com\/wp-content\/uploads\/2025\/09\/Examen-bacc-696x464-1.jpg?fit=696%2C464&ssl=1","uagb_featured_image_src":{"full":["https:\/\/i0.wp.com\/radioecoutefm.com\/wp-content\/uploads\/2025\/09\/Examen-bacc-696x464-1.jpg?fit=696%2C464&ssl=1",696,464,false],"thumbnail":["https:\/\/i0.wp.com\/radioecoutefm.com\/wp-content\/uploads\/2025\/09\/Examen-bacc-696x464-1.jpg?resize=150%2C150&ssl=1",150,150,true],"medium":["https:\/\/i0.wp.com\/radioecoutefm.com\/wp-content\/uploads\/2025\/09\/Examen-bacc-696x464-1.jpg?fit=300%2C200&ssl=1",300,200,true],"medium_large":["https:\/\/i0.wp.com\/radioecoutefm.com\/wp-content\/uploads\/2025\/09\/Examen-bacc-696x464-1.jpg?fit=640%2C427&ssl=1",640,427,true],"large":["https:\/\/i0.wp.com\/radioecoutefm.com\/wp-content\/uploads\/2025\/09\/Examen-bacc-696x464-1.jpg?fit=640%2C427&ssl=1",640,427,true],"1536x1536":["https:\/\/i0.wp.com\/radioecoutefm.com\/wp-content\/uploads\/2025\/09\/Examen-bacc-696x464-1.jpg?fit=696%2C464&ssl=1",696,464,true],"2048x2048":["https:\/\/i0.wp.com\/radioecoutefm.com\/wp-content\/uploads\/2025\/09\/Examen-bacc-696x464-1.jpg?fit=696%2C464&ssl=1",696,464,true],"newsair-slider-full":["https:\/\/i0.wp.com\/radioecoutefm.com\/wp-content\/uploads\/2025\/09\/Examen-bacc-696x464-1.jpg?resize=696%2C464&ssl=1",696,464,true],"newsair-featured":["https:\/\/i0.wp.com\/radioecoutefm.com\/wp-content\/uploads\/2025\/09\/Examen-bacc-696x464-1.jpg?fit=696%2C464&ssl=1",696,464,true],"newsair-medium":["https:\/\/i0.wp.com\/radioecoutefm.com\/wp-content\/uploads\/2025\/09\/Examen-bacc-696x464-1.jpg?resize=696%2C380&ssl=1",696,380,true]},"uagb_author_info":{"display_name":"Ecoute FM","author_link":"https:\/\/radioecoutefm.com\/index.php\/author\/borgellaattis\/"},"uagb_comment_info":0,"uagb_excerpt":"Dans la ville de Gros Morne, souvent priv\u00e9e d\u2019\u00e9lectricit\u00e9 et confront\u00e9e \u00e0 une ins\u00e9curit\u00e9 persistante, une lumi\u00e8re brille \u00e0 travers le parcours exceptionnel de Clervoire Yould Albert D. Phendy, \u00e9l\u00e8ve du Coll\u00e8ge Jean XXIII. Avec un total impressionnant de 1 721 points sur 1 900, soit une moyenne de 9,058 sur 10, il se distingue&hellip;","jetpack_sharing_enabled":true,"jetpack_shortlink":"https:\/\/wp.me\/pgoyna-1xN","jetpack-related-posts":[{"id":5016,"url":"https:\/\/radioecoutefm.com\/index.php\/2025\/06\/09\/5016\/","url_meta":{"origin":5939,"position":0},"title":"\u00c9lie Limage ex\u00e9cut\u00e9 a Gros morne","author":"Ecoute FM","date":"09.06.2025","format":false,"excerpt":"L\u2019ex\u00e9cution brutale d\u2019\u00c9lie Limage, homme d'affaire 84 ans, incarne la descente aux enfers du departement de l'artibonite livr\u00e9 aux groupes arm\u00e9s.. Enlev\u00e9 en plein jour avec son chauffeur et un autre homme d\u2019affaires, il a \u00e9t\u00e9 ex\u00e9cut\u00e9 pr\u00e8s de chez lui par les hommes du groupe gang arm\u00e9 de kokorat\u2026","rel":"","context":"In &quot;INSECURITE&quot;","block_context":{"text":"INSECURITE","link":"https:\/\/radioecoutefm.com\/index.php\/category\/securite\/"},"img":{"alt_text":"","src":"https:\/\/i0.wp.com\/radioecoutefm.com\/wp-content\/uploads\/2025\/06\/Elie-Limage.png?fit=720%2C622&ssl=1&resize=350%2C200","width":350,"height":200,"srcset":"https:\/\/i0.wp.com\/radioecoutefm.com\/wp-content\/uploads\/2025\/06\/Elie-Limage.png?fit=720%2C622&ssl=1&resize=350%2C200 1x, https:\/\/i0.wp.com\/radioecoutefm.com\/wp-content\/uploads\/2025\/06\/Elie-Limage.png?fit=720%2C622&ssl=1&resize=525%2C300 1.5x, https:\/\/i0.wp.com\/radioecoutefm.com\/wp-content\/uploads\/2025\/06\/Elie-Limage.png?fit=720%2C622&ssl=1&resize=700%2C400 2x"},"classes":[]},{"id":3656,"url":"https:\/\/radioecoutefm.com\/index.php\/2025\/05\/01\/prolongation-des-inscriptions-aux-examens-officiels-de-9e-annee-fondamentale-jusquau-16-mai-2025\/","url_meta":{"origin":5939,"position":1},"title":"Prolongation des inscriptions aux examens officiels de 9e ann\u00e9e fondamentale jusqu\u2019au 16 mai 2025","author":"Ecoute FM","date":"01.05.2025","format":false,"excerpt":"Le Minist\u00e8re de l\u2019\u00c9ducation nationale et de la Formation professionnelle (MENFP) annonce, dans un communiqu\u00e9 dat\u00e9 du 30 avril 2025, la prolongation du processus d\u2019inscription des candidats aux examens officiels de la 9e ann\u00e9e fondamentale. La nouvelle date limite est d\u00e9sormais fix\u00e9e au 16 mai 2025. Cette d\u00e9cision vise \u00e0\u2026","rel":"","context":"In &quot;EDUCATION&quot;","block_context":{"text":"EDUCATION","link":"https:\/\/radioecoutefm.com\/index.php\/category\/education\/"},"img":{"alt_text":"","src":"https:\/\/i0.wp.com\/radioecoutefm.com\/wp-content\/uploads\/2025\/05\/IMG_1876.png?fit=1080%2C877&ssl=1&resize=350%2C200","width":350,"height":200,"srcset":"https:\/\/i0.wp.com\/radioecoutefm.com\/wp-content\/uploads\/2025\/05\/IMG_1876.png?fit=1080%2C877&ssl=1&resize=350%2C200 1x, https:\/\/i0.wp.com\/radioecoutefm.com\/wp-content\/uploads\/2025\/05\/IMG_1876.png?fit=1080%2C877&ssl=1&resize=525%2C300 1.5x, https:\/\/i0.wp.com\/radioecoutefm.com\/wp-content\/uploads\/2025\/05\/IMG_1876.png?fit=1080%2C877&ssl=1&resize=700%2C400 2x, https:\/\/i0.wp.com\/radioecoutefm.com\/wp-content\/uploads\/2025\/05\/IMG_1876.png?fit=1080%2C877&ssl=1&resize=1050%2C600 3x"},"classes":[]},{"id":5652,"url":"https:\/\/radioecoutefm.com\/index.php\/2025\/07\/24\/washington-durcit-le-ton-les-diplomates-haitiens-desormais-prives-de-visa\/","url_meta":{"origin":5939,"position":2},"title":"Washington durcit le ton : les diplomates ha\u00eftiens d\u00e9sormais priv\u00e9s de visa","author":"Ecoute FM","date":"24.07.2025","format":false,"excerpt":"Dans une d\u00e9cision sans pr\u00e9c\u00e9dent, les autorit\u00e9s am\u00e9ricaines ont suspendu la d\u00e9livrance des visas B1\/B2 aux ressortissants ha\u00eftiens, y compris aux d\u00e9tenteurs de passeports diplomatiques et officiels. L'information a \u00e9t\u00e9 relay\u00e9e le 23 juillet 2025 par l\u2019Ambassade d\u2019Ha\u00efti en R\u00e9publique Dominicaine, qui a confirm\u00e9 que l\u2019Ambassade des \u00c9tats-Unis \u00e0 Santo\u2026","rel":"","context":"In &quot;MIGRATION&quot;","block_context":{"text":"MIGRATION","link":"https:\/\/radioecoutefm.com\/index.php\/category\/migration\/"},"img":{"alt_text":"","src":"https:\/\/i0.wp.com\/radioecoutefm.com\/wp-content\/uploads\/2025\/07\/Screenshot-2025-07-24-at-13-42-51-visa-b1b2-Google-Search.png?fit=573%2C331&ssl=1&resize=350%2C200","width":350,"height":200,"srcset":"https:\/\/i0.wp.com\/radioecoutefm.com\/wp-content\/uploads\/2025\/07\/Screenshot-2025-07-24-at-13-42-51-visa-b1b2-Google-Search.png?fit=573%2C331&ssl=1&resize=350%2C200 1x, https:\/\/i0.wp.com\/radioecoutefm.com\/wp-content\/uploads\/2025\/07\/Screenshot-2025-07-24-at-13-42-51-visa-b1b2-Google-Search.png?fit=573%2C331&ssl=1&resize=525%2C300 1.5x"},"classes":[]},{"id":2822,"url":"https:\/\/radioecoutefm.com\/index.php\/2025\/04\/15\/des-ex-officiels-haitiens-face-a-la-justice\/","url_meta":{"origin":5939,"position":3},"title":"Des ex-officiels ha\u00eftiens face \u00e0 la justice","author":"Ecoute FM","date":"15.04.2025","format":false,"excerpt":"Port-au-Prince, 14 avril 2025 \u2013 Le commissaire du gouvernement Frantz Monclair a d\u00e9f\u00e9r\u00e9 ce lundi un dossier majeur au cabinet d'instruction concernant dix personnes, dont trois anciens responsables de l'\u00c9tat, soup\u00e7onn\u00e9es de liens avec des gangs arm\u00e9s. Parmi ces figures publiques, on retrouve Prophane Victor, ancien d\u00e9put\u00e9, Magalie Habitant et\u2026","rel":"","context":"In &quot;JUSTICE&quot;","block_context":{"text":"JUSTICE","link":"https:\/\/radioecoutefm.com\/index.php\/category\/interview\/"},"img":{"alt_text":"","src":"https:\/\/i0.wp.com\/radioecoutefm.com\/wp-content\/uploads\/2025\/04\/JUSTICE.jpg?fit=1200%2C900&ssl=1&resize=350%2C200","width":350,"height":200,"srcset":"https:\/\/i0.wp.com\/radioecoutefm.com\/wp-content\/uploads\/2025\/04\/JUSTICE.jpg?fit=1200%2C900&ssl=1&resize=350%2C200 1x, https:\/\/i0.wp.com\/radioecoutefm.com\/wp-content\/uploads\/2025\/04\/JUSTICE.jpg?fit=1200%2C900&ssl=1&resize=525%2C300 1.5x, https:\/\/i0.wp.com\/radioecoutefm.com\/wp-content\/uploads\/2025\/04\/JUSTICE.jpg?fit=1200%2C900&ssl=1&resize=700%2C400 2x, https:\/\/i0.wp.com\/radioecoutefm.com\/wp-content\/uploads\/2025\/04\/JUSTICE.jpg?fit=1200%2C900&ssl=1&resize=1050%2C600 3x"},"classes":[]},{"id":5222,"url":"https:\/\/radioecoutefm.com\/index.php\/2025\/06\/19\/64-des-haitiens-en-transit-vers-le-mexique-victimes-dabus-en-2024\/","url_meta":{"origin":5939,"position":4},"title":"64 % des Ha\u00eftiens en transit vers le Mexique victimes d\u2019abus en 2024","author":"Ecoute FM","date":"19.06.2025","format":false,"excerpt":"Selon un rapport publi\u00e9 par le Haut-Commissariat des Nations Unies pour les R\u00e9fugi\u00e9s (HCR),le 18 juin 2025, pr\u00e8s de deux tiers (64 %) des migrants ha\u00eftiens en route vers le Mexique ont \u00e9t\u00e9 victimes de violences ou d\u2019abus en 2024. Ce chiffre place les Ha\u00eftiens parmi les populations les plus\u2026","rel":"","context":"In &quot;MIGRATION&quot;","block_context":{"text":"MIGRATION","link":"https:\/\/radioecoutefm.com\/index.php\/category\/migration\/"},"img":{"alt_text":"","src":"https:\/\/i0.wp.com\/radioecoutefm.com\/wp-content\/uploads\/2025\/06\/3521409D-3746-42E2-92EE-B97436EBD272.jpeg?fit=1200%2C768&ssl=1&resize=350%2C200","width":350,"height":200,"srcset":"https:\/\/i0.wp.com\/radioecoutefm.com\/wp-content\/uploads\/2025\/06\/3521409D-3746-42E2-92EE-B97436EBD272.jpeg?fit=1200%2C768&ssl=1&resize=350%2C200 1x, https:\/\/i0.wp.com\/radioecoutefm.com\/wp-content\/uploads\/2025\/06\/3521409D-3746-42E2-92EE-B97436EBD272.jpeg?fit=1200%2C768&ssl=1&resize=525%2C300 1.5x, https:\/\/i0.wp.com\/radioecoutefm.com\/wp-content\/uploads\/2025\/06\/3521409D-3746-42E2-92EE-B97436EBD272.jpeg?fit=1200%2C768&ssl=1&resize=700%2C400 2x, https:\/\/i0.wp.com\/radioecoutefm.com\/wp-content\/uploads\/2025\/06\/3521409D-3746-42E2-92EE-B97436EBD272.jpeg?fit=1200%2C768&ssl=1&resize=1050%2C600 3x"},"classes":[]},{"id":4851,"url":"https:\/\/radioecoutefm.com\/index.php\/2025\/06\/04\/regularisation-des-migrants-haitiens-hipolito-mejia-appelle-a-une-approche-pragmatique-face-aux-besoins-du-marche-du-travail\/","url_meta":{"origin":5939,"position":5},"title":"R\u00e9gularisation des migrants ha\u00eftiens : Hip\u00f3lito Mej\u00eda appelle \u00e0 une approche pragmatique face aux besoins du march\u00e9 du travail","author":"Ecoute FM","date":"04.06.2025","format":false,"excerpt":"Alors que la R\u00e9publique dominicaine fait face \u00e0 une p\u00e9nurie croissante de main-d\u2019\u0153uvre dans des secteurs essentiels comme l\u2019agriculture et la construction, l\u2019ancien pr\u00e9sident Hip\u00f3lito Mej\u00eda a exprim\u00e9 son soutien \u00e0 un plan de r\u00e9gularisation des travailleurs ha\u00eftiens. Il estime que cette mesure est non seulement urgente, mais aussi n\u00e9cessaire\u2026","rel":"","context":"In &quot;INTERNATIONAL&quot;","block_context":{"text":"INTERNATIONAL","link":"https:\/\/radioecoutefm.com\/index.php\/category\/international\/"},"img":{"alt_text":"","src":"https:\/\/i0.wp.com\/radioecoutefm.com\/wp-content\/uploads\/2025\/06\/hipolitomejia.jpg?fit=608%2C406&ssl=1&resize=350%2C200","width":350,"height":200,"srcset":"https:\/\/i0.wp.com\/radioecoutefm.com\/wp-content\/uploads\/2025\/06\/hipolitomejia.jpg?fit=608%2C406&ssl=1&resize=350%2C200 1x, https:\/\/i0.wp.com\/radioecoutefm.com\/wp-content\/uploads\/2025\/06\/hipolitomejia.jpg?fit=608%2C406&ssl=1&resize=525%2C300 1.5x"},"classes":[]}],"authors":[{"term_id":15,"user_id":1,"is_guest":0,"slug":"borgellaattis","display_name":"Ecoute FM","avatar_url":"https:\/\/secure.gravatar.com\/avatar\/a5369629745bf29c5deb65198d5e38aed1dc2c880c04b3b630ab3f6e8c623b70?s=96&d=mm&r=g","0":null,"1":"","2":"","3":"","4":"","5":"","6":"","7":"","8":""}],"_links":{"self":[{"href":"https:\/\/radioecoutefm.com\/index.php\/wp-json\/wp\/v2\/posts\/5939","targetHints":{"allow":["GET"]}}],"collection":[{"href":"https:\/\/radioecoutefm.com\/index.php\/wp-json\/wp\/v2\/posts"}],"about":[{"href":"https:\/\/radioecoutefm.com\/index.php\/wp-json\/wp\/v2\/types\/post"}],"author":[{"embeddable":true,"href":"https:\/\/radioecoutefm.com\/index.php\/wp-json\/wp\/v2\/users\/1"}],"replies":[{"embeddable":true,"href":"https:\/\/radioecoutefm.com\/index.php\/wp-json\/wp\/v2\/comments?post=5939"}],"version-history":[{"count":1,"href":"https:\/\/radioecoutefm.com\/index.php\/wp-json\/wp\/v2\/posts\/5939\/revisions"}],"predecessor-version":[{"id":5944,"href":"https:\/\/radioecoutefm.com\/index.php\/wp-json\/wp\/v2\/posts\/5939\/revisions\/5944"}],"wp:featuredmedia":[{"embeddable":true,"href":"https:\/\/radioecoutefm.com\/index.php\/wp-json\/wp\/v2\/media\/5940"}],"wp:attachment":[{"href":"https:\/\/radioecoutefm.com\/index.php\/wp-json\/wp\/v2\/media?parent=5939"}],"wp:term":[{"taxonomy":"category","embeddable":true,"href":"https:\/\/radioecoutefm.com\/index.php\/wp-json\/wp\/v2\/categories?post=5939"},{"taxonomy":"post_tag","embeddable":true,"href":"https:\/\/radioecoutefm.com\/index.php\/wp-json\/wp\/v2\/tags?post=5939"},{"taxonomy":"author","embeddable":true,"href":"https:\/\/radioecoutefm.com\/index.php\/wp-json\/wp\/v2\/ppma_author?post=5939"}],"curies":[{"name":"wp","href":"https:\/\/api.w.org\/{rel}","templated":true}]}}