{"id":5927,"date":"2025-09-21T20:23:47","date_gmt":"2025-09-21T20:23:47","guid":{"rendered":"https:\/\/radioecoutefm.com\/?p=5927"},"modified":"2025-09-21T20:23:47","modified_gmt":"2025-09-21T20:23:47","slug":"gonaives-manifestation-a-raboto-apres-lassassinat-de-ti-will","status":"publish","type":"post","link":"https:\/\/radioecoutefm.com\/index.php\/2025\/09\/21\/gonaives-manifestation-a-raboto-apres-lassassinat-de-ti-will\/","title":{"rendered":"Gona\u00efves : manifestation \u00e0 Raboto apr\u00e8s l\u2019assassinat de Ti Will"},"content":{"rendered":"<p>La mort de Wilfort Ferdinand, alias Ti Will, ancien membre influent du Front de R\u00e9sistance de 2004, suscite une vive tension dans la cit\u00e9 de l\u2019Ind\u00e9pendance. Abattu par balles le mardi 16 septembre dans la zone de Canal Bois, son assassinat a provoqu\u00e9 la col\u00e8re de nombreux habitants du quartier populaire de Raboto.<\/p>\n<p>D\u00e8s l\u2019annonce de la nouvelle, des tirs sporadiques et des mouvements de protestation ont \u00e9clat\u00e9, paralysant une partie des activit\u00e9s commerciales. Ce mercredi, plusieurs dizaines de riverains ont gagn\u00e9 les rues pour exiger justice pour Ti Will, d\u00e9non\u00e7ant ce qu\u2019ils qualifient de crime orchestr\u00e9. Des barricades de pneus enflamm\u00e9s ont \u00e9t\u00e9 \u00e9rig\u00e9es, traduisant la frustration et l\u2019inqui\u00e9tude grandissantes des Gona\u00efviens.<\/p>\n<p>Si une premi\u00e8re hypoth\u00e8se \u00e9voque un conflit foncier \u00e0 l\u2019origine du drame, une autre version, soutenue par l\u2019ex-rebelle Jerry Bien-Aim\u00e9, accuse directement le nouveau directeur d\u00e9partemental de la police de l\u2019Artibonite, Jacques Ader, et certains de ses collaborateurs. Ce dernier promet de maintenir la mobilisation jusqu\u2019\u00e0 ce que toute la lumi\u00e8re soit faite sur ce meurtre, laissant planer des incertitudes sur la stabilit\u00e9 d\u00e9j\u00e0 fragile de la ville.<\/p>\n","protected":false},"excerpt":{"rendered":"<p>La mort de Wilfort Ferdinand, alias Ti Will, ancien membre influent du Front de R\u00e9sistance de 2004, suscite une vive tension dans la cit\u00e9 de l\u2019Ind\u00e9pendance. Abattu par balles le mardi 16 septembre dans la zone de Canal Bois, son assassinat a provoqu\u00e9 la col\u00e8re de nombreux habitants du quartier populaire de Raboto. D\u00e8s l\u2019annonce [&hellip;]<\/p>\n","protected":false},"author":1,"featured_media":5928,"comment_status":"open","ping_status":"open","sticky":false,"template":"","format":"standard","meta":{"_uag_custom_page_level_css":"","jetpack_post_was_ever_published":false,"_jetpack_newsletter_access":"","_jetpack_dont_email_post_to_subs":false,"_jetpack_newsletter_tier_id":0,"_jetpack_memberships_contains_paywalled_content":false,"_jetpack_memberships_contains_paid_content":false,"footnotes":"","jetpack_publicize_message":"","jetpack_publicize_feature_enabled":true,"jetpack_social_post_already_shared":true,"jetpack_social_options":{"image_generator_settings":{"template":"highway","default_image_id":0,"font":"","enabled":false},"version":2}},"categories":[51],"tags":[],"ppma_author":[15],"class_list":["post-5927","post","type-post","status-publish","format-standard","has-post-thumbnail","hentry","category-societe"],"aioseo_notices":[],"jetpack_publicize_connections":[],"jetpack_featured_media_url":"https:\/\/i0.wp.com\/radioecoutefm.com\/wp-content\/uploads\/2025\/09\/Twil.jpg?fit=576%2C324&ssl=1","uagb_featured_image_src":{"full":["https:\/\/i0.wp.com\/radioecoutefm.com\/wp-content\/uploads\/2025\/09\/Twil.jpg?fit=576%2C324&ssl=1",576,324,false],"thumbnail":["https:\/\/i0.wp.com\/radioecoutefm.com\/wp-content\/uploads\/2025\/09\/Twil.jpg?resize=150%2C150&ssl=1",150,150,true],"medium":["https:\/\/i0.wp.com\/radioecoutefm.com\/wp-content\/uploads\/2025\/09\/Twil.jpg?fit=300%2C169&ssl=1",300,169,true],"medium_large":["https:\/\/i0.wp.com\/radioecoutefm.com\/wp-content\/uploads\/2025\/09\/Twil.jpg?fit=576%2C324&ssl=1",576,324,true],"large":["https:\/\/i0.wp.com\/radioecoutefm.com\/wp-content\/uploads\/2025\/09\/Twil.jpg?fit=576%2C324&ssl=1",576,324,true],"1536x1536":["https:\/\/i0.wp.com\/radioecoutefm.com\/wp-content\/uploads\/2025\/09\/Twil.jpg?fit=576%2C324&ssl=1",576,324,true],"2048x2048":["https:\/\/i0.wp.com\/radioecoutefm.com\/wp-content\/uploads\/2025\/09\/Twil.jpg?fit=576%2C324&ssl=1",576,324,true],"newsair-slider-full":["https:\/\/i0.wp.com\/radioecoutefm.com\/wp-content\/uploads\/2025\/09\/Twil.jpg?resize=576%2C324&ssl=1",576,324,true],"newsair-featured":["https:\/\/i0.wp.com\/radioecoutefm.com\/wp-content\/uploads\/2025\/09\/Twil.jpg?fit=576%2C324&ssl=1",576,324,true],"newsair-medium":["https:\/\/i0.wp.com\/radioecoutefm.com\/wp-content\/uploads\/2025\/09\/Twil.jpg?resize=576%2C324&ssl=1",576,324,true]},"uagb_author_info":{"display_name":"Ecoute FM","author_link":"https:\/\/radioecoutefm.com\/index.php\/author\/borgellaattis\/"},"uagb_comment_info":1,"uagb_excerpt":"La mort de Wilfort Ferdinand, alias Ti Will, ancien membre influent du Front de R\u00e9sistance de 2004, suscite une vive tension dans la cit\u00e9 de l\u2019Ind\u00e9pendance. Abattu par balles le mardi 16 septembre dans la zone de Canal Bois, son assassinat a provoqu\u00e9 la col\u00e8re de nombreux habitants du quartier populaire de Raboto. D\u00e8s l\u2019annonce&hellip;","jetpack_sharing_enabled":true,"jetpack_shortlink":"https:\/\/wp.me\/pgoyna-1xB","jetpack-related-posts":[{"id":1529,"url":"https:\/\/radioecoutefm.com\/index.php\/2025\/03\/12\/nouvelle-attaque-armee-a-carrefour-feuilles-des-habitants-en-detresse\/","url_meta":{"origin":5927,"position":0},"title":"Nouvelle attaque arm\u00e9e \u00e0 Carrefour-Feuilles, des habitants en d\u00e9tresse","author":"Claude DIEUPHENE","date":"12.03.2025","format":false,"excerpt":"Les gangs arm\u00e9s de la coalition Viv Ansanm ont lanc\u00e9 une nouvelle attaque contre Carrefour-Feuilles dans la nuit du 11 au 12 mars 2025. Sous le commandement du chef de gang Ti Lapli, ces criminels ont incendi\u00e9 plusieurs maisons et v\u00e9hicules, semant la terreur parmi la population locale. Sous une\u2026","rel":"","context":"In &quot;INSECURITE&quot;","block_context":{"text":"INSECURITE","link":"https:\/\/radioecoutefm.com\/index.php\/category\/securite\/"},"img":{"alt_text":"","src":"https:\/\/i0.wp.com\/radioecoutefm.com\/wp-content\/uploads\/2025\/03\/att.pL-UzcSCfx6dNbeUaOoxPNu49a0y8hQkSKU7p6vVRZY.jpeg?fit=640%2C480&ssl=1&resize=350%2C200","width":350,"height":200,"srcset":"https:\/\/i0.wp.com\/radioecoutefm.com\/wp-content\/uploads\/2025\/03\/att.pL-UzcSCfx6dNbeUaOoxPNu49a0y8hQkSKU7p6vVRZY.jpeg?fit=640%2C480&ssl=1&resize=350%2C200 1x, https:\/\/i0.wp.com\/radioecoutefm.com\/wp-content\/uploads\/2025\/03\/att.pL-UzcSCfx6dNbeUaOoxPNu49a0y8hQkSKU7p6vVRZY.jpeg?fit=640%2C480&ssl=1&resize=525%2C300 1.5x"},"classes":[]},{"id":4667,"url":"https:\/\/radioecoutefm.com\/index.php\/2025\/05\/29\/4667\/","url_meta":{"origin":5927,"position":1},"title":"Rep-Dom:  r\u00e9union d\u2019urgence \u00e0 Dajab\u00f3n pour contenir la pression \u00e0 la fronti\u00e8re","author":"Ecoute FM","date":"29.05.2025","format":false,"excerpt":"Les autorit\u00e9s dominicaines ont organis\u00e9 une r\u00e9union en urgence ce mardi \u00e0 Dajab\u00f3n. L\u2019objectif : coordonner les efforts des institutions locales et nationales pour renforcer le contr\u00f4le migratoire et r\u00e9pondre aux pr\u00e9occupations de s\u00e9curit\u00e9 exprim\u00e9es par la population. Cette rencontre a r\u00e9uni le directeur de la Migration, Lee Ballester, la\u2026","rel":"","context":"In &quot;MIGRATION&quot;","block_context":{"text":"MIGRATION","link":"https:\/\/radioecoutefm.com\/index.php\/category\/migration\/"},"img":{"alt_text":"","src":"https:\/\/i0.wp.com\/radioecoutefm.com\/wp-content\/uploads\/2025\/05\/reunion-dajabon.jpg?fit=896%2C504&ssl=1&resize=350%2C200","width":350,"height":200,"srcset":"https:\/\/i0.wp.com\/radioecoutefm.com\/wp-content\/uploads\/2025\/05\/reunion-dajabon.jpg?fit=896%2C504&ssl=1&resize=350%2C200 1x, https:\/\/i0.wp.com\/radioecoutefm.com\/wp-content\/uploads\/2025\/05\/reunion-dajabon.jpg?fit=896%2C504&ssl=1&resize=525%2C300 1.5x, https:\/\/i0.wp.com\/radioecoutefm.com\/wp-content\/uploads\/2025\/05\/reunion-dajabon.jpg?fit=896%2C504&ssl=1&resize=700%2C400 2x"},"classes":[]},{"id":2240,"url":"https:\/\/radioecoutefm.com\/index.php\/2025\/04\/02\/haiti-journee-de-protestation-a-port-au-prince-contre-linsecurite\/","url_meta":{"origin":5927,"position":2},"title":"Haiti: Journ\u00e9e de protestation \u00e0 Port-au-Prince contre l&#8217;ins\u00e9curit\u00e9","author":"Ecoute FM","date":"02.04.2025","format":false,"excerpt":"La capitale ha\u00eftienne a connu une journ\u00e9e mouvement\u00e9e, ce 2 avril 2025, o\u00f9 plusieurs art\u00e8res dans l\u2019aire m\u00e9tropolitaine de Port-au-Prince ont \u00e9t\u00e9 bloqu\u00e9es. Des milliers de citoyens ont regagn\u00e9 les rues pour exiger aux autorit\u00e9s de prendre des mesures contre l\u2019ins\u00e9curit\u00e9 et mettre fin aux actions des bandits de la\u2026","rel":"","context":"In &quot;INSECURITE&quot;","block_context":{"text":"INSECURITE","link":"https:\/\/radioecoutefm.com\/index.php\/category\/securite\/"},"img":{"alt_text":"","src":"https:\/\/i0.wp.com\/radioecoutefm.com\/wp-content\/uploads\/2025\/04\/jj.jpg?fit=1057%2C592&ssl=1&resize=350%2C200","width":350,"height":200,"srcset":"https:\/\/i0.wp.com\/radioecoutefm.com\/wp-content\/uploads\/2025\/04\/jj.jpg?fit=1057%2C592&ssl=1&resize=350%2C200 1x, https:\/\/i0.wp.com\/radioecoutefm.com\/wp-content\/uploads\/2025\/04\/jj.jpg?fit=1057%2C592&ssl=1&resize=525%2C300 1.5x, https:\/\/i0.wp.com\/radioecoutefm.com\/wp-content\/uploads\/2025\/04\/jj.jpg?fit=1057%2C592&ssl=1&resize=700%2C400 2x, https:\/\/i0.wp.com\/radioecoutefm.com\/wp-content\/uploads\/2025\/04\/jj.jpg?fit=1057%2C592&ssl=1&resize=1050%2C600 3x"},"classes":[]},{"id":4739,"url":"https:\/\/radioecoutefm.com\/index.php\/2025\/05\/31\/sommet-de-laec-la-colombie-plaide-pour-une-solidarite-caribeenne-avec-haiti\/","url_meta":{"origin":5927,"position":3},"title":"Sommet de l\u2019AEC : La Colombie plaide pour une solidarit\u00e9 carib\u00e9enne avec Ha\u00efti","author":"Ecoute FM","date":"31.05.2025","format":false,"excerpt":"\u00c0 l\u2019ouverture du 10e sommet des chefs d\u2019\u00c9tat et de gouvernement de l\u2019Association des \u00c9tats de la Cara\u00efbe (AEC), ce vendredi \u00e0 Monter\u00eda, la Colombie a lanc\u00e9 un appel \u00e0 une mobilisation r\u00e9gionale pour faire face \u00e0 la grave crise que traverse Ha\u00efti. La ministre colombienne des Affaires \u00e9trang\u00e8res, Laura\u2026","rel":"","context":"In &quot;POLITIQUE&quot;","block_context":{"text":"POLITIQUE","link":"https:\/\/radioecoutefm.com\/index.php\/category\/politique\/"},"img":{"alt_text":"","src":"https:\/\/i0.wp.com\/radioecoutefm.com\/wp-content\/uploads\/2025\/05\/ministre-colombie.jpg?fit=1200%2C800&ssl=1&resize=350%2C200","width":350,"height":200,"srcset":"https:\/\/i0.wp.com\/radioecoutefm.com\/wp-content\/uploads\/2025\/05\/ministre-colombie.jpg?fit=1200%2C800&ssl=1&resize=350%2C200 1x, https:\/\/i0.wp.com\/radioecoutefm.com\/wp-content\/uploads\/2025\/05\/ministre-colombie.jpg?fit=1200%2C800&ssl=1&resize=525%2C300 1.5x, https:\/\/i0.wp.com\/radioecoutefm.com\/wp-content\/uploads\/2025\/05\/ministre-colombie.jpg?fit=1200%2C800&ssl=1&resize=700%2C400 2x, https:\/\/i0.wp.com\/radioecoutefm.com\/wp-content\/uploads\/2025\/05\/ministre-colombie.jpg?fit=1200%2C800&ssl=1&resize=1050%2C600 3x"},"classes":[]},{"id":1803,"url":"https:\/\/radioecoutefm.com\/index.php\/2025\/03\/18\/manifestation-a-petite-riviere-de-lartibonite-la-population-exige-la-fin-des-gangs\/","url_meta":{"origin":5927,"position":4},"title":"Manifestation \u00e0 Petite-Rivi\u00e8re de l\u2019Artibonite : La population exige la fin des gangs","author":"Ecoute FM","date":"18.03.2025","format":false,"excerpt":"Des centaines de manifestants se sont rassembl\u00e9s ce matin \u00e0 Petite-rivi\u00e8re de l\u2019artibonite , dans la r\u00e9gion de l'Artibonite, ce mardi 18 mars, pour protester contre la mont\u00e9e en puissance des gangs arm\u00e9s qui s\u00e9vissent dans la r\u00e9gion. Les habitants, inquiets et frustr\u00e9s par l\u2019ampleur de l\u2019ins\u00e9curit\u00e9, r\u00e9clament des mesures\u2026","rel":"","context":"In &quot;INSECURITE&quot;","block_context":{"text":"INSECURITE","link":"https:\/\/radioecoutefm.com\/index.php\/category\/securite\/"},"img":{"alt_text":"","src":"https:\/\/i0.wp.com\/radioecoutefm.com\/wp-content\/uploads\/2025\/03\/EB63DA57-5751-4137-A8E4-E09934E7547E.jpeg?fit=1200%2C900&ssl=1&resize=350%2C200","width":350,"height":200,"srcset":"https:\/\/i0.wp.com\/radioecoutefm.com\/wp-content\/uploads\/2025\/03\/EB63DA57-5751-4137-A8E4-E09934E7547E.jpeg?fit=1200%2C900&ssl=1&resize=350%2C200 1x, https:\/\/i0.wp.com\/radioecoutefm.com\/wp-content\/uploads\/2025\/03\/EB63DA57-5751-4137-A8E4-E09934E7547E.jpeg?fit=1200%2C900&ssl=1&resize=525%2C300 1.5x, https:\/\/i0.wp.com\/radioecoutefm.com\/wp-content\/uploads\/2025\/03\/EB63DA57-5751-4137-A8E4-E09934E7547E.jpeg?fit=1200%2C900&ssl=1&resize=700%2C400 2x, https:\/\/i0.wp.com\/radioecoutefm.com\/wp-content\/uploads\/2025\/03\/EB63DA57-5751-4137-A8E4-E09934E7547E.jpeg?fit=1200%2C900&ssl=1&resize=1050%2C600 3x"},"classes":[]},{"id":3689,"url":"https:\/\/radioecoutefm.com\/index.php\/2025\/05\/02\/haiti-le-gouvernement-decrete-letat-durgence-et-reforme-les-services-de-securite\/","url_meta":{"origin":5927,"position":5},"title":"Ha\u00efti : Le Gouvernement d\u00e9cr\u00e8te l\u2019\u00e9tat d\u2019urgence et r\u00e9forme les services de s\u00e9curit\u00e9","author":"Ecoute FM","date":"02.05.2025","format":false,"excerpt":"Lors d\u2019un Conseil des Ministres tenu en s\u00e9ance sp\u00e9ciale sous la pr\u00e9sidence de Monsieur Fritz Alphonse Jean, Pr\u00e9sident du Conseil Pr\u00e9sidentiel de Transition, et en pr\u00e9sence du Premier Ministre Alix Didier Fils-Aim\u00e9, plusieurs d\u00e9cisions majeures ont \u00e9t\u00e9 prises pour r\u00e9pondre aux d\u00e9fis actuels auxquels Ha\u00efti est confront\u00e9e. Parmi les mesures\u2026","rel":"","context":"In &quot;POLITIQUE&quot;","block_context":{"text":"POLITIQUE","link":"https:\/\/radioecoutefm.com\/index.php\/category\/politique\/"},"img":{"alt_text":"","src":"","width":0,"height":0},"classes":[]}],"authors":[{"term_id":15,"user_id":1,"is_guest":0,"slug":"borgellaattis","display_name":"Ecoute FM","avatar_url":"https:\/\/secure.gravatar.com\/avatar\/a5369629745bf29c5deb65198d5e38aed1dc2c880c04b3b630ab3f6e8c623b70?s=96&d=mm&r=g","0":null,"1":"","2":"","3":"","4":"","5":"","6":"","7":"","8":""}],"_links":{"self":[{"href":"https:\/\/radioecoutefm.com\/index.php\/wp-json\/wp\/v2\/posts\/5927","targetHints":{"allow":["GET"]}}],"collection":[{"href":"https:\/\/radioecoutefm.com\/index.php\/wp-json\/wp\/v2\/posts"}],"about":[{"href":"https:\/\/radioecoutefm.com\/index.php\/wp-json\/wp\/v2\/types\/post"}],"author":[{"embeddable":true,"href":"https:\/\/radioecoutefm.com\/index.php\/wp-json\/wp\/v2\/users\/1"}],"replies":[{"embeddable":true,"href":"https:\/\/radioecoutefm.com\/index.php\/wp-json\/wp\/v2\/comments?post=5927"}],"version-history":[{"count":1,"href":"https:\/\/radioecoutefm.com\/index.php\/wp-json\/wp\/v2\/posts\/5927\/revisions"}],"predecessor-version":[{"id":5932,"href":"https:\/\/radioecoutefm.com\/index.php\/wp-json\/wp\/v2\/posts\/5927\/revisions\/5932"}],"wp:featuredmedia":[{"embeddable":true,"href":"https:\/\/radioecoutefm.com\/index.php\/wp-json\/wp\/v2\/media\/5928"}],"wp:attachment":[{"href":"https:\/\/radioecoutefm.com\/index.php\/wp-json\/wp\/v2\/media?parent=5927"}],"wp:term":[{"taxonomy":"category","embeddable":true,"href":"https:\/\/radioecoutefm.com\/index.php\/wp-json\/wp\/v2\/categories?post=5927"},{"taxonomy":"post_tag","embeddable":true,"href":"https:\/\/radioecoutefm.com\/index.php\/wp-json\/wp\/v2\/tags?post=5927"},{"taxonomy":"author","embeddable":true,"href":"https:\/\/radioecoutefm.com\/index.php\/wp-json\/wp\/v2\/ppma_author?post=5927"}],"curies":[{"name":"wp","href":"https:\/\/api.w.org\/{rel}","templated":true}]}}