{"id":5778,"date":"2025-09-09T18:28:43","date_gmt":"2025-09-09T18:28:43","guid":{"rendered":"https:\/\/radioecoutefm.com\/?p=5778"},"modified":"2025-09-09T18:28:43","modified_gmt":"2025-09-09T18:28:43","slug":"mondial-2026-haiti-prete-a-defier-le-costa-rica","status":"publish","type":"post","link":"https:\/\/radioecoutefm.com\/index.php\/2025\/09\/09\/mondial-2026-haiti-prete-a-defier-le-costa-rica\/","title":{"rendered":"Mondial 2026 : Ha\u00efti pr\u00eate \u00e0 d\u00e9fier le Costa Rica"},"content":{"rendered":"<p>Apr\u00e8s avoir pos\u00e9 ses valises dans la capitale costaricienne, la s\u00e9lection nationale ha\u00eftienne s\u2019appr\u00eate \u00e0 disputer son deuxi\u00e8me match dans le cadre de la phase finale des \u00e9liminatoires de la Concacaf pour la Coupe du monde FIFA 2026. Les Grenadiers croiseront le fer avec le Costa Rica, ce mardi 9 septembre, \u00e0 partir de 22 heures (heure de Port-au-Prince) au Stade National de San Jos\u00e9.<\/p>\n<p>Pour cette rencontre cruciale du Groupe C, Ha\u00efti devra composer sans son gardien Alexandre Pierre. Hormis cette absence notable, aucun souci physique n\u2019est \u00e0 signaler au sein de l\u2019effectif, selon les pr\u00e9cisions fournies par le service de communication de la F\u00e9d\u00e9ration ha\u00eftienne de football (FHF).<\/p>\n<p>Le d\u00e9fi reste de taille face aux Ticos, adversaires redoutables de la zone, mais les Grenadiers affichent d\u00e9termination et ambition de signer un r\u00e9sultat positif afin de poursuivre leur r\u00eave mondialiste.<\/p>\n","protected":false},"excerpt":{"rendered":"<p>Apr\u00e8s avoir pos\u00e9 ses valises dans la capitale costaricienne, la s\u00e9lection nationale ha\u00eftienne s\u2019appr\u00eate \u00e0 disputer son deuxi\u00e8me match dans le cadre de la phase finale des \u00e9liminatoires de la Concacaf pour la Coupe du monde FIFA 2026. Les Grenadiers croiseront le fer avec le Costa Rica, ce mardi 9 septembre, \u00e0 partir de 22 [&hellip;]<\/p>\n","protected":false},"author":1,"featured_media":5779,"comment_status":"open","ping_status":"open","sticky":false,"template":"","format":"standard","meta":{"_uag_custom_page_level_css":"","jetpack_post_was_ever_published":false,"_jetpack_newsletter_access":"","_jetpack_dont_email_post_to_subs":false,"_jetpack_newsletter_tier_id":0,"_jetpack_memberships_contains_paywalled_content":false,"_jetpack_memberships_contains_paid_content":false,"footnotes":"","jetpack_publicize_message":"","jetpack_publicize_feature_enabled":true,"jetpack_social_post_already_shared":true,"jetpack_social_options":{"image_generator_settings":{"template":"highway","default_image_id":0,"font":"","enabled":false},"version":2}},"categories":[10],"tags":[],"ppma_author":[15],"class_list":["post-5778","post","type-post","status-publish","format-standard","has-post-thumbnail","hentry","category-sport"],"aioseo_notices":[],"jetpack_publicize_connections":[],"jetpack_featured_media_url":"https:\/\/i0.wp.com\/radioecoutefm.com\/wp-content\/uploads\/2025\/09\/Sele.jpeg?fit=1280%2C853&ssl=1","uagb_featured_image_src":{"full":["https:\/\/i0.wp.com\/radioecoutefm.com\/wp-content\/uploads\/2025\/09\/Sele.jpeg?fit=1280%2C853&ssl=1",1280,853,false],"thumbnail":["https:\/\/i0.wp.com\/radioecoutefm.com\/wp-content\/uploads\/2025\/09\/Sele.jpeg?resize=150%2C150&ssl=1",150,150,true],"medium":["https:\/\/i0.wp.com\/radioecoutefm.com\/wp-content\/uploads\/2025\/09\/Sele.jpeg?fit=300%2C200&ssl=1",300,200,true],"medium_large":["https:\/\/i0.wp.com\/radioecoutefm.com\/wp-content\/uploads\/2025\/09\/Sele.jpeg?fit=640%2C427&ssl=1",640,427,true],"large":["https:\/\/i0.wp.com\/radioecoutefm.com\/wp-content\/uploads\/2025\/09\/Sele.jpeg?fit=640%2C426&ssl=1",640,426,true],"1536x1536":["https:\/\/i0.wp.com\/radioecoutefm.com\/wp-content\/uploads\/2025\/09\/Sele.jpeg?fit=1280%2C853&ssl=1",1280,853,true],"2048x2048":["https:\/\/i0.wp.com\/radioecoutefm.com\/wp-content\/uploads\/2025\/09\/Sele.jpeg?fit=1280%2C853&ssl=1",1280,853,true],"newsair-slider-full":["https:\/\/i0.wp.com\/radioecoutefm.com\/wp-content\/uploads\/2025\/09\/Sele.jpeg?resize=1280%2C720&ssl=1",1280,720,true],"newsair-featured":["https:\/\/i0.wp.com\/radioecoutefm.com\/wp-content\/uploads\/2025\/09\/Sele.jpeg?fit=1024%2C682&ssl=1",1024,682,true],"newsair-medium":["https:\/\/i0.wp.com\/radioecoutefm.com\/wp-content\/uploads\/2025\/09\/Sele.jpeg?resize=720%2C380&ssl=1",720,380,true]},"uagb_author_info":{"display_name":"Ecoute FM","author_link":"https:\/\/radioecoutefm.com\/index.php\/author\/borgellaattis\/"},"uagb_comment_info":1,"uagb_excerpt":"Apr\u00e8s avoir pos\u00e9 ses valises dans la capitale costaricienne, la s\u00e9lection nationale ha\u00eftienne s\u2019appr\u00eate \u00e0 disputer son deuxi\u00e8me match dans le cadre de la phase finale des \u00e9liminatoires de la Concacaf pour la Coupe du monde FIFA 2026. Les Grenadiers croiseront le fer avec le Costa Rica, ce mardi 9 septembre, \u00e0 partir de 22&hellip;","jetpack_sharing_enabled":true,"jetpack_shortlink":"https:\/\/wp.me\/pgoyna-1vc","jetpack-related-posts":[{"id":5808,"url":"https:\/\/radioecoutefm.com\/index.php\/2025\/09\/10\/nazon-heroique-haiti-arrache-un-nul-spectaculaire-face-au-costa-rica\/","url_meta":{"origin":5778,"position":0},"title":"Nazon h\u00e9ro\u00efque, Ha\u00efti arrache un nul spectaculaire face au Costa Rica","author":"Ecoute FM","date":"10.09.2025","format":false,"excerpt":"La s\u00e9lection nationale ha\u00eftienne a arrach\u00e9 un match nul spectaculaire (3-3) face au Costa Rica, mardi soir \u00e0 San Jos\u00e9, gr\u00e2ce \u00e0 un Duckens Nazon \u00e9tincelant. L\u2019attaquant ha\u00eftien a sign\u00e9 un tripl\u00e9 m\u00e9morable qui a permis aux Grenadiers d\u2019\u00e9viter une d\u00e9faite qui semblait in\u00e9vitable apr\u00e8s l\u2019ouverture du score de Vargas\u2026","rel":"","context":"In &quot;SPORT&quot;","block_context":{"text":"SPORT","link":"https:\/\/radioecoutefm.com\/index.php\/category\/sport\/"},"img":{"alt_text":"","src":"https:\/\/i0.wp.com\/radioecoutefm.com\/wp-content\/uploads\/2025\/09\/143E95ED-A7BF-4516-9022-D5C9F5806E37.jpeg?fit=828%2C677&ssl=1&resize=350%2C200","width":350,"height":200,"srcset":"https:\/\/i0.wp.com\/radioecoutefm.com\/wp-content\/uploads\/2025\/09\/143E95ED-A7BF-4516-9022-D5C9F5806E37.jpeg?fit=828%2C677&ssl=1&resize=350%2C200 1x, https:\/\/i0.wp.com\/radioecoutefm.com\/wp-content\/uploads\/2025\/09\/143E95ED-A7BF-4516-9022-D5C9F5806E37.jpeg?fit=828%2C677&ssl=1&resize=525%2C300 1.5x, https:\/\/i0.wp.com\/radioecoutefm.com\/wp-content\/uploads\/2025\/09\/143E95ED-A7BF-4516-9022-D5C9F5806E37.jpeg?fit=828%2C677&ssl=1&resize=700%2C400 2x"},"classes":[]},{"id":2639,"url":"https:\/\/radioecoutefm.com\/index.php\/2025\/04\/11\/gold-cup-la-selection-haitienne-connait-ses-adversaires\/","url_meta":{"origin":5778,"position":1},"title":"Gold Cup: La s\u00e9lection ha\u00eftienne conna\u00eet ses adversaires","author":"Ecoute FM","date":"11.04.2025","format":false,"excerpt":"La Concacaf a proc\u00e9d\u00e9 au tirage au sort de la Gold Cup 2025, ce jeudi 10 avril 2025. La s\u00e9lection ha\u00eftienne jouera dans le groupe D aux c\u00f4t\u00e9s des \u00c9tats-Unis, Trinidad-et-Tobago et l'Arabie Saoudite. Cette ann\u00e9e, la Concacaf organisera, du 14 juin au 6 juillet, la dix-huiti\u00e8me \u00e9dition de la\u2026","rel":"","context":"In &quot;SPORT&quot;","block_context":{"text":"SPORT","link":"https:\/\/radioecoutefm.com\/index.php\/category\/sport\/"},"img":{"alt_text":"","src":"https:\/\/i0.wp.com\/radioecoutefm.com\/wp-content\/uploads\/2025\/04\/6B4ED262-365E-4BE5-967E-7FDE0CE7221D.jpeg?fit=755%2C491&ssl=1&resize=350%2C200","width":350,"height":200,"srcset":"https:\/\/i0.wp.com\/radioecoutefm.com\/wp-content\/uploads\/2025\/04\/6B4ED262-365E-4BE5-967E-7FDE0CE7221D.jpeg?fit=755%2C491&ssl=1&resize=350%2C200 1x, https:\/\/i0.wp.com\/radioecoutefm.com\/wp-content\/uploads\/2025\/04\/6B4ED262-365E-4BE5-967E-7FDE0CE7221D.jpeg?fit=755%2C491&ssl=1&resize=525%2C300 1.5x, https:\/\/i0.wp.com\/radioecoutefm.com\/wp-content\/uploads\/2025\/04\/6B4ED262-365E-4BE5-967E-7FDE0CE7221D.jpeg?fit=755%2C491&ssl=1&resize=700%2C400 2x"},"classes":[]},{"id":4970,"url":"https:\/\/radioecoutefm.com\/index.php\/2025\/06\/07\/mondial-2026-festival-offensif-des-grenadiers-face-a-aruba\/","url_meta":{"origin":5778,"position":2},"title":"Mondial 2026: Festival offensif des Grenadiers face \u00e0 Aruba","author":"Ecoute FM","date":"07.06.2025","format":false,"excerpt":"La s\u00e9lection ha\u00eftienne de football a r\u00e9alis\u00e9 une \"manita\" face \u00e0 Aruba (5-0). Cette large victoire confirme la forme exceptionnelle des hommes de Gabriel Calder\u00f3n Pellegrino dans ce deuxi\u00e8me tour des \u00e9liminatoires de la Coupe du monde 2026. Les Grenadiers auront \u00e0 affronter Cura\u00e7ao, le 10 juin prochain. La s\u00e9lection\u2026","rel":"","context":"In &quot;SPORT&quot;","block_context":{"text":"SPORT","link":"https:\/\/radioecoutefm.com\/index.php\/category\/sport\/"},"img":{"alt_text":"","src":"https:\/\/i0.wp.com\/radioecoutefm.com\/wp-content\/uploads\/2025\/06\/D6F89CF3-20DF-47E6-B685-D2625D5F9693.jpeg?fit=1200%2C812&ssl=1&resize=350%2C200","width":350,"height":200,"srcset":"https:\/\/i0.wp.com\/radioecoutefm.com\/wp-content\/uploads\/2025\/06\/D6F89CF3-20DF-47E6-B685-D2625D5F9693.jpeg?fit=1200%2C812&ssl=1&resize=350%2C200 1x, https:\/\/i0.wp.com\/radioecoutefm.com\/wp-content\/uploads\/2025\/06\/D6F89CF3-20DF-47E6-B685-D2625D5F9693.jpeg?fit=1200%2C812&ssl=1&resize=525%2C300 1.5x, https:\/\/i0.wp.com\/radioecoutefm.com\/wp-content\/uploads\/2025\/06\/D6F89CF3-20DF-47E6-B685-D2625D5F9693.jpeg?fit=1200%2C812&ssl=1&resize=700%2C400 2x, https:\/\/i0.wp.com\/radioecoutefm.com\/wp-content\/uploads\/2025\/06\/D6F89CF3-20DF-47E6-B685-D2625D5F9693.jpeg?fit=1200%2C812&ssl=1&resize=1050%2C600 3x"},"classes":[]},{"id":5108,"url":"https:\/\/radioecoutefm.com\/index.php\/2025\/06\/13\/mondial-2026-eliminatoires-haiti-herite-dun-groupe-releve\/","url_meta":{"origin":5778,"position":3},"title":"Mondial 2026\/\u00c9liminatoires : Ha\u00efti h\u00e9rite d\u2019un groupe relev\u00e9","author":"Ecoute FM","date":"13.06.2025","format":false,"excerpt":"Le tirage au sort de la derni\u00e8re phase des \u00e9liminatoires de la Coupe du monde 2026, pour la zone Concacaf, a eu lieu ce jeudi 12 juin 2025. La s\u00e9lection ha\u00eftienne \u00e9voluera dans le groupe C aux c\u00f4t\u00e9s du Costa Rica, du Honduras et du Nicaragua. Un groupe dense, qui\u2026","rel":"","context":"In &quot;SPORT&quot;","block_context":{"text":"SPORT","link":"https:\/\/radioecoutefm.com\/index.php\/category\/sport\/"},"img":{"alt_text":"","src":"","width":0,"height":0},"classes":[]},{"id":6334,"url":"https:\/\/radioecoutefm.com\/index.php\/2026\/04\/03\/haiti-sincline-face-a-la-tunisie-en-match-amical\/","url_meta":{"origin":5778,"position":4},"title":"Ha\u00efti s\u2019incline face \u00e0 la Tunisie en match amical","author":"Ecoute FM","date":"03.04.2026","format":false,"excerpt":"La s\u00e9lection ha\u00eftienne a conc\u00e9d\u00e9 une d\u00e9faite (0-1) face \u00e0 la Tunisie lors de son premier match amical international, disput\u00e9 le samedi 28 mars 2026 \u00e0 Toronto. L\u2019unique but de la rencontre a \u00e9t\u00e9 inscrit d\u00e8s la 7e minute par S\u00e9bastian Tounekti, donnant un avantage rapide aux Tunisiens. Cueillis \u00e0\u2026","rel":"","context":"In &quot;SPORT&quot;","block_context":{"text":"SPORT","link":"https:\/\/radioecoutefm.com\/index.php\/category\/sport\/"},"img":{"alt_text":"","src":"https:\/\/i0.wp.com\/radioecoutefm.com\/wp-content\/uploads\/2026\/04\/tunisie.jpg?fit=828%2C552&ssl=1&resize=350%2C200","width":350,"height":200,"srcset":"https:\/\/i0.wp.com\/radioecoutefm.com\/wp-content\/uploads\/2026\/04\/tunisie.jpg?fit=828%2C552&ssl=1&resize=350%2C200 1x, https:\/\/i0.wp.com\/radioecoutefm.com\/wp-content\/uploads\/2026\/04\/tunisie.jpg?fit=828%2C552&ssl=1&resize=525%2C300 1.5x, https:\/\/i0.wp.com\/radioecoutefm.com\/wp-content\/uploads\/2026\/04\/tunisie.jpg?fit=828%2C552&ssl=1&resize=700%2C400 2x"},"classes":[]},{"id":4514,"url":"https:\/\/radioecoutefm.com\/index.php\/2025\/05\/26\/coupe-du-monde-u17-haiti-herite-du-groupe-e\/","url_meta":{"origin":5778,"position":5},"title":"Coupe du Monde U17 : Ha\u00efti h\u00e9rite du groupe E","author":"Ecoute FM","date":"26.05.2025","format":false,"excerpt":"Le tirage au sort de la Coupe du Monde U17 de la FIFA, pr\u00e9vue en 2025 au Qatar, a rendu son verdict ce dimanche \u00e0 Doha. L\u2019\u00e9quipe ha\u00eftienne conna\u00eet d\u00e9sormais ses adversaires pour la phase de groupes. Les jeunes Grenadiers \u00e9volueront dans le groupe E, en compagnie de l\u2019Angleterre, du\u2026","rel":"","context":"In &quot;SPORT&quot;","block_context":{"text":"SPORT","link":"https:\/\/radioecoutefm.com\/index.php\/category\/sport\/"},"img":{"alt_text":"","src":"https:\/\/i0.wp.com\/radioecoutefm.com\/wp-content\/uploads\/2025\/05\/u17-haiti.png?fit=598%2C399&ssl=1&resize=350%2C200","width":350,"height":200,"srcset":"https:\/\/i0.wp.com\/radioecoutefm.com\/wp-content\/uploads\/2025\/05\/u17-haiti.png?fit=598%2C399&ssl=1&resize=350%2C200 1x, https:\/\/i0.wp.com\/radioecoutefm.com\/wp-content\/uploads\/2025\/05\/u17-haiti.png?fit=598%2C399&ssl=1&resize=525%2C300 1.5x"},"classes":[]}],"authors":[{"term_id":15,"user_id":1,"is_guest":0,"slug":"borgellaattis","display_name":"Ecoute FM","avatar_url":"https:\/\/secure.gravatar.com\/avatar\/a5369629745bf29c5deb65198d5e38aed1dc2c880c04b3b630ab3f6e8c623b70?s=96&d=mm&r=g","0":null,"1":"","2":"","3":"","4":"","5":"","6":"","7":"","8":""}],"_links":{"self":[{"href":"https:\/\/radioecoutefm.com\/index.php\/wp-json\/wp\/v2\/posts\/5778","targetHints":{"allow":["GET"]}}],"collection":[{"href":"https:\/\/radioecoutefm.com\/index.php\/wp-json\/wp\/v2\/posts"}],"about":[{"href":"https:\/\/radioecoutefm.com\/index.php\/wp-json\/wp\/v2\/types\/post"}],"author":[{"embeddable":true,"href":"https:\/\/radioecoutefm.com\/index.php\/wp-json\/wp\/v2\/users\/1"}],"replies":[{"embeddable":true,"href":"https:\/\/radioecoutefm.com\/index.php\/wp-json\/wp\/v2\/comments?post=5778"}],"version-history":[{"count":1,"href":"https:\/\/radioecoutefm.com\/index.php\/wp-json\/wp\/v2\/posts\/5778\/revisions"}],"predecessor-version":[{"id":5783,"href":"https:\/\/radioecoutefm.com\/index.php\/wp-json\/wp\/v2\/posts\/5778\/revisions\/5783"}],"wp:featuredmedia":[{"embeddable":true,"href":"https:\/\/radioecoutefm.com\/index.php\/wp-json\/wp\/v2\/media\/5779"}],"wp:attachment":[{"href":"https:\/\/radioecoutefm.com\/index.php\/wp-json\/wp\/v2\/media?parent=5778"}],"wp:term":[{"taxonomy":"category","embeddable":true,"href":"https:\/\/radioecoutefm.com\/index.php\/wp-json\/wp\/v2\/categories?post=5778"},{"taxonomy":"post_tag","embeddable":true,"href":"https:\/\/radioecoutefm.com\/index.php\/wp-json\/wp\/v2\/tags?post=5778"},{"taxonomy":"author","embeddable":true,"href":"https:\/\/radioecoutefm.com\/index.php\/wp-json\/wp\/v2\/ppma_author?post=5778"}],"curies":[{"name":"wp","href":"https:\/\/api.w.org\/{rel}","templated":true}]}}