{"id":5268,"date":"2025-06-20T23:57:14","date_gmt":"2025-06-20T23:57:14","guid":{"rendered":"https:\/\/radioecoutefm.com\/?p=5268"},"modified":"2025-06-20T23:57:14","modified_gmt":"2025-06-20T23:57:14","slug":"chrisla-chef-de-gang-simpose-comme-acteur-politique-et-defie-le-cpt-a-carrefour","status":"publish","type":"post","link":"https:\/\/radioecoutefm.com\/index.php\/2025\/06\/20\/chrisla-chef-de-gang-simpose-comme-acteur-politique-et-defie-le-cpt-a-carrefour\/","title":{"rendered":"Chrisla, chef de gang, s\u2019impose comme acteur politique et d\u00e9fie le CPT \u00e0 Carrefour"},"content":{"rendered":"<p>Le puissant chef de gang Chrisla, s\u2019est pr\u00e9sent\u00e9 \u00e0 visage d\u00e9couvert sur un char pour s\u2019adresser directement \u00e0 la population ce vendredi 20 juin a carrefour. Lors de son intervention, il a s\u00e9v\u00e8rement critiqu\u00e9 le gouvernement ha\u00eftien et d\u00e9nonc\u00e9 l\u2019usage des drones kamikazes contre les groupes arm\u00e9s. Il a \u00e9galement exig\u00e9 le d\u00e9part imm\u00e9diat du Conseil Pr\u00e9sidentiel de Transition (CPT), une demande qui refl\u00e8te la mont\u00e9e en puissance politique des gangs dans le pays.<\/p>\n<p>Le discours de Chrisla Symbolise clairement la transformation des gangs en acteurs politiques locaux influents. Ces groupes ne se contentent plus d\u2019imposer la terreur, ils cherchent d\u00e9sormais \u00e0 s\u2019affirmer comme des forces de pouvoir dans des zones o\u00f9 l\u2019\u00c9tat est affaibli. En contr\u00f4lant des quartiers strat\u00e9giques, ils dictent les r\u00e8gles et remettent en cause l\u2019autorit\u00e9 publique.<\/p>\n<p>Dans des zones comme Carrefour, o\u00f9 l\u2019\u00c9tat peine \u00e0 assurer la s\u00e9curit\u00e9, cette situation cr\u00e9e un climat d\u2019ins\u00e9curit\u00e9 permanent. La population, souvent prise en otage entre violence et pouvoir des gangs, fait face \u00e0 une r\u00e9alit\u00e9 o\u00f9 la fronti\u00e8re entre crime organis\u00e9 et gouvernance devient chaque jour plus floue.<\/p>\n","protected":false},"excerpt":{"rendered":"<p>Le puissant chef de gang Chrisla, s\u2019est pr\u00e9sent\u00e9 \u00e0 visage d\u00e9couvert sur un char pour s\u2019adresser directement \u00e0 la population ce vendredi 20 juin a carrefour. Lors de son intervention, il a s\u00e9v\u00e8rement critiqu\u00e9 le gouvernement ha\u00eftien et d\u00e9nonc\u00e9 l\u2019usage des drones kamikazes contre les groupes arm\u00e9s. Il a \u00e9galement exig\u00e9 le d\u00e9part imm\u00e9diat du [&hellip;]<\/p>\n","protected":false},"author":1,"featured_media":5269,"comment_status":"open","ping_status":"open","sticky":false,"template":"","format":"standard","meta":{"_uag_custom_page_level_css":"","jetpack_post_was_ever_published":false,"_jetpack_newsletter_access":"","_jetpack_dont_email_post_to_subs":false,"_jetpack_newsletter_tier_id":0,"_jetpack_memberships_contains_paywalled_content":false,"_jetpack_memberships_contains_paid_content":false,"footnotes":"","jetpack_publicize_message":"","jetpack_publicize_feature_enabled":true,"jetpack_social_post_already_shared":true,"jetpack_social_options":{"image_generator_settings":{"template":"highway","default_image_id":0,"font":"","enabled":false},"version":2}},"categories":[51],"tags":[],"ppma_author":[15],"class_list":["post-5268","post","type-post","status-publish","format-standard","has-post-thumbnail","hentry","category-societe"],"aioseo_notices":[],"jetpack_publicize_connections":[],"jetpack_featured_media_url":"https:\/\/i0.wp.com\/radioecoutefm.com\/wp-content\/uploads\/2025\/06\/chrisla.jpg?fit=251%2C201&ssl=1","uagb_featured_image_src":{"full":["https:\/\/i0.wp.com\/radioecoutefm.com\/wp-content\/uploads\/2025\/06\/chrisla.jpg?fit=251%2C201&ssl=1",251,201,false],"thumbnail":["https:\/\/i0.wp.com\/radioecoutefm.com\/wp-content\/uploads\/2025\/06\/chrisla.jpg?resize=150%2C150&ssl=1",150,150,true],"medium":["https:\/\/i0.wp.com\/radioecoutefm.com\/wp-content\/uploads\/2025\/06\/chrisla.jpg?fit=251%2C201&ssl=1",251,201,true],"medium_large":["https:\/\/i0.wp.com\/radioecoutefm.com\/wp-content\/uploads\/2025\/06\/chrisla.jpg?fit=251%2C201&ssl=1",251,201,true],"large":["https:\/\/i0.wp.com\/radioecoutefm.com\/wp-content\/uploads\/2025\/06\/chrisla.jpg?fit=251%2C201&ssl=1",251,201,true],"1536x1536":["https:\/\/i0.wp.com\/radioecoutefm.com\/wp-content\/uploads\/2025\/06\/chrisla.jpg?fit=251%2C201&ssl=1",251,201,true],"2048x2048":["https:\/\/i0.wp.com\/radioecoutefm.com\/wp-content\/uploads\/2025\/06\/chrisla.jpg?fit=251%2C201&ssl=1",251,201,true],"newsair-slider-full":["https:\/\/i0.wp.com\/radioecoutefm.com\/wp-content\/uploads\/2025\/06\/chrisla.jpg?resize=251%2C201&ssl=1",251,201,true],"newsair-featured":["https:\/\/i0.wp.com\/radioecoutefm.com\/wp-content\/uploads\/2025\/06\/chrisla.jpg?fit=251%2C201&ssl=1",251,201,true],"newsair-medium":["https:\/\/i0.wp.com\/radioecoutefm.com\/wp-content\/uploads\/2025\/06\/chrisla.jpg?resize=251%2C201&ssl=1",251,201,true]},"uagb_author_info":{"display_name":"Ecoute FM","author_link":"https:\/\/radioecoutefm.com\/index.php\/author\/borgellaattis\/"},"uagb_comment_info":0,"uagb_excerpt":"Le puissant chef de gang Chrisla, s\u2019est pr\u00e9sent\u00e9 \u00e0 visage d\u00e9couvert sur un char pour s\u2019adresser directement \u00e0 la population ce vendredi 20 juin a carrefour. Lors de son intervention, il a s\u00e9v\u00e8rement critiqu\u00e9 le gouvernement ha\u00eftien et d\u00e9nonc\u00e9 l\u2019usage des drones kamikazes contre les groupes arm\u00e9s. Il a \u00e9galement exig\u00e9 le d\u00e9part imm\u00e9diat du&hellip;","jetpack_sharing_enabled":true,"jetpack_shortlink":"https:\/\/wp.me\/pgoyna-1mY","jetpack-related-posts":[{"id":1529,"url":"https:\/\/radioecoutefm.com\/index.php\/2025\/03\/12\/nouvelle-attaque-armee-a-carrefour-feuilles-des-habitants-en-detresse\/","url_meta":{"origin":5268,"position":0},"title":"Nouvelle attaque arm\u00e9e \u00e0 Carrefour-Feuilles, des habitants en d\u00e9tresse","author":"Claude DIEUPHENE","date":"12.03.2025","format":false,"excerpt":"Les gangs arm\u00e9s de la coalition Viv Ansanm ont lanc\u00e9 une nouvelle attaque contre Carrefour-Feuilles dans la nuit du 11 au 12 mars 2025. Sous le commandement du chef de gang Ti Lapli, ces criminels ont incendi\u00e9 plusieurs maisons et v\u00e9hicules, semant la terreur parmi la population locale. Sous une\u2026","rel":"","context":"In &quot;INSECURITE&quot;","block_context":{"text":"INSECURITE","link":"https:\/\/radioecoutefm.com\/index.php\/category\/securite\/"},"img":{"alt_text":"","src":"https:\/\/i0.wp.com\/radioecoutefm.com\/wp-content\/uploads\/2025\/03\/att.pL-UzcSCfx6dNbeUaOoxPNu49a0y8hQkSKU7p6vVRZY.jpeg?fit=640%2C480&ssl=1&resize=350%2C200","width":350,"height":200,"srcset":"https:\/\/i0.wp.com\/radioecoutefm.com\/wp-content\/uploads\/2025\/03\/att.pL-UzcSCfx6dNbeUaOoxPNu49a0y8hQkSKU7p6vVRZY.jpeg?fit=640%2C480&ssl=1&resize=350%2C200 1x, https:\/\/i0.wp.com\/radioecoutefm.com\/wp-content\/uploads\/2025\/03\/att.pL-UzcSCfx6dNbeUaOoxPNu49a0y8hQkSKU7p6vVRZY.jpeg?fit=640%2C480&ssl=1&resize=525%2C300 1.5x"},"classes":[]},{"id":2164,"url":"https:\/\/radioecoutefm.com\/index.php\/2025\/03\/30\/haiti-la-police-abat-taptap-membre-du-gang-ti-lapli-et-de-team-asanse-a-carrefour-feuilles\/","url_meta":{"origin":5268,"position":1},"title":"Ha\u00efti: La police abat TAPTAP, membre du gang Ti Lapli et de Team Asans\u00e8, \u00e0 Carrefour-Feuilles","author":"Ecoute FM","date":"30.03.2025","format":false,"excerpt":"Un affrontement arm\u00e9 entre la police et des membres du gang de Ti Lapli s\u2019est sold\u00e9 par la mort de TAPTAP ainsi connu et \u00e9galement affili\u00e9 \u00e0 l\u2019\u00e9quipe de team Asans\u00e8. L\u2019incident s\u2019est produit ce samedi 29 mars dans la zone de Carrefour-Feuilles, un quartier marqu\u00e9 par des tensions croissantes\u2026","rel":"","context":"In &quot;INSECURITE&quot;","block_context":{"text":"INSECURITE","link":"https:\/\/radioecoutefm.com\/index.php\/category\/securite\/"},"img":{"alt_text":"","src":"https:\/\/i0.wp.com\/radioecoutefm.com\/wp-content\/uploads\/2025\/03\/taptap.jpg?fit=1170%2C811&ssl=1&resize=350%2C200","width":350,"height":200,"srcset":"https:\/\/i0.wp.com\/radioecoutefm.com\/wp-content\/uploads\/2025\/03\/taptap.jpg?fit=1170%2C811&ssl=1&resize=350%2C200 1x, https:\/\/i0.wp.com\/radioecoutefm.com\/wp-content\/uploads\/2025\/03\/taptap.jpg?fit=1170%2C811&ssl=1&resize=525%2C300 1.5x, https:\/\/i0.wp.com\/radioecoutefm.com\/wp-content\/uploads\/2025\/03\/taptap.jpg?fit=1170%2C811&ssl=1&resize=700%2C400 2x, https:\/\/i0.wp.com\/radioecoutefm.com\/wp-content\/uploads\/2025\/03\/taptap.jpg?fit=1170%2C811&ssl=1&resize=1050%2C600 3x"},"classes":[]},{"id":2304,"url":"https:\/\/radioecoutefm.com\/index.php\/2025\/04\/03\/haiti-le-president-du-conseil-presidentiel-de-transition-sadresse-a-la-nation-et-annonce-des-mesures-contre-linsecurite\/","url_meta":{"origin":5268,"position":2},"title":"Ha\u00efti : Le Pr\u00e9sident du Conseil Pr\u00e9sidentiel de Transition s\u2019adresse \u00e0 la nation et annonce des mesures contre l\u2019ins\u00e9curit\u00e9","author":"Snaida Frederic","date":"03.04.2025","format":false,"excerpt":"Un an apr\u00e8s la signature de l\u2019accord du 3 avril 2024, le Pr\u00e9sident du Conseil Pr\u00e9sidentiel de Transition (CPT), Fritz Alphonse Jean, a pris la parole ce jeudi pour s\u2019adresser \u00e0 la nation ha\u00eftienne. Accompagn\u00e9 de plusieurs membres du gouvernement, de hauts responsables de la s\u00e9curit\u00e9 et du chef de\u2026","rel":"","context":"In &quot;POLITIQUE&quot;","block_context":{"text":"POLITIQUE","link":"https:\/\/radioecoutefm.com\/index.php\/category\/politique\/"},"img":{"alt_text":"","src":"https:\/\/i0.wp.com\/radioecoutefm.com\/wp-content\/uploads\/2025\/04\/CPT.jpg?fit=1200%2C634&ssl=1&resize=350%2C200","width":350,"height":200,"srcset":"https:\/\/i0.wp.com\/radioecoutefm.com\/wp-content\/uploads\/2025\/04\/CPT.jpg?fit=1200%2C634&ssl=1&resize=350%2C200 1x, https:\/\/i0.wp.com\/radioecoutefm.com\/wp-content\/uploads\/2025\/04\/CPT.jpg?fit=1200%2C634&ssl=1&resize=525%2C300 1.5x, https:\/\/i0.wp.com\/radioecoutefm.com\/wp-content\/uploads\/2025\/04\/CPT.jpg?fit=1200%2C634&ssl=1&resize=700%2C400 2x, https:\/\/i0.wp.com\/radioecoutefm.com\/wp-content\/uploads\/2025\/04\/CPT.jpg?fit=1200%2C634&ssl=1&resize=1050%2C600 3x"},"classes":[]},{"id":2310,"url":"https:\/\/radioecoutefm.com\/index.php\/2025\/04\/03\/haiti-le-cpt-mobilise-les-agents-bsap-aux-cotes-de-la-pnh-et-annonce-un-budget-de-guerre-contre-linsecurite\/","url_meta":{"origin":5268,"position":3},"title":"Ha\u00efti : Le CPT mobilise les agents  BSAP aux c\u00f4t\u00e9s de la PNH et annonce un \u201cbudget de guerre\u201d contre l\u2019ins\u00e9curit\u00e9","author":"Snaida Frederic","date":"03.04.2025","format":false,"excerpt":"Lors d\u2019une adresse \u00e0 la nation ce jeudi, le Pr\u00e9sident du Conseil Pr\u00e9sidentiel de Transition (CPT), Fritz Jean, a annonc\u00e9 l\u2019adoption prochaine d\u2019un \u201cbudget de guerre\u201d pour lutter contre l\u2019ins\u00e9curit\u00e9 grandissante en Ha\u00efti. Cette d\u00e9claration serait un \u00e9tape du gouvernement de transition pour combattre les gangs arm\u00e9s qui s\u00e8ment la\u2026","rel":"","context":"In &quot;POLITIQUE&quot;","block_context":{"text":"POLITIQUE","link":"https:\/\/radioecoutefm.com\/index.php\/category\/politique\/"},"img":{"alt_text":"","src":"https:\/\/i0.wp.com\/radioecoutefm.com\/wp-content\/uploads\/2025\/04\/Jean.png?fit=586%2C537&ssl=1&resize=350%2C200","width":350,"height":200,"srcset":"https:\/\/i0.wp.com\/radioecoutefm.com\/wp-content\/uploads\/2025\/04\/Jean.png?fit=586%2C537&ssl=1&resize=350%2C200 1x, https:\/\/i0.wp.com\/radioecoutefm.com\/wp-content\/uploads\/2025\/04\/Jean.png?fit=586%2C537&ssl=1&resize=525%2C300 1.5x"},"classes":[]},{"id":3870,"url":"https:\/\/radioecoutefm.com\/index.php\/2025\/05\/06\/operation-a-gran-ravine-17-morts-et-40-blesses-dans-les-rangs-des-gangs-selon-le-rnddh\/","url_meta":{"origin":5268,"position":4},"title":"Op\u00e9ration \u00e0 Gran Ravine : 17 morts et 40 bless\u00e9s dans les rangs des gangs, selon le RNDDH","author":"Ecoute FM","date":"06.05.2025","format":false,"excerpt":"Une importante op\u00e9ration men\u00e9e dimanche par la Police nationale d\u2019Ha\u00efti (PNH) \u00e0 Gran Ravine a entra\u00een\u00e9 la mort de 17 pr\u00e9sum\u00e9s bandits et fait 40 bless\u00e9s dans les rangs des groupes arm\u00e9s. L\u2019assaut visait particuli\u00e8rement le chef de gang notoire, Ti Lapli, selon les informations fournies par Pierre Esp\u00e9rance, directeur\u2026","rel":"","context":"In &quot;SECURITE&quot;","block_context":{"text":"SECURITE","link":"https:\/\/radioecoutefm.com\/index.php\/category\/insecurite\/"},"img":{"alt_text":"","src":"https:\/\/i0.wp.com\/radioecoutefm.com\/wp-content\/uploads\/2025\/05\/9F921905-0C1B-4369-B822-CB1F8C452F49.jpeg?fit=1200%2C801&ssl=1&resize=350%2C200","width":350,"height":200,"srcset":"https:\/\/i0.wp.com\/radioecoutefm.com\/wp-content\/uploads\/2025\/05\/9F921905-0C1B-4369-B822-CB1F8C452F49.jpeg?fit=1200%2C801&ssl=1&resize=350%2C200 1x, https:\/\/i0.wp.com\/radioecoutefm.com\/wp-content\/uploads\/2025\/05\/9F921905-0C1B-4369-B822-CB1F8C452F49.jpeg?fit=1200%2C801&ssl=1&resize=525%2C300 1.5x, https:\/\/i0.wp.com\/radioecoutefm.com\/wp-content\/uploads\/2025\/05\/9F921905-0C1B-4369-B822-CB1F8C452F49.jpeg?fit=1200%2C801&ssl=1&resize=700%2C400 2x, https:\/\/i0.wp.com\/radioecoutefm.com\/wp-content\/uploads\/2025\/05\/9F921905-0C1B-4369-B822-CB1F8C452F49.jpeg?fit=1200%2C801&ssl=1&resize=1050%2C600 3x"},"classes":[]},{"id":1328,"url":"https:\/\/radioecoutefm.com\/index.php\/2025\/03\/05\/haiti-instabilite-politique-et-violence-grandissante-le-conseil-presidentiel-de-transition-dans-loeil-du-cyclone\/","url_meta":{"origin":5268,"position":5},"title":"Ha\u00efti : Instabilit\u00e9 politique et violence grandissante, le Conseil Pr\u00e9sidentiel de Transition dans l\u2019\u0153il du cyclone","author":"Ecoute FM","date":"05.03.2025","format":false,"excerpt":"Le climat politique en Ha\u00efti, d\u00e9j\u00e0 fragile, devient de plus en plus tendu alors que le pays est en proie \u00e0 une crise profonde marqu\u00e9e par l\u2019intensification des activit\u00e9s des gangs arm\u00e9s. Dans ce contexte difficile, le Conseil Pr\u00e9sidentiel de Transition (CTP) d'Ha\u00efti semble se retrouver sous une pression croissante,\u2026","rel":"","context":"In &quot;POLITIQUE&quot;","block_context":{"text":"POLITIQUE","link":"https:\/\/radioecoutefm.com\/index.php\/category\/politique\/"},"img":{"alt_text":"","src":"https:\/\/i0.wp.com\/radioecoutefm.com\/wp-content\/uploads\/2025\/03\/9-membres-du-CPT.jpg?fit=550%2C370&ssl=1&resize=350%2C200","width":350,"height":200,"srcset":"https:\/\/i0.wp.com\/radioecoutefm.com\/wp-content\/uploads\/2025\/03\/9-membres-du-CPT.jpg?fit=550%2C370&ssl=1&resize=350%2C200 1x, https:\/\/i0.wp.com\/radioecoutefm.com\/wp-content\/uploads\/2025\/03\/9-membres-du-CPT.jpg?fit=550%2C370&ssl=1&resize=525%2C300 1.5x"},"classes":[]}],"authors":[{"term_id":15,"user_id":1,"is_guest":0,"slug":"borgellaattis","display_name":"Ecoute FM","avatar_url":"https:\/\/secure.gravatar.com\/avatar\/a5369629745bf29c5deb65198d5e38aed1dc2c880c04b3b630ab3f6e8c623b70?s=96&d=mm&r=g","0":null,"1":"","2":"","3":"","4":"","5":"","6":"","7":"","8":""}],"_links":{"self":[{"href":"https:\/\/radioecoutefm.com\/index.php\/wp-json\/wp\/v2\/posts\/5268","targetHints":{"allow":["GET"]}}],"collection":[{"href":"https:\/\/radioecoutefm.com\/index.php\/wp-json\/wp\/v2\/posts"}],"about":[{"href":"https:\/\/radioecoutefm.com\/index.php\/wp-json\/wp\/v2\/types\/post"}],"author":[{"embeddable":true,"href":"https:\/\/radioecoutefm.com\/index.php\/wp-json\/wp\/v2\/users\/1"}],"replies":[{"embeddable":true,"href":"https:\/\/radioecoutefm.com\/index.php\/wp-json\/wp\/v2\/comments?post=5268"}],"version-history":[{"count":1,"href":"https:\/\/radioecoutefm.com\/index.php\/wp-json\/wp\/v2\/posts\/5268\/revisions"}],"predecessor-version":[{"id":5273,"href":"https:\/\/radioecoutefm.com\/index.php\/wp-json\/wp\/v2\/posts\/5268\/revisions\/5273"}],"wp:featuredmedia":[{"embeddable":true,"href":"https:\/\/radioecoutefm.com\/index.php\/wp-json\/wp\/v2\/media\/5269"}],"wp:attachment":[{"href":"https:\/\/radioecoutefm.com\/index.php\/wp-json\/wp\/v2\/media?parent=5268"}],"wp:term":[{"taxonomy":"category","embeddable":true,"href":"https:\/\/radioecoutefm.com\/index.php\/wp-json\/wp\/v2\/categories?post=5268"},{"taxonomy":"post_tag","embeddable":true,"href":"https:\/\/radioecoutefm.com\/index.php\/wp-json\/wp\/v2\/tags?post=5268"},{"taxonomy":"author","embeddable":true,"href":"https:\/\/radioecoutefm.com\/index.php\/wp-json\/wp\/v2\/ppma_author?post=5268"}],"curies":[{"name":"wp","href":"https:\/\/api.w.org\/{rel}","templated":true}]}}