{"id":5249,"date":"2025-06-20T23:27:28","date_gmt":"2025-06-20T23:27:28","guid":{"rendered":"https:\/\/radioecoutefm.com\/?p=5249"},"modified":"2025-06-20T23:27:28","modified_gmt":"2025-06-20T23:27:28","slug":"haiti-face-aux-ouragans-lonu-alerte-sur-une-catastrophe-imminente","status":"publish","type":"post","link":"https:\/\/radioecoutefm.com\/index.php\/2025\/06\/20\/haiti-face-aux-ouragans-lonu-alerte-sur-une-catastrophe-imminente\/","title":{"rendered":"Ha\u00efti face aux ouragans : l\u2019ONU alerte sur une catastrophe imminente"},"content":{"rendered":"<p>\u00c0 l\u2019approche de la saison des ouragans de l\u2019Atlantique 2025, les Nations Unies lancent un nouvel appel \u00e0 l\u2019aide pour Ha\u00efti, confront\u00e9 \u00e0 une situation humanitaire critique. Selon St\u00e9phane Dujarric, porte-parole de l\u2019ONU, le pays entame cette p\u00e9riode \u00e0 haut risque \u00ab sans r\u00e9serves alimentaires pr\u00e9positionn\u00e9es et sans financement disponible pour r\u00e9pondre rapidement \u00e0 une urgence \u00bb. Cette saison, annonc\u00e9e comme plus active que la moyenne, se termine le 30 novembre, mais les autorit\u00e9s locales et internationales manquent cruellement de moyens pour se pr\u00e9parer.<\/p>\n<p>Le contexte est d\u00e9j\u00e0 alarmant : 5,7 millions de personnes souffrent d\u2019ins\u00e9curit\u00e9 alimentaire s\u00e9v\u00e8re, et plus de 230 000 d\u00e9plac\u00e9s vivent dans des abris de fortune, particuli\u00e8rement vuln\u00e9rables aux temp\u00eates. Dujarric souligne qu\u2019Ha\u00efti est l\u2019un des cinq pays au monde o\u00f9 des habitants vivent dans des conditions proches de la famine. Des stocks tr\u00e8s limit\u00e9s de kits d\u2019hygi\u00e8ne, de b\u00e2ches et de fournitures m\u00e9dicales ont \u00e9t\u00e9 positionn\u00e9s, et des transferts d\u2019argent sont pr\u00e9vus pour certains foyers, mais cela reste largement insuffisant.<\/p>\n<p>Le Plan de r\u00e9ponse humanitaire de l\u2019ONU pour Ha\u00efti en 2025 est cruellement sous-financ\u00e9 : seulement 8 % des besoins sont couverts, avec 75 millions de dollars re\u00e7us sur les 908 millions n\u00e9cessaires. Face \u00e0 l\u2019ins\u00e9curit\u00e9, les op\u00e9rations humanitaires avaient \u00e9t\u00e9 suspendues le 26 mai, mais le Bureau de la coordination des affaires humanitaires (OCHA) tente d\u00e9sormais de reprendre ses activit\u00e9s dans certaines zones de Port-au-Prince et le long de la Route nationale 1, afin de garantir la s\u00e9curit\u00e9 du personnel et l\u2019acc\u00e8s aux populations les plus touch\u00e9es.<\/p>\n<p>Le Programme alimentaire mondial (PAM) tire \u00e9galement la sonnette d\u2019alarme. Sa directrice r\u00e9gionale, Lola Castro, affirme qu\u2019avec \u00ab la moiti\u00e9 de la population ha\u00eftienne d\u00e9j\u00e0 en situation de faim, une seule temp\u00eate pourrait plonger le pays dans une catastrophe humanitaire majeure \u00bb. Contrairement aux ann\u00e9es pr\u00e9c\u00e9dentes, le PAM ne dispose aujourd\u2019hui d\u2019aucun stock pour une r\u00e9ponse imm\u00e9diate. L\u2019ONU appelle donc \u00e0 une mobilisation internationale urgente pour \u00e9viter que cette saison cyclonique ne transforme la crise ha\u00eftienne en drame irr\u00e9versible.<\/p>\n","protected":false},"excerpt":{"rendered":"<p>\u00c0 l\u2019approche de la saison des ouragans de l\u2019Atlantique 2025, les Nations Unies lancent un nouvel appel \u00e0 l\u2019aide pour Ha\u00efti, confront\u00e9 \u00e0 une situation humanitaire critique. Selon St\u00e9phane Dujarric, porte-parole de l\u2019ONU, le pays entame cette p\u00e9riode \u00e0 haut risque \u00ab sans r\u00e9serves alimentaires pr\u00e9positionn\u00e9es et sans financement disponible pour r\u00e9pondre rapidement \u00e0 une [&hellip;]<\/p>\n","protected":false},"author":1,"featured_media":5250,"comment_status":"open","ping_status":"open","sticky":false,"template":"","format":"standard","meta":{"_uag_custom_page_level_css":"","jetpack_post_was_ever_published":false,"_jetpack_newsletter_access":"","_jetpack_dont_email_post_to_subs":false,"_jetpack_newsletter_tier_id":0,"_jetpack_memberships_contains_paywalled_content":false,"_jetpack_memberships_contains_paid_content":false,"footnotes":"","jetpack_publicize_message":"","jetpack_publicize_feature_enabled":true,"jetpack_social_post_already_shared":true,"jetpack_social_options":{"image_generator_settings":{"template":"highway","default_image_id":0,"font":"","enabled":false},"version":2}},"categories":[51],"tags":[],"ppma_author":[15],"class_list":["post-5249","post","type-post","status-publish","format-standard","has-post-thumbnail","hentry","category-societe"],"aioseo_notices":[],"jetpack_publicize_connections":[],"jetpack_featured_media_url":"https:\/\/radioecoutefm.com\/wp-content\/uploads\/2025\/06\/hurricane-1335x786-1.avif","uagb_featured_image_src":{"full":["https:\/\/radioecoutefm.com\/wp-content\/uploads\/2025\/06\/hurricane-1335x786-1.avif",1420,836,false],"thumbnail":["https:\/\/radioecoutefm.com\/wp-content\/uploads\/2025\/06\/hurricane-1335x786-1-150x150.avif",150,150,true],"medium":["https:\/\/radioecoutefm.com\/wp-content\/uploads\/2025\/06\/hurricane-1335x786-1-300x177.avif",300,177,true],"medium_large":["https:\/\/radioecoutefm.com\/wp-content\/uploads\/2025\/06\/hurricane-1335x786-1-768x452.avif",640,377,true],"large":["https:\/\/radioecoutefm.com\/wp-content\/uploads\/2025\/06\/hurricane-1335x786-1-1024x603.avif",640,377,true],"1536x1536":["https:\/\/radioecoutefm.com\/wp-content\/uploads\/2025\/06\/hurricane-1335x786-1.avif",1420,836,false],"2048x2048":["https:\/\/radioecoutefm.com\/wp-content\/uploads\/2025\/06\/hurricane-1335x786-1.avif",1420,836,false],"newsair-slider-full":["https:\/\/radioecoutefm.com\/wp-content\/uploads\/2025\/06\/hurricane-1335x786-1.avif",1223,720,false],"newsair-featured":["https:\/\/radioecoutefm.com\/wp-content\/uploads\/2025\/06\/hurricane-1335x786-1.avif",1024,603,false],"newsair-medium":["https:\/\/radioecoutefm.com\/wp-content\/uploads\/2025\/06\/hurricane-1335x786-1.avif",645,380,false]},"uagb_author_info":{"display_name":"Ecoute FM","author_link":"https:\/\/radioecoutefm.com\/index.php\/author\/borgellaattis\/"},"uagb_comment_info":0,"uagb_excerpt":"\u00c0 l\u2019approche de la saison des ouragans de l\u2019Atlantique 2025, les Nations Unies lancent un nouvel appel \u00e0 l\u2019aide pour Ha\u00efti, confront\u00e9 \u00e0 une situation humanitaire critique. Selon St\u00e9phane Dujarric, porte-parole de l\u2019ONU, le pays entame cette p\u00e9riode \u00e0 haut risque \u00ab sans r\u00e9serves alimentaires pr\u00e9positionn\u00e9es et sans financement disponible pour r\u00e9pondre rapidement \u00e0 une&hellip;","jetpack_sharing_enabled":true,"jetpack_shortlink":"https:\/\/wp.me\/pgoyna-1mF","jetpack-related-posts":[{"id":4930,"url":"https:\/\/radioecoutefm.com\/index.php\/2025\/06\/06\/haiti-au-bord-de-la-famine-lonu-alerte-et-reclame-une-aide-durgence-de-46-millions-de-dollars\/","url_meta":{"origin":5249,"position":0},"title":"Ha\u00efti au bord de la famine : l\u2019ONU alerte et r\u00e9clame une aide d\u2019urgence de 46 millions de dollars","author":"Ecoute FM","date":"06.06.2025","format":false,"excerpt":"Ha\u00efti traverse l\u2019une des pires crises humanitaires de son histoire r\u00e9cente. Face \u00e0 une ins\u00e9curit\u00e9 alimentaire galopante, le Programme alimentaire mondial (PAM) de l\u2019ONU a lanc\u00e9 un appel urgent de 46 millions de dollars pour les six prochains mois. L\u2019objectif : emp\u00eacher que des milliers de personnes sombrent dans la\u2026","rel":"","context":"In &quot;SOCIETE&quot;","block_context":{"text":"SOCIETE","link":"https:\/\/radioecoutefm.com\/index.php\/category\/societe\/"},"img":{"alt_text":"","src":"https:\/\/i0.wp.com\/radioecoutefm.com\/wp-content\/uploads\/2025\/06\/pam-1.jpg?fit=1200%2C466&ssl=1&resize=350%2C200","width":350,"height":200,"srcset":"https:\/\/i0.wp.com\/radioecoutefm.com\/wp-content\/uploads\/2025\/06\/pam-1.jpg?fit=1200%2C466&ssl=1&resize=350%2C200 1x, https:\/\/i0.wp.com\/radioecoutefm.com\/wp-content\/uploads\/2025\/06\/pam-1.jpg?fit=1200%2C466&ssl=1&resize=525%2C300 1.5x, https:\/\/i0.wp.com\/radioecoutefm.com\/wp-content\/uploads\/2025\/06\/pam-1.jpg?fit=1200%2C466&ssl=1&resize=700%2C400 2x, https:\/\/i0.wp.com\/radioecoutefm.com\/wp-content\/uploads\/2025\/06\/pam-1.jpg?fit=1200%2C466&ssl=1&resize=1050%2C600 3x"},"classes":[]},{"id":4704,"url":"https:\/\/radioecoutefm.com\/index.php\/2025\/05\/30\/saison-cyclonique-2025-une-activite-record-attendue-dans-latlantique\/","url_meta":{"origin":5249,"position":1},"title":"Saison cyclonique 2025 : une activit\u00e9 record attendue dans l\u2019Atlantique","author":"Ecoute FM","date":"30.05.2025","format":false,"excerpt":"La saison des ouragans 2025, qui s\u2019\u00e9tend du 1er juin au 30 novembre, s\u2019annonce particuli\u00e8rement active. Selon la \u00abNational Oceanic and Atmospheric Administration\u00bb (NOAA), il y a 60 % de probabilit\u00e9 qu\u2019elle soit sup\u00e9rieure \u00e0 la normale, avec jusqu\u2019\u00e0 19 temp\u00eates nomm\u00e9es, dont 10 ouragans et 5 ouragans majeurs (cat\u00e9gorie\u2026","rel":"","context":"In &quot;SOCIETE&quot;","block_context":{"text":"SOCIETE","link":"https:\/\/radioecoutefm.com\/index.php\/category\/societe\/"},"img":{"alt_text":"","src":"https:\/\/i0.wp.com\/radioecoutefm.com\/wp-content\/uploads\/2025\/05\/cyclone.jpeg?fit=807%2C419&ssl=1&resize=350%2C200","width":350,"height":200,"srcset":"https:\/\/i0.wp.com\/radioecoutefm.com\/wp-content\/uploads\/2025\/05\/cyclone.jpeg?fit=807%2C419&ssl=1&resize=350%2C200 1x, https:\/\/i0.wp.com\/radioecoutefm.com\/wp-content\/uploads\/2025\/05\/cyclone.jpeg?fit=807%2C419&ssl=1&resize=525%2C300 1.5x, https:\/\/i0.wp.com\/radioecoutefm.com\/wp-content\/uploads\/2025\/05\/cyclone.jpeg?fit=807%2C419&ssl=1&resize=700%2C400 2x"},"classes":[]},{"id":3365,"url":"https:\/\/radioecoutefm.com\/index.php\/2025\/04\/24\/republique-dominicaine-des-femmes-haitiennes-enceintes-traquees-dans-les-hopitaux-publics-lonu-tire-la-sonnette-dalarme\/","url_meta":{"origin":5249,"position":2},"title":"R\u00e9publique dominicaine : Des femmes ha\u00eftiennes enceintes traqu\u00e9es dans les h\u00f4pitaux publics \u2013 L\u2019ONU tire la sonnette d\u2019alarme","author":"Ecoute FM","date":"24.04.2025","format":false,"excerpt":"\u03a1En R\u00e9publique dominicaine, les h\u00f4pitaux publics sont d\u00e9sormais le th\u00e9\u00e2tre d\u2019une chasse aux femmes enceintes d\u2019origine ha\u00eftienne. Une mesure jug\u00e9e inhumaine et dangereuse par l\u2019ONU, qui d\u00e9nonce une d\u00e9rive inqui\u00e9tante dans la gestion de la crise migratoire \u00e0 la fronti\u00e8re haitiano-dominicaine. Depuis lundi, les autorit\u00e9s dominicaines appliquent un protocole de\u2026","rel":"","context":"In &quot;INTERNATIONAL&quot;","block_context":{"text":"INTERNATIONAL","link":"https:\/\/radioecoutefm.com\/index.php\/category\/international\/"},"img":{"alt_text":"","src":"https:\/\/i0.wp.com\/radioecoutefm.com\/wp-content\/uploads\/2025\/04\/IMG_1795.jpeg?fit=1170%2C640&ssl=1&resize=350%2C200","width":350,"height":200,"srcset":"https:\/\/i0.wp.com\/radioecoutefm.com\/wp-content\/uploads\/2025\/04\/IMG_1795.jpeg?fit=1170%2C640&ssl=1&resize=350%2C200 1x, https:\/\/i0.wp.com\/radioecoutefm.com\/wp-content\/uploads\/2025\/04\/IMG_1795.jpeg?fit=1170%2C640&ssl=1&resize=525%2C300 1.5x, https:\/\/i0.wp.com\/radioecoutefm.com\/wp-content\/uploads\/2025\/04\/IMG_1795.jpeg?fit=1170%2C640&ssl=1&resize=700%2C400 2x, https:\/\/i0.wp.com\/radioecoutefm.com\/wp-content\/uploads\/2025\/04\/IMG_1795.jpeg?fit=1170%2C640&ssl=1&resize=1050%2C600 3x"},"classes":[]},{"id":6183,"url":"https:\/\/radioecoutefm.com\/index.php\/2025\/10\/22\/haiti-sous-la-menace-de-la-tempete-tropicale-melissa\/","url_meta":{"origin":5249,"position":3},"title":"Ha\u00efti sous la menace de la temp\u00eate tropicale Melissa","author":"Ecoute FM","date":"22.10.2025","format":false,"excerpt":"Alors qu\u2019elle s\u2019approche des c\u00f4tes ha\u00eftiennes, la temp\u00eate tropicale Melissa, form\u00e9e ce mardi \u00e0 11 heures, inqui\u00e8te d\u00e9j\u00e0 les autorit\u00e9s r\u00e9gionales. Selon le Centre national des ouragans (NHC), bas\u00e9 aux \u00c9tats-Unis, le syst\u00e8me pourrait se transformer en ouragan dans les prochaines heures. En cons\u00e9quence, une veille d\u2019ouragan a \u00e9t\u00e9 \u00e9mise\u2026","rel":"","context":"In &quot;SOCIETE&quot;","block_context":{"text":"SOCIETE","link":"https:\/\/radioecoutefm.com\/index.php\/category\/societe\/"},"img":{"alt_text":"","src":"https:\/\/i0.wp.com\/radioecoutefm.com\/wp-content\/uploads\/2025\/10\/6B59B127-2848-46DA-A020-77B076391E36.jpeg?fit=1000%2C554&ssl=1&resize=350%2C200","width":350,"height":200,"srcset":"https:\/\/i0.wp.com\/radioecoutefm.com\/wp-content\/uploads\/2025\/10\/6B59B127-2848-46DA-A020-77B076391E36.jpeg?fit=1000%2C554&ssl=1&resize=350%2C200 1x, https:\/\/i0.wp.com\/radioecoutefm.com\/wp-content\/uploads\/2025\/10\/6B59B127-2848-46DA-A020-77B076391E36.jpeg?fit=1000%2C554&ssl=1&resize=525%2C300 1.5x, https:\/\/i0.wp.com\/radioecoutefm.com\/wp-content\/uploads\/2025\/10\/6B59B127-2848-46DA-A020-77B076391E36.jpeg?fit=1000%2C554&ssl=1&resize=700%2C400 2x"},"classes":[]},{"id":2574,"url":"https:\/\/radioecoutefm.com\/index.php\/2025\/04\/10\/2574\/","url_meta":{"origin":5249,"position":4},"title":"Luis Almagro et et le conseiller pr\u00e9sidentiel, Smith Augustin discutent de la coop\u00e9ration internationale pour renforcer la s\u00e9curit\u00e9 en Ha\u00efti","author":"Ecoute FM","date":"10.04.2025","format":false,"excerpt":"Luis Almagro, secr\u00e9taire g\u00e9n\u00e9ral de l\u2019Organisation des \u00c9tats am\u00e9ricains (OEA), a r\u00e9cemment rencontr\u00e9 plusieurs hauts responsables ha\u00eftiens, dont le conseiller pr\u00e9sidentiel Smith Augustin et la Repr\u00e9sentante d\u2019Ha\u00efti aupr\u00e8s de l\u2019OEA, Myrtha D\u00e9sulm\u00e9. Lors de cette rencontre, ils ont soulign\u00e9 la n\u00e9cessit\u00e9 d\u2019intensifier la coop\u00e9ration internationale pour soutenir Ha\u00efti face \u00e0\u2026","rel":"","context":"In &quot;INSECURITE&quot;","block_context":{"text":"INSECURITE","link":"https:\/\/radioecoutefm.com\/index.php\/category\/securite\/"},"img":{"alt_text":"","src":"https:\/\/i0.wp.com\/radioecoutefm.com\/wp-content\/uploads\/2025\/04\/IMG_1632.jpeg?fit=400%2C320&ssl=1&resize=350%2C200","width":350,"height":200},"classes":[]},{"id":6055,"url":"https:\/\/radioecoutefm.com\/index.php\/2025\/10\/01\/lonu-approuve-une-nouvelle-force-internationale-pour-haiti\/","url_meta":{"origin":5249,"position":5},"title":"L\u2019ONU approuve une nouvelle force internationale pour Ha\u00efti","author":"Ecoute FM","date":"01.10.2025","format":false,"excerpt":"Le Conseil de s\u00e9curit\u00e9 de l\u2019ONU a vot\u00e9 ce mardi la cr\u00e9ation d\u2019une \u00ab Force de r\u00e9pression des gangs \u00bb destin\u00e9e \u00e0 r\u00e9tablir la s\u00e9curit\u00e9 en Ha\u00efti. Dirig\u00e9e par le Kenya, cette mission plus robuste et offensive remplacera la pr\u00e9c\u00e9dente force multinationale de soutien, dont l\u2019efficacit\u00e9 avait \u00e9t\u00e9 jug\u00e9e insuffisante.\u2026","rel":"","context":"In &quot;SECURITE&quot;","block_context":{"text":"SECURITE","link":"https:\/\/radioecoutefm.com\/index.php\/category\/insecurite\/"},"img":{"alt_text":"","src":"https:\/\/i0.wp.com\/radioecoutefm.com\/wp-content\/uploads\/2025\/10\/EC4E8F04-B120-4B9F-9D35-1D643799A511.jpeg?fit=576%2C324&ssl=1&resize=350%2C200","width":350,"height":200,"srcset":"https:\/\/i0.wp.com\/radioecoutefm.com\/wp-content\/uploads\/2025\/10\/EC4E8F04-B120-4B9F-9D35-1D643799A511.jpeg?fit=576%2C324&ssl=1&resize=350%2C200 1x, https:\/\/i0.wp.com\/radioecoutefm.com\/wp-content\/uploads\/2025\/10\/EC4E8F04-B120-4B9F-9D35-1D643799A511.jpeg?fit=576%2C324&ssl=1&resize=525%2C300 1.5x"},"classes":[]}],"authors":[{"term_id":15,"user_id":1,"is_guest":0,"slug":"borgellaattis","display_name":"Ecoute FM","avatar_url":"https:\/\/secure.gravatar.com\/avatar\/a5369629745bf29c5deb65198d5e38aed1dc2c880c04b3b630ab3f6e8c623b70?s=96&d=mm&r=g","0":null,"1":"","2":"","3":"","4":"","5":"","6":"","7":"","8":""}],"_links":{"self":[{"href":"https:\/\/radioecoutefm.com\/index.php\/wp-json\/wp\/v2\/posts\/5249","targetHints":{"allow":["GET"]}}],"collection":[{"href":"https:\/\/radioecoutefm.com\/index.php\/wp-json\/wp\/v2\/posts"}],"about":[{"href":"https:\/\/radioecoutefm.com\/index.php\/wp-json\/wp\/v2\/types\/post"}],"author":[{"embeddable":true,"href":"https:\/\/radioecoutefm.com\/index.php\/wp-json\/wp\/v2\/users\/1"}],"replies":[{"embeddable":true,"href":"https:\/\/radioecoutefm.com\/index.php\/wp-json\/wp\/v2\/comments?post=5249"}],"version-history":[{"count":1,"href":"https:\/\/radioecoutefm.com\/index.php\/wp-json\/wp\/v2\/posts\/5249\/revisions"}],"predecessor-version":[{"id":5254,"href":"https:\/\/radioecoutefm.com\/index.php\/wp-json\/wp\/v2\/posts\/5249\/revisions\/5254"}],"wp:featuredmedia":[{"embeddable":true,"href":"https:\/\/radioecoutefm.com\/index.php\/wp-json\/wp\/v2\/media\/5250"}],"wp:attachment":[{"href":"https:\/\/radioecoutefm.com\/index.php\/wp-json\/wp\/v2\/media?parent=5249"}],"wp:term":[{"taxonomy":"category","embeddable":true,"href":"https:\/\/radioecoutefm.com\/index.php\/wp-json\/wp\/v2\/categories?post=5249"},{"taxonomy":"post_tag","embeddable":true,"href":"https:\/\/radioecoutefm.com\/index.php\/wp-json\/wp\/v2\/tags?post=5249"},{"taxonomy":"author","embeddable":true,"href":"https:\/\/radioecoutefm.com\/index.php\/wp-json\/wp\/v2\/ppma_author?post=5249"}],"curies":[{"name":"wp","href":"https:\/\/api.w.org\/{rel}","templated":true}]}}