{"id":4923,"date":"2025-06-06T02:21:09","date_gmt":"2025-06-06T02:21:09","guid":{"rendered":"https:\/\/radioecoutefm.com\/?p=4923"},"modified":"2025-06-06T02:21:09","modified_gmt":"2025-06-06T02:21:09","slug":"un-ressortissant-haitien-arrete-apres-fraude-a-limmigration-aux-etats-unis","status":"publish","type":"post","link":"https:\/\/radioecoutefm.com\/index.php\/2025\/06\/06\/un-ressortissant-haitien-arrete-apres-fraude-a-limmigration-aux-etats-unis\/","title":{"rendered":"Un ressortissant ha\u00eftien arr\u00eat\u00e9 apr\u00e8s fraude \u00e0 l\u2019immigration aux \u00c9tats-Unis"},"content":{"rendered":"<p>Les autorit\u00e9s am\u00e9ricaines ont r\u00e9cemment confirm\u00e9 l\u2019arrestation d\u2019un ressortissant ha\u00eftien ayant menti dans sa demande de carte verte. Apr\u00e8s une enqu\u00eate men\u00e9e par les Services de Citoyennet\u00e9 et d\u2019Immigration (USCIS), il a \u00e9t\u00e9 \u00e9tabli que l\u2019individu avait fourni de fausses informations dans le but d\u2019obtenir un statut l\u00e9gal aux \u00c9tats-Unis.<\/p>\n<p>Un juge en immigration a par la suite annul\u00e9 sa carte verte et ordonn\u00e9 son expulsion il y a plusieurs mois. Malgr\u00e9 cette d\u00e9cision judiciaire, l\u2019int\u00e9ress\u00e9 est demeur\u00e9 ill\u00e9galement sur le territoire. Plus \u00e9tonnant encore, il a r\u00e9cemment tent\u00e9 de d\u00e9poser une demande de naturalisation.<\/p>\n<p>C\u2019est \u00e0 ce moment-l\u00e0 qu\u2019il a \u00e9t\u00e9 interpell\u00e9, lorsqu\u2019il s\u2019est pr\u00e9sent\u00e9 \u00e0 un rendez-vous \u00e0 Jacksonville, en Floride. Les agents de l\u2019ICE (Immigration and Customs Enforcement) l\u2019attendaient sur place, et il a \u00e9t\u00e9 arr\u00eat\u00e9.<\/p>\n","protected":false},"excerpt":{"rendered":"<p>Les autorit\u00e9s am\u00e9ricaines ont r\u00e9cemment confirm\u00e9 l\u2019arrestation d\u2019un ressortissant ha\u00eftien ayant menti dans sa demande de carte verte. Apr\u00e8s une enqu\u00eate men\u00e9e par les Services de Citoyennet\u00e9 et d\u2019Immigration (USCIS), il a \u00e9t\u00e9 \u00e9tabli que l\u2019individu avait fourni de fausses informations dans le but d\u2019obtenir un statut l\u00e9gal aux \u00c9tats-Unis. Un juge en immigration a [&hellip;]<\/p>\n","protected":false},"author":1,"featured_media":4925,"comment_status":"open","ping_status":"open","sticky":false,"template":"","format":"standard","meta":{"_uag_custom_page_level_css":"","jetpack_post_was_ever_published":false,"_jetpack_newsletter_access":"","_jetpack_dont_email_post_to_subs":false,"_jetpack_newsletter_tier_id":0,"_jetpack_memberships_contains_paywalled_content":false,"_jetpack_memberships_contains_paid_content":false,"footnotes":"","jetpack_publicize_message":"","jetpack_publicize_feature_enabled":true,"jetpack_social_post_already_shared":true,"jetpack_social_options":{"image_generator_settings":{"template":"highway","default_image_id":0,"font":"","enabled":false},"version":2}},"categories":[65],"tags":[],"ppma_author":[15],"class_list":["post-4923","post","type-post","status-publish","format-standard","has-post-thumbnail","hentry","category-migration"],"aioseo_notices":[],"jetpack_publicize_connections":[],"jetpack_featured_media_url":"https:\/\/i0.wp.com\/radioecoutefm.com\/wp-content\/uploads\/2025\/06\/IMG_2191.jpeg?fit=924%2C615&ssl=1","uagb_featured_image_src":{"full":["https:\/\/i0.wp.com\/radioecoutefm.com\/wp-content\/uploads\/2025\/06\/IMG_2191.jpeg?fit=924%2C615&ssl=1",924,615,false],"thumbnail":["https:\/\/i0.wp.com\/radioecoutefm.com\/wp-content\/uploads\/2025\/06\/IMG_2191.jpeg?resize=150%2C150&ssl=1",150,150,true],"medium":["https:\/\/i0.wp.com\/radioecoutefm.com\/wp-content\/uploads\/2025\/06\/IMG_2191.jpeg?fit=300%2C200&ssl=1",300,200,true],"medium_large":["https:\/\/i0.wp.com\/radioecoutefm.com\/wp-content\/uploads\/2025\/06\/IMG_2191.jpeg?fit=640%2C426&ssl=1",640,426,true],"large":["https:\/\/i0.wp.com\/radioecoutefm.com\/wp-content\/uploads\/2025\/06\/IMG_2191.jpeg?fit=640%2C426&ssl=1",640,426,true],"1536x1536":["https:\/\/i0.wp.com\/radioecoutefm.com\/wp-content\/uploads\/2025\/06\/IMG_2191.jpeg?fit=924%2C615&ssl=1",924,615,true],"2048x2048":["https:\/\/i0.wp.com\/radioecoutefm.com\/wp-content\/uploads\/2025\/06\/IMG_2191.jpeg?fit=924%2C615&ssl=1",924,615,true],"newsair-slider-full":["https:\/\/i0.wp.com\/radioecoutefm.com\/wp-content\/uploads\/2025\/06\/IMG_2191.jpeg?resize=924%2C615&ssl=1",924,615,true],"newsair-featured":["https:\/\/i0.wp.com\/radioecoutefm.com\/wp-content\/uploads\/2025\/06\/IMG_2191.jpeg?fit=924%2C615&ssl=1",924,615,true],"newsair-medium":["https:\/\/i0.wp.com\/radioecoutefm.com\/wp-content\/uploads\/2025\/06\/IMG_2191.jpeg?resize=720%2C380&ssl=1",720,380,true]},"uagb_author_info":{"display_name":"Ecoute FM","author_link":"https:\/\/radioecoutefm.com\/index.php\/author\/borgellaattis\/"},"uagb_comment_info":0,"uagb_excerpt":"Les autorit\u00e9s am\u00e9ricaines ont r\u00e9cemment confirm\u00e9 l\u2019arrestation d\u2019un ressortissant ha\u00eftien ayant menti dans sa demande de carte verte. Apr\u00e8s une enqu\u00eate men\u00e9e par les Services de Citoyennet\u00e9 et d\u2019Immigration (USCIS), il a \u00e9t\u00e9 \u00e9tabli que l\u2019individu avait fourni de fausses informations dans le but d\u2019obtenir un statut l\u00e9gal aux \u00c9tats-Unis. Un juge en immigration a&hellip;","jetpack_sharing_enabled":true,"jetpack_shortlink":"https:\/\/wp.me\/pgoyna-1hp","jetpack-related-posts":[{"id":5646,"url":"https:\/\/radioecoutefm.com\/index.php\/2025\/07\/24\/etats-unis-les-detenteurs-de-carte-verte-rappeles-a-lordre-par-les-autorites\/","url_meta":{"origin":4923,"position":0},"title":"\u00c9tats-Unis : les d\u00e9tenteurs de carte verte rappel\u00e9s \u00e0 l\u2019ordre par les autorit\u00e9s","author":"Ecoute FM","date":"24.07.2025","format":false,"excerpt":"Le Service des douanes et de la protection des fronti\u00e8res (CBP) a r\u00e9cemment \u00e9mis un avertissement officiel aux r\u00e9sidents permanents l\u00e9gaux des \u00c9tats-Unis, leur rappelant l\u2019obligation de porter en tout temps leur carte verte. Ce document, qui donne le droit de vivre et de travailler de fa\u00e7on permanente sur le\u2026","rel":"","context":"In &quot;MIGRATION&quot;","block_context":{"text":"MIGRATION","link":"https:\/\/radioecoutefm.com\/index.php\/category\/migration\/"},"img":{"alt_text":"","src":"https:\/\/i0.wp.com\/radioecoutefm.com\/wp-content\/uploads\/2025\/07\/green-card-benefits-explained.jpg?fit=900%2C550&ssl=1&resize=350%2C200","width":350,"height":200,"srcset":"https:\/\/i0.wp.com\/radioecoutefm.com\/wp-content\/uploads\/2025\/07\/green-card-benefits-explained.jpg?fit=900%2C550&ssl=1&resize=350%2C200 1x, https:\/\/i0.wp.com\/radioecoutefm.com\/wp-content\/uploads\/2025\/07\/green-card-benefits-explained.jpg?fit=900%2C550&ssl=1&resize=525%2C300 1.5x, https:\/\/i0.wp.com\/radioecoutefm.com\/wp-content\/uploads\/2025\/07\/green-card-benefits-explained.jpg?fit=900%2C550&ssl=1&resize=700%2C400 2x"},"classes":[]},{"id":5979,"url":"https:\/\/radioecoutefm.com\/index.php\/2025\/09\/24\/arrestation-de-dimitri-vorbe-aux-etats-unis\/","url_meta":{"origin":4923,"position":1},"title":"Arrestation de Dimitri Vorbe aux \u00c9tats-Unis","author":"Ecoute FM","date":"24.09.2025","format":false,"excerpt":"L\u2019homme d\u2019affaires ha\u00eftien Dimitri Vorbe, ancien directeur ex\u00e9cutif de la Soci\u00e9t\u00e9 G\u00e9n\u00e9rale d\u2019\u00c9nergie S.A. (SOGENER), a \u00e9t\u00e9 arr\u00eat\u00e9 ce mardi par les autorit\u00e9s am\u00e9ricaines. Selon des sources, il a \u00e9t\u00e9 interpell\u00e9 \u00e0 son domicile en Floride par les agents de l\u2019Immigration and Customs Enforcement (ICE). Figure influente du secteur priv\u00e9\u2026","rel":"","context":"In &quot;ARRESTATION&quot;","block_context":{"text":"ARRESTATION","link":"https:\/\/radioecoutefm.com\/index.php\/category\/arrestation\/"},"img":{"alt_text":"","src":"https:\/\/i0.wp.com\/radioecoutefm.com\/wp-content\/uploads\/2025\/09\/EABB055A-520D-4B8A-97FF-ED24D78506AC.jpeg?fit=554%2C554&ssl=1&resize=350%2C200","width":350,"height":200,"srcset":"https:\/\/i0.wp.com\/radioecoutefm.com\/wp-content\/uploads\/2025\/09\/EABB055A-520D-4B8A-97FF-ED24D78506AC.jpeg?fit=554%2C554&ssl=1&resize=350%2C200 1x, https:\/\/i0.wp.com\/radioecoutefm.com\/wp-content\/uploads\/2025\/09\/EABB055A-520D-4B8A-97FF-ED24D78506AC.jpeg?fit=554%2C554&ssl=1&resize=525%2C300 1.5x"},"classes":[]},{"id":1358,"url":"https:\/\/radioecoutefm.com\/index.php\/2025\/03\/06\/35-000-dollars-americains-par-mois-engages-par-le-gouvernement-haitien-pour-un-lobbyiste-aux-etats-unis\/","url_meta":{"origin":4923,"position":2},"title":"35 000 dollars am\u00e9ricains par mois engag\u00e9s par le gouvernement ha\u00eftien pour un lobbyiste aux \u00c9tats-Unis","author":"Claude DIEUPHENE","date":"06.03.2025","format":false,"excerpt":"Le gouvernement ha\u00eftien a d\u00e9cid\u00e9 d\u2019allouer une somme de 35 000 dollars am\u00e9ricains par mois \u00e0 une firme de lobbyistes bas\u00e9e aux \u00c9tats-Unis, dans le but d\u2019influencer la Maison-Blanche sur la question ha\u00eftienne. Ce contrat a \u00e9t\u00e9 sign\u00e9 par le Premier ministre Alix Didier Fils-Aim\u00e9 le 7 f\u00e9vrier dernier et\u2026","rel":"","context":"In &quot;POLITIQUE&quot;","block_context":{"text":"POLITIQUE","link":"https:\/\/radioecoutefm.com\/index.php\/category\/politique\/"},"img":{"alt_text":"","src":"https:\/\/i0.wp.com\/radioecoutefm.com\/wp-content\/uploads\/2025\/03\/filsaime.jpg?fit=1200%2C846&ssl=1&resize=350%2C200","width":350,"height":200,"srcset":"https:\/\/i0.wp.com\/radioecoutefm.com\/wp-content\/uploads\/2025\/03\/filsaime.jpg?fit=1200%2C846&ssl=1&resize=350%2C200 1x, https:\/\/i0.wp.com\/radioecoutefm.com\/wp-content\/uploads\/2025\/03\/filsaime.jpg?fit=1200%2C846&ssl=1&resize=525%2C300 1.5x, https:\/\/i0.wp.com\/radioecoutefm.com\/wp-content\/uploads\/2025\/03\/filsaime.jpg?fit=1200%2C846&ssl=1&resize=700%2C400 2x, https:\/\/i0.wp.com\/radioecoutefm.com\/wp-content\/uploads\/2025\/03\/filsaime.jpg?fit=1200%2C846&ssl=1&resize=1050%2C600 3x"},"classes":[]},{"id":2487,"url":"https:\/\/radioecoutefm.com\/index.php\/2025\/04\/08\/benchy-couloute-ancien-policier-haitien-arrete-pour-meurtre-aux-etats-unis\/","url_meta":{"origin":4923,"position":3},"title":"Benchy Couloute, ancien policier ha\u00eftien, arr\u00eat\u00e9 pour meurtre aux \u00c9tats-Unis","author":"Ecoute FM","date":"08.04.2025","format":false,"excerpt":"Benchy Couloute, 45 ans, ancien policier ha\u00eftien r\u00e9sidant \u00e0 Jacksonville, a \u00e9t\u00e9 arr\u00eat\u00e9 jeudi 4 avril dans l\u2019\u00c9tat de l\u2019Indiana. Il est accus\u00e9 de meurtre au premier degr\u00e9 dans le cadre de l\u2019homicide de Junior Ngoyi Kalonji, 37 ans, \u00e0 Beardstown, dans l\u2019Illinois. La police a retrouv\u00e9 Kalonji inconscient \u00e0\u2026","rel":"","context":"In &quot;INTERNATIONAL&quot;","block_context":{"text":"INTERNATIONAL","link":"https:\/\/radioecoutefm.com\/index.php\/category\/international\/"},"img":{"alt_text":"","src":"https:\/\/i0.wp.com\/radioecoutefm.com\/wp-content\/uploads\/2025\/04\/IMG_1614.jpeg?fit=1170%2C1150&ssl=1&resize=350%2C200","width":350,"height":200,"srcset":"https:\/\/i0.wp.com\/radioecoutefm.com\/wp-content\/uploads\/2025\/04\/IMG_1614.jpeg?fit=1170%2C1150&ssl=1&resize=350%2C200 1x, https:\/\/i0.wp.com\/radioecoutefm.com\/wp-content\/uploads\/2025\/04\/IMG_1614.jpeg?fit=1170%2C1150&ssl=1&resize=525%2C300 1.5x, https:\/\/i0.wp.com\/radioecoutefm.com\/wp-content\/uploads\/2025\/04\/IMG_1614.jpeg?fit=1170%2C1150&ssl=1&resize=700%2C400 2x, https:\/\/i0.wp.com\/radioecoutefm.com\/wp-content\/uploads\/2025\/04\/IMG_1614.jpeg?fit=1170%2C1150&ssl=1&resize=1050%2C600 3x"},"classes":[]},{"id":5352,"url":"https:\/\/radioecoutefm.com\/index.php\/2025\/06\/23\/gold-cup-2025-haiti-eliminee-apres-une-courte-defaite-face-aux-etats-unis\/","url_meta":{"origin":4923,"position":4},"title":"Gold Cup 2025 : Ha\u00efti \u00e9limin\u00e9e apr\u00e8s une courte d\u00e9faite face aux \u00c9tats-Unis","author":"Ecoute FM","date":"23.06.2025","format":false,"excerpt":"L'aventure des Grenadiers dans la Gold Cup 2025 s'arr\u00eate d\u00e8s la phase de groupes. Ce samedi soir, la s\u00e9lection ha\u00eftienne a \u00e9t\u00e9 battue 2-1 par les \u00c9tats-Unis, dans un match d\u00e9cisif du groupe D. Avec un seul point glan\u00e9 en trois rencontres, Ha\u00efti termine lanterne rouge et dit adieu \u00e0\u2026","rel":"","context":"In &quot;SPORT&quot;","block_context":{"text":"SPORT","link":"https:\/\/radioecoutefm.com\/index.php\/category\/sport\/"},"img":{"alt_text":"","src":"https:\/\/i0.wp.com\/radioecoutefm.com\/wp-content\/uploads\/2025\/06\/Haiti-elimne.png?fit=393%2C263&ssl=1&resize=350%2C200","width":350,"height":200},"classes":[]},{"id":3619,"url":"https:\/\/radioecoutefm.com\/index.php\/2025\/04\/30\/les-etats-unis-sappretent-a-designer-les-gangs-haitiens-comme-organisations-terroristes\/","url_meta":{"origin":4923,"position":5},"title":"Les \u00c9tats-Unis s&#8217;appr\u00eatent \u00e0 d\u00e9signer les gangs ha\u00eftiens comme organisations terroristes","author":"Ecoute FM","date":"30.04.2025","format":false,"excerpt":"L'administration Trump a r\u00e9cemment inform\u00e9 officiellement, ce mardi 29 avril, le Congr\u00e8s de son intention de classer les gangs ha\u00eftiens parmi les organisations terroristes \u00e9trang\u00e8res, selon des informations obtenues par l'Associated Press. Cette mesure s\u2019inscrit dans une strat\u00e9gie plus large de lutte contre les groupes criminels transnationaux et renforcerait la\u2026","rel":"","context":"In &quot;INSECURITE&quot;","block_context":{"text":"INSECURITE","link":"https:\/\/radioecoutefm.com\/index.php\/category\/securite\/"},"img":{"alt_text":"","src":"https:\/\/i0.wp.com\/radioecoutefm.com\/wp-content\/uploads\/2025\/04\/054789EA-5F8C-499D-B302-E3EE94098D60.webp?fit=862%2C485&ssl=1&resize=350%2C200","width":350,"height":200,"srcset":"https:\/\/i0.wp.com\/radioecoutefm.com\/wp-content\/uploads\/2025\/04\/054789EA-5F8C-499D-B302-E3EE94098D60.webp?fit=862%2C485&ssl=1&resize=350%2C200 1x, https:\/\/i0.wp.com\/radioecoutefm.com\/wp-content\/uploads\/2025\/04\/054789EA-5F8C-499D-B302-E3EE94098D60.webp?fit=862%2C485&ssl=1&resize=525%2C300 1.5x, https:\/\/i0.wp.com\/radioecoutefm.com\/wp-content\/uploads\/2025\/04\/054789EA-5F8C-499D-B302-E3EE94098D60.webp?fit=862%2C485&ssl=1&resize=700%2C400 2x"},"classes":[]}],"authors":[{"term_id":15,"user_id":1,"is_guest":0,"slug":"borgellaattis","display_name":"Ecoute FM","avatar_url":"https:\/\/secure.gravatar.com\/avatar\/a5369629745bf29c5deb65198d5e38aed1dc2c880c04b3b630ab3f6e8c623b70?s=96&d=mm&r=g","0":null,"1":"","2":"","3":"","4":"","5":"","6":"","7":"","8":""}],"_links":{"self":[{"href":"https:\/\/radioecoutefm.com\/index.php\/wp-json\/wp\/v2\/posts\/4923","targetHints":{"allow":["GET"]}}],"collection":[{"href":"https:\/\/radioecoutefm.com\/index.php\/wp-json\/wp\/v2\/posts"}],"about":[{"href":"https:\/\/radioecoutefm.com\/index.php\/wp-json\/wp\/v2\/types\/post"}],"author":[{"embeddable":true,"href":"https:\/\/radioecoutefm.com\/index.php\/wp-json\/wp\/v2\/users\/1"}],"replies":[{"embeddable":true,"href":"https:\/\/radioecoutefm.com\/index.php\/wp-json\/wp\/v2\/comments?post=4923"}],"version-history":[{"count":1,"href":"https:\/\/radioecoutefm.com\/index.php\/wp-json\/wp\/v2\/posts\/4923\/revisions"}],"predecessor-version":[{"id":4929,"href":"https:\/\/radioecoutefm.com\/index.php\/wp-json\/wp\/v2\/posts\/4923\/revisions\/4929"}],"wp:featuredmedia":[{"embeddable":true,"href":"https:\/\/radioecoutefm.com\/index.php\/wp-json\/wp\/v2\/media\/4925"}],"wp:attachment":[{"href":"https:\/\/radioecoutefm.com\/index.php\/wp-json\/wp\/v2\/media?parent=4923"}],"wp:term":[{"taxonomy":"category","embeddable":true,"href":"https:\/\/radioecoutefm.com\/index.php\/wp-json\/wp\/v2\/categories?post=4923"},{"taxonomy":"post_tag","embeddable":true,"href":"https:\/\/radioecoutefm.com\/index.php\/wp-json\/wp\/v2\/tags?post=4923"},{"taxonomy":"author","embeddable":true,"href":"https:\/\/radioecoutefm.com\/index.php\/wp-json\/wp\/v2\/ppma_author?post=4923"}],"curies":[{"name":"wp","href":"https:\/\/api.w.org\/{rel}","templated":true}]}}