{"id":4205,"date":"2025-05-14T05:36:58","date_gmt":"2025-05-14T05:36:58","guid":{"rendered":"https:\/\/radioecoutefm.com\/?p=4205"},"modified":"2025-05-14T05:36:58","modified_gmt":"2025-05-14T05:36:58","slug":"joe-dwet-file-sacre-a-la-flamme-des-musiques-caribeennes-avec-4-kampe","status":"publish","type":"post","link":"https:\/\/radioecoutefm.com\/index.php\/2025\/05\/14\/joe-dwet-file-sacre-a-la-flamme-des-musiques-caribeennes-avec-4-kampe\/","title":{"rendered":"Jo\u00e9 Dw\u00e8t Fil\u00e9 sacr\u00e9 \u00e0 la Flamme des Musiques carib\u00e9ennes avec \u00ab 4 Kamp\u00e9 \u00bb"},"content":{"rendered":"<p>L&#8217;artiste franco-ha\u00eftien Jo\u00e9 Dw\u00e8t Fil\u00e9 vient de remporter la prestigieuse Flamme des Musiques carib\u00e9ennes ou d&#8217;inspiration carib\u00e9enne gr\u00e2ce \u00e0 son titre ph\u00e9nom\u00e8ne \u00ab 4 Kamp\u00e9 \u00bb. Cette distinction couronne un morceau aux sonorit\u00e9s authentiques qui a conquis le public et les professionnels du secteur.<\/p>\n<p>\u00ab 4 Kamp\u00e9 \u00bb, avec ses rythmes puissamment enracin\u00e9s dans la tradition carib\u00e9enne, confirme le talent de Jo\u00e9 Dw\u00e8t Fil\u00e9 pour fusionner h\u00e9ritage musical ha\u00eftien et productions contemporaines. Cette r\u00e9compense repr\u00e9sente une reconnaissance significative pour l&#8217;artiste qui n&#8217;a cess\u00e9 d&#8217;affirmer ses influences culturelles \u00e0 travers son \u0153uvre.<\/p>\n<p>Cette cons\u00e9cration intervient dans un contexte o\u00f9 les musiques carib\u00e9ennes gagnent en visibilit\u00e9 sur la sc\u00e8ne internationale, port\u00e9es par une nouvelle g\u00e9n\u00e9ration d&#8217;artistes fiers de leurs origines. Pour Jo\u00e9 Dw\u00e8t Fil\u00e9, ce prix pourrait marquer un tournant dans sa carri\u00e8re, lui ouvrant potentiellement les portes d&#8217;une audience encore plus large.<\/p>\n","protected":false},"excerpt":{"rendered":"<p>L&#8217;artiste franco-ha\u00eftien Jo\u00e9 Dw\u00e8t Fil\u00e9 vient de remporter la prestigieuse Flamme des Musiques carib\u00e9ennes ou d&#8217;inspiration carib\u00e9enne gr\u00e2ce \u00e0 son titre ph\u00e9nom\u00e8ne \u00ab 4 Kamp\u00e9 \u00bb. Cette distinction couronne un morceau aux sonorit\u00e9s authentiques qui a conquis le public et les professionnels du secteur. \u00ab 4 Kamp\u00e9 \u00bb, avec ses rythmes puissamment enracin\u00e9s dans la [&hellip;]<\/p>\n","protected":false},"author":1,"featured_media":4206,"comment_status":"open","ping_status":"open","sticky":false,"template":"","format":"standard","meta":{"_uag_custom_page_level_css":"","jetpack_post_was_ever_published":false,"_jetpack_newsletter_access":"","_jetpack_dont_email_post_to_subs":false,"_jetpack_newsletter_tier_id":0,"_jetpack_memberships_contains_paywalled_content":false,"_jetpack_memberships_contains_paid_content":false,"footnotes":"","jetpack_publicize_message":"","jetpack_publicize_feature_enabled":true,"jetpack_social_post_already_shared":true,"jetpack_social_options":{"image_generator_settings":{"template":"highway","default_image_id":0,"font":"","enabled":false},"version":2}},"categories":[9],"tags":[],"ppma_author":[15],"class_list":["post-4205","post","type-post","status-publish","format-standard","has-post-thumbnail","hentry","category-culture"],"aioseo_notices":[],"jetpack_publicize_connections":[],"jetpack_featured_media_url":"https:\/\/i0.wp.com\/radioecoutefm.com\/wp-content\/uploads\/2025\/05\/BA568827-185C-4A99-B8CF-5B3C5C7EED4E.jpeg?fit=299%2C169&ssl=1","uagb_featured_image_src":{"full":["https:\/\/i0.wp.com\/radioecoutefm.com\/wp-content\/uploads\/2025\/05\/BA568827-185C-4A99-B8CF-5B3C5C7EED4E.jpeg?fit=299%2C169&ssl=1",299,169,false],"thumbnail":["https:\/\/i0.wp.com\/radioecoutefm.com\/wp-content\/uploads\/2025\/05\/BA568827-185C-4A99-B8CF-5B3C5C7EED4E.jpeg?resize=150%2C150&ssl=1",150,150,true],"medium":["https:\/\/i0.wp.com\/radioecoutefm.com\/wp-content\/uploads\/2025\/05\/BA568827-185C-4A99-B8CF-5B3C5C7EED4E.jpeg?fit=299%2C169&ssl=1",299,169,true],"medium_large":["https:\/\/i0.wp.com\/radioecoutefm.com\/wp-content\/uploads\/2025\/05\/BA568827-185C-4A99-B8CF-5B3C5C7EED4E.jpeg?fit=299%2C169&ssl=1",299,169,true],"large":["https:\/\/i0.wp.com\/radioecoutefm.com\/wp-content\/uploads\/2025\/05\/BA568827-185C-4A99-B8CF-5B3C5C7EED4E.jpeg?fit=299%2C169&ssl=1",299,169,true],"1536x1536":["https:\/\/i0.wp.com\/radioecoutefm.com\/wp-content\/uploads\/2025\/05\/BA568827-185C-4A99-B8CF-5B3C5C7EED4E.jpeg?fit=299%2C169&ssl=1",299,169,true],"2048x2048":["https:\/\/i0.wp.com\/radioecoutefm.com\/wp-content\/uploads\/2025\/05\/BA568827-185C-4A99-B8CF-5B3C5C7EED4E.jpeg?fit=299%2C169&ssl=1",299,169,true],"newsair-slider-full":["https:\/\/i0.wp.com\/radioecoutefm.com\/wp-content\/uploads\/2025\/05\/BA568827-185C-4A99-B8CF-5B3C5C7EED4E.jpeg?resize=299%2C169&ssl=1",299,169,true],"newsair-featured":["https:\/\/i0.wp.com\/radioecoutefm.com\/wp-content\/uploads\/2025\/05\/BA568827-185C-4A99-B8CF-5B3C5C7EED4E.jpeg?fit=299%2C169&ssl=1",299,169,true],"newsair-medium":["https:\/\/i0.wp.com\/radioecoutefm.com\/wp-content\/uploads\/2025\/05\/BA568827-185C-4A99-B8CF-5B3C5C7EED4E.jpeg?resize=299%2C169&ssl=1",299,169,true]},"uagb_author_info":{"display_name":"Ecoute FM","author_link":"https:\/\/radioecoutefm.com\/index.php\/author\/borgellaattis\/"},"uagb_comment_info":0,"uagb_excerpt":"L&#8217;artiste franco-ha\u00eftien Jo\u00e9 Dw\u00e8t Fil\u00e9 vient de remporter la prestigieuse Flamme des Musiques carib\u00e9ennes ou d&#8217;inspiration carib\u00e9enne gr\u00e2ce \u00e0 son titre ph\u00e9nom\u00e8ne \u00ab 4 Kamp\u00e9 \u00bb. Cette distinction couronne un morceau aux sonorit\u00e9s authentiques qui a conquis le public et les professionnels du secteur. \u00ab 4 Kamp\u00e9 \u00bb, avec ses rythmes puissamment enracin\u00e9s dans la&hellip;","jetpack_sharing_enabled":true,"jetpack_shortlink":"https:\/\/wp.me\/pgoyna-15P","jetpack-related-posts":[{"id":4070,"url":"https:\/\/radioecoutefm.com\/index.php\/2025\/05\/10\/joe-dwet-file-en-lice-pour-les-bet-awards-et-les-flammes-2025\/","url_meta":{"origin":4205,"position":0},"title":"Joe Dw\u00e8t Fil\u00e9 en lice pour les BET Awards et Les Flammes 2025","author":"Ecoute FM","date":"10.05.2025","format":false,"excerpt":"Le talent de Joe Dw\u00e8t Fil\u00e9 continue de franchir les fronti\u00e8res. L\u2019artiste ha\u00eftiano-fran\u00e7ais vient d\u2019\u00eatre nomin\u00e9 aux prestigieux BET Awards 2025, dans la cat\u00e9gorie Best International Act. La c\u00e9r\u00e9monie se tiendra le lundi 9 juin 2025 au Peacock Theater \u00e0 Los Angeles, une sc\u00e8ne embl\u00e9matique o\u00f9 les plus grandes stars\u2026","rel":"","context":"In &quot;CULTURE&quot;","block_context":{"text":"CULTURE","link":"https:\/\/radioecoutefm.com\/index.php\/category\/culture\/"},"img":{"alt_text":"","src":"","width":0,"height":0},"classes":[]},{"id":3386,"url":"https:\/\/radioecoutefm.com\/index.php\/2025\/04\/24\/fabrice-rouzier-poursuit-burna-boy-pour-vol-presume-devant-un-tribunal-de-new-york\/","url_meta":{"origin":4205,"position":1},"title":"Fabrice Rouzier poursuit Burna Boy pour vol pr\u00e9sum\u00e9 devant un tribunal de New York","author":"Ecoute FM","date":"24.04.2025","format":false,"excerpt":"L'ic\u00f4ne de la musique ha\u00eftienne Fabrice Rouzier a poursuivi le musicien nig\u00e9rian Damini Ogulu, connu professionnellement sous le nom de Burna Boy, devant un tribunal de New York.La plainte a \u00e9t\u00e9 d\u00e9pos\u00e9e depuis le 22 avril dernier. Le chanteur aurait vol\u00e9 des compositions sonores et vid\u00e9o de sa chanson \u00ab\u00a0Je\u2026","rel":"","context":"In &quot;CULTURE&quot;","block_context":{"text":"CULTURE","link":"https:\/\/radioecoutefm.com\/index.php\/category\/culture\/"},"img":{"alt_text":"","src":"https:\/\/i0.wp.com\/radioecoutefm.com\/wp-content\/uploads\/2025\/04\/4B2C7181-B0CE-4683-8D66-F6CA634C7C41.png?fit=710%2C400&ssl=1&resize=350%2C200","width":350,"height":200,"srcset":"https:\/\/i0.wp.com\/radioecoutefm.com\/wp-content\/uploads\/2025\/04\/4B2C7181-B0CE-4683-8D66-F6CA634C7C41.png?fit=710%2C400&ssl=1&resize=350%2C200 1x, https:\/\/i0.wp.com\/radioecoutefm.com\/wp-content\/uploads\/2025\/04\/4B2C7181-B0CE-4683-8D66-F6CA634C7C41.png?fit=710%2C400&ssl=1&resize=525%2C300 1.5x, https:\/\/i0.wp.com\/radioecoutefm.com\/wp-content\/uploads\/2025\/04\/4B2C7181-B0CE-4683-8D66-F6CA634C7C41.png?fit=710%2C400&ssl=1&resize=700%2C400 2x"},"classes":[]},{"id":3479,"url":"https:\/\/radioecoutefm.com\/index.php\/2025\/04\/26\/frere-dodo-accuse-fabrice-rouzier-davoir-utilise-la-chanson-je-vais-sans-son-autorisation\/","url_meta":{"origin":4205,"position":2},"title":"Fr\u00e8re Dodo accuse Fabrice Rouzier d\u2019avoir utilis\u00e9 la chanson \u00ab Je vais \u00bb sans son autorisation","author":"Ecoute FM","date":"26.04.2025","format":false,"excerpt":"Le chanteur troubadour Fr\u00e8re Dodo est finalement sorti de son silence concernant le succ\u00e8s retentissant de la chanson Je vais \u00e0. Dans une d\u00e9claration publique, l\u2019artiste affirme que malgr\u00e9 la popularit\u00e9 de cette musique dans les rues et sur les r\u00e9seaux sociaux, il n\u2019a re\u00e7u aucun droit ou reconnaissance en\u2026","rel":"","context":"In &quot;CULTURE&quot;","block_context":{"text":"CULTURE","link":"https:\/\/radioecoutefm.com\/index.php\/category\/culture\/"},"img":{"alt_text":"","src":"https:\/\/i0.wp.com\/radioecoutefm.com\/wp-content\/uploads\/2025\/04\/IMG_1827.jpeg?fit=640%2C640&ssl=1&resize=350%2C200","width":350,"height":200,"srcset":"https:\/\/i0.wp.com\/radioecoutefm.com\/wp-content\/uploads\/2025\/04\/IMG_1827.jpeg?fit=640%2C640&ssl=1&resize=350%2C200 1x, https:\/\/i0.wp.com\/radioecoutefm.com\/wp-content\/uploads\/2025\/04\/IMG_1827.jpeg?fit=640%2C640&ssl=1&resize=525%2C300 1.5x"},"classes":[]},{"id":5828,"url":"https:\/\/radioecoutefm.com\/index.php\/2025\/09\/14\/rutshelle-desir-sacree-artiste-konpa-de-lannee-au-caribbean-music-awards-2025\/","url_meta":{"origin":4205,"position":3},"title":"Rutshelle D\u00e9sir sacr\u00e9e \u00ab Artiste Konpa de l\u2019ann\u00e9e \u00bb au Caribbean Music Awards 2025","author":"Ecoute FM","date":"14.09.2025","format":false,"excerpt":"La sc\u00e8ne musicale ha\u00eftienne rayonne \u00e0 nouveau sur le plan international. La chanteuse Rutshelle D\u00e9sir, surnomm\u00e9e \u00ab La Rebelle \u00bb, a \u00e9t\u00e9 couronn\u00e9e \u00ab Artiste Konpa of the Year \u00bb lors des Caribbean Music Awards 2025. L\u2019annonce a \u00e9t\u00e9 rendue publique ce vendredi via la page officielle de l\u2019\u00e9v\u00e9nement, confirmant\u2026","rel":"","context":"In &quot;CULTURE&quot;","block_context":{"text":"CULTURE","link":"https:\/\/radioecoutefm.com\/index.php\/category\/culture\/"},"img":{"alt_text":"","src":"https:\/\/i0.wp.com\/radioecoutefm.com\/wp-content\/uploads\/2025\/09\/513C2138-50CF-4931-9107-5BB898840B86.jpeg?fit=1080%2C1046&ssl=1&resize=350%2C200","width":350,"height":200,"srcset":"https:\/\/i0.wp.com\/radioecoutefm.com\/wp-content\/uploads\/2025\/09\/513C2138-50CF-4931-9107-5BB898840B86.jpeg?fit=1080%2C1046&ssl=1&resize=350%2C200 1x, https:\/\/i0.wp.com\/radioecoutefm.com\/wp-content\/uploads\/2025\/09\/513C2138-50CF-4931-9107-5BB898840B86.jpeg?fit=1080%2C1046&ssl=1&resize=525%2C300 1.5x, https:\/\/i0.wp.com\/radioecoutefm.com\/wp-content\/uploads\/2025\/09\/513C2138-50CF-4931-9107-5BB898840B86.jpeg?fit=1080%2C1046&ssl=1&resize=700%2C400 2x, https:\/\/i0.wp.com\/radioecoutefm.com\/wp-content\/uploads\/2025\/09\/513C2138-50CF-4931-9107-5BB898840B86.jpeg?fit=1080%2C1046&ssl=1&resize=1050%2C600 3x"},"classes":[]},{"id":4739,"url":"https:\/\/radioecoutefm.com\/index.php\/2025\/05\/31\/sommet-de-laec-la-colombie-plaide-pour-une-solidarite-caribeenne-avec-haiti\/","url_meta":{"origin":4205,"position":4},"title":"Sommet de l\u2019AEC : La Colombie plaide pour une solidarit\u00e9 carib\u00e9enne avec Ha\u00efti","author":"Ecoute FM","date":"31.05.2025","format":false,"excerpt":"\u00c0 l\u2019ouverture du 10e sommet des chefs d\u2019\u00c9tat et de gouvernement de l\u2019Association des \u00c9tats de la Cara\u00efbe (AEC), ce vendredi \u00e0 Monter\u00eda, la Colombie a lanc\u00e9 un appel \u00e0 une mobilisation r\u00e9gionale pour faire face \u00e0 la grave crise que traverse Ha\u00efti. La ministre colombienne des Affaires \u00e9trang\u00e8res, Laura\u2026","rel":"","context":"In &quot;POLITIQUE&quot;","block_context":{"text":"POLITIQUE","link":"https:\/\/radioecoutefm.com\/index.php\/category\/politique\/"},"img":{"alt_text":"","src":"https:\/\/i0.wp.com\/radioecoutefm.com\/wp-content\/uploads\/2025\/05\/ministre-colombie.jpg?fit=1200%2C800&ssl=1&resize=350%2C200","width":350,"height":200,"srcset":"https:\/\/i0.wp.com\/radioecoutefm.com\/wp-content\/uploads\/2025\/05\/ministre-colombie.jpg?fit=1200%2C800&ssl=1&resize=350%2C200 1x, https:\/\/i0.wp.com\/radioecoutefm.com\/wp-content\/uploads\/2025\/05\/ministre-colombie.jpg?fit=1200%2C800&ssl=1&resize=525%2C300 1.5x, https:\/\/i0.wp.com\/radioecoutefm.com\/wp-content\/uploads\/2025\/05\/ministre-colombie.jpg?fit=1200%2C800&ssl=1&resize=700%2C400 2x, https:\/\/i0.wp.com\/radioecoutefm.com\/wp-content\/uploads\/2025\/05\/ministre-colombie.jpg?fit=1200%2C800&ssl=1&resize=1050%2C600 3x"},"classes":[]},{"id":5497,"url":"https:\/\/radioecoutefm.com\/index.php\/2025\/06\/30\/binuh-maria-isabel-salvador-fait-ses-adieux-a-haiti\/","url_meta":{"origin":4205,"position":5},"title":"BINUH: Maria Isabel Salvador fait ses adieux \u00e0 Ha\u00efti","author":"Ecoute FM","date":"30.06.2025","format":false,"excerpt":"La Repr\u00e9sentante sp\u00e9ciale du Secr\u00e9taire g\u00e9n\u00e9ral des Nations Unies en Ha\u00efti, Maria Isabel Salvador, a adress\u00e9 un message poignant au peuple ha\u00eftien alors qu\u2019elle termine sa mission dans le pays. Dans cette lettre d\u2019au revoir diffus\u00e9e par le Bureau int\u00e9gr\u00e9 des Nations Unies en Ha\u00efti (BINUH), la diplomate exprime toute\u2026","rel":"","context":"In &quot;POLITIQUE&quot;","block_context":{"text":"POLITIQUE","link":"https:\/\/radioecoutefm.com\/index.php\/category\/politique\/"},"img":{"alt_text":"","src":"https:\/\/i0.wp.com\/radioecoutefm.com\/wp-content\/uploads\/2025\/06\/9D80AEED-C86D-4C11-B8A3-164A7B936AEB.jpeg?fit=679%2C386&ssl=1&resize=350%2C200","width":350,"height":200,"srcset":"https:\/\/i0.wp.com\/radioecoutefm.com\/wp-content\/uploads\/2025\/06\/9D80AEED-C86D-4C11-B8A3-164A7B936AEB.jpeg?fit=679%2C386&ssl=1&resize=350%2C200 1x, https:\/\/i0.wp.com\/radioecoutefm.com\/wp-content\/uploads\/2025\/06\/9D80AEED-C86D-4C11-B8A3-164A7B936AEB.jpeg?fit=679%2C386&ssl=1&resize=525%2C300 1.5x"},"classes":[]}],"authors":[{"term_id":15,"user_id":1,"is_guest":0,"slug":"borgellaattis","display_name":"Ecoute FM","avatar_url":"https:\/\/secure.gravatar.com\/avatar\/a5369629745bf29c5deb65198d5e38aed1dc2c880c04b3b630ab3f6e8c623b70?s=96&d=mm&r=g","0":null,"1":"","2":"","3":"","4":"","5":"","6":"","7":"","8":""}],"_links":{"self":[{"href":"https:\/\/radioecoutefm.com\/index.php\/wp-json\/wp\/v2\/posts\/4205","targetHints":{"allow":["GET"]}}],"collection":[{"href":"https:\/\/radioecoutefm.com\/index.php\/wp-json\/wp\/v2\/posts"}],"about":[{"href":"https:\/\/radioecoutefm.com\/index.php\/wp-json\/wp\/v2\/types\/post"}],"author":[{"embeddable":true,"href":"https:\/\/radioecoutefm.com\/index.php\/wp-json\/wp\/v2\/users\/1"}],"replies":[{"embeddable":true,"href":"https:\/\/radioecoutefm.com\/index.php\/wp-json\/wp\/v2\/comments?post=4205"}],"version-history":[{"count":1,"href":"https:\/\/radioecoutefm.com\/index.php\/wp-json\/wp\/v2\/posts\/4205\/revisions"}],"predecessor-version":[{"id":4210,"href":"https:\/\/radioecoutefm.com\/index.php\/wp-json\/wp\/v2\/posts\/4205\/revisions\/4210"}],"wp:featuredmedia":[{"embeddable":true,"href":"https:\/\/radioecoutefm.com\/index.php\/wp-json\/wp\/v2\/media\/4206"}],"wp:attachment":[{"href":"https:\/\/radioecoutefm.com\/index.php\/wp-json\/wp\/v2\/media?parent=4205"}],"wp:term":[{"taxonomy":"category","embeddable":true,"href":"https:\/\/radioecoutefm.com\/index.php\/wp-json\/wp\/v2\/categories?post=4205"},{"taxonomy":"post_tag","embeddable":true,"href":"https:\/\/radioecoutefm.com\/index.php\/wp-json\/wp\/v2\/tags?post=4205"},{"taxonomy":"author","embeddable":true,"href":"https:\/\/radioecoutefm.com\/index.php\/wp-json\/wp\/v2\/ppma_author?post=4205"}],"curies":[{"name":"wp","href":"https:\/\/api.w.org\/{rel}","templated":true}]}}