{"id":4121,"date":"2025-05-10T19:53:54","date_gmt":"2025-05-10T19:53:54","guid":{"rendered":"https:\/\/radioecoutefm.com\/?p=4121"},"modified":"2025-05-10T19:53:54","modified_gmt":"2025-05-10T19:53:54","slug":"nord-est-les-autorites-haitiennes-remettent-une-arme-volee-aux-autorites-dominicaines","status":"publish","type":"post","link":"https:\/\/radioecoutefm.com\/index.php\/2025\/05\/10\/nord-est-les-autorites-haitiennes-remettent-une-arme-volee-aux-autorites-dominicaines\/","title":{"rendered":"Nord-Est : Les autorit\u00e9s ha\u00eftiennes remettent une arme vol\u00e9e aux autorit\u00e9s dominicaines"},"content":{"rendered":"<p>Dans un geste de coop\u00e9ration transfrontali\u00e8re, les autorit\u00e9s ha\u00eftiennes du d\u00e9partement du Nord-Est ont remis aux autorit\u00e9s dominicaines un fusil de calibre 12, que l\u2019on rapporte avoir \u00e9t\u00e9 vol\u00e9 en territoire voisin avant d\u2019\u00eatre retrouv\u00e9 \u00e0 Ouanaminthe. La remise s\u2019est tenue en pr\u00e9sence du D\u00e9l\u00e9gu\u00e9 d\u00e9partemental du Nord-Est, Dionel Germain, qui a profit\u00e9 de l\u2019occasion pour souligner l\u2019importance de la collaboration entre les deux pays.<\/p>\n<p>S\u2019adressant \u00e0 des journalistes, Dionel Germain a d\u00e9clar\u00e9 que les deux nations partagent une fronti\u00e8re commune et doivent travailler ensemble pour emp\u00eacher les d\u00e9linquants de l\u2019exploiter. \u00ab\u202fC\u2019est un devoir pour nous de coop\u00e9rer avec les autorit\u00e9s dominicaines afin de pr\u00e9server la paix et la s\u00e9curit\u00e9 des deux c\u00f4t\u00e9s de la fronti\u00e8re \u00bb, a-t-il affirm\u00e9, mettant en avant l\u2019engagement des autorit\u00e9s ha\u00eftiennes \u00e0 lutter contre les trafics et les actes criminels transfrontaliers.<\/p>\n<p>Du c\u00f4t\u00e9 dominicain, les repr\u00e9sentants officiels ont salu\u00e9 le geste avec enthousiasme. Ils ont exprim\u00e9 leur reconnaissance envers les autorit\u00e9s ha\u00eftiennes pour cette action qu\u2019ils consid\u00e8rent comme un signe de bonne foi et de volont\u00e9 de coop\u00e9ration.<\/p>\n<p>Cette initiative, bien que symbolique, survient dans un contexte o\u00f9 les tensions \u00e0 la fronti\u00e8re peuvent facilement d\u00e9g\u00e9n\u00e9rer. Elle rappelle l\u2019importance de maintenir un dialogue ouvert et constant entre Ha\u00efti et la R\u00e9publique dominicaine pour faire face aux d\u00e9fis communs li\u00e9s \u00e0 la s\u00e9curit\u00e9, au commerce et \u00e0 la migration.<\/p>\n","protected":false},"excerpt":{"rendered":"<p>Dans un geste de coop\u00e9ration transfrontali\u00e8re, les autorit\u00e9s ha\u00eftiennes du d\u00e9partement du Nord-Est ont remis aux autorit\u00e9s dominicaines un fusil de calibre 12, que l\u2019on rapporte avoir \u00e9t\u00e9 vol\u00e9 en territoire voisin avant d\u2019\u00eatre retrouv\u00e9 \u00e0 Ouanaminthe. La remise s\u2019est tenue en pr\u00e9sence du D\u00e9l\u00e9gu\u00e9 d\u00e9partemental du Nord-Est, Dionel Germain, qui a profit\u00e9 de l\u2019occasion [&hellip;]<\/p>\n","protected":false},"author":1,"featured_media":4123,"comment_status":"open","ping_status":"open","sticky":false,"template":"","format":"standard","meta":{"_uag_custom_page_level_css":"","jetpack_post_was_ever_published":false,"_jetpack_newsletter_access":"","_jetpack_dont_email_post_to_subs":false,"_jetpack_newsletter_tier_id":0,"_jetpack_memberships_contains_paywalled_content":false,"_jetpack_memberships_contains_paid_content":false,"footnotes":"","jetpack_publicize_message":"","jetpack_publicize_feature_enabled":true,"jetpack_social_post_already_shared":true,"jetpack_social_options":{"image_generator_settings":{"template":"highway","default_image_id":0,"font":"","enabled":false},"version":2}},"categories":[63],"tags":[],"ppma_author":[15],"class_list":["post-4121","post","type-post","status-publish","format-standard","has-post-thumbnail","hentry","category-insecurite"],"aioseo_notices":[],"jetpack_publicize_connections":[],"jetpack_featured_media_url":"https:\/\/i0.wp.com\/radioecoutefm.com\/wp-content\/uploads\/2025\/05\/IMG_1993.jpeg?fit=1170%2C578&ssl=1","uagb_featured_image_src":{"full":["https:\/\/i0.wp.com\/radioecoutefm.com\/wp-content\/uploads\/2025\/05\/IMG_1993.jpeg?fit=1170%2C578&ssl=1",1170,578,false],"thumbnail":["https:\/\/i0.wp.com\/radioecoutefm.com\/wp-content\/uploads\/2025\/05\/IMG_1993.jpeg?resize=150%2C150&ssl=1",150,150,true],"medium":["https:\/\/i0.wp.com\/radioecoutefm.com\/wp-content\/uploads\/2025\/05\/IMG_1993.jpeg?fit=300%2C148&ssl=1",300,148,true],"medium_large":["https:\/\/i0.wp.com\/radioecoutefm.com\/wp-content\/uploads\/2025\/05\/IMG_1993.jpeg?fit=640%2C316&ssl=1",640,316,true],"large":["https:\/\/i0.wp.com\/radioecoutefm.com\/wp-content\/uploads\/2025\/05\/IMG_1993.jpeg?fit=640%2C316&ssl=1",640,316,true],"1536x1536":["https:\/\/i0.wp.com\/radioecoutefm.com\/wp-content\/uploads\/2025\/05\/IMG_1993.jpeg?fit=1170%2C578&ssl=1",1170,578,true],"2048x2048":["https:\/\/i0.wp.com\/radioecoutefm.com\/wp-content\/uploads\/2025\/05\/IMG_1993.jpeg?fit=1170%2C578&ssl=1",1170,578,true],"newsair-slider-full":["https:\/\/i0.wp.com\/radioecoutefm.com\/wp-content\/uploads\/2025\/05\/IMG_1993.jpeg?resize=1170%2C578&ssl=1",1170,578,true],"newsair-featured":["https:\/\/i0.wp.com\/radioecoutefm.com\/wp-content\/uploads\/2025\/05\/IMG_1993.jpeg?fit=1024%2C506&ssl=1",1024,506,true],"newsair-medium":["https:\/\/i0.wp.com\/radioecoutefm.com\/wp-content\/uploads\/2025\/05\/IMG_1993.jpeg?resize=720%2C380&ssl=1",720,380,true]},"uagb_author_info":{"display_name":"Ecoute FM","author_link":"https:\/\/radioecoutefm.com\/index.php\/author\/borgellaattis\/"},"uagb_comment_info":0,"uagb_excerpt":"Dans un geste de coop\u00e9ration transfrontali\u00e8re, les autorit\u00e9s ha\u00eftiennes du d\u00e9partement du Nord-Est ont remis aux autorit\u00e9s dominicaines un fusil de calibre 12, que l\u2019on rapporte avoir \u00e9t\u00e9 vol\u00e9 en territoire voisin avant d\u2019\u00eatre retrouv\u00e9 \u00e0 Ouanaminthe. La remise s\u2019est tenue en pr\u00e9sence du D\u00e9l\u00e9gu\u00e9 d\u00e9partemental du Nord-Est, Dionel Germain, qui a profit\u00e9 de l\u2019occasion&hellip;","jetpack_sharing_enabled":true,"jetpack_shortlink":"https:\/\/wp.me\/pgoyna-14t","jetpack-related-posts":[{"id":4348,"url":"https:\/\/radioecoutefm.com\/index.php\/2025\/05\/18\/haiti-securise-sa-frontiere-tout-en-appelant-a-la-cooperation-avec-la-republique-dominicaine\/","url_meta":{"origin":4121,"position":0},"title":"Ha\u00efti s\u00e9curise sa fronti\u00e8re tout en appelant \u00e0 la coop\u00e9ration avec la R\u00e9publique dominicaine","author":"Ecoute FM","date":"18.05.2025","format":false,"excerpt":"Dans dans l\u2019id\u00e9e visant \u00e0 renforcer le contr\u00f4le et la s\u00e9curit\u00e9 le long de la fronti\u00e8re avec la R\u00e9publique dominicaine, les autorit\u00e9s ha\u00eftiennes ont install\u00e9 ce dimanche 18 mai 2025, une nouvelle porte frontali\u00e8re sur le pont traversant la rivi\u00e8re Massacre, l\u2019un des points de passage les plus actifs entre\u2026","rel":"","context":"In &quot;SECURITE&quot;","block_context":{"text":"SECURITE","link":"https:\/\/radioecoutefm.com\/index.php\/category\/insecurite\/"},"img":{"alt_text":"","src":"https:\/\/i0.wp.com\/radioecoutefm.com\/wp-content\/uploads\/2025\/05\/pont-securite.jpg?fit=896%2C504&ssl=1&resize=350%2C200","width":350,"height":200,"srcset":"https:\/\/i0.wp.com\/radioecoutefm.com\/wp-content\/uploads\/2025\/05\/pont-securite.jpg?fit=896%2C504&ssl=1&resize=350%2C200 1x, https:\/\/i0.wp.com\/radioecoutefm.com\/wp-content\/uploads\/2025\/05\/pont-securite.jpg?fit=896%2C504&ssl=1&resize=525%2C300 1.5x, https:\/\/i0.wp.com\/radioecoutefm.com\/wp-content\/uploads\/2025\/05\/pont-securite.jpg?fit=896%2C504&ssl=1&resize=700%2C400 2x"},"classes":[]},{"id":4667,"url":"https:\/\/radioecoutefm.com\/index.php\/2025\/05\/29\/4667\/","url_meta":{"origin":4121,"position":1},"title":"Rep-Dom:  r\u00e9union d\u2019urgence \u00e0 Dajab\u00f3n pour contenir la pression \u00e0 la fronti\u00e8re","author":"Ecoute FM","date":"29.05.2025","format":false,"excerpt":"Les autorit\u00e9s dominicaines ont organis\u00e9 une r\u00e9union en urgence ce mardi \u00e0 Dajab\u00f3n. L\u2019objectif : coordonner les efforts des institutions locales et nationales pour renforcer le contr\u00f4le migratoire et r\u00e9pondre aux pr\u00e9occupations de s\u00e9curit\u00e9 exprim\u00e9es par la population. Cette rencontre a r\u00e9uni le directeur de la Migration, Lee Ballester, la\u2026","rel":"","context":"In &quot;MIGRATION&quot;","block_context":{"text":"MIGRATION","link":"https:\/\/radioecoutefm.com\/index.php\/category\/migration\/"},"img":{"alt_text":"","src":"https:\/\/i0.wp.com\/radioecoutefm.com\/wp-content\/uploads\/2025\/05\/reunion-dajabon.jpg?fit=896%2C504&ssl=1&resize=350%2C200","width":350,"height":200,"srcset":"https:\/\/i0.wp.com\/radioecoutefm.com\/wp-content\/uploads\/2025\/05\/reunion-dajabon.jpg?fit=896%2C504&ssl=1&resize=350%2C200 1x, https:\/\/i0.wp.com\/radioecoutefm.com\/wp-content\/uploads\/2025\/05\/reunion-dajabon.jpg?fit=896%2C504&ssl=1&resize=525%2C300 1.5x, https:\/\/i0.wp.com\/radioecoutefm.com\/wp-content\/uploads\/2025\/05\/reunion-dajabon.jpg?fit=896%2C504&ssl=1&resize=700%2C400 2x"},"classes":[]},{"id":5701,"url":"https:\/\/radioecoutefm.com\/index.php\/2025\/09\/05\/arrestation-de-deux-presumes-membres-du-gang-400-mawozo-en-republique-dominicaine\/","url_meta":{"origin":4121,"position":2},"title":"Arrestation de deux pr\u00e9sum\u00e9s membres du gang 400 Mawozo en R\u00e9publique dominicaine","author":"Ecoute FM","date":"05.09.2025","format":false,"excerpt":"Deux individus soup\u00e7onn\u00e9s d\u2019appartenir au gang \u00ab 400 Mawozo \u00bb ont \u00e9t\u00e9 arr\u00eat\u00e9s en R\u00e9publique dominicaine et remis aux autorit\u00e9s ha\u00eftiennes. Adolfo Marcelino, alias Chopo, et Jean Stanley Comp\u00e8re, alias Fat, ont \u00e9t\u00e9 transf\u00e9r\u00e9s le 30 ao\u00fbt 2025 au commissaire en chef\u00a0 de la Police des fronti\u00e8res (Polifront), L\u00e9onard Ant\u00e9nor,\u2026","rel":"","context":"In &quot;INSECURITE&quot;","block_context":{"text":"INSECURITE","link":"https:\/\/radioecoutefm.com\/index.php\/category\/securite\/"},"img":{"alt_text":"","src":"https:\/\/i0.wp.com\/radioecoutefm.com\/wp-content\/uploads\/2025\/09\/400-mawozo.png?fit=546%2C370&ssl=1&resize=350%2C200","width":350,"height":200,"srcset":"https:\/\/i0.wp.com\/radioecoutefm.com\/wp-content\/uploads\/2025\/09\/400-mawozo.png?fit=546%2C370&ssl=1&resize=350%2C200 1x, https:\/\/i0.wp.com\/radioecoutefm.com\/wp-content\/uploads\/2025\/09\/400-mawozo.png?fit=546%2C370&ssl=1&resize=525%2C300 1.5x"},"classes":[]},{"id":2079,"url":"https:\/\/radioecoutefm.com\/index.php\/2025\/03\/26\/attaque-meurtriere-au-kenya-six-policiers-tues-pres-de-la-frontiere-somalienne\/","url_meta":{"origin":4121,"position":3},"title":"Attaque meurtri\u00e8re au Kenya : Six policiers tu\u00e9s pr\u00e8s de la fronti\u00e8re somalienne","author":"Ecoute FM","date":"26.03.2025","format":false,"excerpt":"Le nord-est du Kenya a \u00e9t\u00e9 secou\u00e9 par une attaque violente dimanche matin, lorsqu\u2019un groupe d'assaillants a tendu une embuscade \u00e0 une base polici\u00e8re situ\u00e9e pr\u00e8s de la fronti\u00e8re avec la Somalie. Selon les autorit\u00e9s locales, six policiers ont perdu la vie dans l'attaque, tandis que quatre autres ont \u00e9t\u00e9\u2026","rel":"","context":"In &quot;INTERNATIONAL&quot;","block_context":{"text":"INTERNATIONAL","link":"https:\/\/radioecoutefm.com\/index.php\/category\/international\/"},"img":{"alt_text":"","src":"https:\/\/i0.wp.com\/radioecoutefm.com\/wp-content\/uploads\/2025\/03\/kenya.jpeg?fit=599%2C399&ssl=1&resize=350%2C200","width":350,"height":200,"srcset":"https:\/\/i0.wp.com\/radioecoutefm.com\/wp-content\/uploads\/2025\/03\/kenya.jpeg?fit=599%2C399&ssl=1&resize=350%2C200 1x, https:\/\/i0.wp.com\/radioecoutefm.com\/wp-content\/uploads\/2025\/03\/kenya.jpeg?fit=599%2C399&ssl=1&resize=525%2C300 1.5x"},"classes":[]},{"id":2091,"url":"https:\/\/radioecoutefm.com\/index.php\/2025\/03\/26\/haiti-restreint-le-transit-des-marchandises-etrangeres-passant-par-la-republique-dominicaine-precise-le-journal-diario-libre\/","url_meta":{"origin":4121,"position":4},"title":"Ha\u00efti restreint le transit des marchandises \u00e9trang\u00e8res passant par la R\u00e9publique dominicaine, pr\u00e9cise le journal Diario Libre","author":"Ecoute FM","date":"26.03.2025","format":false,"excerpt":"Le gouvernement ha\u00eftien a annonc\u00e9 une interdiction de recevoir des marchandises en provenance de l'\u00e9tranger via la fronti\u00e8re terrestre avec la R\u00e9publique dominicaine, une d\u00e9cision qui devrait entrer en vigueur le 7 avril 2025. Selon le journal Dominicain Diario Libre, cette mesure a \u00e9t\u00e9 communiqu\u00e9e aux autorit\u00e9s dominicaines, qui ont\u2026","rel":"","context":"In &quot;POLITIQUE&quot;","block_context":{"text":"POLITIQUE","link":"https:\/\/radioecoutefm.com\/index.php\/category\/politique\/"},"img":{"alt_text":"","src":"https:\/\/i0.wp.com\/radioecoutefm.com\/wp-content\/uploads\/2025\/03\/Frontiere.jpg?fit=896%2C504&ssl=1&resize=350%2C200","width":350,"height":200,"srcset":"https:\/\/i0.wp.com\/radioecoutefm.com\/wp-content\/uploads\/2025\/03\/Frontiere.jpg?fit=896%2C504&ssl=1&resize=350%2C200 1x, https:\/\/i0.wp.com\/radioecoutefm.com\/wp-content\/uploads\/2025\/03\/Frontiere.jpg?fit=896%2C504&ssl=1&resize=525%2C300 1.5x, https:\/\/i0.wp.com\/radioecoutefm.com\/wp-content\/uploads\/2025\/03\/Frontiere.jpg?fit=896%2C504&ssl=1&resize=700%2C400 2x"},"classes":[]},{"id":3365,"url":"https:\/\/radioecoutefm.com\/index.php\/2025\/04\/24\/republique-dominicaine-des-femmes-haitiennes-enceintes-traquees-dans-les-hopitaux-publics-lonu-tire-la-sonnette-dalarme\/","url_meta":{"origin":4121,"position":5},"title":"R\u00e9publique dominicaine : Des femmes ha\u00eftiennes enceintes traqu\u00e9es dans les h\u00f4pitaux publics \u2013 L\u2019ONU tire la sonnette d\u2019alarme","author":"Ecoute FM","date":"24.04.2025","format":false,"excerpt":"\u03a1En R\u00e9publique dominicaine, les h\u00f4pitaux publics sont d\u00e9sormais le th\u00e9\u00e2tre d\u2019une chasse aux femmes enceintes d\u2019origine ha\u00eftienne. Une mesure jug\u00e9e inhumaine et dangereuse par l\u2019ONU, qui d\u00e9nonce une d\u00e9rive inqui\u00e9tante dans la gestion de la crise migratoire \u00e0 la fronti\u00e8re haitiano-dominicaine. Depuis lundi, les autorit\u00e9s dominicaines appliquent un protocole de\u2026","rel":"","context":"In &quot;INTERNATIONAL&quot;","block_context":{"text":"INTERNATIONAL","link":"https:\/\/radioecoutefm.com\/index.php\/category\/international\/"},"img":{"alt_text":"","src":"https:\/\/i0.wp.com\/radioecoutefm.com\/wp-content\/uploads\/2025\/04\/IMG_1795.jpeg?fit=1170%2C640&ssl=1&resize=350%2C200","width":350,"height":200,"srcset":"https:\/\/i0.wp.com\/radioecoutefm.com\/wp-content\/uploads\/2025\/04\/IMG_1795.jpeg?fit=1170%2C640&ssl=1&resize=350%2C200 1x, https:\/\/i0.wp.com\/radioecoutefm.com\/wp-content\/uploads\/2025\/04\/IMG_1795.jpeg?fit=1170%2C640&ssl=1&resize=525%2C300 1.5x, https:\/\/i0.wp.com\/radioecoutefm.com\/wp-content\/uploads\/2025\/04\/IMG_1795.jpeg?fit=1170%2C640&ssl=1&resize=700%2C400 2x, https:\/\/i0.wp.com\/radioecoutefm.com\/wp-content\/uploads\/2025\/04\/IMG_1795.jpeg?fit=1170%2C640&ssl=1&resize=1050%2C600 3x"},"classes":[]}],"authors":[{"term_id":15,"user_id":1,"is_guest":0,"slug":"borgellaattis","display_name":"Ecoute FM","avatar_url":"https:\/\/secure.gravatar.com\/avatar\/a5369629745bf29c5deb65198d5e38aed1dc2c880c04b3b630ab3f6e8c623b70?s=96&d=mm&r=g","0":null,"1":"","2":"","3":"","4":"","5":"","6":"","7":"","8":""}],"_links":{"self":[{"href":"https:\/\/radioecoutefm.com\/index.php\/wp-json\/wp\/v2\/posts\/4121","targetHints":{"allow":["GET"]}}],"collection":[{"href":"https:\/\/radioecoutefm.com\/index.php\/wp-json\/wp\/v2\/posts"}],"about":[{"href":"https:\/\/radioecoutefm.com\/index.php\/wp-json\/wp\/v2\/types\/post"}],"author":[{"embeddable":true,"href":"https:\/\/radioecoutefm.com\/index.php\/wp-json\/wp\/v2\/users\/1"}],"replies":[{"embeddable":true,"href":"https:\/\/radioecoutefm.com\/index.php\/wp-json\/wp\/v2\/comments?post=4121"}],"version-history":[{"count":1,"href":"https:\/\/radioecoutefm.com\/index.php\/wp-json\/wp\/v2\/posts\/4121\/revisions"}],"predecessor-version":[{"id":4127,"href":"https:\/\/radioecoutefm.com\/index.php\/wp-json\/wp\/v2\/posts\/4121\/revisions\/4127"}],"wp:featuredmedia":[{"embeddable":true,"href":"https:\/\/radioecoutefm.com\/index.php\/wp-json\/wp\/v2\/media\/4123"}],"wp:attachment":[{"href":"https:\/\/radioecoutefm.com\/index.php\/wp-json\/wp\/v2\/media?parent=4121"}],"wp:term":[{"taxonomy":"category","embeddable":true,"href":"https:\/\/radioecoutefm.com\/index.php\/wp-json\/wp\/v2\/categories?post=4121"},{"taxonomy":"post_tag","embeddable":true,"href":"https:\/\/radioecoutefm.com\/index.php\/wp-json\/wp\/v2\/tags?post=4121"},{"taxonomy":"author","embeddable":true,"href":"https:\/\/radioecoutefm.com\/index.php\/wp-json\/wp\/v2\/ppma_author?post=4121"}],"curies":[{"name":"wp","href":"https:\/\/api.w.org\/{rel}","templated":true}]}}