{"id":4114,"date":"2025-05-10T19:37:30","date_gmt":"2025-05-10T19:37:30","guid":{"rendered":"https:\/\/radioecoutefm.com\/?p=4114"},"modified":"2025-05-10T19:37:30","modified_gmt":"2025-05-10T19:37:30","slug":"tensions-a-la-bsap-du-nord-est-samson-camiel-accuse-son-successeur-apres-une-attaque-armee","status":"publish","type":"post","link":"https:\/\/radioecoutefm.com\/index.php\/2025\/05\/10\/tensions-a-la-bsap-du-nord-est-samson-camiel-accuse-son-successeur-apres-une-attaque-armee\/","title":{"rendered":"Tensions \u00e0 la BSAP du Nord-Est : Samson Camiel accuse son successeur apr\u00e8s une attaque arm\u00e9e"},"content":{"rendered":"<p>L\u2019ancien Directeur d\u00e9partemental de la Brigade de S\u00e9curit\u00e9 des Aires Prot\u00e9g\u00e9es (BSAP) dans le Nord-Est, Ma\u00eetre Samson Camiel, sort du silence apr\u00e8s une attaque arm\u00e9e survenue devant son domicile. Selon ses d\u00e9clarations, des individus lourdement arm\u00e9s ont cribl\u00e9 sa voiture de balles alors qu\u2019elle \u00e9tait stationn\u00e9e devant sa maison. Il accuse directement le nouveau directeur, Jacques Julmist, d\u2019\u00eatre l\u2019instigateur de cette tentative d\u2019assassinat, affirmant qu\u2019un groupe d\u2019intervention de la BSAP aurait \u00e9t\u00e9 envoy\u00e9 pour l\u2019\u00e9liminer. Heureusement, il n\u2019\u00e9tait pas pr\u00e9sent au moment de l\u2019attaque.<\/p>\n<p>Ma\u00eetre Camiel dit remettre sa vie et celle de sa famille entre les mains du nouveau responsable de la BSAP, qu\u2019il tient pour responsable de tout ce qui pourrait lui arriver. Il appelle les autorit\u00e9s comp\u00e9tentes \u00e0 prendre ses accusations au s\u00e9rieux et \u00e0 garantir sa s\u00e9curit\u00e9.<\/p>\n<p>Par ailleurs, l\u2019ancien directeur d\u00e9nonce les circonstances troubles dans lesquelles il a \u00e9t\u00e9 \u00e9cart\u00e9 de son poste. Il affirme n\u2019avoir re\u00e7u aucun document officiel l\u2019informant d\u2019une r\u00e9vocation, d\u2019un transfert ou d\u2019une suspension. Selon lui, il aurait simplement \u00e9t\u00e9 remplac\u00e9 sans notification formelle.<\/p>\n<p>Actuellement, une lutte de pouvoir semble opposer l\u2019ancien et le nouveau directeur \u00e0 Ouanaminthe, laissant planer une incertitude sur qui d\u00e9tient r\u00e9ellement le contr\u00f4le de la BSAP dans le Nord-Est. En attendant une prise de position officielle des autorit\u00e9s centrales, la population observe avec inqui\u00e9tude l\u2019\u00e9volution d\u2019une situation qui pourrait d\u00e9g\u00e9n\u00e9rer \u00e0 tout moment.<\/p>\n","protected":false},"excerpt":{"rendered":"<p>L\u2019ancien Directeur d\u00e9partemental de la Brigade de S\u00e9curit\u00e9 des Aires Prot\u00e9g\u00e9es (BSAP) dans le Nord-Est, Ma\u00eetre Samson Camiel, sort du silence apr\u00e8s une attaque arm\u00e9e survenue devant son domicile. Selon ses d\u00e9clarations, des individus lourdement arm\u00e9s ont cribl\u00e9 sa voiture de balles alors qu\u2019elle \u00e9tait stationn\u00e9e devant sa maison. Il accuse directement le nouveau directeur, [&hellip;]<\/p>\n","protected":false},"author":1,"featured_media":4116,"comment_status":"open","ping_status":"open","sticky":false,"template":"","format":"standard","meta":{"_uag_custom_page_level_css":"","jetpack_post_was_ever_published":false,"_jetpack_newsletter_access":"","_jetpack_dont_email_post_to_subs":false,"_jetpack_newsletter_tier_id":0,"_jetpack_memberships_contains_paywalled_content":false,"_jetpack_memberships_contains_paid_content":false,"footnotes":"","jetpack_publicize_message":"","jetpack_publicize_feature_enabled":true,"jetpack_social_post_already_shared":true,"jetpack_social_options":{"image_generator_settings":{"template":"highway","default_image_id":0,"font":"","enabled":false},"version":2}},"categories":[8],"tags":[],"ppma_author":[15],"class_list":["post-4114","post","type-post","status-publish","format-standard","has-post-thumbnail","hentry","category-politique"],"aioseo_notices":[],"jetpack_publicize_connections":[],"jetpack_featured_media_url":"https:\/\/i0.wp.com\/radioecoutefm.com\/wp-content\/uploads\/2025\/05\/IMG_1991.jpeg?fit=1170%2C662&ssl=1","uagb_featured_image_src":{"full":["https:\/\/i0.wp.com\/radioecoutefm.com\/wp-content\/uploads\/2025\/05\/IMG_1991.jpeg?fit=1170%2C662&ssl=1",1170,662,false],"thumbnail":["https:\/\/i0.wp.com\/radioecoutefm.com\/wp-content\/uploads\/2025\/05\/IMG_1991.jpeg?resize=150%2C150&ssl=1",150,150,true],"medium":["https:\/\/i0.wp.com\/radioecoutefm.com\/wp-content\/uploads\/2025\/05\/IMG_1991.jpeg?fit=300%2C170&ssl=1",300,170,true],"medium_large":["https:\/\/i0.wp.com\/radioecoutefm.com\/wp-content\/uploads\/2025\/05\/IMG_1991.jpeg?fit=640%2C363&ssl=1",640,363,true],"large":["https:\/\/i0.wp.com\/radioecoutefm.com\/wp-content\/uploads\/2025\/05\/IMG_1991.jpeg?fit=640%2C362&ssl=1",640,362,true],"1536x1536":["https:\/\/i0.wp.com\/radioecoutefm.com\/wp-content\/uploads\/2025\/05\/IMG_1991.jpeg?fit=1170%2C662&ssl=1",1170,662,true],"2048x2048":["https:\/\/i0.wp.com\/radioecoutefm.com\/wp-content\/uploads\/2025\/05\/IMG_1991.jpeg?fit=1170%2C662&ssl=1",1170,662,true],"newsair-slider-full":["https:\/\/i0.wp.com\/radioecoutefm.com\/wp-content\/uploads\/2025\/05\/IMG_1991.jpeg?resize=1170%2C662&ssl=1",1170,662,true],"newsair-featured":["https:\/\/i0.wp.com\/radioecoutefm.com\/wp-content\/uploads\/2025\/05\/IMG_1991.jpeg?fit=1024%2C579&ssl=1",1024,579,true],"newsair-medium":["https:\/\/i0.wp.com\/radioecoutefm.com\/wp-content\/uploads\/2025\/05\/IMG_1991.jpeg?resize=720%2C380&ssl=1",720,380,true]},"uagb_author_info":{"display_name":"Ecoute FM","author_link":"https:\/\/radioecoutefm.com\/index.php\/author\/borgellaattis\/"},"uagb_comment_info":0,"uagb_excerpt":"L\u2019ancien Directeur d\u00e9partemental de la Brigade de S\u00e9curit\u00e9 des Aires Prot\u00e9g\u00e9es (BSAP) dans le Nord-Est, Ma\u00eetre Samson Camiel, sort du silence apr\u00e8s une attaque arm\u00e9e survenue devant son domicile. Selon ses d\u00e9clarations, des individus lourdement arm\u00e9s ont cribl\u00e9 sa voiture de balles alors qu\u2019elle \u00e9tait stationn\u00e9e devant sa maison. Il accuse directement le nouveau directeur,&hellip;","jetpack_sharing_enabled":true,"jetpack_shortlink":"https:\/\/wp.me\/pgoyna-14m","jetpack-related-posts":[{"id":2991,"url":"https:\/\/radioecoutefm.com\/index.php\/2025\/04\/16\/les-funerailles-de-lancien-dg-de-lanap-bsap-du-nord-gerald-joseph-celebrees-au-cap-haitien\/","url_meta":{"origin":4114,"position":0},"title":"Les fun\u00e9railles de l\u2019ancien DG de l\u2019ANAP\/BSAP du nord , G\u00e9rald Joseph, c\u00e9l\u00e9br\u00e9es au Cap-Ha\u00eftien","author":"Ecoute FM","date":"16.04.2025","format":false,"excerpt":"Ce mercredi 16 avril 2025, la ville du Cap-Ha\u00eftien a accueilli les fun\u00e9railles de G\u00e9rald Joseph, ancien directeur g\u00e9n\u00e9ral de l\u2019ANAP\/BSAP dans le d\u00e9partement du Nord, assassin\u00e9 le 27 f\u00e9vrier dernier. Famille, proches, coll\u00e8gues et membres de la population locale se sont r\u00e9unis en grand nombre pour rendre un dernier\u2026","rel":"","context":"In &quot;NECROLOGIE&quot;","block_context":{"text":"NECROLOGIE","link":"https:\/\/radioecoutefm.com\/index.php\/category\/necrologie\/"},"img":{"alt_text":"","src":"https:\/\/i0.wp.com\/radioecoutefm.com\/wp-content\/uploads\/2025\/04\/IMG_1712.jpeg?fit=960%2C640&ssl=1&resize=350%2C200","width":350,"height":200,"srcset":"https:\/\/i0.wp.com\/radioecoutefm.com\/wp-content\/uploads\/2025\/04\/IMG_1712.jpeg?fit=960%2C640&ssl=1&resize=350%2C200 1x, https:\/\/i0.wp.com\/radioecoutefm.com\/wp-content\/uploads\/2025\/04\/IMG_1712.jpeg?fit=960%2C640&ssl=1&resize=525%2C300 1.5x, https:\/\/i0.wp.com\/radioecoutefm.com\/wp-content\/uploads\/2025\/04\/IMG_1712.jpeg?fit=960%2C640&ssl=1&resize=700%2C400 2x"},"classes":[]},{"id":1418,"url":"https:\/\/radioecoutefm.com\/index.php\/2025\/03\/08\/vers-un-accord-strategique-entre-les-fadh-et-la-bsap-pour-renforcer-la-securite-des-aires-protegees\/","url_meta":{"origin":4114,"position":1},"title":"Vers un accord strat\u00e9gique entre les FAd\u2019H et la BSAP pour renforcer la s\u00e9curit\u00e9 des aires prot\u00e9g\u00e9es","author":"Ecoute FM","date":"08.03.2025","format":false,"excerpt":"Le vendredi 7 mars 2025, lors de son discours inaugural en tant que nouveau pr\u00e9sident pro tempore du Conseil de Transition, Fritz Alphonse Jean a annonc\u00e9 une initiative majeure visant \u00e0 renforcer la s\u00e9curit\u00e9 dans les aires prot\u00e9g\u00e9es du pays. Il a r\u00e9v\u00e9l\u00e9 que les Forces Arm\u00e9es d'Ha\u00efti (FAd\u2019H) et\u2026","rel":"","context":"In &quot;INSECURITE&quot;","block_context":{"text":"INSECURITE","link":"https:\/\/radioecoutefm.com\/index.php\/category\/securite\/"},"img":{"alt_text":"","src":"https:\/\/i0.wp.com\/radioecoutefm.com\/wp-content\/uploads\/2025\/03\/bsap.webp?fit=512%2C288&ssl=1&resize=350%2C200","width":350,"height":200},"classes":[]},{"id":2310,"url":"https:\/\/radioecoutefm.com\/index.php\/2025\/04\/03\/haiti-le-cpt-mobilise-les-agents-bsap-aux-cotes-de-la-pnh-et-annonce-un-budget-de-guerre-contre-linsecurite\/","url_meta":{"origin":4114,"position":2},"title":"Ha\u00efti : Le CPT mobilise les agents  BSAP aux c\u00f4t\u00e9s de la PNH et annonce un \u201cbudget de guerre\u201d contre l\u2019ins\u00e9curit\u00e9","author":"Snaida Frederic","date":"03.04.2025","format":false,"excerpt":"Lors d\u2019une adresse \u00e0 la nation ce jeudi, le Pr\u00e9sident du Conseil Pr\u00e9sidentiel de Transition (CPT), Fritz Jean, a annonc\u00e9 l\u2019adoption prochaine d\u2019un \u201cbudget de guerre\u201d pour lutter contre l\u2019ins\u00e9curit\u00e9 grandissante en Ha\u00efti. Cette d\u00e9claration serait un \u00e9tape du gouvernement de transition pour combattre les gangs arm\u00e9s qui s\u00e8ment la\u2026","rel":"","context":"In &quot;POLITIQUE&quot;","block_context":{"text":"POLITIQUE","link":"https:\/\/radioecoutefm.com\/index.php\/category\/politique\/"},"img":{"alt_text":"","src":"https:\/\/i0.wp.com\/radioecoutefm.com\/wp-content\/uploads\/2025\/04\/Jean.png?fit=586%2C537&ssl=1&resize=350%2C200","width":350,"height":200,"srcset":"https:\/\/i0.wp.com\/radioecoutefm.com\/wp-content\/uploads\/2025\/04\/Jean.png?fit=586%2C537&ssl=1&resize=350%2C200 1x, https:\/\/i0.wp.com\/radioecoutefm.com\/wp-content\/uploads\/2025\/04\/Jean.png?fit=586%2C537&ssl=1&resize=525%2C300 1.5x"},"classes":[]},{"id":3864,"url":"https:\/\/radioecoutefm.com\/index.php\/2025\/05\/05\/moise-jean-charles-a-echappe-de-justesse-a-saint-raphael\/","url_meta":{"origin":4114,"position":3},"title":"Mo\u00efse Jean Charles a \u00e9chapp\u00e9 de justesse \u00e0 Saint-Rapha\u00ebl","author":"Ecoute FM","date":"05.05.2025","format":false,"excerpt":"Quelques jours apr\u00e8s avoir exprim\u00e9 son m\u00e9contentement concernant l\u2019ins\u00e9curit\u00e9 \u00e0 travers une d\u00e9claration sur une station de \u00a0radio \u00e0 Port-au-Prince, Jean Charles Mo\u00efse, leader du parti Pitit Desalin, s\u2019est rendu \u00e0 Saint-Rapha\u00ebl. Lors de sa visite, il a \u00e9t\u00e9 accueilli avec enthousiasme par ses partisans, qui l\u2019ont salu\u00e9 dans une\u2026","rel":"","context":"In &quot;INSECURITE&quot;","block_context":{"text":"INSECURITE","link":"https:\/\/radioecoutefm.com\/index.php\/category\/securite\/"},"img":{"alt_text":"","src":"https:\/\/i0.wp.com\/radioecoutefm.com\/wp-content\/uploads\/2025\/05\/IMG_1902.webp?fit=718%2C404&ssl=1&resize=350%2C200","width":350,"height":200,"srcset":"https:\/\/i0.wp.com\/radioecoutefm.com\/wp-content\/uploads\/2025\/05\/IMG_1902.webp?fit=718%2C404&ssl=1&resize=350%2C200 1x, https:\/\/i0.wp.com\/radioecoutefm.com\/wp-content\/uploads\/2025\/05\/IMG_1902.webp?fit=718%2C404&ssl=1&resize=525%2C300 1.5x, https:\/\/i0.wp.com\/radioecoutefm.com\/wp-content\/uploads\/2025\/05\/IMG_1902.webp?fit=718%2C404&ssl=1&resize=700%2C400 2x"},"classes":[]},{"id":5591,"url":"https:\/\/radioecoutefm.com\/index.php\/2025\/07\/10\/un-policier-du-swat-tue-dans-une-attaque-armee-a-kenscoff-la-commune-en-etat-dalerte\/","url_meta":{"origin":4114,"position":4},"title":"Un policier du SWAT tu\u00e9 dans une attaque arm\u00e9e \u00e0 Kenscoff, la commune en \u00e9tat d\u2019alerte","author":"Ecoute FM","date":"10.07.2025","format":false,"excerpt":"Olrich Joseph, agent de l\u2019unit\u00e9 d\u2019\u00e9lite SWAT de la PNH a \u00e9t\u00e9 tu\u00e9, ce dimanche 6 juillet, au cours d\u2019une attaque arm\u00e9e men\u00e9e \u00e0 l\u2019aube dans la localit\u00e9 de Viard, \u00e0 Kenscoff. \u00c2g\u00e9 de 32 ans, le policier a \u00e9t\u00e9 atteint d'une bal. Transport\u00e9 d\u2019urgence dans un centre hospitalier \u00e0\u2026","rel":"","context":"In &quot;INSECURITE&quot;","block_context":{"text":"INSECURITE","link":"https:\/\/radioecoutefm.com\/index.php\/category\/securite\/"},"img":{"alt_text":"","src":"https:\/\/i0.wp.com\/radioecoutefm.com\/wp-content\/uploads\/2025\/07\/3473C279-97EC-4274-9A1A-967FE54E03E6.jpeg?fit=609%2C440&ssl=1&resize=350%2C200","width":350,"height":200,"srcset":"https:\/\/i0.wp.com\/radioecoutefm.com\/wp-content\/uploads\/2025\/07\/3473C279-97EC-4274-9A1A-967FE54E03E6.jpeg?fit=609%2C440&ssl=1&resize=350%2C200 1x, https:\/\/i0.wp.com\/radioecoutefm.com\/wp-content\/uploads\/2025\/07\/3473C279-97EC-4274-9A1A-967FE54E03E6.jpeg?fit=609%2C440&ssl=1&resize=525%2C300 1.5x"},"classes":[]},{"id":108,"url":"https:\/\/radioecoutefm.com\/index.php\/2024\/12\/28\/attaque-armee-a-croix-des-bouquets-joseph-jean-daniel-waka-waka-temoigne-de-lhorreur-vecue-a-son-domicile\/","url_meta":{"origin":4114,"position":5},"title":"Attaque arm\u00e9e \u00e0 Croix-des-Bouquets : Joseph Jean Daniel ( Waka Waka) t\u00e9moigne de l\u2019horreur v\u00e9cue \u00e0 son domicile","author":"Ecoute FM","date":"28.12.2024","format":false,"excerpt":"Une sc\u00e8ne tragique s\u2019est d\u00e9roul\u00e9e \u00e0 Croix-des-Bouquets, dans la soir\u00e9e du 15 au 16 juillet 2020, Jean Daniel Joseph, ex-journaliste de Radio T\u00e9l\u00e9 Zenith et Radio T\u00e9l\u00e9 Megastar, a \u00e9t\u00e9 violemment pris pour cible lors d\u2019une attaque arm\u00e9e \u00e0 son domicile. L\u2019incident s\u2019est produit \u00e0 l\u2019adresse Rue Dolney #22 Bis,\u2026","rel":"","context":"In &quot;INSECURITE&quot;","block_context":{"text":"INSECURITE","link":"https:\/\/radioecoutefm.com\/index.php\/category\/securite\/"},"img":{"alt_text":"","src":"https:\/\/i0.wp.com\/radioecoutefm.com\/wp-content\/uploads\/2024\/12\/waka1.jpeg?fit=680%2C443&ssl=1&resize=350%2C200","width":350,"height":200,"srcset":"https:\/\/i0.wp.com\/radioecoutefm.com\/wp-content\/uploads\/2024\/12\/waka1.jpeg?fit=680%2C443&ssl=1&resize=350%2C200 1x, https:\/\/i0.wp.com\/radioecoutefm.com\/wp-content\/uploads\/2024\/12\/waka1.jpeg?fit=680%2C443&ssl=1&resize=525%2C300 1.5x"},"classes":[]}],"authors":[{"term_id":15,"user_id":1,"is_guest":0,"slug":"borgellaattis","display_name":"Ecoute FM","avatar_url":"https:\/\/secure.gravatar.com\/avatar\/a5369629745bf29c5deb65198d5e38aed1dc2c880c04b3b630ab3f6e8c623b70?s=96&d=mm&r=g","0":null,"1":"","2":"","3":"","4":"","5":"","6":"","7":"","8":""}],"_links":{"self":[{"href":"https:\/\/radioecoutefm.com\/index.php\/wp-json\/wp\/v2\/posts\/4114","targetHints":{"allow":["GET"]}}],"collection":[{"href":"https:\/\/radioecoutefm.com\/index.php\/wp-json\/wp\/v2\/posts"}],"about":[{"href":"https:\/\/radioecoutefm.com\/index.php\/wp-json\/wp\/v2\/types\/post"}],"author":[{"embeddable":true,"href":"https:\/\/radioecoutefm.com\/index.php\/wp-json\/wp\/v2\/users\/1"}],"replies":[{"embeddable":true,"href":"https:\/\/radioecoutefm.com\/index.php\/wp-json\/wp\/v2\/comments?post=4114"}],"version-history":[{"count":1,"href":"https:\/\/radioecoutefm.com\/index.php\/wp-json\/wp\/v2\/posts\/4114\/revisions"}],"predecessor-version":[{"id":4120,"href":"https:\/\/radioecoutefm.com\/index.php\/wp-json\/wp\/v2\/posts\/4114\/revisions\/4120"}],"wp:featuredmedia":[{"embeddable":true,"href":"https:\/\/radioecoutefm.com\/index.php\/wp-json\/wp\/v2\/media\/4116"}],"wp:attachment":[{"href":"https:\/\/radioecoutefm.com\/index.php\/wp-json\/wp\/v2\/media?parent=4114"}],"wp:term":[{"taxonomy":"category","embeddable":true,"href":"https:\/\/radioecoutefm.com\/index.php\/wp-json\/wp\/v2\/categories?post=4114"},{"taxonomy":"post_tag","embeddable":true,"href":"https:\/\/radioecoutefm.com\/index.php\/wp-json\/wp\/v2\/tags?post=4114"},{"taxonomy":"author","embeddable":true,"href":"https:\/\/radioecoutefm.com\/index.php\/wp-json\/wp\/v2\/ppma_author?post=4114"}],"curies":[{"name":"wp","href":"https:\/\/api.w.org\/{rel}","templated":true}]}}