{"id":4070,"date":"2025-05-10T00:51:09","date_gmt":"2025-05-10T00:51:09","guid":{"rendered":"https:\/\/radioecoutefm.com\/?p=4070"},"modified":"2025-05-10T00:51:09","modified_gmt":"2025-05-10T00:51:09","slug":"joe-dwet-file-en-lice-pour-les-bet-awards-et-les-flammes-2025","status":"publish","type":"post","link":"https:\/\/radioecoutefm.com\/index.php\/2025\/05\/10\/joe-dwet-file-en-lice-pour-les-bet-awards-et-les-flammes-2025\/","title":{"rendered":"Joe Dw\u00e8t Fil\u00e9 en lice pour les BET Awards et Les Flammes 2025"},"content":{"rendered":"<p>Le talent de Joe Dw\u00e8t Fil\u00e9 continue de franchir les fronti\u00e8res. L\u2019artiste ha\u00eftiano-fran\u00e7ais vient d\u2019\u00eatre nomin\u00e9 aux prestigieux BET Awards 2025, dans la cat\u00e9gorie Best International Act. La c\u00e9r\u00e9monie se tiendra le lundi 9 juin 2025 au Peacock Theater \u00e0 Los Angeles, une sc\u00e8ne embl\u00e9matique o\u00f9 les plus grandes stars internationales seront r\u00e9unies.<\/p>\n<p>Jo\u00e9 s\u2019impose \u00e9galement sur la sc\u00e8ne francophone, avec quatre nominations aux Flammes 2025, qui se d\u00e9rouleront le mardi 13 mai 2025 \u00e0 Paris. Il est nomm\u00e9 dans les cat\u00e9gories suivantes :Morceau de l\u2019ann\u00e9e pour son hit \u00ab 4 Kamp\u00e9 \u00bb,Morceau de musiques carib\u00e9ennes pour \u00ab 4 Kamp\u00e9 \u00bb, Morceau R&amp;B pour \u00ab Merci \u00e0 mon ex \u00bb et Artiste masculin de l\u2019ann\u00e9e.<\/p>\n<p>Ces distinctions confirment l\u2019ascension fulgurante de Joe Dw\u00e8t Fil\u00e9, dont la musique m\u00eale avec finesse les sonorit\u00e9s carib\u00e9ennes, le R&amp;B et une \u00e9criture authentique. Son \u0153uvre, salu\u00e9e par le public et les critiques, marque une nouvelle \u00e8re pour les artistes issus de la diaspora. L\u2019ann\u00e9e 2025 s\u2019annonce donc prometteuse pour Joe Dw\u00e8t Fil\u00e9, qui repr\u00e9sente fi\u00e8rement sa culture sur la sc\u00e8ne mondiale.<\/p>\n","protected":false},"excerpt":{"rendered":"<p>Le talent de Joe Dw\u00e8t Fil\u00e9 continue de franchir les fronti\u00e8res. L\u2019artiste ha\u00eftiano-fran\u00e7ais vient d\u2019\u00eatre nomin\u00e9 aux prestigieux BET Awards 2025, dans la cat\u00e9gorie Best International Act. La c\u00e9r\u00e9monie se tiendra le lundi 9 juin 2025 au Peacock Theater \u00e0 Los Angeles, une sc\u00e8ne embl\u00e9matique o\u00f9 les plus grandes stars internationales seront r\u00e9unies. Jo\u00e9 s\u2019impose [&hellip;]<\/p>\n","protected":false},"author":1,"featured_media":4071,"comment_status":"open","ping_status":"open","sticky":false,"template":"","format":"standard","meta":{"_uag_custom_page_level_css":"","jetpack_post_was_ever_published":false,"_jetpack_newsletter_access":"","_jetpack_dont_email_post_to_subs":false,"_jetpack_newsletter_tier_id":0,"_jetpack_memberships_contains_paywalled_content":false,"_jetpack_memberships_contains_paid_content":false,"footnotes":"","jetpack_publicize_message":"","jetpack_publicize_feature_enabled":true,"jetpack_social_post_already_shared":true,"jetpack_social_options":{"image_generator_settings":{"template":"highway","default_image_id":0,"font":"","enabled":false},"version":2}},"categories":[9],"tags":[],"ppma_author":[15],"class_list":["post-4070","post","type-post","status-publish","format-standard","has-post-thumbnail","hentry","category-culture"],"aioseo_notices":[],"jetpack_publicize_connections":[],"jetpack_featured_media_url":"https:\/\/i0.wp.com\/radioecoutefm.com\/wp-content\/uploads\/2025\/05\/joe.jpeg?fit=300%2C168&ssl=1","uagb_featured_image_src":{"full":["https:\/\/i0.wp.com\/radioecoutefm.com\/wp-content\/uploads\/2025\/05\/joe.jpeg?fit=300%2C168&ssl=1",300,168,false],"thumbnail":["https:\/\/i0.wp.com\/radioecoutefm.com\/wp-content\/uploads\/2025\/05\/joe.jpeg?resize=150%2C150&ssl=1",150,150,true],"medium":["https:\/\/i0.wp.com\/radioecoutefm.com\/wp-content\/uploads\/2025\/05\/joe.jpeg?fit=300%2C168&ssl=1",300,168,true],"medium_large":["https:\/\/i0.wp.com\/radioecoutefm.com\/wp-content\/uploads\/2025\/05\/joe.jpeg?fit=300%2C168&ssl=1",300,168,true],"large":["https:\/\/i0.wp.com\/radioecoutefm.com\/wp-content\/uploads\/2025\/05\/joe.jpeg?fit=300%2C168&ssl=1",300,168,true],"1536x1536":["https:\/\/i0.wp.com\/radioecoutefm.com\/wp-content\/uploads\/2025\/05\/joe.jpeg?fit=300%2C168&ssl=1",300,168,true],"2048x2048":["https:\/\/i0.wp.com\/radioecoutefm.com\/wp-content\/uploads\/2025\/05\/joe.jpeg?fit=300%2C168&ssl=1",300,168,true],"newsair-slider-full":["https:\/\/i0.wp.com\/radioecoutefm.com\/wp-content\/uploads\/2025\/05\/joe.jpeg?resize=300%2C168&ssl=1",300,168,true],"newsair-featured":["https:\/\/i0.wp.com\/radioecoutefm.com\/wp-content\/uploads\/2025\/05\/joe.jpeg?fit=300%2C168&ssl=1",300,168,true],"newsair-medium":["https:\/\/i0.wp.com\/radioecoutefm.com\/wp-content\/uploads\/2025\/05\/joe.jpeg?resize=300%2C168&ssl=1",300,168,true]},"uagb_author_info":{"display_name":"Ecoute FM","author_link":"https:\/\/radioecoutefm.com\/index.php\/author\/borgellaattis\/"},"uagb_comment_info":0,"uagb_excerpt":"Le talent de Joe Dw\u00e8t Fil\u00e9 continue de franchir les fronti\u00e8res. L\u2019artiste ha\u00eftiano-fran\u00e7ais vient d\u2019\u00eatre nomin\u00e9 aux prestigieux BET Awards 2025, dans la cat\u00e9gorie Best International Act. La c\u00e9r\u00e9monie se tiendra le lundi 9 juin 2025 au Peacock Theater \u00e0 Los Angeles, une sc\u00e8ne embl\u00e9matique o\u00f9 les plus grandes stars internationales seront r\u00e9unies. Jo\u00e9 s\u2019impose&hellip;","jetpack_sharing_enabled":true,"jetpack_shortlink":"https:\/\/wp.me\/pgoyna-13E","jetpack-related-posts":[{"id":4205,"url":"https:\/\/radioecoutefm.com\/index.php\/2025\/05\/14\/joe-dwet-file-sacre-a-la-flamme-des-musiques-caribeennes-avec-4-kampe\/","url_meta":{"origin":4070,"position":0},"title":"Jo\u00e9 Dw\u00e8t Fil\u00e9 sacr\u00e9 \u00e0 la Flamme des Musiques carib\u00e9ennes avec \u00ab 4 Kamp\u00e9 \u00bb","author":"Ecoute FM","date":"14.05.2025","format":false,"excerpt":"L'artiste franco-ha\u00eftien Jo\u00e9 Dw\u00e8t Fil\u00e9 vient de remporter la prestigieuse Flamme des Musiques carib\u00e9ennes ou d'inspiration carib\u00e9enne gr\u00e2ce \u00e0 son titre ph\u00e9nom\u00e8ne \u00ab 4 Kamp\u00e9 \u00bb. Cette distinction couronne un morceau aux sonorit\u00e9s authentiques qui a conquis le public et les professionnels du secteur. \u00ab 4 Kamp\u00e9 \u00bb, avec ses\u2026","rel":"","context":"In &quot;CULTURE&quot;","block_context":{"text":"CULTURE","link":"https:\/\/radioecoutefm.com\/index.php\/category\/culture\/"},"img":{"alt_text":"","src":"","width":0,"height":0},"classes":[]},{"id":3386,"url":"https:\/\/radioecoutefm.com\/index.php\/2025\/04\/24\/fabrice-rouzier-poursuit-burna-boy-pour-vol-presume-devant-un-tribunal-de-new-york\/","url_meta":{"origin":4070,"position":1},"title":"Fabrice Rouzier poursuit Burna Boy pour vol pr\u00e9sum\u00e9 devant un tribunal de New York","author":"Ecoute FM","date":"24.04.2025","format":false,"excerpt":"L'ic\u00f4ne de la musique ha\u00eftienne Fabrice Rouzier a poursuivi le musicien nig\u00e9rian Damini Ogulu, connu professionnellement sous le nom de Burna Boy, devant un tribunal de New York.La plainte a \u00e9t\u00e9 d\u00e9pos\u00e9e depuis le 22 avril dernier. Le chanteur aurait vol\u00e9 des compositions sonores et vid\u00e9o de sa chanson \u00ab\u00a0Je\u2026","rel":"","context":"In &quot;CULTURE&quot;","block_context":{"text":"CULTURE","link":"https:\/\/radioecoutefm.com\/index.php\/category\/culture\/"},"img":{"alt_text":"","src":"https:\/\/i0.wp.com\/radioecoutefm.com\/wp-content\/uploads\/2025\/04\/4B2C7181-B0CE-4683-8D66-F6CA634C7C41.png?fit=710%2C400&ssl=1&resize=350%2C200","width":350,"height":200,"srcset":"https:\/\/i0.wp.com\/radioecoutefm.com\/wp-content\/uploads\/2025\/04\/4B2C7181-B0CE-4683-8D66-F6CA634C7C41.png?fit=710%2C400&ssl=1&resize=350%2C200 1x, https:\/\/i0.wp.com\/radioecoutefm.com\/wp-content\/uploads\/2025\/04\/4B2C7181-B0CE-4683-8D66-F6CA634C7C41.png?fit=710%2C400&ssl=1&resize=525%2C300 1.5x, https:\/\/i0.wp.com\/radioecoutefm.com\/wp-content\/uploads\/2025\/04\/4B2C7181-B0CE-4683-8D66-F6CA634C7C41.png?fit=710%2C400&ssl=1&resize=700%2C400 2x"},"classes":[]},{"id":5828,"url":"https:\/\/radioecoutefm.com\/index.php\/2025\/09\/14\/rutshelle-desir-sacree-artiste-konpa-de-lannee-au-caribbean-music-awards-2025\/","url_meta":{"origin":4070,"position":2},"title":"Rutshelle D\u00e9sir sacr\u00e9e \u00ab Artiste Konpa de l\u2019ann\u00e9e \u00bb au Caribbean Music Awards 2025","author":"Ecoute FM","date":"14.09.2025","format":false,"excerpt":"La sc\u00e8ne musicale ha\u00eftienne rayonne \u00e0 nouveau sur le plan international. La chanteuse Rutshelle D\u00e9sir, surnomm\u00e9e \u00ab La Rebelle \u00bb, a \u00e9t\u00e9 couronn\u00e9e \u00ab Artiste Konpa of the Year \u00bb lors des Caribbean Music Awards 2025. L\u2019annonce a \u00e9t\u00e9 rendue publique ce vendredi via la page officielle de l\u2019\u00e9v\u00e9nement, confirmant\u2026","rel":"","context":"In &quot;CULTURE&quot;","block_context":{"text":"CULTURE","link":"https:\/\/radioecoutefm.com\/index.php\/category\/culture\/"},"img":{"alt_text":"","src":"https:\/\/i0.wp.com\/radioecoutefm.com\/wp-content\/uploads\/2025\/09\/513C2138-50CF-4931-9107-5BB898840B86.jpeg?fit=1080%2C1046&ssl=1&resize=350%2C200","width":350,"height":200,"srcset":"https:\/\/i0.wp.com\/radioecoutefm.com\/wp-content\/uploads\/2025\/09\/513C2138-50CF-4931-9107-5BB898840B86.jpeg?fit=1080%2C1046&ssl=1&resize=350%2C200 1x, https:\/\/i0.wp.com\/radioecoutefm.com\/wp-content\/uploads\/2025\/09\/513C2138-50CF-4931-9107-5BB898840B86.jpeg?fit=1080%2C1046&ssl=1&resize=525%2C300 1.5x, https:\/\/i0.wp.com\/radioecoutefm.com\/wp-content\/uploads\/2025\/09\/513C2138-50CF-4931-9107-5BB898840B86.jpeg?fit=1080%2C1046&ssl=1&resize=700%2C400 2x, https:\/\/i0.wp.com\/radioecoutefm.com\/wp-content\/uploads\/2025\/09\/513C2138-50CF-4931-9107-5BB898840B86.jpeg?fit=1080%2C1046&ssl=1&resize=1050%2C600 3x"},"classes":[]},{"id":3479,"url":"https:\/\/radioecoutefm.com\/index.php\/2025\/04\/26\/frere-dodo-accuse-fabrice-rouzier-davoir-utilise-la-chanson-je-vais-sans-son-autorisation\/","url_meta":{"origin":4070,"position":3},"title":"Fr\u00e8re Dodo accuse Fabrice Rouzier d\u2019avoir utilis\u00e9 la chanson \u00ab Je vais \u00bb sans son autorisation","author":"Ecoute FM","date":"26.04.2025","format":false,"excerpt":"Le chanteur troubadour Fr\u00e8re Dodo est finalement sorti de son silence concernant le succ\u00e8s retentissant de la chanson Je vais \u00e0. Dans une d\u00e9claration publique, l\u2019artiste affirme que malgr\u00e9 la popularit\u00e9 de cette musique dans les rues et sur les r\u00e9seaux sociaux, il n\u2019a re\u00e7u aucun droit ou reconnaissance en\u2026","rel":"","context":"In &quot;CULTURE&quot;","block_context":{"text":"CULTURE","link":"https:\/\/radioecoutefm.com\/index.php\/category\/culture\/"},"img":{"alt_text":"","src":"https:\/\/i0.wp.com\/radioecoutefm.com\/wp-content\/uploads\/2025\/04\/IMG_1827.jpeg?fit=640%2C640&ssl=1&resize=350%2C200","width":350,"height":200,"srcset":"https:\/\/i0.wp.com\/radioecoutefm.com\/wp-content\/uploads\/2025\/04\/IMG_1827.jpeg?fit=640%2C640&ssl=1&resize=350%2C200 1x, https:\/\/i0.wp.com\/radioecoutefm.com\/wp-content\/uploads\/2025\/04\/IMG_1827.jpeg?fit=640%2C640&ssl=1&resize=525%2C300 1.5x"},"classes":[]},{"id":5882,"url":"https:\/\/radioecoutefm.com\/index.php\/2025\/09\/17\/melchie-dumornay-nominee-pour-le-titre-de-joueuse-de-lannee-concacaf\/","url_meta":{"origin":4070,"position":4},"title":"Melchie Dumornay nomin\u00e9e pour le titre de Joueuse de l\u2019ann\u00e9e Concacaf","author":"Ecoute FM","date":"17.09.2025","format":false,"excerpt":"La Conf\u00e9d\u00e9ration de football d\u2019Am\u00e9rique du Nord, d\u2019Am\u00e9rique centrale et des Cara\u00efbes (Concacaf) a d\u00e9voil\u00e9 la liste des nomin\u00e9s pour ses r\u00e9compenses annuelles, ouvrant le processus de vote au public. Parmi les candidates au prestigieux titre de Joueuse f\u00e9minine de l\u2019ann\u00e9e, figure la star ha\u00eftienne Melchie Da\u00eblle Dumornay. La milieu\u2026","rel":"","context":"In &quot;SPORT&quot;","block_context":{"text":"SPORT","link":"https:\/\/radioecoutefm.com\/index.php\/category\/sport\/"},"img":{"alt_text":"","src":"https:\/\/i0.wp.com\/radioecoutefm.com\/wp-content\/uploads\/2025\/09\/melchie.jpg?fit=828%2C552&ssl=1&resize=350%2C200","width":350,"height":200,"srcset":"https:\/\/i0.wp.com\/radioecoutefm.com\/wp-content\/uploads\/2025\/09\/melchie.jpg?fit=828%2C552&ssl=1&resize=350%2C200 1x, https:\/\/i0.wp.com\/radioecoutefm.com\/wp-content\/uploads\/2025\/09\/melchie.jpg?fit=828%2C552&ssl=1&resize=525%2C300 1.5x, https:\/\/i0.wp.com\/radioecoutefm.com\/wp-content\/uploads\/2025\/09\/melchie.jpg?fit=828%2C552&ssl=1&resize=700%2C400 2x"},"classes":[]},{"id":1682,"url":"https:\/\/radioecoutefm.com\/index.php\/2025\/03\/16\/radio-tele-pluriel-incendiee-les-gangs-poursuivent-leurs-attaques-contre-la-presse-haitienne\/","url_meta":{"origin":4070,"position":5},"title":"Radio T\u00e9l\u00e9 Pluriel incendi\u00e9e : les gangs poursuivent leurs attaques contre la presse ha\u00eftienne","author":"Ecoute FM","date":"16.03.2025","format":false,"excerpt":"Les gangs arm\u00e9s continuent de semer la terreur en Ha\u00efti, s\u2019attaquant une fois de plus \u00e0 un m\u00e9dia local. Dans la nuit du samedi 15 au dimanche 16 mars 2025, les locaux de T\u00e9l\u00e9 Pluriel, situ\u00e9s \u00e0 l\u2019angle des rues Delmas 19 et d\u2019Ain\u00e9, ont \u00e9t\u00e9 pris pour cible. Des\u2026","rel":"","context":"In &quot;INSECURITE&quot;","block_context":{"text":"INSECURITE","link":"https:\/\/radioecoutefm.com\/index.php\/category\/securite\/"},"img":{"alt_text":"","src":"https:\/\/i0.wp.com\/radioecoutefm.com\/wp-content\/uploads\/2025\/03\/IMG_1399.webp?fit=474%2C500&ssl=1&resize=350%2C200","width":350,"height":200},"classes":[]}],"authors":[{"term_id":15,"user_id":1,"is_guest":0,"slug":"borgellaattis","display_name":"Ecoute FM","avatar_url":"https:\/\/secure.gravatar.com\/avatar\/a5369629745bf29c5deb65198d5e38aed1dc2c880c04b3b630ab3f6e8c623b70?s=96&d=mm&r=g","0":null,"1":"","2":"","3":"","4":"","5":"","6":"","7":"","8":""}],"_links":{"self":[{"href":"https:\/\/radioecoutefm.com\/index.php\/wp-json\/wp\/v2\/posts\/4070","targetHints":{"allow":["GET"]}}],"collection":[{"href":"https:\/\/radioecoutefm.com\/index.php\/wp-json\/wp\/v2\/posts"}],"about":[{"href":"https:\/\/radioecoutefm.com\/index.php\/wp-json\/wp\/v2\/types\/post"}],"author":[{"embeddable":true,"href":"https:\/\/radioecoutefm.com\/index.php\/wp-json\/wp\/v2\/users\/1"}],"replies":[{"embeddable":true,"href":"https:\/\/radioecoutefm.com\/index.php\/wp-json\/wp\/v2\/comments?post=4070"}],"version-history":[{"count":1,"href":"https:\/\/radioecoutefm.com\/index.php\/wp-json\/wp\/v2\/posts\/4070\/revisions"}],"predecessor-version":[{"id":4075,"href":"https:\/\/radioecoutefm.com\/index.php\/wp-json\/wp\/v2\/posts\/4070\/revisions\/4075"}],"wp:featuredmedia":[{"embeddable":true,"href":"https:\/\/radioecoutefm.com\/index.php\/wp-json\/wp\/v2\/media\/4071"}],"wp:attachment":[{"href":"https:\/\/radioecoutefm.com\/index.php\/wp-json\/wp\/v2\/media?parent=4070"}],"wp:term":[{"taxonomy":"category","embeddable":true,"href":"https:\/\/radioecoutefm.com\/index.php\/wp-json\/wp\/v2\/categories?post=4070"},{"taxonomy":"post_tag","embeddable":true,"href":"https:\/\/radioecoutefm.com\/index.php\/wp-json\/wp\/v2\/tags?post=4070"},{"taxonomy":"author","embeddable":true,"href":"https:\/\/radioecoutefm.com\/index.php\/wp-json\/wp\/v2\/ppma_author?post=4070"}],"curies":[{"name":"wp","href":"https:\/\/api.w.org\/{rel}","templated":true}]}}