{"id":4024,"date":"2025-05-08T16:15:19","date_gmt":"2025-05-08T16:15:19","guid":{"rendered":"https:\/\/radioecoutefm.com\/?p=4024"},"modified":"2025-05-08T16:15:19","modified_gmt":"2025-05-08T16:15:19","slug":"marco-rubio-felicite-le-kenya-pour-son-leadership-dans-la-mission-en-haiti-la-population-attend-toujours-des-resultats","status":"publish","type":"post","link":"https:\/\/radioecoutefm.com\/index.php\/2025\/05\/08\/marco-rubio-felicite-le-kenya-pour-son-leadership-dans-la-mission-en-haiti-la-population-attend-toujours-des-resultats\/","title":{"rendered":"Marco Rubio f\u00e9licite le Kenya pour son leadership dans la mission en Ha\u00efti, la population attend toujours des r\u00e9sultats"},"content":{"rendered":"<p>Le Secr\u00e9taire d\u2019\u00c9tat am\u00e9ricain Marco Rubio a rencontr\u00e9 cette semaine le Premier secr\u00e9taire du cabinet et ministre des Affaires \u00e9trang\u00e8res du Kenya, Musalia Mudavadi, afin de discuter du partenariat entre les \u00c9tats-Unis et le Kenya. M. Rubio a exprim\u00e9 sa gratitude envers le gouvernement k\u00e9nyan pour son r\u00f4le de leadership dans la Mission multinationale d\u2019appui \u00e0 la s\u00e9curit\u00e9 (MMAS) en Ha\u00efti, soulignant l\u2019importance de cette coop\u00e9ration pour la stabilit\u00e9 r\u00e9gionale et les int\u00e9r\u00eats communs entre les deux pays.<\/p>\n<p>Cependant, cette f\u00e9licitation internationale est diff\u00e9rente avec la r\u00e9alit\u00e9 observ\u00e9e sur le terrain ha\u00eftien. Depuis l\u2019annonce de la mission, aucune op\u00e9ration concr\u00e8te n\u2019a encore \u00e9t\u00e9 men\u00e9e contre les groupes arm\u00e9s qui contr\u00f4lent une grande partie de la capitale. Malgr\u00e9 les attentes de la population, le d\u00e9ploiement effectif des forces internationales tarde \u00e0 se mat\u00e9rialiser, laissant un sentiment de frustration face \u00e0 une initiative per\u00e7ue comme symbolique plut\u00f4t qu\u2019op\u00e9rationnelle.<\/p>\n<p>Alors que le soutien diplomatique \u00e0 la MMAS ne cesse de cro\u00eetre, de nombreuses voix en Ha\u00efti appellent \u00e0 des actions urgentes et efficaces. La mission kenyane, cens\u00e9e renforcer les capacit\u00e9s de la Police nationale d\u2019Ha\u00efti, reste pour l\u2019instant largement absente du paysage s\u00e9curitaire, mettant en question l\u2019impact r\u00e9el de cette op\u00e9ration dans un pays au bord de l\u2019effondrement institutionnel.<\/p>\n","protected":false},"excerpt":{"rendered":"<p>Le Secr\u00e9taire d\u2019\u00c9tat am\u00e9ricain Marco Rubio a rencontr\u00e9 cette semaine le Premier secr\u00e9taire du cabinet et ministre des Affaires \u00e9trang\u00e8res du Kenya, Musalia Mudavadi, afin de discuter du partenariat entre les \u00c9tats-Unis et le Kenya. M. Rubio a exprim\u00e9 sa gratitude envers le gouvernement k\u00e9nyan pour son r\u00f4le de leadership dans la Mission multinationale d\u2019appui [&hellip;]<\/p>\n","protected":false},"author":1,"featured_media":4025,"comment_status":"open","ping_status":"open","sticky":false,"template":"","format":"standard","meta":{"_uag_custom_page_level_css":"","jetpack_post_was_ever_published":false,"_jetpack_newsletter_access":"","_jetpack_dont_email_post_to_subs":false,"_jetpack_newsletter_tier_id":0,"_jetpack_memberships_contains_paywalled_content":false,"_jetpack_memberships_contains_paid_content":false,"footnotes":"","jetpack_publicize_message":"","jetpack_publicize_feature_enabled":true,"jetpack_social_post_already_shared":true,"jetpack_social_options":{"image_generator_settings":{"template":"highway","default_image_id":0,"font":"","enabled":false},"version":2}},"categories":[46],"tags":[],"ppma_author":[15],"class_list":["post-4024","post","type-post","status-publish","format-standard","has-post-thumbnail","hentry","category-international"],"aioseo_notices":[],"jetpack_publicize_connections":[],"jetpack_featured_media_url":"https:\/\/i0.wp.com\/radioecoutefm.com\/wp-content\/uploads\/2025\/05\/IMG_1952.jpeg?fit=1200%2C952&ssl=1","uagb_featured_image_src":{"full":["https:\/\/i0.wp.com\/radioecoutefm.com\/wp-content\/uploads\/2025\/05\/IMG_1952.jpeg?fit=1200%2C952&ssl=1",1200,952,false],"thumbnail":["https:\/\/i0.wp.com\/radioecoutefm.com\/wp-content\/uploads\/2025\/05\/IMG_1952.jpeg?resize=150%2C150&ssl=1",150,150,true],"medium":["https:\/\/i0.wp.com\/radioecoutefm.com\/wp-content\/uploads\/2025\/05\/IMG_1952.jpeg?fit=300%2C238&ssl=1",300,238,true],"medium_large":["https:\/\/i0.wp.com\/radioecoutefm.com\/wp-content\/uploads\/2025\/05\/IMG_1952.jpeg?fit=640%2C508&ssl=1",640,508,true],"large":["https:\/\/i0.wp.com\/radioecoutefm.com\/wp-content\/uploads\/2025\/05\/IMG_1952.jpeg?fit=640%2C508&ssl=1",640,508,true],"1536x1536":["https:\/\/i0.wp.com\/radioecoutefm.com\/wp-content\/uploads\/2025\/05\/IMG_1952.jpeg?fit=1200%2C952&ssl=1",1200,952,true],"2048x2048":["https:\/\/i0.wp.com\/radioecoutefm.com\/wp-content\/uploads\/2025\/05\/IMG_1952.jpeg?fit=1200%2C952&ssl=1",1200,952,true],"newsair-slider-full":["https:\/\/i0.wp.com\/radioecoutefm.com\/wp-content\/uploads\/2025\/05\/IMG_1952.jpeg?resize=1200%2C720&ssl=1",1200,720,true],"newsair-featured":["https:\/\/i0.wp.com\/radioecoutefm.com\/wp-content\/uploads\/2025\/05\/IMG_1952.jpeg?fit=1024%2C812&ssl=1",1024,812,true],"newsair-medium":["https:\/\/i0.wp.com\/radioecoutefm.com\/wp-content\/uploads\/2025\/05\/IMG_1952.jpeg?resize=720%2C380&ssl=1",720,380,true]},"uagb_author_info":{"display_name":"Ecoute FM","author_link":"https:\/\/radioecoutefm.com\/index.php\/author\/borgellaattis\/"},"uagb_comment_info":0,"uagb_excerpt":"Le Secr\u00e9taire d\u2019\u00c9tat am\u00e9ricain Marco Rubio a rencontr\u00e9 cette semaine le Premier secr\u00e9taire du cabinet et ministre des Affaires \u00e9trang\u00e8res du Kenya, Musalia Mudavadi, afin de discuter du partenariat entre les \u00c9tats-Unis et le Kenya. M. Rubio a exprim\u00e9 sa gratitude envers le gouvernement k\u00e9nyan pour son r\u00f4le de leadership dans la Mission multinationale d\u2019appui&hellip;","jetpack_sharing_enabled":true,"jetpack_shortlink":"https:\/\/wp.me\/pgoyna-12U","jetpack-related-posts":[{"id":2057,"url":"https:\/\/radioecoutefm.com\/index.php\/2025\/03\/26\/le-secretaire-detat-americain-remercie-le-kenya-pour-son-leadership-en-matiere-de-paix-en-afrique-de-lest-alors-que-la-situation-en-haiti-reste-preoccupante\/","url_meta":{"origin":4024,"position":0},"title":"Le Kenya confront\u00e9 \u00e0 des d\u00e9fis en Ha\u00efti malgr\u00e9 son r\u00f4le de m\u00e9diateur en Afrique de l&#8217;Est","author":"Ecoute FM","date":"26.03.2025","format":false,"excerpt":"Le secr\u00e9taire d'\u00c9tat des \u00c9tats-Unis, Marco Rubio, a exprim\u00e9 sa reconnaissance envers le pr\u00e9sident du Kenya, William Ruto, pour le r\u00f4le crucial jou\u00e9 par son pays dans le maintien de la paix et de la s\u00e9curit\u00e9 en Afrique de l'Est. Dans une conversation r\u00e9cente, Rubio a salu\u00e9 l'engagement du Kenya\u2026","rel":"","context":"In &quot;INTERNATIONAL&quot;","block_context":{"text":"INTERNATIONAL","link":"https:\/\/radioecoutefm.com\/index.php\/category\/international\/"},"img":{"alt_text":"","src":"https:\/\/i0.wp.com\/radioecoutefm.com\/wp-content\/uploads\/2025\/03\/Rubio-and-Ruto.png?fit=700%2C400&ssl=1&resize=350%2C200","width":350,"height":200,"srcset":"https:\/\/i0.wp.com\/radioecoutefm.com\/wp-content\/uploads\/2025\/03\/Rubio-and-Ruto.png?fit=700%2C400&ssl=1&resize=350%2C200 1x, https:\/\/i0.wp.com\/radioecoutefm.com\/wp-content\/uploads\/2025\/03\/Rubio-and-Ruto.png?fit=700%2C400&ssl=1&resize=525%2C300 1.5x, https:\/\/i0.wp.com\/radioecoutefm.com\/wp-content\/uploads\/2025\/03\/Rubio-and-Ruto.png?fit=700%2C400&ssl=1&resize=700%2C400 2x"},"classes":[]},{"id":1978,"url":"https:\/\/radioecoutefm.com\/index.php\/2025\/03\/24\/marco-rubio-en-tournee-dans-les-caraibes-haiti-au-centre-des-preoccupations\/","url_meta":{"origin":4024,"position":1},"title":"Marco Rubio en tourn\u00e9e dans les Cara\u00efbes : Ha\u00efti au centre des pr\u00e9occupations","author":"Ecoute FM","date":"24.03.2025","format":false,"excerpt":"Le secr\u00e9taire d\u2019\u00c9tat am\u00e9ricain Marco Rubio entame cette semaine sa premi\u00e8re tourn\u00e9e officielle dans les Cara\u00efbes, \u00e0 un moment o\u00f9 la situation en Ha\u00efti suscite de vives inqui\u00e9tudes parmi les dirigeants de la r\u00e9gion. Au cours de son voyage, Rubio se rendra en Jama\u00efque, o\u00f9 il sera re\u00e7u par le\u2026","rel":"","context":"In &quot;INSECURITE&quot;","block_context":{"text":"INSECURITE","link":"https:\/\/radioecoutefm.com\/index.php\/category\/securite\/"},"img":{"alt_text":"","src":"https:\/\/i0.wp.com\/radioecoutefm.com\/wp-content\/uploads\/2025\/03\/IMG_1473.png?fit=512%2C342&ssl=1&resize=350%2C200","width":350,"height":200},"classes":[]},{"id":2037,"url":"https:\/\/radioecoutefm.com\/index.php\/2025\/03\/26\/fritz-alphonse-jean-en-mission-en-jamaique-un-entretien-cle-avec-le-secretaire-detat-americain-marco-rubio\/","url_meta":{"origin":4024,"position":2},"title":"Fritz Alphonse Jean en mission en Jama\u00efque : Un entretien cl\u00e9 avec le Secr\u00e9taire d&#8217;\u00c9tat am\u00e9ricain Marco Rubio","author":"Ecoute FM","date":"26.03.2025","format":false,"excerpt":"Le Pr\u00e9sident du Conseil de Transition provisoire d\u2019Ha\u00efti, Fritz Alphonse Jean, a quitt\u00e9 le pays le 25 mars 2025 pour une mission officielle en Jama\u00efque, ce voyage \u00e9tant le premier international de Jean depuis sa prise de fonction \u00e0 la t\u00eate du CTP. La mission, ax\u00e9e sur le renforcement de\u2026","rel":"","context":"In &quot;POLITIQUE&quot;","block_context":{"text":"POLITIQUE","link":"https:\/\/radioecoutefm.com\/index.php\/category\/politique\/"},"img":{"alt_text":"","src":"https:\/\/i0.wp.com\/radioecoutefm.com\/wp-content\/uploads\/2025\/03\/fritzjean.jpg?fit=924%2C616&ssl=1&resize=350%2C200","width":350,"height":200,"srcset":"https:\/\/i0.wp.com\/radioecoutefm.com\/wp-content\/uploads\/2025\/03\/fritzjean.jpg?fit=924%2C616&ssl=1&resize=350%2C200 1x, https:\/\/i0.wp.com\/radioecoutefm.com\/wp-content\/uploads\/2025\/03\/fritzjean.jpg?fit=924%2C616&ssl=1&resize=525%2C300 1.5x, https:\/\/i0.wp.com\/radioecoutefm.com\/wp-content\/uploads\/2025\/03\/fritzjean.jpg?fit=924%2C616&ssl=1&resize=700%2C400 2x"},"classes":[]},{"id":4396,"url":"https:\/\/radioecoutefm.com\/index.php\/2025\/05\/20\/rubio-appelle-loea-a-intervenir-en-haiti-face-a-la-montee-des-gangs-armes\/","url_meta":{"origin":4024,"position":3},"title":"Rubio appelle l\u2019OEA \u00e0 intervenir en Ha\u00efti face \u00e0 la mont\u00e9e des gangs arm\u00e9s","author":"Ecoute FM","date":"20.05.2025","format":false,"excerpt":"Le secr\u00e9taire d\u2019\u00c9tat am\u00e9ricain Marco Rubio a d\u00e9clar\u00e9 mardi que l\u2019Organisation des \u00c9tats am\u00e9ricains (OEA) devrait jouer un r\u00f4le plus actif dans la r\u00e9solution de la crise s\u00e9curitaire en Ha\u00efti. Face \u00e0 la mont\u00e9e en puissance des gangs arm\u00e9s qui contr\u00f4lent une grande partie du territoire, Rubio a estim\u00e9 que\u2026","rel":"","context":"In &quot;SECURITE&quot;","block_context":{"text":"SECURITE","link":"https:\/\/radioecoutefm.com\/index.php\/category\/insecurite\/"},"img":{"alt_text":"","src":"https:\/\/i0.wp.com\/radioecoutefm.com\/wp-content\/uploads\/2025\/05\/IMG_2072.jpeg?fit=686%2C386&ssl=1&resize=350%2C200","width":350,"height":200,"srcset":"https:\/\/i0.wp.com\/radioecoutefm.com\/wp-content\/uploads\/2025\/05\/IMG_2072.jpeg?fit=686%2C386&ssl=1&resize=350%2C200 1x, https:\/\/i0.wp.com\/radioecoutefm.com\/wp-content\/uploads\/2025\/05\/IMG_2072.jpeg?fit=686%2C386&ssl=1&resize=525%2C300 1.5x"},"classes":[]},{"id":4008,"url":"https:\/\/radioecoutefm.com\/index.php\/2025\/05\/08\/haiti-en-crise-abinader-reclame-une-action-internationale-lors-de-sa-rencontre-avec-marco-rubio\/","url_meta":{"origin":4024,"position":4},"title":"Ha\u00efti en crise : Abinader r\u00e9clame une action internationale lors de sa rencontre avec Marco Rubio","author":"Ecoute FM","date":"08.05.2025","format":false,"excerpt":"\u00c0 l\u2019occasion d\u2019une r\u00e9union bilat\u00e9rale tenue mercredi \u00e0 Washington, le pr\u00e9sident de la R\u00e9publique dominicaine, Luis Abinader, et le secr\u00e9taire d\u2019\u00c9tat am\u00e9ricain, Marco Rubio, ont plac\u00e9 la situation en Ha\u00efti au centre de leurs discussions. C\u2019est la deuxi\u00e8me rencontre en trois mois entre les deux dirigeants, qui s\u2019inqui\u00e8tent de l\u2019aggravation\u2026","rel":"","context":"In &quot;INTERNATIONAL&quot;","block_context":{"text":"INTERNATIONAL","link":"https:\/\/radioecoutefm.com\/index.php\/category\/international\/"},"img":{"alt_text":"","src":"https:\/\/i0.wp.com\/radioecoutefm.com\/wp-content\/uploads\/2025\/05\/Rubioabi.jpg?fit=896%2C504&ssl=1&resize=350%2C200","width":350,"height":200,"srcset":"https:\/\/i0.wp.com\/radioecoutefm.com\/wp-content\/uploads\/2025\/05\/Rubioabi.jpg?fit=896%2C504&ssl=1&resize=350%2C200 1x, https:\/\/i0.wp.com\/radioecoutefm.com\/wp-content\/uploads\/2025\/05\/Rubioabi.jpg?fit=896%2C504&ssl=1&resize=525%2C300 1.5x, https:\/\/i0.wp.com\/radioecoutefm.com\/wp-content\/uploads\/2025\/05\/Rubioabi.jpg?fit=896%2C504&ssl=1&resize=700%2C400 2x"},"classes":[]},{"id":3936,"url":"https:\/\/radioecoutefm.com\/index.php\/2025\/05\/07\/marco-rubio-plaide-pour-une-cooperation-regionale-renforcee-dans-la-caraibe\/","url_meta":{"origin":4024,"position":5},"title":"Marco Rubio plaide pour une coop\u00e9ration r\u00e9gionale renforc\u00e9e dans la Cara\u00efbe","author":"Ecoute FM","date":"07.05.2025","format":false,"excerpt":"Le s\u00e9nateur am\u00e9ricain Marco Rubio a rencontr\u00e9 sept Premiers ministres de la Cara\u00efbe orientale et des Bahamas ce mardi \u00e0 Washington, afin d\u2019aborder la n\u00e9cessit\u00e9 urgente d\u2019une coop\u00e9ration accrue entre les nations de la r\u00e9gion. Les discussions ont principalement port\u00e9 sur les efforts \u00e0 intensifier dans la lutte contre le\u2026","rel":"","context":"In &quot;INTERNATIONAL&quot;","block_context":{"text":"INTERNATIONAL","link":"https:\/\/radioecoutefm.com\/index.php\/category\/international\/"},"img":{"alt_text":"","src":"https:\/\/i0.wp.com\/radioecoutefm.com\/wp-content\/uploads\/2025\/05\/IMG_1924.jpeg?fit=1200%2C895&ssl=1&resize=350%2C200","width":350,"height":200,"srcset":"https:\/\/i0.wp.com\/radioecoutefm.com\/wp-content\/uploads\/2025\/05\/IMG_1924.jpeg?fit=1200%2C895&ssl=1&resize=350%2C200 1x, https:\/\/i0.wp.com\/radioecoutefm.com\/wp-content\/uploads\/2025\/05\/IMG_1924.jpeg?fit=1200%2C895&ssl=1&resize=525%2C300 1.5x, https:\/\/i0.wp.com\/radioecoutefm.com\/wp-content\/uploads\/2025\/05\/IMG_1924.jpeg?fit=1200%2C895&ssl=1&resize=700%2C400 2x, https:\/\/i0.wp.com\/radioecoutefm.com\/wp-content\/uploads\/2025\/05\/IMG_1924.jpeg?fit=1200%2C895&ssl=1&resize=1050%2C600 3x"},"classes":[]}],"authors":[{"term_id":15,"user_id":1,"is_guest":0,"slug":"borgellaattis","display_name":"Ecoute FM","avatar_url":"https:\/\/secure.gravatar.com\/avatar\/a5369629745bf29c5deb65198d5e38aed1dc2c880c04b3b630ab3f6e8c623b70?s=96&d=mm&r=g","0":null,"1":"","2":"","3":"","4":"","5":"","6":"","7":"","8":""}],"_links":{"self":[{"href":"https:\/\/radioecoutefm.com\/index.php\/wp-json\/wp\/v2\/posts\/4024","targetHints":{"allow":["GET"]}}],"collection":[{"href":"https:\/\/radioecoutefm.com\/index.php\/wp-json\/wp\/v2\/posts"}],"about":[{"href":"https:\/\/radioecoutefm.com\/index.php\/wp-json\/wp\/v2\/types\/post"}],"author":[{"embeddable":true,"href":"https:\/\/radioecoutefm.com\/index.php\/wp-json\/wp\/v2\/users\/1"}],"replies":[{"embeddable":true,"href":"https:\/\/radioecoutefm.com\/index.php\/wp-json\/wp\/v2\/comments?post=4024"}],"version-history":[{"count":1,"href":"https:\/\/radioecoutefm.com\/index.php\/wp-json\/wp\/v2\/posts\/4024\/revisions"}],"predecessor-version":[{"id":4029,"href":"https:\/\/radioecoutefm.com\/index.php\/wp-json\/wp\/v2\/posts\/4024\/revisions\/4029"}],"wp:featuredmedia":[{"embeddable":true,"href":"https:\/\/radioecoutefm.com\/index.php\/wp-json\/wp\/v2\/media\/4025"}],"wp:attachment":[{"href":"https:\/\/radioecoutefm.com\/index.php\/wp-json\/wp\/v2\/media?parent=4024"}],"wp:term":[{"taxonomy":"category","embeddable":true,"href":"https:\/\/radioecoutefm.com\/index.php\/wp-json\/wp\/v2\/categories?post=4024"},{"taxonomy":"post_tag","embeddable":true,"href":"https:\/\/radioecoutefm.com\/index.php\/wp-json\/wp\/v2\/tags?post=4024"},{"taxonomy":"author","embeddable":true,"href":"https:\/\/radioecoutefm.com\/index.php\/wp-json\/wp\/v2\/ppma_author?post=4024"}],"curies":[{"name":"wp","href":"https:\/\/api.w.org\/{rel}","templated":true}]}}