{"id":4008,"date":"2025-05-08T08:02:59","date_gmt":"2025-05-08T08:02:59","guid":{"rendered":"https:\/\/radioecoutefm.com\/?p=4008"},"modified":"2025-05-08T08:04:29","modified_gmt":"2025-05-08T08:04:29","slug":"haiti-en-crise-abinader-reclame-une-action-internationale-lors-de-sa-rencontre-avec-marco-rubio","status":"publish","type":"post","link":"https:\/\/radioecoutefm.com\/index.php\/2025\/05\/08\/haiti-en-crise-abinader-reclame-une-action-internationale-lors-de-sa-rencontre-avec-marco-rubio\/","title":{"rendered":"Ha\u00efti en crise : Abinader r\u00e9clame une action internationale lors de sa rencontre avec Marco Rubio"},"content":{"rendered":"<p>\u00c0 l\u2019occasion d\u2019une r\u00e9union bilat\u00e9rale tenue mercredi \u00e0 Washington, le pr\u00e9sident de la R\u00e9publique dominicaine, Luis Abinader, et le secr\u00e9taire d\u2019\u00c9tat am\u00e9ricain, Marco Rubio, ont plac\u00e9 la situation en Ha\u00efti au centre de leurs discussions. C\u2019est la deuxi\u00e8me rencontre en trois mois entre les deux dirigeants, qui s\u2019inqui\u00e8tent de l\u2019aggravation de la crise politique, humanitaire et s\u00e9curitaire en Haiti.<\/p>\n<p>Le pr\u00e9sident Abinader a r\u00e9it\u00e9r\u00e9 l&#8217;urgence d\u2019une r\u00e9ponse internationale plus soutenue. Il a insist\u00e9 sur le fait que l&#8217;effondrement de l&#8217;\u00c9tat ha\u00eftien menace la stabilit\u00e9 de la r\u00e9gion carib\u00e9enne tout enti\u00e8re.<\/p>\n<p>\u00ab<em> La s\u00e9curit\u00e9 d\u2019Ha\u00efti ne peut plus \u00eatre ignor\u00e9e. Elle n\u00e9cessite un appui imm\u00e9diat et structur\u00e9 de la communaut\u00e9 internationale \u00bb<\/em>, a d\u00e9clar\u00e9 Abinader, selon le communiqu\u00e9 officiel de la pr\u00e9sidence dominicaine.<\/p>\n<p>Le secr\u00e9taire d\u2019\u00c9tat am\u00e9ricain a de son c\u00f4t\u00e9 reconnu l\u2019ampleur de la crise ha\u00eftienne et soutenu l&#8217;id\u00e9e d&#8217;une mobilisation conjointe des partenaires internationaux.<\/p>\n<p><em>\u00ab Aucune nation ne peut r\u00e9soudre seule une crise de cette ampleur \u00bb<\/em>, a affirm\u00e9 Marco Rubio, en soulignant que les \u00c9tats-Unis continueront de soutenir les efforts r\u00e9gionaux de stabilisation.<\/p>\n<p>Lors de leur premi\u00e8re rencontre en f\u00e9vrier, Marco Rubio avait assur\u00e9 que les \u00c9tats-Unis ne demanderaient pas \u00e0 la R\u00e9publique dominicaine de recevoir une vague massive de migrants, reconnaissant l\u2019impossibilit\u00e9 pour ce pays de faire face seul \u00e0 cette pression.<\/p>\n<p>Abinader et Rubio semblent s\u2019accorder sur un point fondamental : sans une action internationale urgente, Ha\u00efti risque de sombrer dans un chaos durable.<\/p>\n<p>&nbsp;<\/p>\n","protected":false},"excerpt":{"rendered":"<p>\u00c0 l\u2019occasion d\u2019une r\u00e9union bilat\u00e9rale tenue mercredi \u00e0 Washington, le pr\u00e9sident de la R\u00e9publique dominicaine, Luis Abinader, et le secr\u00e9taire d\u2019\u00c9tat am\u00e9ricain, Marco Rubio, ont plac\u00e9 la situation en Ha\u00efti au centre de leurs discussions. C\u2019est la deuxi\u00e8me rencontre en trois mois entre les deux dirigeants, qui s\u2019inqui\u00e8tent de l\u2019aggravation de la crise politique, humanitaire [&hellip;]<\/p>\n","protected":false},"author":1,"featured_media":4010,"comment_status":"open","ping_status":"open","sticky":false,"template":"","format":"standard","meta":{"_uag_custom_page_level_css":"","jetpack_post_was_ever_published":false,"_jetpack_newsletter_access":"","_jetpack_dont_email_post_to_subs":false,"_jetpack_newsletter_tier_id":0,"_jetpack_memberships_contains_paywalled_content":false,"_jetpack_memberships_contains_paid_content":false,"footnotes":"","jetpack_publicize_message":"","jetpack_publicize_feature_enabled":true,"jetpack_social_post_already_shared":true,"jetpack_social_options":{"image_generator_settings":{"template":"highway","default_image_id":0,"font":"","enabled":false},"version":2}},"categories":[46],"tags":[],"ppma_author":[15],"class_list":["post-4008","post","type-post","status-publish","format-standard","has-post-thumbnail","hentry","category-international"],"aioseo_notices":[],"jetpack_publicize_connections":[],"jetpack_featured_media_url":"https:\/\/i0.wp.com\/radioecoutefm.com\/wp-content\/uploads\/2025\/05\/Rubioabi.jpg?fit=896%2C504&ssl=1","uagb_featured_image_src":{"full":["https:\/\/i0.wp.com\/radioecoutefm.com\/wp-content\/uploads\/2025\/05\/Rubioabi.jpg?fit=896%2C504&ssl=1",896,504,false],"thumbnail":["https:\/\/i0.wp.com\/radioecoutefm.com\/wp-content\/uploads\/2025\/05\/Rubioabi.jpg?resize=150%2C150&ssl=1",150,150,true],"medium":["https:\/\/i0.wp.com\/radioecoutefm.com\/wp-content\/uploads\/2025\/05\/Rubioabi.jpg?fit=300%2C169&ssl=1",300,169,true],"medium_large":["https:\/\/i0.wp.com\/radioecoutefm.com\/wp-content\/uploads\/2025\/05\/Rubioabi.jpg?fit=640%2C360&ssl=1",640,360,true],"large":["https:\/\/i0.wp.com\/radioecoutefm.com\/wp-content\/uploads\/2025\/05\/Rubioabi.jpg?fit=640%2C360&ssl=1",640,360,true],"1536x1536":["https:\/\/i0.wp.com\/radioecoutefm.com\/wp-content\/uploads\/2025\/05\/Rubioabi.jpg?fit=896%2C504&ssl=1",896,504,true],"2048x2048":["https:\/\/i0.wp.com\/radioecoutefm.com\/wp-content\/uploads\/2025\/05\/Rubioabi.jpg?fit=896%2C504&ssl=1",896,504,true],"newsair-slider-full":["https:\/\/i0.wp.com\/radioecoutefm.com\/wp-content\/uploads\/2025\/05\/Rubioabi.jpg?resize=896%2C504&ssl=1",896,504,true],"newsair-featured":["https:\/\/i0.wp.com\/radioecoutefm.com\/wp-content\/uploads\/2025\/05\/Rubioabi.jpg?fit=896%2C504&ssl=1",896,504,true],"newsair-medium":["https:\/\/i0.wp.com\/radioecoutefm.com\/wp-content\/uploads\/2025\/05\/Rubioabi.jpg?resize=720%2C380&ssl=1",720,380,true]},"uagb_author_info":{"display_name":"Ecoute FM","author_link":"https:\/\/radioecoutefm.com\/index.php\/author\/borgellaattis\/"},"uagb_comment_info":0,"uagb_excerpt":"\u00c0 l\u2019occasion d\u2019une r\u00e9union bilat\u00e9rale tenue mercredi \u00e0 Washington, le pr\u00e9sident de la R\u00e9publique dominicaine, Luis Abinader, et le secr\u00e9taire d\u2019\u00c9tat am\u00e9ricain, Marco Rubio, ont plac\u00e9 la situation en Ha\u00efti au centre de leurs discussions. C\u2019est la deuxi\u00e8me rencontre en trois mois entre les deux dirigeants, qui s\u2019inqui\u00e8tent de l\u2019aggravation de la crise politique, humanitaire&hellip;","jetpack_sharing_enabled":true,"jetpack_shortlink":"https:\/\/wp.me\/pgoyna-12E","jetpack-related-posts":[{"id":4376,"url":"https:\/\/radioecoutefm.com\/index.php\/2025\/05\/20\/la-republique-dominicaine-alerte-sur-la-menace-regionale-posee-par-la-crise-en-haiti\/","url_meta":{"origin":4008,"position":0},"title":"La crise ha\u00eftienne est une menace r\u00e9gionale, selon Luis Abinader","author":"Ecoute FM","date":"20.05.2025","format":false,"excerpt":"Le pr\u00e9sident dominicain Luis Abinader a tir\u00e9 la sonnette d\u2019alarme ce lundi sur l\u2019aggravation de la crise ha\u00eftienne, qu\u2019il consid\u00e8re comme une menace directe pour la stabilit\u00e9 de la r\u00e9gion. Lors de sa rencontre hebdomadaire avec la presse, il a affirm\u00e9 que le s\u00e9nateur am\u00e9ricain Marco Rubio partageait ses inqui\u00e9tudes\u2026","rel":"","context":"In &quot;INTERNATIONAL&quot;","block_context":{"text":"INTERNATIONAL","link":"https:\/\/radioecoutefm.com\/index.php\/category\/international\/"},"img":{"alt_text":"","src":"https:\/\/i0.wp.com\/radioecoutefm.com\/wp-content\/uploads\/2025\/05\/Luis-Abinader.jpg?fit=1200%2C675&ssl=1&resize=350%2C200","width":350,"height":200,"srcset":"https:\/\/i0.wp.com\/radioecoutefm.com\/wp-content\/uploads\/2025\/05\/Luis-Abinader.jpg?fit=1200%2C675&ssl=1&resize=350%2C200 1x, https:\/\/i0.wp.com\/radioecoutefm.com\/wp-content\/uploads\/2025\/05\/Luis-Abinader.jpg?fit=1200%2C675&ssl=1&resize=525%2C300 1.5x, https:\/\/i0.wp.com\/radioecoutefm.com\/wp-content\/uploads\/2025\/05\/Luis-Abinader.jpg?fit=1200%2C675&ssl=1&resize=700%2C400 2x, https:\/\/i0.wp.com\/radioecoutefm.com\/wp-content\/uploads\/2025\/05\/Luis-Abinader.jpg?fit=1200%2C675&ssl=1&resize=1050%2C600 3x"},"classes":[]},{"id":4569,"url":"https:\/\/radioecoutefm.com\/index.php\/2025\/05\/27\/4569\/","url_meta":{"origin":4008,"position":1},"title":"Crise Haitienne: Cessez de rejeter la faute sur les autres, declare Luis Abinader","author":"Ecoute FM","date":"27.05.2025","format":false,"excerpt":"Le pr\u00e9sident dominicain Luis Abinader a r\u00e9pondu ce lundi 26 mai, aux propos du ministre ha\u00eftien de la D\u00e9fense, Jean-Michel Mo\u00efse, qui avait accus\u00e9 la R\u00e9publique dominicaine d\u2019aggraver la crise interne ha\u00eftienne \u00e0 travers le trafic d\u2019armes, lors d\u2019une session sp\u00e9ciale de l\u2019OEA a washington. Dans le cadre de sa\u2026","rel":"","context":"In &quot;INTERNATIONAL&quot;","block_context":{"text":"INTERNATIONAL","link":"https:\/\/radioecoutefm.com\/index.php\/category\/international\/"},"img":{"alt_text":"","src":"https:\/\/i0.wp.com\/radioecoutefm.com\/wp-content\/uploads\/2025\/05\/abi.jpg?fit=640%2C427&ssl=1&resize=350%2C200","width":350,"height":200,"srcset":"https:\/\/i0.wp.com\/radioecoutefm.com\/wp-content\/uploads\/2025\/05\/abi.jpg?fit=640%2C427&ssl=1&resize=350%2C200 1x, https:\/\/i0.wp.com\/radioecoutefm.com\/wp-content\/uploads\/2025\/05\/abi.jpg?fit=640%2C427&ssl=1&resize=525%2C300 1.5x"},"classes":[]},{"id":3930,"url":"https:\/\/radioecoutefm.com\/index.php\/2025\/05\/07\/crise-en-haiti-danilo-medina-pret-a-dialoguer-avec-abinader-mais-pas-au-palais-national\/","url_meta":{"origin":4008,"position":2},"title":"Crise en Ha\u00efti : Danilo Medina pr\u00eat \u00e0 dialoguer avec Abinader, mais pas au Palais national","author":"Ecoute FM","date":"07.05.2025","format":false,"excerpt":"Alors que la crise ha\u00eftienne suscite de vives inqui\u00e9tudes en R\u00e9publique dominicaine, le pr\u00e9sident Luis Abinader a propos\u00e9 une r\u00e9union avec les anciens chefs d\u2019\u00c9tat pour d\u00e9finir une position commune. Mais l\u2019ancien pr\u00e9sident Danilo Medina a d\u00e9clin\u00e9 l\u2019invitation \u00e0 se rendre pas au Palais national. Il pr\u00e9f\u00e8re une rencontre priv\u00e9e\u2026","rel":"","context":"In &quot;INTERNATIONAL&quot;","block_context":{"text":"INTERNATIONAL","link":"https:\/\/radioecoutefm.com\/index.php\/category\/international\/"},"img":{"alt_text":"","src":"","width":0,"height":0},"classes":[]},{"id":4211,"url":"https:\/\/radioecoutefm.com\/index.php\/2025\/05\/14\/crise-en-haiti-abinader-reunit-les-ex-presidents-dominicains-et-lambassadeur-en-haiti\/","url_meta":{"origin":4008,"position":3},"title":"Crise en Ha\u00efti : Abinader r\u00e9unit les ex-pr\u00e9sidents dominicains et l\u2019ambassadeur en Ha\u00efti","author":"Ecoute FM","date":"14.05.2025","format":false,"excerpt":"Face \u00e0 l'aggravation de la crise en Ha\u00efti, le pr\u00e9sident dominicain Luis Abinader convoquera une r\u00e9union politique ce mercredi au minist\u00e8re de la D\u00e9fense avec les anciens pr\u00e9sidents Hip\u00f3lito Mej\u00eda, Leonel Fern\u00e1ndez et Danilo Medina. L\u2019objectif principal de cette rencontre sera d'analyser l\u2019effondrement institutionnel en Ha\u00efti ainsi que ses r\u00e9percussions\u2026","rel":"","context":"In &quot;INTERNATIONAL&quot;","block_context":{"text":"INTERNATIONAL","link":"https:\/\/radioecoutefm.com\/index.php\/category\/international\/"},"img":{"alt_text":"","src":"https:\/\/i0.wp.com\/radioecoutefm.com\/wp-content\/uploads\/2025\/05\/2F4C953D-50CE-4A1D-B091-8B3F57EEE69A.jpeg?fit=627%2C300&ssl=1&resize=350%2C200","width":350,"height":200,"srcset":"https:\/\/i0.wp.com\/radioecoutefm.com\/wp-content\/uploads\/2025\/05\/2F4C953D-50CE-4A1D-B091-8B3F57EEE69A.jpeg?fit=627%2C300&ssl=1&resize=350%2C200 1x, https:\/\/i0.wp.com\/radioecoutefm.com\/wp-content\/uploads\/2025\/05\/2F4C953D-50CE-4A1D-B091-8B3F57EEE69A.jpeg?fit=627%2C300&ssl=1&resize=525%2C300 1.5x"},"classes":[]},{"id":4660,"url":"https:\/\/radioecoutefm.com\/index.php\/2025\/05\/29\/haiti-diplomatie-fritz-longchamp-presente-ses-lettres-de-creance-au-president-domincain-luis-abinader\/","url_meta":{"origin":4008,"position":4},"title":"Haiti-Diplomatie: Fritz Longchamp pr\u00e9sente ses lettres de cr\u00e9ance au pr\u00e9sident Domincain, Luis Abinader","author":"Ecoute FM","date":"29.05.2025","format":false,"excerpt":"Ce jeudi, Emmanuel Fritz Longchamp a officiellement pr\u00e9sent\u00e9 ses lettres de cr\u00e9ance au pr\u00e9sident dominicain Luis Abinader, Apr\u00e8s plus de deux ans d\u2019absence d\u2019un ambassadeur en poste, lors d\u2019une c\u00e9r\u00e9monie tenue au Palais national \u00e0 Saint-Domingue. Malgre les relations bilat\u00e9rales, tendues ces derni\u00e8res ann\u00e9es par une s\u00e9rie de diff\u00e9rends politiques\u2026","rel":"","context":"In &quot;DIPLOMATIE&quot;","block_context":{"text":"DIPLOMATIE","link":"https:\/\/radioecoutefm.com\/index.php\/category\/diplomatie\/"},"img":{"alt_text":"","src":"https:\/\/i0.wp.com\/radioecoutefm.com\/wp-content\/uploads\/2025\/05\/EMBASSY.webp?fit=1024%2C653&ssl=1&resize=350%2C200","width":350,"height":200,"srcset":"https:\/\/i0.wp.com\/radioecoutefm.com\/wp-content\/uploads\/2025\/05\/EMBASSY.webp?fit=1024%2C653&ssl=1&resize=350%2C200 1x, https:\/\/i0.wp.com\/radioecoutefm.com\/wp-content\/uploads\/2025\/05\/EMBASSY.webp?fit=1024%2C653&ssl=1&resize=525%2C300 1.5x, https:\/\/i0.wp.com\/radioecoutefm.com\/wp-content\/uploads\/2025\/05\/EMBASSY.webp?fit=1024%2C653&ssl=1&resize=700%2C400 2x"},"classes":[]},{"id":3802,"url":"https:\/\/radioecoutefm.com\/index.php\/2025\/05\/04\/abinader-convoque-les-anciens-presidents-face-a-la-crise-haitienne-reunion-prevue-le-14-mai\/","url_meta":{"origin":4008,"position":5},"title":"Abinader convoque les anciens pr\u00e9sidents face \u00e0 la crise ha\u00eftienne, r\u00e9union pr\u00e9vue le 14 mai","author":"Ecoute FM","date":"04.05.2025","format":false,"excerpt":"Face \u00e0 l\u2019aggravation de la crise en Ha\u00efti, le pr\u00e9sident dominicain Luis Abinader a lanc\u00e9 un appel solennel aux anciens chefs d\u2019\u00c9tat Danilo Medina, Leonel Fern\u00e1ndez et Hip\u00f3lito Mej\u00eda. Dans des lettres officielles envoy\u00e9es cette semaine, il les convie \u00e0 une r\u00e9union le 14 mai \u00e0 13h au Palais national,\u2026","rel":"","context":"In &quot;MIGRATION&quot;","block_context":{"text":"MIGRATION","link":"https:\/\/radioecoutefm.com\/index.php\/category\/migration\/"},"img":{"alt_text":"","src":"https:\/\/i0.wp.com\/radioecoutefm.com\/wp-content\/uploads\/2025\/05\/abinader.png?fit=1200%2C630&ssl=1&resize=350%2C200","width":350,"height":200,"srcset":"https:\/\/i0.wp.com\/radioecoutefm.com\/wp-content\/uploads\/2025\/05\/abinader.png?fit=1200%2C630&ssl=1&resize=350%2C200 1x, https:\/\/i0.wp.com\/radioecoutefm.com\/wp-content\/uploads\/2025\/05\/abinader.png?fit=1200%2C630&ssl=1&resize=525%2C300 1.5x, https:\/\/i0.wp.com\/radioecoutefm.com\/wp-content\/uploads\/2025\/05\/abinader.png?fit=1200%2C630&ssl=1&resize=700%2C400 2x, https:\/\/i0.wp.com\/radioecoutefm.com\/wp-content\/uploads\/2025\/05\/abinader.png?fit=1200%2C630&ssl=1&resize=1050%2C600 3x"},"classes":[]}],"authors":[{"term_id":15,"user_id":1,"is_guest":0,"slug":"borgellaattis","display_name":"Ecoute FM","avatar_url":"https:\/\/secure.gravatar.com\/avatar\/a5369629745bf29c5deb65198d5e38aed1dc2c880c04b3b630ab3f6e8c623b70?s=96&d=mm&r=g","0":null,"1":"","2":"","3":"","4":"","5":"","6":"","7":"","8":""}],"_links":{"self":[{"href":"https:\/\/radioecoutefm.com\/index.php\/wp-json\/wp\/v2\/posts\/4008","targetHints":{"allow":["GET"]}}],"collection":[{"href":"https:\/\/radioecoutefm.com\/index.php\/wp-json\/wp\/v2\/posts"}],"about":[{"href":"https:\/\/radioecoutefm.com\/index.php\/wp-json\/wp\/v2\/types\/post"}],"author":[{"embeddable":true,"href":"https:\/\/radioecoutefm.com\/index.php\/wp-json\/wp\/v2\/users\/1"}],"replies":[{"embeddable":true,"href":"https:\/\/radioecoutefm.com\/index.php\/wp-json\/wp\/v2\/comments?post=4008"}],"version-history":[{"count":3,"href":"https:\/\/radioecoutefm.com\/index.php\/wp-json\/wp\/v2\/posts\/4008\/revisions"}],"predecessor-version":[{"id":4016,"href":"https:\/\/radioecoutefm.com\/index.php\/wp-json\/wp\/v2\/posts\/4008\/revisions\/4016"}],"wp:featuredmedia":[{"embeddable":true,"href":"https:\/\/radioecoutefm.com\/index.php\/wp-json\/wp\/v2\/media\/4010"}],"wp:attachment":[{"href":"https:\/\/radioecoutefm.com\/index.php\/wp-json\/wp\/v2\/media?parent=4008"}],"wp:term":[{"taxonomy":"category","embeddable":true,"href":"https:\/\/radioecoutefm.com\/index.php\/wp-json\/wp\/v2\/categories?post=4008"},{"taxonomy":"post_tag","embeddable":true,"href":"https:\/\/radioecoutefm.com\/index.php\/wp-json\/wp\/v2\/tags?post=4008"},{"taxonomy":"author","embeddable":true,"href":"https:\/\/radioecoutefm.com\/index.php\/wp-json\/wp\/v2\/ppma_author?post=4008"}],"curies":[{"name":"wp","href":"https:\/\/api.w.org\/{rel}","templated":true}]}}