{"id":4002,"date":"2025-05-08T04:57:05","date_gmt":"2025-05-08T04:57:05","guid":{"rendered":"https:\/\/radioecoutefm.com\/?p=4002"},"modified":"2025-05-08T04:57:05","modified_gmt":"2025-05-08T04:57:05","slug":"visite-du-president-de-la-bid-a-lhopital-universitaire-justinien-du-cap-haitien","status":"publish","type":"post","link":"https:\/\/radioecoutefm.com\/index.php\/2025\/05\/08\/visite-du-president-de-la-bid-a-lhopital-universitaire-justinien-du-cap-haitien\/","title":{"rendered":"Visite du pr\u00e9sident de la BID \u00e0 l&#8217;H\u00f4pital Universitaire Justinien du Cap-Ha\u00eftien"},"content":{"rendered":"<p>Dans le cadre d&#8217;une tourn\u00e9e visant \u00e0 renforcer l&#8217;infrastructure sanitaire en Ha\u00efti, le pr\u00e9sident de la Banque Interam\u00e9ricaine de D\u00e9veloppement (BID), Ilan Goldfajn, s&#8217;est rendu, ce mercredi 7 mai 2025, \u00e0 l&#8217;H\u00f4pital Universitaire Justinien du Cap-Ha\u00eftien. Cette visite s&#8217;inscrit dans une d\u00e9marche de coop\u00e9ration internationale destin\u00e9e \u00e0 am\u00e9liorer les infrastructures de sant\u00e9 du pays.<\/p>\n<p>A peine arriv\u00e9 dans le pays M. Goldfajn s&#8217;est rendu dans le centre hospitalier. Selon les informations communiqu\u00e9es par le minist\u00e8re de l&#8217;\u00c9conomie et des Finances, cette visite devrait d\u00e9boucher sur un financement significatif pour la r\u00e9habilitation compl\u00e8te de cet \u00e9tablissement de sant\u00e9. Fond\u00e9 en 1890, il constitue un pilier du syst\u00e8me de sant\u00e9 ha\u00eftien et demeure la principale institution m\u00e9dicale desservant le d\u00e9partement du Nord et ses environs. Malgr\u00e9 son importance cruciale, l&#8217;\u00e9tablissement fait face depuis plusieurs ann\u00e9es \u00e0 d&#8217;importants d\u00e9fis structurels et op\u00e9rationnels.<\/p>\n<p>La BIDconfirme ainsi son engagement envers le secteur de la sant\u00e9 en Ha\u00efti. Ce projet de r\u00e9habilitation s&#8217;inscrit dans une s\u00e9rie d&#8217;initiatives visant \u00e0 moderniser les infrastructures sanitaires du pays.<\/p>\n<p>Bien que les d\u00e9tails pr\u00e9cis de l&#8217;enveloppe financi\u00e8re n&#8217;aient pas encore \u00e9t\u00e9 rendus publics, des sources proches du dossier \u00e9voquent un investissement substantiel qui permettrait non seulement la r\u00e9novation des infrastructures existantes, mais \u00e9galement l&#8217;acquisition d&#8217;\u00e9quipements m\u00e9dicaux modernes et la formation du personnel soignant.<\/p>\n<p><strong>Des retomb\u00e9es attendues pour toute la r\u00e9gion<\/strong><\/p>\n<p>La modernisation de l&#8217;H\u00f4pital Universitaire Justinien devrait avoir des r\u00e9percussions positives bien au-del\u00e0 du Cap-Ha\u00eftien. En tant que centre hospitalier universitaire, l&#8217;\u00e9tablissement joue \u00e9galement un r\u00f4le crucial dans la formation des futurs m\u00e9decins et infirmiers du pays.<\/p>\n<p>Les autorit\u00e9s locales et nationales se f\u00e9licitent de cette avanc\u00e9e qui pourrait significativement am\u00e9liorer la qualit\u00e9 des soins de sant\u00e9 dans la r\u00e9gion Nord et renforcer la r\u00e9silience du syst\u00e8me sanitaire ha\u00eftien face aux d\u00e9fis actuels et futurs.<\/p>\n<p>Le calendrier pr\u00e9cis des travaux et les modalit\u00e9s de mise en \u0153uvre du projet devraient \u00eatre annonc\u00e9s dans les prochaines semaines, \u00e0 l&#8217;issue des discussions techniques entre les \u00e9quipes de la BID et les responsables ha\u00eftiens.<\/p>\n","protected":false},"excerpt":{"rendered":"<p>Dans le cadre d&#8217;une tourn\u00e9e visant \u00e0 renforcer l&#8217;infrastructure sanitaire en Ha\u00efti, le pr\u00e9sident de la Banque Interam\u00e9ricaine de D\u00e9veloppement (BID), Ilan Goldfajn, s&#8217;est rendu, ce mercredi 7 mai 2025, \u00e0 l&#8217;H\u00f4pital Universitaire Justinien du Cap-Ha\u00eftien. Cette visite s&#8217;inscrit dans une d\u00e9marche de coop\u00e9ration internationale destin\u00e9e \u00e0 am\u00e9liorer les infrastructures de sant\u00e9 du pays. A [&hellip;]<\/p>\n","protected":false},"author":1,"featured_media":4003,"comment_status":"open","ping_status":"open","sticky":false,"template":"","format":"standard","meta":{"_uag_custom_page_level_css":"","jetpack_post_was_ever_published":false,"_jetpack_newsletter_access":"","_jetpack_dont_email_post_to_subs":false,"_jetpack_newsletter_tier_id":0,"_jetpack_memberships_contains_paywalled_content":false,"_jetpack_memberships_contains_paid_content":false,"footnotes":"","jetpack_publicize_message":"","jetpack_publicize_feature_enabled":true,"jetpack_social_post_already_shared":true,"jetpack_social_options":{"image_generator_settings":{"template":"highway","default_image_id":0,"font":"","enabled":false},"version":2}},"categories":[50],"tags":[],"ppma_author":[15],"class_list":["post-4002","post","type-post","status-publish","format-standard","has-post-thumbnail","hentry","category-sante"],"aioseo_notices":[],"jetpack_publicize_connections":[],"jetpack_featured_media_url":"https:\/\/i0.wp.com\/radioecoutefm.com\/wp-content\/uploads\/2025\/05\/380972BF-8220-421E-8C2C-62AF5251D67E.jpeg?fit=1170%2C785&ssl=1","uagb_featured_image_src":{"full":["https:\/\/i0.wp.com\/radioecoutefm.com\/wp-content\/uploads\/2025\/05\/380972BF-8220-421E-8C2C-62AF5251D67E.jpeg?fit=1170%2C785&ssl=1",1170,785,false],"thumbnail":["https:\/\/i0.wp.com\/radioecoutefm.com\/wp-content\/uploads\/2025\/05\/380972BF-8220-421E-8C2C-62AF5251D67E.jpeg?resize=150%2C150&ssl=1",150,150,true],"medium":["https:\/\/i0.wp.com\/radioecoutefm.com\/wp-content\/uploads\/2025\/05\/380972BF-8220-421E-8C2C-62AF5251D67E.jpeg?fit=300%2C201&ssl=1",300,201,true],"medium_large":["https:\/\/i0.wp.com\/radioecoutefm.com\/wp-content\/uploads\/2025\/05\/380972BF-8220-421E-8C2C-62AF5251D67E.jpeg?fit=640%2C429&ssl=1",640,429,true],"large":["https:\/\/i0.wp.com\/radioecoutefm.com\/wp-content\/uploads\/2025\/05\/380972BF-8220-421E-8C2C-62AF5251D67E.jpeg?fit=640%2C429&ssl=1",640,429,true],"1536x1536":["https:\/\/i0.wp.com\/radioecoutefm.com\/wp-content\/uploads\/2025\/05\/380972BF-8220-421E-8C2C-62AF5251D67E.jpeg?fit=1170%2C785&ssl=1",1170,785,true],"2048x2048":["https:\/\/i0.wp.com\/radioecoutefm.com\/wp-content\/uploads\/2025\/05\/380972BF-8220-421E-8C2C-62AF5251D67E.jpeg?fit=1170%2C785&ssl=1",1170,785,true],"newsair-slider-full":["https:\/\/i0.wp.com\/radioecoutefm.com\/wp-content\/uploads\/2025\/05\/380972BF-8220-421E-8C2C-62AF5251D67E.jpeg?resize=1170%2C720&ssl=1",1170,720,true],"newsair-featured":["https:\/\/i0.wp.com\/radioecoutefm.com\/wp-content\/uploads\/2025\/05\/380972BF-8220-421E-8C2C-62AF5251D67E.jpeg?fit=1024%2C687&ssl=1",1024,687,true],"newsair-medium":["https:\/\/i0.wp.com\/radioecoutefm.com\/wp-content\/uploads\/2025\/05\/380972BF-8220-421E-8C2C-62AF5251D67E.jpeg?resize=720%2C380&ssl=1",720,380,true]},"uagb_author_info":{"display_name":"Ecoute FM","author_link":"https:\/\/radioecoutefm.com\/index.php\/author\/borgellaattis\/"},"uagb_comment_info":3,"uagb_excerpt":"Dans le cadre d&#8217;une tourn\u00e9e visant \u00e0 renforcer l&#8217;infrastructure sanitaire en Ha\u00efti, le pr\u00e9sident de la Banque Interam\u00e9ricaine de D\u00e9veloppement (BID), Ilan Goldfajn, s&#8217;est rendu, ce mercredi 7 mai 2025, \u00e0 l&#8217;H\u00f4pital Universitaire Justinien du Cap-Ha\u00eftien. Cette visite s&#8217;inscrit dans une d\u00e9marche de coop\u00e9ration internationale destin\u00e9e \u00e0 am\u00e9liorer les infrastructures de sant\u00e9 du pays. A&hellip;","jetpack_sharing_enabled":true,"jetpack_shortlink":"https:\/\/wp.me\/pgoyna-12y","jetpack-related-posts":[{"id":3961,"url":"https:\/\/radioecoutefm.com\/index.php\/2025\/05\/07\/cooperation-le-president-de-la-bid-en-mission-en-haiti\/","url_meta":{"origin":4002,"position":0},"title":"Coop\u00e9ration: le pr\u00e9sident de la BID en mission en Ha\u00efti","author":"Ecoute FM","date":"07.05.2025","format":false,"excerpt":"Sous la demande du gouvernement,Ha\u00efti re\u00e7oit la visite du pr\u00e9sident de la Banque Interam\u00e9ricaine de D\u00e9veloppement (BID), Ilan Goldfajn, \u00e0 la t\u00eate d\u2019une d\u00e9l\u00e9gation pour renforcer les liens de coop\u00e9ration avec le pays. Du 7 au 9 mai 2025, cette mission officielle se d\u00e9roulera principalement dans les d\u00e9partements du Nord\u2026","rel":"","context":"In &quot;POLITIQUE&quot;","block_context":{"text":"POLITIQUE","link":"https:\/\/radioecoutefm.com\/index.php\/category\/politique\/"},"img":{"alt_text":"","src":"https:\/\/i0.wp.com\/radioecoutefm.com\/wp-content\/uploads\/2025\/05\/7C58B053-F870-4D40-A605-259247413C2F.jpeg?fit=768%2C530&ssl=1&resize=350%2C200","width":350,"height":200,"srcset":"https:\/\/i0.wp.com\/radioecoutefm.com\/wp-content\/uploads\/2025\/05\/7C58B053-F870-4D40-A605-259247413C2F.jpeg?fit=768%2C530&ssl=1&resize=350%2C200 1x, https:\/\/i0.wp.com\/radioecoutefm.com\/wp-content\/uploads\/2025\/05\/7C58B053-F870-4D40-A605-259247413C2F.jpeg?fit=768%2C530&ssl=1&resize=525%2C300 1.5x, https:\/\/i0.wp.com\/radioecoutefm.com\/wp-content\/uploads\/2025\/05\/7C58B053-F870-4D40-A605-259247413C2F.jpeg?fit=768%2C530&ssl=1&resize=700%2C400 2x"},"classes":[]},{"id":5997,"url":"https:\/\/radioecoutefm.com\/index.php\/2025\/09\/25\/haiti-signature-dun-protocole-pour-la-relocalisation-de-lhopital-general\/","url_meta":{"origin":4002,"position":1},"title":"Ha\u00efti : signature d\u2019un protocole pour la relocalisation de l\u2019H\u00f4pital G\u00e9n\u00e9ral","author":"Ecoute FM","date":"25.09.2025","format":false,"excerpt":"Ce mercredi, un protocole d\u2019accord a \u00e9t\u00e9 sign\u00e9 entre le minist\u00e8re de la Sant\u00e9 publique et de la Population (MSPP) et le minist\u00e8re de l\u2019\u00c9conomie et des Finances (MEF) en vue de la relocalisation de l\u2019H\u00f4pital universitaire d\u2019\u00c9tat d\u2019Ha\u00efti (HUEH), plus connu sous le nom d\u2019H\u00f4pital G\u00e9n\u00e9ral. La c\u00e9r\u00e9monie de\u2026","rel":"","context":"In &quot;SANTE&quot;","block_context":{"text":"SANTE","link":"https:\/\/radioecoutefm.com\/index.php\/category\/sante\/"},"img":{"alt_text":"","src":"https:\/\/i0.wp.com\/radioecoutefm.com\/wp-content\/uploads\/2025\/09\/0E891478-B6AC-432B-B78F-583EC989BE7B.jpeg?fit=1200%2C728&ssl=1&resize=350%2C200","width":350,"height":200,"srcset":"https:\/\/i0.wp.com\/radioecoutefm.com\/wp-content\/uploads\/2025\/09\/0E891478-B6AC-432B-B78F-583EC989BE7B.jpeg?fit=1200%2C728&ssl=1&resize=350%2C200 1x, https:\/\/i0.wp.com\/radioecoutefm.com\/wp-content\/uploads\/2025\/09\/0E891478-B6AC-432B-B78F-583EC989BE7B.jpeg?fit=1200%2C728&ssl=1&resize=525%2C300 1.5x, https:\/\/i0.wp.com\/radioecoutefm.com\/wp-content\/uploads\/2025\/09\/0E891478-B6AC-432B-B78F-583EC989BE7B.jpeg?fit=1200%2C728&ssl=1&resize=700%2C400 2x, https:\/\/i0.wp.com\/radioecoutefm.com\/wp-content\/uploads\/2025\/09\/0E891478-B6AC-432B-B78F-583EC989BE7B.jpeg?fit=1200%2C728&ssl=1&resize=1050%2C600 3x"},"classes":[]},{"id":6128,"url":"https:\/\/radioecoutefm.com\/index.php\/2025\/10\/12\/la-bid-accorde-100-millions-de-dollars-a-haiti-pour-renforcer-le-systeme-de-sante-dans-le-grand-nord\/","url_meta":{"origin":4002,"position":2},"title":"La BID accorde 100 millions de dollars \u00e0 Ha\u00efti pour renforcer le syst\u00e8me de sant\u00e9 dans le Grand Nord","author":"Ecoute FM","date":"12.10.2025","format":false,"excerpt":"La Banque interam\u00e9ricaine de d\u00e9veloppement (BID) a annonc\u00e9, ce jeudi, un don de 100 millions de dollars en faveur d\u2019Ha\u00efti, afin de renforcer les services sanitaires dans le Grand Nord du pays. Ce financement, pr\u00e9sent\u00e9 comme une r\u00e9ponse directe \u00e0 la crise humanitaire et aux d\u00e9fis structurels du syst\u00e8me de\u2026","rel":"","context":"In &quot;SANTE&quot;","block_context":{"text":"SANTE","link":"https:\/\/radioecoutefm.com\/index.php\/category\/sante\/"},"img":{"alt_text":"","src":"https:\/\/i0.wp.com\/radioecoutefm.com\/wp-content\/uploads\/2025\/10\/36DDAA32-6955-49EE-8B85-B489A498A94A.jpeg?fit=576%2C336&ssl=1&resize=350%2C200","width":350,"height":200,"srcset":"https:\/\/i0.wp.com\/radioecoutefm.com\/wp-content\/uploads\/2025\/10\/36DDAA32-6955-49EE-8B85-B489A498A94A.jpeg?fit=576%2C336&ssl=1&resize=350%2C200 1x, https:\/\/i0.wp.com\/radioecoutefm.com\/wp-content\/uploads\/2025\/10\/36DDAA32-6955-49EE-8B85-B489A498A94A.jpeg?fit=576%2C336&ssl=1&resize=525%2C300 1.5x"},"classes":[]},{"id":4766,"url":"https:\/\/radioecoutefm.com\/index.php\/2025\/06\/01\/haiti-fait-son-entree-historique-au-conseil-executif-de-loms\/","url_meta":{"origin":4002,"position":3},"title":"Ha\u00efti fait son entr\u00e9e historique au Conseil ex\u00e9cutif de l\u2019OMS","author":"Ecoute FM","date":"01.06.2025","format":false,"excerpt":"Ha\u00efti a franchi une \u00e9tape majeure dans son engagement en mati\u00e8re de sant\u00e9 mondiale en \u00e9tant \u00e9lue, pour la premi\u00e8re fois de son histoire, au Conseil ex\u00e9cutif de l\u2019Organisation mondiale de la sant\u00e9 (OMS). Cette \u00e9lection, qui couvre la p\u00e9riode 2025\u20132028, s\u2019est tenue les 28 et 29 mai \u00e0 Gen\u00e8ve,\u2026","rel":"","context":"In &quot;SANTE&quot;","block_context":{"text":"SANTE","link":"https:\/\/radioecoutefm.com\/index.php\/category\/sante\/"},"img":{"alt_text":"","src":"","width":0,"height":0},"classes":[]},{"id":6043,"url":"https:\/\/radioecoutefm.com\/index.php\/2025\/09\/30\/lhopital-universitaire-de-la-fondation-aristide-lance-une-campagne-gratuite-de-depistage-des-maladies-cardio-vasculaires\/","url_meta":{"origin":4002,"position":4},"title":"L\u2019H\u00f4pital universitaire de la Fondation Aristide lance une campagne gratuite de d\u00e9pistage des maladies cardio-vasculaires","author":"Ecoute FM","date":"30.09.2025","format":false,"excerpt":"\u00c0 l\u2019occasion de la Journ\u00e9e mondiale du c\u0153ur, l\u2019H\u00f4pital universitaire de la Fondation Aristide a annonc\u00e9 le d\u00e9marrage d\u2019une vaste campagne de d\u00e9pistage et de consultations m\u00e9dicales gratuites. L\u2019initiative, pr\u00e9vue du 29 septembre au 31 octobre, vise \u00e0 sensibiliser et \u00e0 prendre en charge pr\u00e9cocement les maladies chroniques li\u00e9es aux\u2026","rel":"","context":"In &quot;SANTE&quot;","block_context":{"text":"SANTE","link":"https:\/\/radioecoutefm.com\/index.php\/category\/sante\/"},"img":{"alt_text":"","src":"https:\/\/i0.wp.com\/radioecoutefm.com\/wp-content\/uploads\/2025\/09\/3855EB9D-7927-4864-B3F2-46A977BE881D.jpeg?fit=1080%2C720&ssl=1&resize=350%2C200","width":350,"height":200,"srcset":"https:\/\/i0.wp.com\/radioecoutefm.com\/wp-content\/uploads\/2025\/09\/3855EB9D-7927-4864-B3F2-46A977BE881D.jpeg?fit=1080%2C720&ssl=1&resize=350%2C200 1x, https:\/\/i0.wp.com\/radioecoutefm.com\/wp-content\/uploads\/2025\/09\/3855EB9D-7927-4864-B3F2-46A977BE881D.jpeg?fit=1080%2C720&ssl=1&resize=525%2C300 1.5x, https:\/\/i0.wp.com\/radioecoutefm.com\/wp-content\/uploads\/2025\/09\/3855EB9D-7927-4864-B3F2-46A977BE881D.jpeg?fit=1080%2C720&ssl=1&resize=700%2C400 2x, https:\/\/i0.wp.com\/radioecoutefm.com\/wp-content\/uploads\/2025\/09\/3855EB9D-7927-4864-B3F2-46A977BE881D.jpeg?fit=1080%2C720&ssl=1&resize=1050%2C600 3x"},"classes":[]},{"id":3924,"url":"https:\/\/radioecoutefm.com\/index.php\/2025\/05\/06\/medecins-sans-frontieres-alerte-sur-leffondrement-du-systeme-de-sante-face-a-la-violence-en-haiti\/","url_meta":{"origin":4002,"position":5},"title":"M\u00e9decins Sans Fronti\u00e8res alerte sur l&#8217;effondrement du syst\u00e8me de sant\u00e9 face \u00e0 la violence en Haiti","author":"Ecoute FM","date":"06.05.2025","format":false,"excerpt":"M\u00e9decins Sans Fronti\u00e8res (MSF) tire la sonnette d\u2019alarme face \u00e0 la d\u00e9gradation rapide de la situation sanitaire \u00e0 Port-au-Prince, o\u00f9 la violence extr\u00eame paralyse les structures m\u00e9dicales. L\u2019h\u00f4pital de traumatologie de Tabarre, g\u00e9r\u00e9 par MSF, est surcharg\u00e9 et menac\u00e9 d\u2019\u00eatre d\u00e9pass\u00e9, alors que les attaques arm\u00e9es se multiplient dans des\u2026","rel":"","context":"In &quot;SANTE&quot;","block_context":{"text":"SANTE","link":"https:\/\/radioecoutefm.com\/index.php\/category\/sante\/"},"img":{"alt_text":"","src":"https:\/\/i0.wp.com\/radioecoutefm.com\/wp-content\/uploads\/2025\/05\/MSF.jpg?fit=1200%2C800&ssl=1&resize=350%2C200","width":350,"height":200,"srcset":"https:\/\/i0.wp.com\/radioecoutefm.com\/wp-content\/uploads\/2025\/05\/MSF.jpg?fit=1200%2C800&ssl=1&resize=350%2C200 1x, https:\/\/i0.wp.com\/radioecoutefm.com\/wp-content\/uploads\/2025\/05\/MSF.jpg?fit=1200%2C800&ssl=1&resize=525%2C300 1.5x, https:\/\/i0.wp.com\/radioecoutefm.com\/wp-content\/uploads\/2025\/05\/MSF.jpg?fit=1200%2C800&ssl=1&resize=700%2C400 2x, https:\/\/i0.wp.com\/radioecoutefm.com\/wp-content\/uploads\/2025\/05\/MSF.jpg?fit=1200%2C800&ssl=1&resize=1050%2C600 3x"},"classes":[]}],"authors":[{"term_id":15,"user_id":1,"is_guest":0,"slug":"borgellaattis","display_name":"Ecoute FM","avatar_url":"https:\/\/secure.gravatar.com\/avatar\/a5369629745bf29c5deb65198d5e38aed1dc2c880c04b3b630ab3f6e8c623b70?s=96&d=mm&r=g","0":null,"1":"","2":"","3":"","4":"","5":"","6":"","7":"","8":""}],"_links":{"self":[{"href":"https:\/\/radioecoutefm.com\/index.php\/wp-json\/wp\/v2\/posts\/4002","targetHints":{"allow":["GET"]}}],"collection":[{"href":"https:\/\/radioecoutefm.com\/index.php\/wp-json\/wp\/v2\/posts"}],"about":[{"href":"https:\/\/radioecoutefm.com\/index.php\/wp-json\/wp\/v2\/types\/post"}],"author":[{"embeddable":true,"href":"https:\/\/radioecoutefm.com\/index.php\/wp-json\/wp\/v2\/users\/1"}],"replies":[{"embeddable":true,"href":"https:\/\/radioecoutefm.com\/index.php\/wp-json\/wp\/v2\/comments?post=4002"}],"version-history":[{"count":1,"href":"https:\/\/radioecoutefm.com\/index.php\/wp-json\/wp\/v2\/posts\/4002\/revisions"}],"predecessor-version":[{"id":4007,"href":"https:\/\/radioecoutefm.com\/index.php\/wp-json\/wp\/v2\/posts\/4002\/revisions\/4007"}],"wp:featuredmedia":[{"embeddable":true,"href":"https:\/\/radioecoutefm.com\/index.php\/wp-json\/wp\/v2\/media\/4003"}],"wp:attachment":[{"href":"https:\/\/radioecoutefm.com\/index.php\/wp-json\/wp\/v2\/media?parent=4002"}],"wp:term":[{"taxonomy":"category","embeddable":true,"href":"https:\/\/radioecoutefm.com\/index.php\/wp-json\/wp\/v2\/categories?post=4002"},{"taxonomy":"post_tag","embeddable":true,"href":"https:\/\/radioecoutefm.com\/index.php\/wp-json\/wp\/v2\/tags?post=4002"},{"taxonomy":"author","embeddable":true,"href":"https:\/\/radioecoutefm.com\/index.php\/wp-json\/wp\/v2\/ppma_author?post=4002"}],"curies":[{"name":"wp","href":"https:\/\/api.w.org\/{rel}","templated":true}]}}