{"id":3995,"date":"2025-05-08T04:39:03","date_gmt":"2025-05-08T04:39:03","guid":{"rendered":"https:\/\/radioecoutefm.com\/?p=3995"},"modified":"2025-05-08T04:40:33","modified_gmt":"2025-05-08T04:40:33","slug":"le-premier-ministre-mobilise-les-autorites-du-grand-sud-autour-du-processus-electoral-et-constitutionnel","status":"publish","type":"post","link":"https:\/\/radioecoutefm.com\/index.php\/2025\/05\/08\/le-premier-ministre-mobilise-les-autorites-du-grand-sud-autour-du-processus-electoral-et-constitutionnel\/","title":{"rendered":"Le Premier ministre mobilise les autorit\u00e9s du Grand Sud autour du processus \u00e9lectoral et constitutionnel"},"content":{"rendered":"<p>Le Premier ministre Alix Didier Fils-Aim\u00e9 a pr\u00e9sid\u00e9 ce mercredi une r\u00e9union institutionnelle de haut niveau dans la ville des Cayes, en marge de l\u2019activation des Cellules de S\u00e9curit\u00e9 Municipales (CSM). Cette rencontre a r\u00e9uni les d\u00e9l\u00e9gu\u00e9s d\u00e9partementaux, les directeurs de la Police nationale, les commissaires du gouvernement, les coordonnateurs de la Protection Civile, le vice-d\u00e9l\u00e9gu\u00e9 du Sud, ainsi que des cadres du minist\u00e8re de l\u2019Int\u00e9rieur, dont le Secr\u00e9taire d\u2019\u00c9tat Patrick Sully W. Joseph et des repr\u00e9sentants de la direction g\u00e9n\u00e9rale du MICT.<\/p>\n<p>Cette rencontre a pour but de mobiliser les autorit\u00e9s administratives, territoriales et s\u00e9curitaires des d\u00e9partements du Sud, du Sud-Est, de la Grand\u2019Anse et des Nippes autour des grandes priorit\u00e9s nationales : la restauration de l\u2019ordre r\u00e9publicain, l\u2019organisation du r\u00e9f\u00e9rendum constitutionnel et la pr\u00e9paration d\u2019\u00e9lections inclusives. Le Premier ministre a rappel\u00e9 que la s\u00e9curit\u00e9 publique, la stabilit\u00e9 institutionnelle et l\u2019engagement local sont des piliers indispensables pour franchir cette nouvelle \u00e9tape de la transition politique.<\/p>\n<p>En recevant les dol\u00e9ances des repr\u00e9sentants locaux, le Chef du gouvernement a assur\u00e9 que toutes les ressources de l\u2019\u00c9tat seront mises \u00e0 contribution, en \u00e9troite coordination avec le Conseil Pr\u00e9sidentiel de Transition (CPT), le Conseil \u00c9lectoral Provisoire (CEP) et les minist\u00e8res sectoriels. Il a conclu en appelant \u00e0 une mobilisation collective : \u00ab Le moment est venu pour chaque institution, chaque citoyen, chaque collectivit\u00e9, de prendre toute sa part dans cet \u00e9lan national. \u00bb<\/p>\n","protected":false},"excerpt":{"rendered":"<p>Le Premier ministre Alix Didier Fils-Aim\u00e9 a pr\u00e9sid\u00e9 ce mercredi une r\u00e9union institutionnelle de haut niveau dans la ville des Cayes, en marge de l\u2019activation des Cellules de S\u00e9curit\u00e9 Municipales (CSM). Cette rencontre a r\u00e9uni les d\u00e9l\u00e9gu\u00e9s d\u00e9partementaux, les directeurs de la Police nationale, les commissaires du gouvernement, les coordonnateurs de la Protection Civile, le [&hellip;]<\/p>\n","protected":false},"author":1,"featured_media":3996,"comment_status":"open","ping_status":"open","sticky":false,"template":"","format":"standard","meta":{"_uag_custom_page_level_css":"","jetpack_post_was_ever_published":false,"_jetpack_newsletter_access":"","_jetpack_dont_email_post_to_subs":false,"_jetpack_newsletter_tier_id":0,"_jetpack_memberships_contains_paywalled_content":false,"_jetpack_memberships_contains_paid_content":false,"footnotes":"","jetpack_publicize_message":"","jetpack_publicize_feature_enabled":true,"jetpack_social_post_already_shared":true,"jetpack_social_options":{"image_generator_settings":{"template":"highway","default_image_id":0,"font":"","enabled":false},"version":2}},"categories":[63],"tags":[],"ppma_author":[15],"class_list":["post-3995","post","type-post","status-publish","format-standard","has-post-thumbnail","hentry","category-insecurite"],"aioseo_notices":[],"jetpack_publicize_connections":[],"jetpack_featured_media_url":"https:\/\/i0.wp.com\/radioecoutefm.com\/wp-content\/uploads\/2025\/05\/IMG_1948.jpeg?fit=1280%2C719&ssl=1","uagb_featured_image_src":{"full":["https:\/\/i0.wp.com\/radioecoutefm.com\/wp-content\/uploads\/2025\/05\/IMG_1948.jpeg?fit=1280%2C719&ssl=1",1280,719,false],"thumbnail":["https:\/\/i0.wp.com\/radioecoutefm.com\/wp-content\/uploads\/2025\/05\/IMG_1948.jpeg?resize=150%2C150&ssl=1",150,150,true],"medium":["https:\/\/i0.wp.com\/radioecoutefm.com\/wp-content\/uploads\/2025\/05\/IMG_1948.jpeg?fit=300%2C169&ssl=1",300,169,true],"medium_large":["https:\/\/i0.wp.com\/radioecoutefm.com\/wp-content\/uploads\/2025\/05\/IMG_1948.jpeg?fit=640%2C359&ssl=1",640,359,true],"large":["https:\/\/i0.wp.com\/radioecoutefm.com\/wp-content\/uploads\/2025\/05\/IMG_1948.jpeg?fit=640%2C359&ssl=1",640,359,true],"1536x1536":["https:\/\/i0.wp.com\/radioecoutefm.com\/wp-content\/uploads\/2025\/05\/IMG_1948.jpeg?fit=1280%2C719&ssl=1",1280,719,true],"2048x2048":["https:\/\/i0.wp.com\/radioecoutefm.com\/wp-content\/uploads\/2025\/05\/IMG_1948.jpeg?fit=1280%2C719&ssl=1",1280,719,true],"newsair-slider-full":["https:\/\/i0.wp.com\/radioecoutefm.com\/wp-content\/uploads\/2025\/05\/IMG_1948.jpeg?resize=1280%2C719&ssl=1",1280,719,true],"newsair-featured":["https:\/\/i0.wp.com\/radioecoutefm.com\/wp-content\/uploads\/2025\/05\/IMG_1948.jpeg?fit=1024%2C575&ssl=1",1024,575,true],"newsair-medium":["https:\/\/i0.wp.com\/radioecoutefm.com\/wp-content\/uploads\/2025\/05\/IMG_1948.jpeg?resize=720%2C380&ssl=1",720,380,true]},"uagb_author_info":{"display_name":"Ecoute FM","author_link":"https:\/\/radioecoutefm.com\/index.php\/author\/borgellaattis\/"},"uagb_comment_info":0,"uagb_excerpt":"Le Premier ministre Alix Didier Fils-Aim\u00e9 a pr\u00e9sid\u00e9 ce mercredi une r\u00e9union institutionnelle de haut niveau dans la ville des Cayes, en marge de l\u2019activation des Cellules de S\u00e9curit\u00e9 Municipales (CSM). Cette rencontre a r\u00e9uni les d\u00e9l\u00e9gu\u00e9s d\u00e9partementaux, les directeurs de la Police nationale, les commissaires du gouvernement, les coordonnateurs de la Protection Civile, le&hellip;","jetpack_sharing_enabled":true,"jetpack_shortlink":"https:\/\/wp.me\/pgoyna-12r","jetpack-related-posts":[{"id":1550,"url":"https:\/\/radioecoutefm.com\/index.php\/2025\/03\/12\/protestation-devant-la-residence-du-premier-ministre-lemergence-patriotique-denonce-la-gestion-du-cpt\/","url_meta":{"origin":3995,"position":0},"title":"Protestation devant la r\u00e9sidence du Premier ministre : L\u2019\u00c9mergence Patriotique d\u00e9nonce la gestion du CPT","author":"Ecoute FM","date":"12.03.2025","format":false,"excerpt":"\u00c9mergence Patriotique a entam\u00e9 ce mardi une action de protestation devant la Villa d\u2019Accuei l, r\u00e9sidence officielle du Premier ministre. Les manifestants d\u00e9noncent ce qu\u2019ils consid\u00e8rent comme une mauvaise gestion du CPT et exigent des comptes de la part des autorit\u00e9s. D\u00e8s les premi\u00e8res heures de la matin\u00e9e, des militants\u2026","rel":"","context":"In &quot;POLITIQUE&quot;","block_context":{"text":"POLITIQUE","link":"https:\/\/radioecoutefm.com\/index.php\/category\/politique\/"},"img":{"alt_text":"","src":"https:\/\/i0.wp.com\/radioecoutefm.com\/wp-content\/uploads\/2025\/03\/IMG_1368.jpeg?fit=1170%2C530&ssl=1&resize=350%2C200","width":350,"height":200,"srcset":"https:\/\/i0.wp.com\/radioecoutefm.com\/wp-content\/uploads\/2025\/03\/IMG_1368.jpeg?fit=1170%2C530&ssl=1&resize=350%2C200 1x, https:\/\/i0.wp.com\/radioecoutefm.com\/wp-content\/uploads\/2025\/03\/IMG_1368.jpeg?fit=1170%2C530&ssl=1&resize=525%2C300 1.5x, https:\/\/i0.wp.com\/radioecoutefm.com\/wp-content\/uploads\/2025\/03\/IMG_1368.jpeg?fit=1170%2C530&ssl=1&resize=700%2C400 2x, https:\/\/i0.wp.com\/radioecoutefm.com\/wp-content\/uploads\/2025\/03\/IMG_1368.jpeg?fit=1170%2C530&ssl=1&resize=1050%2C600 3x"},"classes":[]},{"id":3069,"url":"https:\/\/radioecoutefm.com\/index.php\/2025\/04\/18\/alerte-le-chef-de-gang-manno-et-ses-hommes-seraient-dans-le-sud-pour-tenter-de-semparer-du-commissariat-des-cayes\/","url_meta":{"origin":3995,"position":1},"title":"Alerte : Le chef de gang Manno et ses hommes seraient dans le Sud pour tenter de s\u2019emparer du commissariat des Cayes.","author":"Ecoute FM","date":"18.04.2025","format":false,"excerpt":"Le chef de gang Manno, figure bien connue du quartier de Village-de-Dieu \u00e0 Port-au-Prince, serait actuellement dans la commune de Les Anglais, dans le d\u00e9partement du Sud, accompagn\u00e9 de ses hommes arm\u00e9s. L\u2019information a \u00e9t\u00e9 confirm\u00e9e par le magistrat Fritznel Ch\u00e9ry, qui \u00e9voque une menace s\u00e9rieuse pour la s\u00e9curit\u00e9 de\u2026","rel":"","context":"In &quot;INSECURITE&quot;","block_context":{"text":"INSECURITE","link":"https:\/\/radioecoutefm.com\/index.php\/category\/securite\/"},"img":{"alt_text":"","src":"https:\/\/i0.wp.com\/radioecoutefm.com\/wp-content\/uploads\/2025\/04\/IMG_1649.jpeg?fit=800%2C500&ssl=1&resize=350%2C200","width":350,"height":200,"srcset":"https:\/\/i0.wp.com\/radioecoutefm.com\/wp-content\/uploads\/2025\/04\/IMG_1649.jpeg?fit=800%2C500&ssl=1&resize=350%2C200 1x, https:\/\/i0.wp.com\/radioecoutefm.com\/wp-content\/uploads\/2025\/04\/IMG_1649.jpeg?fit=800%2C500&ssl=1&resize=525%2C300 1.5x, https:\/\/i0.wp.com\/radioecoutefm.com\/wp-content\/uploads\/2025\/04\/IMG_1649.jpeg?fit=800%2C500&ssl=1&resize=700%2C400 2x"},"classes":[]},{"id":3332,"url":"https:\/\/radioecoutefm.com\/index.php\/2025\/04\/23\/engagement-des-partenaires-internationaux-pour-haiti-a-washington-dc\/","url_meta":{"origin":3995,"position":2},"title":"Engagement des Partenaires Internationaux pour Ha\u00efti \u00e0 Washington DC","author":"Ecoute FM","date":"23.04.2025","format":false,"excerpt":"Lors des R\u00e9unions de Printemps du Groupe de la Banque Mondiale et du Fonds Mon\u00e9taire International \u00e0 Washington DC, une table ronde a r\u00e9uni des autorit\u00e9s ha\u00eftiennes, des partenaires financiers et des membres du secteur priv\u00e9 autour de la question cruciale du financement des priorit\u00e9s \u00e9conomiques, sociales et s\u00e9curitaires d\u2019Ha\u00efti.\u2026","rel":"","context":"In &quot;ECONOMIE&quot;","block_context":{"text":"ECONOMIE","link":"https:\/\/radioecoutefm.com\/index.php\/category\/economie\/"},"img":{"alt_text":"","src":"https:\/\/i0.wp.com\/radioecoutefm.com\/wp-content\/uploads\/2025\/04\/IMG_1784.jpeg?fit=1080%2C810&ssl=1&resize=350%2C200","width":350,"height":200,"srcset":"https:\/\/i0.wp.com\/radioecoutefm.com\/wp-content\/uploads\/2025\/04\/IMG_1784.jpeg?fit=1080%2C810&ssl=1&resize=350%2C200 1x, https:\/\/i0.wp.com\/radioecoutefm.com\/wp-content\/uploads\/2025\/04\/IMG_1784.jpeg?fit=1080%2C810&ssl=1&resize=525%2C300 1.5x, https:\/\/i0.wp.com\/radioecoutefm.com\/wp-content\/uploads\/2025\/04\/IMG_1784.jpeg?fit=1080%2C810&ssl=1&resize=700%2C400 2x, https:\/\/i0.wp.com\/radioecoutefm.com\/wp-content\/uploads\/2025\/04\/IMG_1784.jpeg?fit=1080%2C810&ssl=1&resize=1050%2C600 3x"},"classes":[]},{"id":6023,"url":"https:\/\/radioecoutefm.com\/index.php\/2025\/09\/29\/inondations-dans-le-grand-sud-les-cayes-durement-touchees\/","url_meta":{"origin":3995,"position":3},"title":"Inondations dans le Grand Sud : Les Cayes durement touch\u00e9es","author":"Ecoute FM","date":"29.09.2025","format":false,"excerpt":"Depuis le vendredi 26 septembre, des pluies diluviennes s\u2019abattent sur le d\u00e9partement du Sud, provoquant d\u2019importantes inondations, particuli\u00e8rement dans la ville des Cayes. Plusieurs quartiers sont submerg\u00e9s et de nombreuses familles ont d\u00fb abandonner leurs maisons pour se r\u00e9fugier dans des zones plus s\u00fbres. En pr\u00e8s de 72 heures de\u2026","rel":"","context":"In &quot;SOCIETE&quot;","block_context":{"text":"SOCIETE","link":"https:\/\/radioecoutefm.com\/index.php\/category\/societe\/"},"img":{"alt_text":"","src":"https:\/\/i0.wp.com\/radioecoutefm.com\/wp-content\/uploads\/2025\/09\/02ED192D-DC33-4B6F-97F8-A67054CACDEB.jpeg?fit=960%2C720&ssl=1&resize=350%2C200","width":350,"height":200,"srcset":"https:\/\/i0.wp.com\/radioecoutefm.com\/wp-content\/uploads\/2025\/09\/02ED192D-DC33-4B6F-97F8-A67054CACDEB.jpeg?fit=960%2C720&ssl=1&resize=350%2C200 1x, https:\/\/i0.wp.com\/radioecoutefm.com\/wp-content\/uploads\/2025\/09\/02ED192D-DC33-4B6F-97F8-A67054CACDEB.jpeg?fit=960%2C720&ssl=1&resize=525%2C300 1.5x, https:\/\/i0.wp.com\/radioecoutefm.com\/wp-content\/uploads\/2025\/09\/02ED192D-DC33-4B6F-97F8-A67054CACDEB.jpeg?fit=960%2C720&ssl=1&resize=700%2C400 2x"},"classes":[]},{"id":4193,"url":"https:\/\/radioecoutefm.com\/index.php\/2025\/05\/14\/lappe-tire-la-sonnette-dalarme-et-appelle-a-une-intervention-urgente-de-letat\/","url_meta":{"origin":3995,"position":4},"title":"L\u2019APPE tire la sonnette d\u2019alarme et appelle \u00e0 une intervention urgente de l\u2019\u00c9tat","author":"Ecoute FM","date":"14.05.2025","format":false,"excerpt":"Dans une correspondance adress\u00e9e au Premier ministre Alix Didier Fils-Aim\u00e9, le 12 mai 2024, l\u2019Association des Professionnels du P\u00e9trole et de l\u2019\u00c9nergie (APPE) a exprim\u00e9 sa profonde inqui\u00e9tude face \u00e0 la situation critique que traverse actuellement le secteur p\u00e9trolier ha\u00eftien. Selon l\u2019organisation, la d\u00e9t\u00e9rioration de la s\u00e9curit\u00e9 dans le pays\u2026","rel":"","context":"In &quot;POLITIQUE&quot;","block_context":{"text":"POLITIQUE","link":"https:\/\/radioecoutefm.com\/index.php\/category\/politique\/"},"img":{"alt_text":"","src":"","width":0,"height":0},"classes":[]},{"id":3790,"url":"https:\/\/radioecoutefm.com\/index.php\/2025\/05\/04\/reunion-speciale-du-cspn-sur-la-lutte-contre-les-groupes-armes\/","url_meta":{"origin":3995,"position":5},"title":"R\u00e9union sp\u00e9ciale du CSPN sur la lutte contre les groupes arm\u00e9s","author":"Ecoute FM","date":"04.05.2025","format":false,"excerpt":"Le samedi 3 mai 2025, le Conseil Sup\u00e9rieur de la Police Nationale (CSPN) s\u2019est r\u00e9uni en session sp\u00e9ciale pour intensifier la coordination des efforts de s\u00e9curit\u00e9 face \u00e0 la recrudescence des violences li\u00e9es aux groupes arm\u00e9s en Ha\u00efti. Cette r\u00e9union strat\u00e9gique a \u00e9t\u00e9 consacr\u00e9e \u00e0 l\u2019\u00e9laboration de nouvelles mesures op\u00e9rationnelles\u2026","rel":"","context":"In &quot;SECURITE&quot;","block_context":{"text":"SECURITE","link":"https:\/\/radioecoutefm.com\/index.php\/category\/insecurite\/"},"img":{"alt_text":"","src":"https:\/\/i0.wp.com\/radioecoutefm.com\/wp-content\/uploads\/2025\/05\/cspn.jpg?fit=720%2C280&ssl=1&resize=350%2C200","width":350,"height":200,"srcset":"https:\/\/i0.wp.com\/radioecoutefm.com\/wp-content\/uploads\/2025\/05\/cspn.jpg?fit=720%2C280&ssl=1&resize=350%2C200 1x, https:\/\/i0.wp.com\/radioecoutefm.com\/wp-content\/uploads\/2025\/05\/cspn.jpg?fit=720%2C280&ssl=1&resize=525%2C300 1.5x, https:\/\/i0.wp.com\/radioecoutefm.com\/wp-content\/uploads\/2025\/05\/cspn.jpg?fit=720%2C280&ssl=1&resize=700%2C400 2x"},"classes":[]}],"authors":[{"term_id":15,"user_id":1,"is_guest":0,"slug":"borgellaattis","display_name":"Ecoute FM","avatar_url":"https:\/\/secure.gravatar.com\/avatar\/a5369629745bf29c5deb65198d5e38aed1dc2c880c04b3b630ab3f6e8c623b70?s=96&d=mm&r=g","0":null,"1":"","2":"","3":"","4":"","5":"","6":"","7":"","8":""}],"_links":{"self":[{"href":"https:\/\/radioecoutefm.com\/index.php\/wp-json\/wp\/v2\/posts\/3995","targetHints":{"allow":["GET"]}}],"collection":[{"href":"https:\/\/radioecoutefm.com\/index.php\/wp-json\/wp\/v2\/posts"}],"about":[{"href":"https:\/\/radioecoutefm.com\/index.php\/wp-json\/wp\/v2\/types\/post"}],"author":[{"embeddable":true,"href":"https:\/\/radioecoutefm.com\/index.php\/wp-json\/wp\/v2\/users\/1"}],"replies":[{"embeddable":true,"href":"https:\/\/radioecoutefm.com\/index.php\/wp-json\/wp\/v2\/comments?post=3995"}],"version-history":[{"count":2,"href":"https:\/\/radioecoutefm.com\/index.php\/wp-json\/wp\/v2\/posts\/3995\/revisions"}],"predecessor-version":[{"id":4001,"href":"https:\/\/radioecoutefm.com\/index.php\/wp-json\/wp\/v2\/posts\/3995\/revisions\/4001"}],"wp:featuredmedia":[{"embeddable":true,"href":"https:\/\/radioecoutefm.com\/index.php\/wp-json\/wp\/v2\/media\/3996"}],"wp:attachment":[{"href":"https:\/\/radioecoutefm.com\/index.php\/wp-json\/wp\/v2\/media?parent=3995"}],"wp:term":[{"taxonomy":"category","embeddable":true,"href":"https:\/\/radioecoutefm.com\/index.php\/wp-json\/wp\/v2\/categories?post=3995"},{"taxonomy":"post_tag","embeddable":true,"href":"https:\/\/radioecoutefm.com\/index.php\/wp-json\/wp\/v2\/tags?post=3995"},{"taxonomy":"author","embeddable":true,"href":"https:\/\/radioecoutefm.com\/index.php\/wp-json\/wp\/v2\/ppma_author?post=3995"}],"curies":[{"name":"wp","href":"https:\/\/api.w.org\/{rel}","templated":true}]}}