{"id":3961,"date":"2025-05-07T14:10:01","date_gmt":"2025-05-07T14:10:01","guid":{"rendered":"https:\/\/radioecoutefm.com\/?p=3961"},"modified":"2025-05-07T14:10:01","modified_gmt":"2025-05-07T14:10:01","slug":"cooperation-le-president-de-la-bid-en-mission-en-haiti","status":"publish","type":"post","link":"https:\/\/radioecoutefm.com\/index.php\/2025\/05\/07\/cooperation-le-president-de-la-bid-en-mission-en-haiti\/","title":{"rendered":"Coop\u00e9ration: le pr\u00e9sident de la BID en mission en Ha\u00efti"},"content":{"rendered":"<p>Sous la demande du gouvernement,Ha\u00efti re\u00e7oit la visite du pr\u00e9sident de la Banque Interam\u00e9ricaine de D\u00e9veloppement (BID), Ilan Goldfajn, \u00e0 la t\u00eate d\u2019une d\u00e9l\u00e9gation pour renforcer les liens de coop\u00e9ration avec le pays. Du 7 au 9 mai 2025, cette mission officielle se d\u00e9roulera principalement dans les d\u00e9partements du Nord et du Nord-Est.<\/p>\n<p>Durant son s\u00e9jour, M. Goldfajn s\u2019entretiendra avec le pr\u00e9sident du Conseil Pr\u00e9sidentiel de Transition, Fritz Alphonse Jean. Ensemble, ils exploreront de nouvelles pistes d\u2019appui technique et financier pour accompagner le pays dans sa qu\u00eate de stabilit\u00e9 et de d\u00e9veloppement.<\/p>\n<p>Cette visite traduit l\u2019engagement renouvel\u00e9 de la BID \u00e0 soutenir des secteurs cl\u00e9s : \u00e9ducation, infrastructures, eau potable, protection sociale, gouvernance, administration publique, culture et d\u00e9veloppement local. Des rencontres sectorielles et des visites de projets en cours permettront d\u2019\u00e9valuer les actions men\u00e9es et d\u2019identifier les leviers \u00e0 activer pour relancer la coop\u00e9ration r\u00e9gionale.<\/p>\n<p>Le gouvernement ha\u00eftien r\u00e9affirme de son c\u00f4t\u00e9 sa volont\u00e9 de mobiliser tous les moyens n\u00e9cessaires pour r\u00e9pondre aux besoins urgents de la population et engager des r\u00e9formes structurelles durables.<\/p>\n","protected":false},"excerpt":{"rendered":"<p>Sous la demande du gouvernement,Ha\u00efti re\u00e7oit la visite du pr\u00e9sident de la Banque Interam\u00e9ricaine de D\u00e9veloppement (BID), Ilan Goldfajn, \u00e0 la t\u00eate d\u2019une d\u00e9l\u00e9gation pour renforcer les liens de coop\u00e9ration avec le pays. Du 7 au 9 mai 2025, cette mission officielle se d\u00e9roulera principalement dans les d\u00e9partements du Nord et du Nord-Est. Durant son [&hellip;]<\/p>\n","protected":false},"author":1,"featured_media":3962,"comment_status":"open","ping_status":"open","sticky":false,"template":"","format":"standard","meta":{"_uag_custom_page_level_css":"","jetpack_post_was_ever_published":false,"_jetpack_newsletter_access":"","_jetpack_dont_email_post_to_subs":false,"_jetpack_newsletter_tier_id":0,"_jetpack_memberships_contains_paywalled_content":false,"_jetpack_memberships_contains_paid_content":false,"footnotes":"","jetpack_publicize_message":"","jetpack_publicize_feature_enabled":true,"jetpack_social_post_already_shared":true,"jetpack_social_options":{"image_generator_settings":{"template":"highway","default_image_id":0,"font":"","enabled":false},"version":2}},"categories":[8],"tags":[],"ppma_author":[15],"class_list":["post-3961","post","type-post","status-publish","format-standard","has-post-thumbnail","hentry","category-politique"],"aioseo_notices":[],"jetpack_publicize_connections":[],"jetpack_featured_media_url":"https:\/\/i0.wp.com\/radioecoutefm.com\/wp-content\/uploads\/2025\/05\/7C58B053-F870-4D40-A605-259247413C2F.jpeg?fit=768%2C530&ssl=1","uagb_featured_image_src":{"full":["https:\/\/i0.wp.com\/radioecoutefm.com\/wp-content\/uploads\/2025\/05\/7C58B053-F870-4D40-A605-259247413C2F.jpeg?fit=768%2C530&ssl=1",768,530,false],"thumbnail":["https:\/\/i0.wp.com\/radioecoutefm.com\/wp-content\/uploads\/2025\/05\/7C58B053-F870-4D40-A605-259247413C2F.jpeg?resize=150%2C150&ssl=1",150,150,true],"medium":["https:\/\/i0.wp.com\/radioecoutefm.com\/wp-content\/uploads\/2025\/05\/7C58B053-F870-4D40-A605-259247413C2F.jpeg?fit=300%2C207&ssl=1",300,207,true],"medium_large":["https:\/\/i0.wp.com\/radioecoutefm.com\/wp-content\/uploads\/2025\/05\/7C58B053-F870-4D40-A605-259247413C2F.jpeg?fit=640%2C442&ssl=1",640,442,true],"large":["https:\/\/i0.wp.com\/radioecoutefm.com\/wp-content\/uploads\/2025\/05\/7C58B053-F870-4D40-A605-259247413C2F.jpeg?fit=640%2C442&ssl=1",640,442,true],"1536x1536":["https:\/\/i0.wp.com\/radioecoutefm.com\/wp-content\/uploads\/2025\/05\/7C58B053-F870-4D40-A605-259247413C2F.jpeg?fit=768%2C530&ssl=1",768,530,true],"2048x2048":["https:\/\/i0.wp.com\/radioecoutefm.com\/wp-content\/uploads\/2025\/05\/7C58B053-F870-4D40-A605-259247413C2F.jpeg?fit=768%2C530&ssl=1",768,530,true],"newsair-slider-full":["https:\/\/i0.wp.com\/radioecoutefm.com\/wp-content\/uploads\/2025\/05\/7C58B053-F870-4D40-A605-259247413C2F.jpeg?resize=768%2C530&ssl=1",768,530,true],"newsair-featured":["https:\/\/i0.wp.com\/radioecoutefm.com\/wp-content\/uploads\/2025\/05\/7C58B053-F870-4D40-A605-259247413C2F.jpeg?fit=768%2C530&ssl=1",768,530,true],"newsair-medium":["https:\/\/i0.wp.com\/radioecoutefm.com\/wp-content\/uploads\/2025\/05\/7C58B053-F870-4D40-A605-259247413C2F.jpeg?resize=720%2C380&ssl=1",720,380,true]},"uagb_author_info":{"display_name":"Ecoute FM","author_link":"https:\/\/radioecoutefm.com\/index.php\/author\/borgellaattis\/"},"uagb_comment_info":0,"uagb_excerpt":"Sous la demande du gouvernement,Ha\u00efti re\u00e7oit la visite du pr\u00e9sident de la Banque Interam\u00e9ricaine de D\u00e9veloppement (BID), Ilan Goldfajn, \u00e0 la t\u00eate d\u2019une d\u00e9l\u00e9gation pour renforcer les liens de coop\u00e9ration avec le pays. Du 7 au 9 mai 2025, cette mission officielle se d\u00e9roulera principalement dans les d\u00e9partements du Nord et du Nord-Est. Durant son&hellip;","jetpack_sharing_enabled":true,"jetpack_shortlink":"https:\/\/wp.me\/pgoyna-11T","jetpack-related-posts":[{"id":4002,"url":"https:\/\/radioecoutefm.com\/index.php\/2025\/05\/08\/visite-du-president-de-la-bid-a-lhopital-universitaire-justinien-du-cap-haitien\/","url_meta":{"origin":3961,"position":0},"title":"Visite du pr\u00e9sident de la BID \u00e0 l&#8217;H\u00f4pital Universitaire Justinien du Cap-Ha\u00eftien","author":"Ecoute FM","date":"08.05.2025","format":false,"excerpt":"Dans le cadre d'une tourn\u00e9e visant \u00e0 renforcer l'infrastructure sanitaire en Ha\u00efti, le pr\u00e9sident de la Banque Interam\u00e9ricaine de D\u00e9veloppement (BID), Ilan Goldfajn, s'est rendu, ce mercredi 7 mai 2025, \u00e0 l'H\u00f4pital Universitaire Justinien du Cap-Ha\u00eftien. Cette visite s'inscrit dans une d\u00e9marche de coop\u00e9ration internationale destin\u00e9e \u00e0 am\u00e9liorer les infrastructures\u2026","rel":"","context":"In &quot;SANTE&quot;","block_context":{"text":"SANTE","link":"https:\/\/radioecoutefm.com\/index.php\/category\/sante\/"},"img":{"alt_text":"","src":"https:\/\/i0.wp.com\/radioecoutefm.com\/wp-content\/uploads\/2025\/05\/380972BF-8220-421E-8C2C-62AF5251D67E.jpeg?fit=1170%2C785&ssl=1&resize=350%2C200","width":350,"height":200,"srcset":"https:\/\/i0.wp.com\/radioecoutefm.com\/wp-content\/uploads\/2025\/05\/380972BF-8220-421E-8C2C-62AF5251D67E.jpeg?fit=1170%2C785&ssl=1&resize=350%2C200 1x, https:\/\/i0.wp.com\/radioecoutefm.com\/wp-content\/uploads\/2025\/05\/380972BF-8220-421E-8C2C-62AF5251D67E.jpeg?fit=1170%2C785&ssl=1&resize=525%2C300 1.5x, https:\/\/i0.wp.com\/radioecoutefm.com\/wp-content\/uploads\/2025\/05\/380972BF-8220-421E-8C2C-62AF5251D67E.jpeg?fit=1170%2C785&ssl=1&resize=700%2C400 2x, https:\/\/i0.wp.com\/radioecoutefm.com\/wp-content\/uploads\/2025\/05\/380972BF-8220-421E-8C2C-62AF5251D67E.jpeg?fit=1170%2C785&ssl=1&resize=1050%2C600 3x"},"classes":[]},{"id":3986,"url":"https:\/\/radioecoutefm.com\/index.php\/2025\/05\/08\/haiti-et-la-bid-renforcent-leur-partenariat-pour-lacces-a-leau-et-a-lassainissement-dans-le-grand-nord\/","url_meta":{"origin":3961,"position":1},"title":"Ha\u00efti et la BID signent un accord de 125 millions de dollars am\u00e9ricain pour l\u2019eau et l\u2019assainissement dans le Grand Nord","author":"Ecoute FM","date":"08.05.2025","format":false,"excerpt":"Le gouvernement ha\u00eftien, repr\u00e9sent\u00e9 par le Ministre de l\u2019\u00c9conomie et des Finances, Alfred Fils M\u00e9tellus, a sign\u00e9 un avenant \u00e0 l\u2019accord de financement du projet avec Ilan Goldfajn, pr\u00e9sident de la Banque Interam\u00e9ricaine de D\u00e9veloppement (BID). Cet ajustement porte sur une enveloppe de 125 millions de dollars am\u00e9ricains et vise\u2026","rel":"","context":"In &quot;ECONOMIE&quot;","block_context":{"text":"ECONOMIE","link":"https:\/\/radioecoutefm.com\/index.php\/category\/economie\/"},"img":{"alt_text":"","src":"https:\/\/i0.wp.com\/radioecoutefm.com\/wp-content\/uploads\/2025\/05\/IMG_1946.jpeg?fit=1096%2C731&ssl=1&resize=350%2C200","width":350,"height":200,"srcset":"https:\/\/i0.wp.com\/radioecoutefm.com\/wp-content\/uploads\/2025\/05\/IMG_1946.jpeg?fit=1096%2C731&ssl=1&resize=350%2C200 1x, https:\/\/i0.wp.com\/radioecoutefm.com\/wp-content\/uploads\/2025\/05\/IMG_1946.jpeg?fit=1096%2C731&ssl=1&resize=525%2C300 1.5x, https:\/\/i0.wp.com\/radioecoutefm.com\/wp-content\/uploads\/2025\/05\/IMG_1946.jpeg?fit=1096%2C731&ssl=1&resize=700%2C400 2x, https:\/\/i0.wp.com\/radioecoutefm.com\/wp-content\/uploads\/2025\/05\/IMG_1946.jpeg?fit=1096%2C731&ssl=1&resize=1050%2C600 3x"},"classes":[]},{"id":6128,"url":"https:\/\/radioecoutefm.com\/index.php\/2025\/10\/12\/la-bid-accorde-100-millions-de-dollars-a-haiti-pour-renforcer-le-systeme-de-sante-dans-le-grand-nord\/","url_meta":{"origin":3961,"position":2},"title":"La BID accorde 100 millions de dollars \u00e0 Ha\u00efti pour renforcer le syst\u00e8me de sant\u00e9 dans le Grand Nord","author":"Ecoute FM","date":"12.10.2025","format":false,"excerpt":"La Banque interam\u00e9ricaine de d\u00e9veloppement (BID) a annonc\u00e9, ce jeudi, un don de 100 millions de dollars en faveur d\u2019Ha\u00efti, afin de renforcer les services sanitaires dans le Grand Nord du pays. Ce financement, pr\u00e9sent\u00e9 comme une r\u00e9ponse directe \u00e0 la crise humanitaire et aux d\u00e9fis structurels du syst\u00e8me de\u2026","rel":"","context":"In &quot;SANTE&quot;","block_context":{"text":"SANTE","link":"https:\/\/radioecoutefm.com\/index.php\/category\/sante\/"},"img":{"alt_text":"","src":"https:\/\/i0.wp.com\/radioecoutefm.com\/wp-content\/uploads\/2025\/10\/36DDAA32-6955-49EE-8B85-B489A498A94A.jpeg?fit=576%2C336&ssl=1&resize=350%2C200","width":350,"height":200,"srcset":"https:\/\/i0.wp.com\/radioecoutefm.com\/wp-content\/uploads\/2025\/10\/36DDAA32-6955-49EE-8B85-B489A498A94A.jpeg?fit=576%2C336&ssl=1&resize=350%2C200 1x, https:\/\/i0.wp.com\/radioecoutefm.com\/wp-content\/uploads\/2025\/10\/36DDAA32-6955-49EE-8B85-B489A498A94A.jpeg?fit=576%2C336&ssl=1&resize=525%2C300 1.5x"},"classes":[]},{"id":1320,"url":"https:\/\/radioecoutefm.com\/index.php\/2025\/03\/05\/laeroport-des-cayes-devient-international-lesly-voltaire-annonce-une-nouvelle-ere-pour-la-region\/","url_meta":{"origin":3961,"position":3},"title":"L&#8217;A\u00e9roport des Cayes devient &#8220;International&#8221; : Lesly Voltaire annonce une nouvelle \u00e8re pour la r\u00e9gion","author":"Ecoute FM","date":"05.03.2025","format":false,"excerpt":"Le pr\u00e9sident du Conseil de Transition Politique (CTP), Lesly Voltaire, a officiellement annonc\u00e9 ce jeudi, lors d\u2019une d\u00e9claration faite dans la ville des Cayes, que l\u2019a\u00e9roport des Cayes est d\u00e9sormais un a\u00e9roport international. Ce changement fait suite aux travaux de modernisation entrepris par l'\u00c9tat central, visant \u00e0 am\u00e9liorer l\u2019infrastructure et\u2026","rel":"","context":"In &quot;SOCIETE&quot;","block_context":{"text":"SOCIETE","link":"https:\/\/radioecoutefm.com\/index.php\/category\/societe\/"},"img":{"alt_text":"","src":"https:\/\/i0.wp.com\/radioecoutefm.com\/wp-content\/uploads\/2025\/03\/aerport-cayes-4-mars.jpg?fit=640%2C427&ssl=1&resize=350%2C200","width":350,"height":200,"srcset":"https:\/\/i0.wp.com\/radioecoutefm.com\/wp-content\/uploads\/2025\/03\/aerport-cayes-4-mars.jpg?fit=640%2C427&ssl=1&resize=350%2C200 1x, https:\/\/i0.wp.com\/radioecoutefm.com\/wp-content\/uploads\/2025\/03\/aerport-cayes-4-mars.jpg?fit=640%2C427&ssl=1&resize=525%2C300 1.5x"},"classes":[]},{"id":1498,"url":"https:\/\/radioecoutefm.com\/index.php\/2025\/03\/11\/frinel-joseph-et-quelques-membres-du-cep-en-visite-en-amerique-latine\/","url_meta":{"origin":3961,"position":4},"title":"Frinel Joseph et quelques membres du cep en visite en Am\u00e9rique latine","author":"Claude DIEUPHENE","date":"11.03.2025","format":false,"excerpt":"Frinel Joseph, Conseiller Pr\u00e9sidentiel de Transition \u00e0 la t\u00eate d\u2019une d\u00e9l\u00e9gation Une d\u00e9l\u00e9gation dont le conseiller pr\u00e9sidentiel de Transition, Frinel Joseph est a sa t\u00eate, a quitt\u00e9 le pays le dimanche 9 Mars 2025 destination du P\u00e9rou et du Mexique pour une tourn\u00e9e officielle d'o\u00f9 il prendra part \u00e0 des\u2026","rel":"","context":"In &quot;POLITIQUE&quot;","block_context":{"text":"POLITIQUE","link":"https:\/\/radioecoutefm.com\/index.php\/category\/politique\/"},"img":{"alt_text":"","src":"https:\/\/i0.wp.com\/radioecoutefm.com\/wp-content\/uploads\/2025\/03\/A8B75847-0040-4994-9075-13A8EDB702F9.jpeg?fit=267%2C200&ssl=1&resize=350%2C200","width":350,"height":200},"classes":[]},{"id":3689,"url":"https:\/\/radioecoutefm.com\/index.php\/2025\/05\/02\/haiti-le-gouvernement-decrete-letat-durgence-et-reforme-les-services-de-securite\/","url_meta":{"origin":3961,"position":5},"title":"Ha\u00efti : Le Gouvernement d\u00e9cr\u00e8te l\u2019\u00e9tat d\u2019urgence et r\u00e9forme les services de s\u00e9curit\u00e9","author":"Ecoute FM","date":"02.05.2025","format":false,"excerpt":"Lors d\u2019un Conseil des Ministres tenu en s\u00e9ance sp\u00e9ciale sous la pr\u00e9sidence de Monsieur Fritz Alphonse Jean, Pr\u00e9sident du Conseil Pr\u00e9sidentiel de Transition, et en pr\u00e9sence du Premier Ministre Alix Didier Fils-Aim\u00e9, plusieurs d\u00e9cisions majeures ont \u00e9t\u00e9 prises pour r\u00e9pondre aux d\u00e9fis actuels auxquels Ha\u00efti est confront\u00e9e. Parmi les mesures\u2026","rel":"","context":"In &quot;POLITIQUE&quot;","block_context":{"text":"POLITIQUE","link":"https:\/\/radioecoutefm.com\/index.php\/category\/politique\/"},"img":{"alt_text":"","src":"","width":0,"height":0},"classes":[]}],"authors":[{"term_id":15,"user_id":1,"is_guest":0,"slug":"borgellaattis","display_name":"Ecoute FM","avatar_url":"https:\/\/secure.gravatar.com\/avatar\/a5369629745bf29c5deb65198d5e38aed1dc2c880c04b3b630ab3f6e8c623b70?s=96&d=mm&r=g","0":null,"1":"","2":"","3":"","4":"","5":"","6":"","7":"","8":""}],"_links":{"self":[{"href":"https:\/\/radioecoutefm.com\/index.php\/wp-json\/wp\/v2\/posts\/3961","targetHints":{"allow":["GET"]}}],"collection":[{"href":"https:\/\/radioecoutefm.com\/index.php\/wp-json\/wp\/v2\/posts"}],"about":[{"href":"https:\/\/radioecoutefm.com\/index.php\/wp-json\/wp\/v2\/types\/post"}],"author":[{"embeddable":true,"href":"https:\/\/radioecoutefm.com\/index.php\/wp-json\/wp\/v2\/users\/1"}],"replies":[{"embeddable":true,"href":"https:\/\/radioecoutefm.com\/index.php\/wp-json\/wp\/v2\/comments?post=3961"}],"version-history":[{"count":1,"href":"https:\/\/radioecoutefm.com\/index.php\/wp-json\/wp\/v2\/posts\/3961\/revisions"}],"predecessor-version":[{"id":3966,"href":"https:\/\/radioecoutefm.com\/index.php\/wp-json\/wp\/v2\/posts\/3961\/revisions\/3966"}],"wp:featuredmedia":[{"embeddable":true,"href":"https:\/\/radioecoutefm.com\/index.php\/wp-json\/wp\/v2\/media\/3962"}],"wp:attachment":[{"href":"https:\/\/radioecoutefm.com\/index.php\/wp-json\/wp\/v2\/media?parent=3961"}],"wp:term":[{"taxonomy":"category","embeddable":true,"href":"https:\/\/radioecoutefm.com\/index.php\/wp-json\/wp\/v2\/categories?post=3961"},{"taxonomy":"post_tag","embeddable":true,"href":"https:\/\/radioecoutefm.com\/index.php\/wp-json\/wp\/v2\/tags?post=3961"},{"taxonomy":"author","embeddable":true,"href":"https:\/\/radioecoutefm.com\/index.php\/wp-json\/wp\/v2\/ppma_author?post=3961"}],"curies":[{"name":"wp","href":"https:\/\/api.w.org\/{rel}","templated":true}]}}