{"id":3898,"date":"2025-05-06T20:17:45","date_gmt":"2025-05-06T20:17:45","guid":{"rendered":"https:\/\/radioecoutefm.com\/?p=3898"},"modified":"2025-05-06T20:21:32","modified_gmt":"2025-05-06T20:21:32","slug":"les-bahamas-changent-dequipe-dans-la-mission-multinationale-dappui-a-la-securitemais-pas-dapproche","status":"publish","type":"post","link":"https:\/\/radioecoutefm.com\/index.php\/2025\/05\/06\/les-bahamas-changent-dequipe-dans-la-mission-multinationale-dappui-a-la-securitemais-pas-dapproche\/","title":{"rendered":"Les Bahamas changent d\u2019\u00e9quipe dans la MSS en Haiti, mais sans r\u00e9sultats"},"content":{"rendered":"<p class=\"\" data-start=\"76\" data-end=\"165\">Le gouvernement des Bahamas a proc\u00e9d\u00e9 \u00e0 sa premi\u00e8re rotation de troupes dans le cadre de la Mission multinationale d\u2019appui \u00e0 la s\u00e9curit\u00e9 (MSSM) en Ha\u00efti. Une nouvelle \u00e9quipe de la Royal Bahamas Defence Force (RBDF) a quitt\u00e9 Nassau le 1er mai pour Haiti, prenant la rel\u00e8ve du premier contingent d\u00e9ploy\u00e9 en octobre 2024. Cette mission vise \u00e0 appuyer la Police nationale d\u2019Ha\u00efti dans la lutte contre les gangs et \u00e0 contribuer au r\u00e9tablissement de la s\u00e9curit\u00e9 dans le pays.<\/p>\n<p class=\"\" data-start=\"657\" data-end=\"1091\">\u00c0 leur arriv\u00e9e, les militaires baham\u00e9ens ont \u00e9t\u00e9 accueillis par le commandant de la force MSSM, Godfrey Otunge, le charg\u00e9 d\u2019affaires baham\u00e9en en Ha\u00efti, le commandant Julian Smith, et le commandant adjoint, le colonel Eldon Morgan. Le m\u00eame jour, l\u2019\u00e9quipe sortante est rentr\u00e9e aux Bahamas des 6 premiers soldats, salu\u00e9e par le ministre de la S\u00e9curit\u00e9 nationale, Wayne Munroe,\u00a0 pour honorer leur service.<\/p>\n<p class=\"\" data-start=\"1093\" data-end=\"1506\">Avec cette nouvelle rotation, les Bahamas r\u00e9affirment leur engagement \u00e0 collaborer avec les autres pays contributeurs \u2013 notamment le Kenya, la Jama\u00efque, le Belize, le Guatemala et le Salvador pour soutenir les efforts de stabilisation en Ha\u00efti,\u00a0 de renforcer la s\u00e9curit\u00e9 et de favoriser le retour \u00e0 l\u2019ordre d\u00e9mocratique dans un pays en crise<\/p>\n","protected":false},"excerpt":{"rendered":"<p>Le gouvernement des Bahamas a proc\u00e9d\u00e9 \u00e0 sa premi\u00e8re rotation de troupes dans le cadre de la Mission multinationale d\u2019appui \u00e0 la s\u00e9curit\u00e9 (MSSM) en Ha\u00efti. Une nouvelle \u00e9quipe de la Royal Bahamas Defence Force (RBDF) a quitt\u00e9 Nassau le 1er mai pour Haiti, prenant la rel\u00e8ve du premier contingent d\u00e9ploy\u00e9 en octobre 2024. Cette [&hellip;]<\/p>\n","protected":false},"author":1,"featured_media":3899,"comment_status":"open","ping_status":"open","sticky":false,"template":"","format":"standard","meta":{"_uag_custom_page_level_css":"","jetpack_post_was_ever_published":false,"_jetpack_newsletter_access":"","_jetpack_dont_email_post_to_subs":false,"_jetpack_newsletter_tier_id":0,"_jetpack_memberships_contains_paywalled_content":false,"_jetpack_memberships_contains_paid_content":false,"footnotes":"","jetpack_publicize_message":"","jetpack_publicize_feature_enabled":true,"jetpack_social_post_already_shared":true,"jetpack_social_options":{"image_generator_settings":{"template":"highway","default_image_id":0,"font":"","enabled":false},"version":2}},"categories":[63],"tags":[],"ppma_author":[15],"class_list":["post-3898","post","type-post","status-publish","format-standard","has-post-thumbnail","hentry","category-insecurite"],"aioseo_notices":[],"jetpack_publicize_connections":[],"jetpack_featured_media_url":"https:\/\/i0.wp.com\/radioecoutefm.com\/wp-content\/uploads\/2025\/05\/6-soldats-bahamas.png?fit=750%2C500&ssl=1","uagb_featured_image_src":{"full":["https:\/\/i0.wp.com\/radioecoutefm.com\/wp-content\/uploads\/2025\/05\/6-soldats-bahamas.png?fit=750%2C500&ssl=1",750,500,false],"thumbnail":["https:\/\/i0.wp.com\/radioecoutefm.com\/wp-content\/uploads\/2025\/05\/6-soldats-bahamas.png?resize=150%2C150&ssl=1",150,150,true],"medium":["https:\/\/i0.wp.com\/radioecoutefm.com\/wp-content\/uploads\/2025\/05\/6-soldats-bahamas.png?fit=300%2C200&ssl=1",300,200,true],"medium_large":["https:\/\/i0.wp.com\/radioecoutefm.com\/wp-content\/uploads\/2025\/05\/6-soldats-bahamas.png?fit=640%2C427&ssl=1",640,427,true],"large":["https:\/\/i0.wp.com\/radioecoutefm.com\/wp-content\/uploads\/2025\/05\/6-soldats-bahamas.png?fit=640%2C427&ssl=1",640,427,true],"1536x1536":["https:\/\/i0.wp.com\/radioecoutefm.com\/wp-content\/uploads\/2025\/05\/6-soldats-bahamas.png?fit=750%2C500&ssl=1",750,500,true],"2048x2048":["https:\/\/i0.wp.com\/radioecoutefm.com\/wp-content\/uploads\/2025\/05\/6-soldats-bahamas.png?fit=750%2C500&ssl=1",750,500,true],"newsair-slider-full":["https:\/\/i0.wp.com\/radioecoutefm.com\/wp-content\/uploads\/2025\/05\/6-soldats-bahamas.png?resize=750%2C500&ssl=1",750,500,true],"newsair-featured":["https:\/\/i0.wp.com\/radioecoutefm.com\/wp-content\/uploads\/2025\/05\/6-soldats-bahamas.png?fit=750%2C500&ssl=1",750,500,true],"newsair-medium":["https:\/\/i0.wp.com\/radioecoutefm.com\/wp-content\/uploads\/2025\/05\/6-soldats-bahamas.png?resize=720%2C380&ssl=1",720,380,true]},"uagb_author_info":{"display_name":"Ecoute FM","author_link":"https:\/\/radioecoutefm.com\/index.php\/author\/borgellaattis\/"},"uagb_comment_info":0,"uagb_excerpt":"Le gouvernement des Bahamas a proc\u00e9d\u00e9 \u00e0 sa premi\u00e8re rotation de troupes dans le cadre de la Mission multinationale d\u2019appui \u00e0 la s\u00e9curit\u00e9 (MSSM) en Ha\u00efti. Une nouvelle \u00e9quipe de la Royal Bahamas Defence Force (RBDF) a quitt\u00e9 Nassau le 1er mai pour Haiti, prenant la rel\u00e8ve du premier contingent d\u00e9ploy\u00e9 en octobre 2024. Cette&hellip;","jetpack_sharing_enabled":true,"jetpack_shortlink":"https:\/\/wp.me\/pgoyna-10S","jetpack-related-posts":[{"id":4532,"url":"https:\/\/radioecoutefm.com\/index.php\/2025\/05\/26\/lespagne-renforce-son-engagement-la-mission-de-securite-en-haiti-mss\/","url_meta":{"origin":3898,"position":0},"title":"L\u2019Espagne renforce la force multinationale de soutien \u00e0 la s\u00e9curit\u00e9 en Ha\u00efti (MSS)","author":"Ecoute FM","date":"26.05.2025","format":false,"excerpt":"L\u2019Espagne a officiellement int\u00e9gr\u00e9 la Mission multinationale d\u2019appui \u00e0 la s\u00e9curit\u00e9 en Ha\u00efti (MSSM) ce 22 mai 2025, selon un communiqu\u00e9 de l\u2019ambassade d\u2019Espagne \u00e0 Washington, l\u2019Espagne d\u00e9ploie deux officiers de haut rang, un inspecteur de la police nationale espagnole, nomm\u00e9 officier des op\u00e9rations, ainsi qu\u2019un capitaine de la garde\u2026","rel":"","context":"In &quot;SECURITE&quot;","block_context":{"text":"SECURITE","link":"https:\/\/radioecoutefm.com\/index.php\/category\/insecurite\/"},"img":{"alt_text":"","src":"https:\/\/i0.wp.com\/radioecoutefm.com\/wp-content\/uploads\/2025\/05\/IMG_2122.jpeg?fit=1170%2C973&ssl=1&resize=350%2C200","width":350,"height":200,"srcset":"https:\/\/i0.wp.com\/radioecoutefm.com\/wp-content\/uploads\/2025\/05\/IMG_2122.jpeg?fit=1170%2C973&ssl=1&resize=350%2C200 1x, https:\/\/i0.wp.com\/radioecoutefm.com\/wp-content\/uploads\/2025\/05\/IMG_2122.jpeg?fit=1170%2C973&ssl=1&resize=525%2C300 1.5x, https:\/\/i0.wp.com\/radioecoutefm.com\/wp-content\/uploads\/2025\/05\/IMG_2122.jpeg?fit=1170%2C973&ssl=1&resize=700%2C400 2x, https:\/\/i0.wp.com\/radioecoutefm.com\/wp-content\/uploads\/2025\/05\/IMG_2122.jpeg?fit=1170%2C973&ssl=1&resize=1050%2C600 3x"},"classes":[]},{"id":6103,"url":"https:\/\/radioecoutefm.com\/index.php\/2025\/10\/10\/les-etats-unis-livrent-des-vehicules-blindes-pour-renforcer-la-force-de-repression-des-gangs-en-haiti\/","url_meta":{"origin":3898,"position":1},"title":"Les \u00c9tats-Unis livrent des v\u00e9hicules blind\u00e9s pour renforcer la Force de R\u00e9pression des Gangs en Ha\u00efti","author":"Ecoute FM","date":"10.10.2025","format":false,"excerpt":"Les \u00c9tats-Unis ont proc\u00e9d\u00e9, cette semaine, \u00e0 la livraison d\u2019un nouveau lot de v\u00e9hicules blind\u00e9s destin\u00e9s au gouvernement ha\u00eftien. Ces \u00e9quipements viennent appuyer la Force de R\u00e9pression des Gangs (FRG) ainsi que la Police nationale d\u2019Ha\u00efti (PNH) dans leur lutte contre les groupes arm\u00e9s qui continuent de semer la terreur\u2026","rel":"","context":"In &quot;SECURITE&quot;","block_context":{"text":"SECURITE","link":"https:\/\/radioecoutefm.com\/index.php\/category\/insecurite\/"},"img":{"alt_text":"","src":"https:\/\/i0.wp.com\/radioecoutefm.com\/wp-content\/uploads\/2025\/10\/cha.jpg?fit=1024%2C576&ssl=1&resize=350%2C200","width":350,"height":200,"srcset":"https:\/\/i0.wp.com\/radioecoutefm.com\/wp-content\/uploads\/2025\/10\/cha.jpg?fit=1024%2C576&ssl=1&resize=350%2C200 1x, https:\/\/i0.wp.com\/radioecoutefm.com\/wp-content\/uploads\/2025\/10\/cha.jpg?fit=1024%2C576&ssl=1&resize=525%2C300 1.5x, https:\/\/i0.wp.com\/radioecoutefm.com\/wp-content\/uploads\/2025\/10\/cha.jpg?fit=1024%2C576&ssl=1&resize=700%2C400 2x"},"classes":[]},{"id":1790,"url":"https:\/\/radioecoutefm.com\/index.php\/2025\/03\/18\/haiti-un-policier-kenyan-blesse-par-balle-a-kenscoff\/","url_meta":{"origin":3898,"position":2},"title":"Haiti: Un policier k\u00e9nyan bless\u00e9 par balle \u00e0 Kenscoff","author":"Ecoute FM","date":"18.03.2025","format":false,"excerpt":"La situation s\u00e9curitaire en Ha\u00efti continue de se d\u00e9t\u00e9riorer. Ce mardi, un policier k\u00e9nyan d\u00e9ploy\u00e9 dans le cadre de la mission multinationale de s\u00e9curit\u00e9 (MSSM) a \u00e9t\u00e9 bless\u00e9 par balle dans la r\u00e9gion de Kenscoff, situ\u00e9e dans les hauteurs de Port-au-Prince. L\u2019information a \u00e9t\u00e9 confirm\u00e9e par Jack Mbaka, porte-parole de\u2026","rel":"","context":"In &quot;INSECURITE&quot;","block_context":{"text":"INSECURITE","link":"https:\/\/radioecoutefm.com\/index.php\/category\/securite\/"},"img":{"alt_text":"","src":"https:\/\/i0.wp.com\/radioecoutefm.com\/wp-content\/uploads\/2025\/03\/IMG_1423.jpeg?fit=1200%2C800&ssl=1&resize=350%2C200","width":350,"height":200,"srcset":"https:\/\/i0.wp.com\/radioecoutefm.com\/wp-content\/uploads\/2025\/03\/IMG_1423.jpeg?fit=1200%2C800&ssl=1&resize=350%2C200 1x, https:\/\/i0.wp.com\/radioecoutefm.com\/wp-content\/uploads\/2025\/03\/IMG_1423.jpeg?fit=1200%2C800&ssl=1&resize=525%2C300 1.5x, https:\/\/i0.wp.com\/radioecoutefm.com\/wp-content\/uploads\/2025\/03\/IMG_1423.jpeg?fit=1200%2C800&ssl=1&resize=700%2C400 2x, https:\/\/i0.wp.com\/radioecoutefm.com\/wp-content\/uploads\/2025\/03\/IMG_1423.jpeg?fit=1200%2C800&ssl=1&resize=1050%2C600 3x"},"classes":[]},{"id":1873,"url":"https:\/\/radioecoutefm.com\/index.php\/2025\/03\/20\/securite-en-haiti-rencontre-strategique-entre-le-cpt-la-pnh-les-fadh-et-la-force-multinationale\/","url_meta":{"origin":3898,"position":3},"title":"S\u00e9curit\u00e9 en Ha\u00efti : Rencontre strat\u00e9gique entre le CPT, la PNH, les FAd\u2019H et la Force Multinationale","author":"Ecoute FM","date":"20.03.2025","format":false,"excerpt":"Une rencontre d\u00e9terminante s\u2019est tenue ce jeudi entre le Conseil Pr\u00e9sidentiel de Transition (CPT), le haut commandement de la Police Nationale d\u2019Ha\u00efti (PNH), le haut \u00e9tat-major des Forces Arm\u00e9es d\u2019Ha\u00efti (FAd\u2019H) et le commandant de la Force Multinationale. Cette r\u00e9union visait \u00e0 renforcer la collaboration entre ces trois forces dans\u2026","rel":"","context":"In &quot;INSECURITE&quot;","block_context":{"text":"INSECURITE","link":"https:\/\/radioecoutefm.com\/index.php\/category\/securite\/"},"img":{"alt_text":"","src":"https:\/\/i0.wp.com\/radioecoutefm.com\/wp-content\/uploads\/2025\/03\/IMG_1432.jpeg?fit=888%2C592&ssl=1&resize=350%2C200","width":350,"height":200,"srcset":"https:\/\/i0.wp.com\/radioecoutefm.com\/wp-content\/uploads\/2025\/03\/IMG_1432.jpeg?fit=888%2C592&ssl=1&resize=350%2C200 1x, https:\/\/i0.wp.com\/radioecoutefm.com\/wp-content\/uploads\/2025\/03\/IMG_1432.jpeg?fit=888%2C592&ssl=1&resize=525%2C300 1.5x, https:\/\/i0.wp.com\/radioecoutefm.com\/wp-content\/uploads\/2025\/03\/IMG_1432.jpeg?fit=888%2C592&ssl=1&resize=700%2C400 2x"},"classes":[]},{"id":3010,"url":"https:\/\/radioecoutefm.com\/index.php\/2025\/04\/16\/haiti-la-jamaique-deploie-une-equipe-de-21-membres-pour-soutenir-la-mission-multinationale-de-securite\/","url_meta":{"origin":3898,"position":4},"title":"Ha\u00efti : La Jama\u00efque d\u00e9ploie une \u00e9quipe de 21 membres pour soutenir la mission multinationale de s\u00e9curit\u00e9","author":"Ecoute FM","date":"16.04.2025","format":false,"excerpt":"La Force de D\u00e9fense de la Jama\u00efque (JDF) a annonc\u00e9 le d\u00e9ploiement d\u2019une \u00e9quipe de 21 membres en Ha\u00efti, dans le cadre de la Force Conjointe de la CARICOM pour Ha\u00efti (CJTF-H). Ce d\u00e9ploiement s\u2019inscrit dans le cadre de la mission multinationale de s\u00e9curit\u00e9 (MSS) dirig\u00e9e par le Kenya, appuy\u00e9e\u2026","rel":"","context":"In &quot;SECURITE&quot;","block_context":{"text":"SECURITE","link":"https:\/\/radioecoutefm.com\/index.php\/category\/insecurite\/"},"img":{"alt_text":"","src":"https:\/\/i0.wp.com\/radioecoutefm.com\/wp-content\/uploads\/2025\/04\/IMG_1716.jpeg?fit=599%2C409&ssl=1&resize=350%2C200","width":350,"height":200,"srcset":"https:\/\/i0.wp.com\/radioecoutefm.com\/wp-content\/uploads\/2025\/04\/IMG_1716.jpeg?fit=599%2C409&ssl=1&resize=350%2C200 1x, https:\/\/i0.wp.com\/radioecoutefm.com\/wp-content\/uploads\/2025\/04\/IMG_1716.jpeg?fit=599%2C409&ssl=1&resize=525%2C300 1.5x"},"classes":[]},{"id":1992,"url":"https:\/\/radioecoutefm.com\/index.php\/2025\/03\/25\/le-commandant-des-forces-du-mss-recoit-un-don-de-1-000-kits-de-premiers-secours-ifak-de-lallemagne-pour-renforcer-les-operations-de-securite\/","url_meta":{"origin":3898,"position":5},"title":"Le Commandant des Forces du MSS re\u00e7oit un don de 1 000 kits de premiers secours (IFAK) de l\u2019Allemagne pour renforcer les op\u00e9rations de s\u00e9curit\u00e9","author":"Ecoute FM","date":"25.03.2025","format":false,"excerpt":"Dans un contexte s\u00e9curitaire de plus en plus complexe, la Mission Multinationale de Soutien \u00e0 la S\u00e9curit\u00e9 (MSS) a re\u00e7u un soutien crucial de la part du gouvernement allemand. Ce lundi 24 mars 2025, le commandant de la MSS, Godfrey Otunge, a officiellement re\u00e7u un don de 1 000 kits\u2026","rel":"","context":"In &quot;INSECURITE&quot;","block_context":{"text":"INSECURITE","link":"https:\/\/radioecoutefm.com\/index.php\/category\/securite\/"},"img":{"alt_text":"","src":"https:\/\/i0.wp.com\/radioecoutefm.com\/wp-content\/uploads\/2025\/03\/MSS-HAITI.jpg?fit=1200%2C800&ssl=1&resize=350%2C200","width":350,"height":200,"srcset":"https:\/\/i0.wp.com\/radioecoutefm.com\/wp-content\/uploads\/2025\/03\/MSS-HAITI.jpg?fit=1200%2C800&ssl=1&resize=350%2C200 1x, https:\/\/i0.wp.com\/radioecoutefm.com\/wp-content\/uploads\/2025\/03\/MSS-HAITI.jpg?fit=1200%2C800&ssl=1&resize=525%2C300 1.5x, https:\/\/i0.wp.com\/radioecoutefm.com\/wp-content\/uploads\/2025\/03\/MSS-HAITI.jpg?fit=1200%2C800&ssl=1&resize=700%2C400 2x, https:\/\/i0.wp.com\/radioecoutefm.com\/wp-content\/uploads\/2025\/03\/MSS-HAITI.jpg?fit=1200%2C800&ssl=1&resize=1050%2C600 3x"},"classes":[]}],"authors":[{"term_id":15,"user_id":1,"is_guest":0,"slug":"borgellaattis","display_name":"Ecoute FM","avatar_url":"https:\/\/secure.gravatar.com\/avatar\/a5369629745bf29c5deb65198d5e38aed1dc2c880c04b3b630ab3f6e8c623b70?s=96&d=mm&r=g","0":null,"1":"","2":"","3":"","4":"","5":"","6":"","7":"","8":""}],"_links":{"self":[{"href":"https:\/\/radioecoutefm.com\/index.php\/wp-json\/wp\/v2\/posts\/3898","targetHints":{"allow":["GET"]}}],"collection":[{"href":"https:\/\/radioecoutefm.com\/index.php\/wp-json\/wp\/v2\/posts"}],"about":[{"href":"https:\/\/radioecoutefm.com\/index.php\/wp-json\/wp\/v2\/types\/post"}],"author":[{"embeddable":true,"href":"https:\/\/radioecoutefm.com\/index.php\/wp-json\/wp\/v2\/users\/1"}],"replies":[{"embeddable":true,"href":"https:\/\/radioecoutefm.com\/index.php\/wp-json\/wp\/v2\/comments?post=3898"}],"version-history":[{"count":5,"href":"https:\/\/radioecoutefm.com\/index.php\/wp-json\/wp\/v2\/posts\/3898\/revisions"}],"predecessor-version":[{"id":3907,"href":"https:\/\/radioecoutefm.com\/index.php\/wp-json\/wp\/v2\/posts\/3898\/revisions\/3907"}],"wp:featuredmedia":[{"embeddable":true,"href":"https:\/\/radioecoutefm.com\/index.php\/wp-json\/wp\/v2\/media\/3899"}],"wp:attachment":[{"href":"https:\/\/radioecoutefm.com\/index.php\/wp-json\/wp\/v2\/media?parent=3898"}],"wp:term":[{"taxonomy":"category","embeddable":true,"href":"https:\/\/radioecoutefm.com\/index.php\/wp-json\/wp\/v2\/categories?post=3898"},{"taxonomy":"post_tag","embeddable":true,"href":"https:\/\/radioecoutefm.com\/index.php\/wp-json\/wp\/v2\/tags?post=3898"},{"taxonomy":"author","embeddable":true,"href":"https:\/\/radioecoutefm.com\/index.php\/wp-json\/wp\/v2\/ppma_author?post=3898"}],"curies":[{"name":"wp","href":"https:\/\/api.w.org\/{rel}","templated":true}]}}