{"id":3892,"date":"2025-05-06T16:47:36","date_gmt":"2025-05-06T16:47:36","guid":{"rendered":"https:\/\/radioecoutefm.com\/?p=3892"},"modified":"2025-05-06T16:47:36","modified_gmt":"2025-05-06T16:47:36","slug":"le-css-propose-au-gouvernement-une-augmentation-du-salaire-minimum","status":"publish","type":"post","link":"https:\/\/radioecoutefm.com\/index.php\/2025\/05\/06\/le-css-propose-au-gouvernement-une-augmentation-du-salaire-minimum\/","title":{"rendered":"Le CSS propose au gouvernement une augmentation du salaire minimum"},"content":{"rendered":"<p>Le Conseil Sup\u00e9rieur des Salaires (CSS) soumet au gouvernement ha\u00eftien, \u00e0 travers le Minist\u00e8re des Affaires sociales et du Travail, ses recommandations pour l&#8217;augmentation du salaire minimum. Ces nouvelles r\u00e9mun\u00e9rations, si elles sont adopt\u00e9es, devraient entrer en vigueur d\u00e8s avril 2025, soit trois ans apr\u00e8s les derniers ajustements salariaux, conform\u00e9ment \u00e0 la loi du 6 octobre 2009 qui rend obligatoire le respect du salaire minimum l\u00e9gal.<\/p>\n<p>Les recommandations pr\u00e9sent\u00e9es par le CSS pr\u00e9voient des hausses allant de 29,87% \u00e0 46,34% selon les segments d&#8217;activit\u00e9 \u00e9conomique. Ces augmentations visent \u00e0 adapter les r\u00e9mun\u00e9rations aux r\u00e9alit\u00e9s \u00e9conomiques actuelles du pays.<\/p>\n<p>Dans le segment A, qui comprend notamment les institutions financi\u00e8res, les t\u00e9l\u00e9communications et les h\u00f4tels 4 hibiscus, le salaire minimum propos\u00e9 s&#8217;\u00e9l\u00e8ve \u00e0 1 000 gourdes par journ\u00e9e de 8 heures, soit une hausse de 29,87% par rapport aux 770 gourdes en vigueur depuis 2022.<\/p>\n<p>Le segment B, regroupant les secteurs du b\u00e2timent, des travaux publics et certaines institutions financi\u00e8res comme les coop\u00e9ratives, verrait son salaire minimum augmenter de 46,34% pour atteindre 900 gourdes, contre 615 gourdes actuellement.<\/p>\n<p>Pour le segment F, qui concerne les industries d&#8217;assemblage tourn\u00e9es vers l&#8217;exportation, le CSS recommande un salaire minimum de 950 gourdes, repr\u00e9sentant une hausse de 38,68% par rapport aux 685 gourdes de 2022. Le salaire de production dans ce secteur est fix\u00e9 \u00e0 1 300 gourdes, bien en de\u00e7\u00e0 des revendications des ouvriers du textile qui r\u00e9clamaient 2 500 gourdes.<\/p>\n<p>Les recommandations pr\u00e9voient \u00e9galement des augmentations pour les autres segments :<br \/>\n&#8211; Segment C (restaurants, agriculture, commerce de d\u00e9tail) : 760 gourdes (+40,74%)<br \/>\n&#8211; Segment E (personnel de service \u00e0 domicile) : 500 gourdes (+42,85%)<br \/>\n&#8211; Segment G (agences de s\u00e9curit\u00e9 priv\u00e9e, distribution de produits p\u00e9troliers) : 900 gourdes (+46,34%)<br \/>\n&#8211; Segment H (\u00e9coles professionnelles priv\u00e9es, institutions priv\u00e9es de sant\u00e9) : 900 gourdes (+46,34%)<\/p>\n","protected":false},"excerpt":{"rendered":"<p>Le Conseil Sup\u00e9rieur des Salaires (CSS) soumet au gouvernement ha\u00eftien, \u00e0 travers le Minist\u00e8re des Affaires sociales et du Travail, ses recommandations pour l&#8217;augmentation du salaire minimum. Ces nouvelles r\u00e9mun\u00e9rations, si elles sont adopt\u00e9es, devraient entrer en vigueur d\u00e8s avril 2025, soit trois ans apr\u00e8s les derniers ajustements salariaux, conform\u00e9ment \u00e0 la loi du 6 [&hellip;]<\/p>\n","protected":false},"author":1,"featured_media":3893,"comment_status":"open","ping_status":"open","sticky":false,"template":"","format":"standard","meta":{"_uag_custom_page_level_css":"","jetpack_post_was_ever_published":false,"_jetpack_newsletter_access":"","_jetpack_dont_email_post_to_subs":false,"_jetpack_newsletter_tier_id":0,"_jetpack_memberships_contains_paywalled_content":false,"_jetpack_memberships_contains_paid_content":false,"footnotes":"","jetpack_publicize_message":"","jetpack_publicize_feature_enabled":true,"jetpack_social_post_already_shared":true,"jetpack_social_options":{"image_generator_settings":{"template":"highway","default_image_id":0,"font":"","enabled":false},"version":2}},"categories":[52],"tags":[],"ppma_author":[15],"class_list":["post-3892","post","type-post","status-publish","format-standard","has-post-thumbnail","hentry","category-economie"],"aioseo_notices":[],"jetpack_publicize_connections":[],"jetpack_featured_media_url":"https:\/\/i0.wp.com\/radioecoutefm.com\/wp-content\/uploads\/2025\/05\/880FE08C-9DB0-432B-869F-3A1B95E73B57.jpeg?fit=1024%2C576&ssl=1","uagb_featured_image_src":{"full":["https:\/\/i0.wp.com\/radioecoutefm.com\/wp-content\/uploads\/2025\/05\/880FE08C-9DB0-432B-869F-3A1B95E73B57.jpeg?fit=1024%2C576&ssl=1",1024,576,false],"thumbnail":["https:\/\/i0.wp.com\/radioecoutefm.com\/wp-content\/uploads\/2025\/05\/880FE08C-9DB0-432B-869F-3A1B95E73B57.jpeg?resize=150%2C150&ssl=1",150,150,true],"medium":["https:\/\/i0.wp.com\/radioecoutefm.com\/wp-content\/uploads\/2025\/05\/880FE08C-9DB0-432B-869F-3A1B95E73B57.jpeg?fit=300%2C169&ssl=1",300,169,true],"medium_large":["https:\/\/i0.wp.com\/radioecoutefm.com\/wp-content\/uploads\/2025\/05\/880FE08C-9DB0-432B-869F-3A1B95E73B57.jpeg?fit=640%2C360&ssl=1",640,360,true],"large":["https:\/\/i0.wp.com\/radioecoutefm.com\/wp-content\/uploads\/2025\/05\/880FE08C-9DB0-432B-869F-3A1B95E73B57.jpeg?fit=640%2C360&ssl=1",640,360,true],"1536x1536":["https:\/\/i0.wp.com\/radioecoutefm.com\/wp-content\/uploads\/2025\/05\/880FE08C-9DB0-432B-869F-3A1B95E73B57.jpeg?fit=1024%2C576&ssl=1",1024,576,true],"2048x2048":["https:\/\/i0.wp.com\/radioecoutefm.com\/wp-content\/uploads\/2025\/05\/880FE08C-9DB0-432B-869F-3A1B95E73B57.jpeg?fit=1024%2C576&ssl=1",1024,576,true],"newsair-slider-full":["https:\/\/i0.wp.com\/radioecoutefm.com\/wp-content\/uploads\/2025\/05\/880FE08C-9DB0-432B-869F-3A1B95E73B57.jpeg?resize=1024%2C576&ssl=1",1024,576,true],"newsair-featured":["https:\/\/i0.wp.com\/radioecoutefm.com\/wp-content\/uploads\/2025\/05\/880FE08C-9DB0-432B-869F-3A1B95E73B57.jpeg?fit=1024%2C576&ssl=1",1024,576,true],"newsair-medium":["https:\/\/i0.wp.com\/radioecoutefm.com\/wp-content\/uploads\/2025\/05\/880FE08C-9DB0-432B-869F-3A1B95E73B57.jpeg?resize=720%2C380&ssl=1",720,380,true]},"uagb_author_info":{"display_name":"Ecoute FM","author_link":"https:\/\/radioecoutefm.com\/index.php\/author\/borgellaattis\/"},"uagb_comment_info":0,"uagb_excerpt":"Le Conseil Sup\u00e9rieur des Salaires (CSS) soumet au gouvernement ha\u00eftien, \u00e0 travers le Minist\u00e8re des Affaires sociales et du Travail, ses recommandations pour l&#8217;augmentation du salaire minimum. Ces nouvelles r\u00e9mun\u00e9rations, si elles sont adopt\u00e9es, devraient entrer en vigueur d\u00e8s avril 2025, soit trois ans apr\u00e8s les derniers ajustements salariaux, conform\u00e9ment \u00e0 la loi du 6&hellip;","jetpack_sharing_enabled":true,"jetpack_shortlink":"https:\/\/wp.me\/pgoyna-10M","jetpack-related-posts":[{"id":148,"url":"https:\/\/radioecoutefm.com\/index.php\/2024\/12\/28\/indecence-gouvernementale-le-cpt-celebre-pendant-que-les-employes-du-cne-croupissent-dans-quatre-mois-darrieres-de-salaire\/","url_meta":{"origin":3892,"position":0},"title":"Ind\u00e9cence gouvernementale : le CPT c\u00e9l\u00e8bre pendant que les employ\u00e9s du CNE croupissent dans quatre mois d\u2019arri\u00e9r\u00e9s de salaire !","author":"Ecoute FM","date":"28.12.2024","format":false,"excerpt":"Depuis plusieurs mois, la situation en Ha\u00efti ne cesse de se d\u00e9t\u00e9riorer, marqu\u00e9e par un gouvernement qui semble d\u00e9connect\u00e9 des r\u00e9alit\u00e9s v\u00e9cues par la population. Le gouvernement d\u2019Alix Didier Fils Aim\u00e9 et le Conseil Pr\u00e9sidentiel de Transition (CPT) se sont r\u00e9v\u00e9l\u00e9s \u00eatre des dirigeants d\u00e9pourvus de sensibilit\u00e9, souvent qualifi\u00e9s de\u2026","rel":"","context":"In &quot;Ecoute FM&quot;","block_context":{"text":"Ecoute FM","link":"https:\/\/radioecoutefm.com\/index.php\/category\/ecoute-fm\/"},"img":{"alt_text":"","src":"https:\/\/i0.wp.com\/radioecoutefm.com\/wp-content\/uploads\/2024\/12\/CTP.webp?fit=600%2C322&ssl=1&resize=350%2C200","width":350,"height":200,"srcset":"https:\/\/i0.wp.com\/radioecoutefm.com\/wp-content\/uploads\/2024\/12\/CTP.webp?fit=600%2C322&ssl=1&resize=350%2C200 1x, https:\/\/i0.wp.com\/radioecoutefm.com\/wp-content\/uploads\/2024\/12\/CTP.webp?fit=600%2C322&ssl=1&resize=525%2C300 1.5x"},"classes":[]},{"id":3689,"url":"https:\/\/radioecoutefm.com\/index.php\/2025\/05\/02\/haiti-le-gouvernement-decrete-letat-durgence-et-reforme-les-services-de-securite\/","url_meta":{"origin":3892,"position":1},"title":"Ha\u00efti : Le Gouvernement d\u00e9cr\u00e8te l\u2019\u00e9tat d\u2019urgence et r\u00e9forme les services de s\u00e9curit\u00e9","author":"Ecoute FM","date":"02.05.2025","format":false,"excerpt":"Lors d\u2019un Conseil des Ministres tenu en s\u00e9ance sp\u00e9ciale sous la pr\u00e9sidence de Monsieur Fritz Alphonse Jean, Pr\u00e9sident du Conseil Pr\u00e9sidentiel de Transition, et en pr\u00e9sence du Premier Ministre Alix Didier Fils-Aim\u00e9, plusieurs d\u00e9cisions majeures ont \u00e9t\u00e9 prises pour r\u00e9pondre aux d\u00e9fis actuels auxquels Ha\u00efti est confront\u00e9e. Parmi les mesures\u2026","rel":"","context":"In &quot;POLITIQUE&quot;","block_context":{"text":"POLITIQUE","link":"https:\/\/radioecoutefm.com\/index.php\/category\/politique\/"},"img":{"alt_text":"","src":"","width":0,"height":0},"classes":[]},{"id":2064,"url":"https:\/\/radioecoutefm.com\/index.php\/2025\/03\/26\/le-gouvernement-haitien-renforce-le-controle-des-echanges-commerciaux-avec-la-republique-dominicaine\/","url_meta":{"origin":3892,"position":2},"title":"Le gouvernement ha\u00eftien renforce le contr\u00f4le des \u00e9changes commerciaux avec la R\u00e9publique Dominicaine","author":"Ecoute FM","date":"26.03.2025","format":false,"excerpt":"Le gouvernement ha\u00eftien a pris une d\u00e9cision importante concernant les \u00e9changes commerciaux avec la R\u00e9publique Dominicaine. Dans une circulaire dat\u00e9e du 25 mars 2025, le Minist\u00e8re de l\u2019\u00c9conomie et des Finances (MEF) a annonc\u00e9 une interdiction temporaire, jusqu\u2019\u00e0 nouvel ordre, de l\u2019importation de marchandises \u00e9trang\u00e8res transitant par la fronti\u00e8re terrestre.\u2026","rel":"","context":"In &quot;POLITIQUE&quot;","block_context":{"text":"POLITIQUE","link":"https:\/\/radioecoutefm.com\/index.php\/category\/politique\/"},"img":{"alt_text":"","src":"https:\/\/i0.wp.com\/radioecoutefm.com\/wp-content\/uploads\/2025\/03\/download-1.png?fit=225%2C225&ssl=1&resize=350%2C200","width":350,"height":200},"classes":[]},{"id":2462,"url":"https:\/\/radioecoutefm.com\/index.php\/2025\/04\/08\/le-gouvernement-decrete-letat-durgence-sur-lensemble-du-territoire-national\/","url_meta":{"origin":3892,"position":3},"title":"Le gouvernement d\u00e9cr\u00e8te l&#8217;\u00e9tat d&#8217;urgence sur l&#8217;ensemble du territoire national","author":"Ecoute FM","date":"08.04.2025","format":false,"excerpt":"Au terme d'un Conseil des ministres organis\u00e9, ce lundi 7 avril 2025, le gouvernement dirig\u00e9 par Alix Didier Fils Aim\u00e9 a instaur\u00e9 l'\u00e9tat d'urgence s\u00e9curitaire et humanitaire sur toute l'\u00e9tendue du territoire national. Cette mesure permettra au gouvernement d'avoir un outil l\u00e9gal pour combattre les gangs qui s\u00e8ment la terreur\u2026","rel":"","context":"In &quot;POLITIQUE&quot;","block_context":{"text":"POLITIQUE","link":"https:\/\/radioecoutefm.com\/index.php\/category\/politique\/"},"img":{"alt_text":"","src":"https:\/\/i0.wp.com\/radioecoutefm.com\/wp-content\/uploads\/2025\/04\/97593B33-FF7C-4F89-ABB0-9A205A0100D1.webp?fit=930%2C620&ssl=1&resize=350%2C200","width":350,"height":200,"srcset":"https:\/\/i0.wp.com\/radioecoutefm.com\/wp-content\/uploads\/2025\/04\/97593B33-FF7C-4F89-ABB0-9A205A0100D1.webp?fit=930%2C620&ssl=1&resize=350%2C200 1x, https:\/\/i0.wp.com\/radioecoutefm.com\/wp-content\/uploads\/2025\/04\/97593B33-FF7C-4F89-ABB0-9A205A0100D1.webp?fit=930%2C620&ssl=1&resize=525%2C300 1.5x, https:\/\/i0.wp.com\/radioecoutefm.com\/wp-content\/uploads\/2025\/04\/97593B33-FF7C-4F89-ABB0-9A205A0100D1.webp?fit=930%2C620&ssl=1&resize=700%2C400 2x"},"classes":[]},{"id":1954,"url":"https:\/\/radioecoutefm.com\/index.php\/2025\/03\/23\/des-complots-cubains-contre-duvalier-et-castro-la-republique-dominicaine-au-coeur-des-operations-secretes\/","url_meta":{"origin":3892,"position":4},"title":"Des complots cubains contre Duvalier et Castro : La R\u00e9publique dominicaine au c\u0153ur des op\u00e9rations secr\u00e8tes","author":"Ecoute FM","date":"23.03.2025","format":false,"excerpt":"La R\u00e9publique dominicaine a \u00e9t\u00e9 un centre n\u00e9vralgique pour plusieurs complots destin\u00e9s \u00e0 renverser les r\u00e9gimes de Fran\u00e7ois Duvalier en Ha\u00efti et de Fidel Castro \u00e0 Cuba, selon des documents r\u00e9cemment d\u00e9classifi\u00e9s par l'administration du pr\u00e9sident am\u00e9ricain Donald Trump. Ces r\u00e9v\u00e9lations mettent en lumi\u00e8re l'implication de groupes arm\u00e9s dirig\u00e9s par\u2026","rel":"","context":"In &quot;POLITIQUE&quot;","block_context":{"text":"POLITIQUE","link":"https:\/\/radioecoutefm.com\/index.php\/category\/politique\/"},"img":{"alt_text":"","src":"","width":0,"height":0},"classes":[]},{"id":4342,"url":"https:\/\/radioecoutefm.com\/index.php\/2025\/05\/18\/les-autorites-etatiques-celebrent-la-fete-du-drapeau-aux-cotes-de-la-jeunesse-capoise\/","url_meta":{"origin":3892,"position":5},"title":"Les autorit\u00e9s \u00e9tatiques c\u00e9l\u00e8brent la f\u00eate du Drapeau aux c\u00f4t\u00e9s de la jeunesse capoise","author":"Ecoute FM","date":"18.05.2025","format":false,"excerpt":"La ville du Cap-Ha\u00eftien a vibr\u00e9, ce dimanche 18 mai 2025, au rythme des chants, danses et d\u00e9monstrations artistiques \u00e0 l\u2019occasion de la F\u00eate du Drapeau et de l\u2019Universit\u00e9. Le Premier ministre, Alix Didier Fils-Aim\u00e9, accompagn\u00e9 du Conseil pr\u00e9sidentiel de transition (CPT), a assist\u00e9 au traditionnel d\u00e9fil\u00e9 du 18 mai,\u2026","rel":"","context":"In &quot;SOCIETE&quot;","block_context":{"text":"SOCIETE","link":"https:\/\/radioecoutefm.com\/index.php\/category\/societe\/"},"img":{"alt_text":"","src":"https:\/\/i0.wp.com\/radioecoutefm.com\/wp-content\/uploads\/2025\/05\/EAB0B2DB-4CAB-4B68-B718-EA2266F48D68.jpeg?fit=1080%2C810&ssl=1&resize=350%2C200","width":350,"height":200,"srcset":"https:\/\/i0.wp.com\/radioecoutefm.com\/wp-content\/uploads\/2025\/05\/EAB0B2DB-4CAB-4B68-B718-EA2266F48D68.jpeg?fit=1080%2C810&ssl=1&resize=350%2C200 1x, https:\/\/i0.wp.com\/radioecoutefm.com\/wp-content\/uploads\/2025\/05\/EAB0B2DB-4CAB-4B68-B718-EA2266F48D68.jpeg?fit=1080%2C810&ssl=1&resize=525%2C300 1.5x, https:\/\/i0.wp.com\/radioecoutefm.com\/wp-content\/uploads\/2025\/05\/EAB0B2DB-4CAB-4B68-B718-EA2266F48D68.jpeg?fit=1080%2C810&ssl=1&resize=700%2C400 2x, https:\/\/i0.wp.com\/radioecoutefm.com\/wp-content\/uploads\/2025\/05\/EAB0B2DB-4CAB-4B68-B718-EA2266F48D68.jpeg?fit=1080%2C810&ssl=1&resize=1050%2C600 3x"},"classes":[]}],"authors":[{"term_id":15,"user_id":1,"is_guest":0,"slug":"borgellaattis","display_name":"Ecoute FM","avatar_url":"https:\/\/secure.gravatar.com\/avatar\/a5369629745bf29c5deb65198d5e38aed1dc2c880c04b3b630ab3f6e8c623b70?s=96&d=mm&r=g","0":null,"1":"","2":"","3":"","4":"","5":"","6":"","7":"","8":""}],"_links":{"self":[{"href":"https:\/\/radioecoutefm.com\/index.php\/wp-json\/wp\/v2\/posts\/3892","targetHints":{"allow":["GET"]}}],"collection":[{"href":"https:\/\/radioecoutefm.com\/index.php\/wp-json\/wp\/v2\/posts"}],"about":[{"href":"https:\/\/radioecoutefm.com\/index.php\/wp-json\/wp\/v2\/types\/post"}],"author":[{"embeddable":true,"href":"https:\/\/radioecoutefm.com\/index.php\/wp-json\/wp\/v2\/users\/1"}],"replies":[{"embeddable":true,"href":"https:\/\/radioecoutefm.com\/index.php\/wp-json\/wp\/v2\/comments?post=3892"}],"version-history":[{"count":1,"href":"https:\/\/radioecoutefm.com\/index.php\/wp-json\/wp\/v2\/posts\/3892\/revisions"}],"predecessor-version":[{"id":3897,"href":"https:\/\/radioecoutefm.com\/index.php\/wp-json\/wp\/v2\/posts\/3892\/revisions\/3897"}],"wp:featuredmedia":[{"embeddable":true,"href":"https:\/\/radioecoutefm.com\/index.php\/wp-json\/wp\/v2\/media\/3893"}],"wp:attachment":[{"href":"https:\/\/radioecoutefm.com\/index.php\/wp-json\/wp\/v2\/media?parent=3892"}],"wp:term":[{"taxonomy":"category","embeddable":true,"href":"https:\/\/radioecoutefm.com\/index.php\/wp-json\/wp\/v2\/categories?post=3892"},{"taxonomy":"post_tag","embeddable":true,"href":"https:\/\/radioecoutefm.com\/index.php\/wp-json\/wp\/v2\/tags?post=3892"},{"taxonomy":"author","embeddable":true,"href":"https:\/\/radioecoutefm.com\/index.php\/wp-json\/wp\/v2\/ppma_author?post=3892"}],"curies":[{"name":"wp","href":"https:\/\/api.w.org\/{rel}","templated":true}]}}