{"id":3858,"date":"2025-05-05T18:29:17","date_gmt":"2025-05-05T18:29:17","guid":{"rendered":"https:\/\/radioecoutefm.com\/?p=3858"},"modified":"2025-05-05T18:29:17","modified_gmt":"2025-05-05T18:29:17","slug":"foot-feminin-melchie-dumornay-prolonge-laventure-lyonnaise-jusquen-2029","status":"publish","type":"post","link":"https:\/\/radioecoutefm.com\/index.php\/2025\/05\/05\/foot-feminin-melchie-dumornay-prolonge-laventure-lyonnaise-jusquen-2029\/","title":{"rendered":"Foot-F\u00e9minin: Melchie Dumornay prolonge l&#8217;aventure lyonnaise jusqu&#8217;en 2029"},"content":{"rendered":"<p>L&#8217;Olympique Lyonnais s&#8217;assure les services de l&#8217;internationale ha\u00eftienne pour trois saisons suppl\u00e9mentaires. Le club en a fait l&#8217;annonce, ce lundi 5 mai 2024. Melchie Dumornay et l&#8217;OL sont li\u00e9s jusqu&#8217;en 2029. Arriv\u00e9e \u00e0 Lyon en 2023, Corventina s&#8217;est rapidement impos\u00e9e comme l&#8217;une des pi\u00e8ces ma\u00eetresses de l&#8217;effectif lyonnais.<\/p>\n<p>Melchie Dumornay ne cesse de s&#8217;imposer au sein de l&#8217;Olympique Lyonnais. Avec 15 r\u00e9alisations en 16 matchs d&#8217;Arkema Premi\u00e8re Ligue et 6 en Ligue des champions, Melchie a convaincu les dirigeants de son club de lui offrir un contrat pour trois ann\u00e9es additionnelles, soit jusqu&#8217;en 2029. Cette prolongation de contrat s&#8217;inscrit dans la strat\u00e9gie du club de construire une \u00e9quipe comp\u00e9titive sur le long terme.<\/p>\n<p>En moins de deux ans sous les couleurs lyonnaises, Melchie Dumornay affiche des statistiques impressionnantes : 45 matchs disput\u00e9s pour 30 buts toutes comp\u00e9titions confondues. Son adaptation lui a permis de garnir son armoire \u00e0 troph\u00e9es d\u00e8s sa premi\u00e8re saison, avec un Troph\u00e9e des Championnes et un titre de Championne de France.<\/p>\n<p>\u00ab<em>Je suis tr\u00e8s heureuse de poursuivre mon aventure avec l&#8217;OL jusqu&#8217;en 2029. Ce club m&#8217;a permis de grandir en tant que joueuse et de remporter mes premiers troph\u00e9es. J&#8217;ai h\u00e2te de continuer \u00e0 \u00e9crire cette belle histoire ensemble et de repousser mes limites pour atteindre nos objectifs collectifs\u00bb<\/em>, a d\u00e9clar\u00e9 Melchie Dumornay suite \u00e0 l&#8217;officialisation de sa prolongation.<\/p>\n","protected":false},"excerpt":{"rendered":"<p>L&#8217;Olympique Lyonnais s&#8217;assure les services de l&#8217;internationale ha\u00eftienne pour trois saisons suppl\u00e9mentaires. Le club en a fait l&#8217;annonce, ce lundi 5 mai 2024. Melchie Dumornay et l&#8217;OL sont li\u00e9s jusqu&#8217;en 2029. Arriv\u00e9e \u00e0 Lyon en 2023, Corventina s&#8217;est rapidement impos\u00e9e comme l&#8217;une des pi\u00e8ces ma\u00eetresses de l&#8217;effectif lyonnais. Melchie Dumornay ne cesse de s&#8217;imposer au [&hellip;]<\/p>\n","protected":false},"author":1,"featured_media":3859,"comment_status":"open","ping_status":"open","sticky":false,"template":"","format":"standard","meta":{"_uag_custom_page_level_css":"","jetpack_post_was_ever_published":false,"_jetpack_newsletter_access":"","_jetpack_dont_email_post_to_subs":false,"_jetpack_newsletter_tier_id":0,"_jetpack_memberships_contains_paywalled_content":false,"_jetpack_memberships_contains_paid_content":false,"footnotes":"","jetpack_publicize_message":"","jetpack_publicize_feature_enabled":true,"jetpack_social_post_already_shared":true,"jetpack_social_options":{"image_generator_settings":{"template":"highway","default_image_id":0,"font":"","enabled":false},"version":2}},"categories":[10],"tags":[],"ppma_author":[15],"class_list":["post-3858","post","type-post","status-publish","format-standard","has-post-thumbnail","hentry","category-sport"],"aioseo_notices":[],"jetpack_publicize_connections":[],"jetpack_featured_media_url":"https:\/\/i0.wp.com\/radioecoutefm.com\/wp-content\/uploads\/2025\/05\/att.nEI81cs0JMa4AJ-PlB7jhHdemyZZhNl49josj9xMVpw.jpeg?fit=828%2C647&ssl=1","uagb_featured_image_src":{"full":["https:\/\/i0.wp.com\/radioecoutefm.com\/wp-content\/uploads\/2025\/05\/att.nEI81cs0JMa4AJ-PlB7jhHdemyZZhNl49josj9xMVpw.jpeg?fit=828%2C647&ssl=1",828,647,false],"thumbnail":["https:\/\/i0.wp.com\/radioecoutefm.com\/wp-content\/uploads\/2025\/05\/att.nEI81cs0JMa4AJ-PlB7jhHdemyZZhNl49josj9xMVpw.jpeg?resize=150%2C150&ssl=1",150,150,true],"medium":["https:\/\/i0.wp.com\/radioecoutefm.com\/wp-content\/uploads\/2025\/05\/att.nEI81cs0JMa4AJ-PlB7jhHdemyZZhNl49josj9xMVpw.jpeg?fit=300%2C234&ssl=1",300,234,true],"medium_large":["https:\/\/i0.wp.com\/radioecoutefm.com\/wp-content\/uploads\/2025\/05\/att.nEI81cs0JMa4AJ-PlB7jhHdemyZZhNl49josj9xMVpw.jpeg?fit=640%2C500&ssl=1",640,500,true],"large":["https:\/\/i0.wp.com\/radioecoutefm.com\/wp-content\/uploads\/2025\/05\/att.nEI81cs0JMa4AJ-PlB7jhHdemyZZhNl49josj9xMVpw.jpeg?fit=640%2C500&ssl=1",640,500,true],"1536x1536":["https:\/\/i0.wp.com\/radioecoutefm.com\/wp-content\/uploads\/2025\/05\/att.nEI81cs0JMa4AJ-PlB7jhHdemyZZhNl49josj9xMVpw.jpeg?fit=828%2C647&ssl=1",828,647,true],"2048x2048":["https:\/\/i0.wp.com\/radioecoutefm.com\/wp-content\/uploads\/2025\/05\/att.nEI81cs0JMa4AJ-PlB7jhHdemyZZhNl49josj9xMVpw.jpeg?fit=828%2C647&ssl=1",828,647,true],"newsair-slider-full":["https:\/\/i0.wp.com\/radioecoutefm.com\/wp-content\/uploads\/2025\/05\/att.nEI81cs0JMa4AJ-PlB7jhHdemyZZhNl49josj9xMVpw.jpeg?resize=828%2C647&ssl=1",828,647,true],"newsair-featured":["https:\/\/i0.wp.com\/radioecoutefm.com\/wp-content\/uploads\/2025\/05\/att.nEI81cs0JMa4AJ-PlB7jhHdemyZZhNl49josj9xMVpw.jpeg?fit=828%2C647&ssl=1",828,647,true],"newsair-medium":["https:\/\/i0.wp.com\/radioecoutefm.com\/wp-content\/uploads\/2025\/05\/att.nEI81cs0JMa4AJ-PlB7jhHdemyZZhNl49josj9xMVpw.jpeg?resize=720%2C380&ssl=1",720,380,true]},"uagb_author_info":{"display_name":"Ecoute FM","author_link":"https:\/\/radioecoutefm.com\/index.php\/author\/borgellaattis\/"},"uagb_comment_info":0,"uagb_excerpt":"L&#8217;Olympique Lyonnais s&#8217;assure les services de l&#8217;internationale ha\u00eftienne pour trois saisons suppl\u00e9mentaires. Le club en a fait l&#8217;annonce, ce lundi 5 mai 2024. Melchie Dumornay et l&#8217;OL sont li\u00e9s jusqu&#8217;en 2029. Arriv\u00e9e \u00e0 Lyon en 2023, Corventina s&#8217;est rapidement impos\u00e9e comme l&#8217;une des pi\u00e8ces ma\u00eetresses de l&#8217;effectif lyonnais. Melchie Dumornay ne cesse de s&#8217;imposer au&hellip;","jetpack_sharing_enabled":true,"jetpack_shortlink":"https:\/\/wp.me\/pgoyna-10e","jetpack-related-posts":[{"id":3493,"url":"https:\/\/radioecoutefm.com\/index.php\/2025\/04\/26\/melchie-dumornay-elue-joueuse-du-mois-de-mars-en-france\/","url_meta":{"origin":3858,"position":0},"title":"Melchie Dumornay \u00e9lue joueuse du mois de mars en France","author":"Ecoute FM","date":"26.04.2025","format":false,"excerpt":"Les organisateurs de la Premi\u00e8re Ligue Arkema ont d\u00e9sign\u00e9 Melchie Dumornay comme la joueuse du mois de mars, ce 26 avril. L' Ha\u00eftienne qui r\u00e9alise une saison exceptionnelle a boucl\u00e9 ce mois avec 3 buts pour l'Olympique Lyonnais. C'est un fait, Melchie r\u00e9alise sa meilleure saison sur le continent europ\u00e9en.\u2026","rel":"","context":"In &quot;SPORT&quot;","block_context":{"text":"SPORT","link":"https:\/\/radioecoutefm.com\/index.php\/category\/sport\/"},"img":{"alt_text":"","src":"https:\/\/i0.wp.com\/radioecoutefm.com\/wp-content\/uploads\/2025\/04\/FA17715B-B410-49E0-B198-B6E965F3B809.jpeg?fit=771%2C575&ssl=1&resize=350%2C200","width":350,"height":200,"srcset":"https:\/\/i0.wp.com\/radioecoutefm.com\/wp-content\/uploads\/2025\/04\/FA17715B-B410-49E0-B198-B6E965F3B809.jpeg?fit=771%2C575&ssl=1&resize=350%2C200 1x, https:\/\/i0.wp.com\/radioecoutefm.com\/wp-content\/uploads\/2025\/04\/FA17715B-B410-49E0-B198-B6E965F3B809.jpeg?fit=771%2C575&ssl=1&resize=525%2C300 1.5x, https:\/\/i0.wp.com\/radioecoutefm.com\/wp-content\/uploads\/2025\/04\/FA17715B-B410-49E0-B198-B6E965F3B809.jpeg?fit=771%2C575&ssl=1&resize=700%2C400 2x"},"classes":[]},{"id":3323,"url":"https:\/\/radioecoutefm.com\/index.php\/2025\/04\/23\/france-melchie-dumornay-en-lice-pour-le-titre-de-meilleure-joueuse-de-la-saison\/","url_meta":{"origin":3858,"position":1},"title":"France: Melchie Dumornay en lice pour le titre de meilleure joueuse de la saison","author":"Ecoute FM","date":"23.04.2025","format":false,"excerpt":"L'Arkema Premi\u00e8re Ligue a publi\u00e9, ce mercredi 23 avril, sur ses pages officielles, les noms des trois finalistes pour le prix de meilleure joueuse de la saison dans le championnat. Il s'agit de la p\u00e9pite ha\u00eftienne Melchie Dumornay, sa co\u00e9quipi\u00e8re \u00e0 l'Olympique Lyonnais Lindsey Horan et Clara Mateo. L'identit\u00e9 de\u2026","rel":"","context":"In &quot;SPORT&quot;","block_context":{"text":"SPORT","link":"https:\/\/radioecoutefm.com\/index.php\/category\/sport\/"},"img":{"alt_text":"","src":"https:\/\/i0.wp.com\/radioecoutefm.com\/wp-content\/uploads\/2025\/04\/D3671711-1F41-45D8-988D-205D80719CB0.jpeg?fit=960%2C1200&ssl=1&resize=350%2C200","width":350,"height":200,"srcset":"https:\/\/i0.wp.com\/radioecoutefm.com\/wp-content\/uploads\/2025\/04\/D3671711-1F41-45D8-988D-205D80719CB0.jpeg?fit=960%2C1200&ssl=1&resize=350%2C200 1x, https:\/\/i0.wp.com\/radioecoutefm.com\/wp-content\/uploads\/2025\/04\/D3671711-1F41-45D8-988D-205D80719CB0.jpeg?fit=960%2C1200&ssl=1&resize=525%2C300 1.5x, https:\/\/i0.wp.com\/radioecoutefm.com\/wp-content\/uploads\/2025\/04\/D3671711-1F41-45D8-988D-205D80719CB0.jpeg?fit=960%2C1200&ssl=1&resize=700%2C400 2x"},"classes":[]},{"id":3587,"url":"https:\/\/radioecoutefm.com\/index.php\/2025\/04\/29\/melchie-dumornay-entre-consolation-et-regrets\/","url_meta":{"origin":3858,"position":2},"title":"Melchie Dumornay, entre consolation et regrets","author":"Ecoute FM","date":"29.04.2025","format":false,"excerpt":"Melchie Dumornay a \u00e9t\u00e9 tout au long de la saison l'une des candidates pour remporter le ballon d'or 2025. Ce statut n'est plus d'actualit\u00e9 puisque la joueuse et l'OL sont \u00e9limin\u00e9s en demi-finales de la Ligue des champions, comp\u00e9tition phare de la saison. L'Ha\u00eftienne qui a \u00e9galement perdu le prix\u2026","rel":"","context":"In &quot;SPORT&quot;","block_context":{"text":"SPORT","link":"https:\/\/radioecoutefm.com\/index.php\/category\/sport\/"},"img":{"alt_text":"","src":"https:\/\/i0.wp.com\/radioecoutefm.com\/wp-content\/uploads\/2025\/04\/5D0E7190-B6BD-427A-B666-09F0049E5BD4.jpeg?fit=1080%2C719&ssl=1&resize=350%2C200","width":350,"height":200,"srcset":"https:\/\/i0.wp.com\/radioecoutefm.com\/wp-content\/uploads\/2025\/04\/5D0E7190-B6BD-427A-B666-09F0049E5BD4.jpeg?fit=1080%2C719&ssl=1&resize=350%2C200 1x, https:\/\/i0.wp.com\/radioecoutefm.com\/wp-content\/uploads\/2025\/04\/5D0E7190-B6BD-427A-B666-09F0049E5BD4.jpeg?fit=1080%2C719&ssl=1&resize=525%2C300 1.5x, https:\/\/i0.wp.com\/radioecoutefm.com\/wp-content\/uploads\/2025\/04\/5D0E7190-B6BD-427A-B666-09F0049E5BD4.jpeg?fit=1080%2C719&ssl=1&resize=700%2C400 2x, https:\/\/i0.wp.com\/radioecoutefm.com\/wp-content\/uploads\/2025\/04\/5D0E7190-B6BD-427A-B666-09F0049E5BD4.jpeg?fit=1080%2C719&ssl=1&resize=1050%2C600 3x"},"classes":[]},{"id":6097,"url":"https:\/\/radioecoutefm.com\/index.php\/2025\/10\/10\/ldc-melchie-dumornay-illumine-la-victoire-de-lol-face-a-arsenal\/","url_meta":{"origin":3858,"position":3},"title":"LDC : Melchie Dumornay illumine la victoire de l\u2019OL face \u00e0 Arsenal","author":"Ecoute FM","date":"10.10.2025","format":false,"excerpt":"Pour son entr\u00e9e en lice dans la Ligue des champions f\u00e9minine 2025-2026, l\u2019Olympique Lyonnais a parfaitement lanc\u00e9 sa campagne europ\u00e9enne en s\u2019imposant sur le terrain d\u2019Arsenal (2-1). Une victoire marqu\u00e9e par une prestation XXL de Melchie Da\u00eblle Dumornay, auteure d\u2019un doubl\u00e9 et \u00e9lue meilleure joueuse du match avec une note\u2026","rel":"","context":"In &quot;SPORT&quot;","block_context":{"text":"SPORT","link":"https:\/\/radioecoutefm.com\/index.php\/category\/sport\/"},"img":{"alt_text":"","src":"https:\/\/i0.wp.com\/radioecoutefm.com\/wp-content\/uploads\/2025\/10\/mel.jpg?fit=1200%2C800&ssl=1&resize=350%2C200","width":350,"height":200,"srcset":"https:\/\/i0.wp.com\/radioecoutefm.com\/wp-content\/uploads\/2025\/10\/mel.jpg?fit=1200%2C800&ssl=1&resize=350%2C200 1x, https:\/\/i0.wp.com\/radioecoutefm.com\/wp-content\/uploads\/2025\/10\/mel.jpg?fit=1200%2C800&ssl=1&resize=525%2C300 1.5x, https:\/\/i0.wp.com\/radioecoutefm.com\/wp-content\/uploads\/2025\/10\/mel.jpg?fit=1200%2C800&ssl=1&resize=700%2C400 2x, https:\/\/i0.wp.com\/radioecoutefm.com\/wp-content\/uploads\/2025\/10\/mel.jpg?fit=1200%2C800&ssl=1&resize=1050%2C600 3x"},"classes":[]},{"id":3099,"url":"https:\/\/radioecoutefm.com\/index.php\/2025\/04\/19\/ldc-melchie-dumornay-decisive-face-a-arsenal\/","url_meta":{"origin":3858,"position":4},"title":"LDC: Melchie Dumornay d\u00e9cisive face \u00e0 Arsenal","author":"Ecoute FM","date":"19.04.2025","format":false,"excerpt":"En demi-finales aller de la Ligue des champions, ce 19 avril 2025, l'Olympique Lyonnais s'est impos\u00e9 en d\u00e9placement face \u00e0 Arsenal, 2-1. Melchie Dumornay a \u00e9t\u00e9 l'h\u00e9ro\u00efne du match en inscrivant le but de la victoire \u00e0 la 82e minute de jeu. Melchie continue de marquer des points cette saison.\u2026","rel":"","context":"In &quot;SPORT&quot;","block_context":{"text":"SPORT","link":"https:\/\/radioecoutefm.com\/index.php\/category\/sport\/"},"img":{"alt_text":"","src":"https:\/\/i0.wp.com\/radioecoutefm.com\/wp-content\/uploads\/2025\/04\/BE6AC35A-5F0B-4CCB-9B17-D6FAA1D16E87.jpeg?fit=828%2C549&ssl=1&resize=350%2C200","width":350,"height":200,"srcset":"https:\/\/i0.wp.com\/radioecoutefm.com\/wp-content\/uploads\/2025\/04\/BE6AC35A-5F0B-4CCB-9B17-D6FAA1D16E87.jpeg?fit=828%2C549&ssl=1&resize=350%2C200 1x, https:\/\/i0.wp.com\/radioecoutefm.com\/wp-content\/uploads\/2025\/04\/BE6AC35A-5F0B-4CCB-9B17-D6FAA1D16E87.jpeg?fit=828%2C549&ssl=1&resize=525%2C300 1.5x, https:\/\/i0.wp.com\/radioecoutefm.com\/wp-content\/uploads\/2025\/04\/BE6AC35A-5F0B-4CCB-9B17-D6FAA1D16E87.jpeg?fit=828%2C549&ssl=1&resize=700%2C400 2x"},"classes":[]},{"id":5882,"url":"https:\/\/radioecoutefm.com\/index.php\/2025\/09\/17\/melchie-dumornay-nominee-pour-le-titre-de-joueuse-de-lannee-concacaf\/","url_meta":{"origin":3858,"position":5},"title":"Melchie Dumornay nomin\u00e9e pour le titre de Joueuse de l\u2019ann\u00e9e Concacaf","author":"Ecoute FM","date":"17.09.2025","format":false,"excerpt":"La Conf\u00e9d\u00e9ration de football d\u2019Am\u00e9rique du Nord, d\u2019Am\u00e9rique centrale et des Cara\u00efbes (Concacaf) a d\u00e9voil\u00e9 la liste des nomin\u00e9s pour ses r\u00e9compenses annuelles, ouvrant le processus de vote au public. Parmi les candidates au prestigieux titre de Joueuse f\u00e9minine de l\u2019ann\u00e9e, figure la star ha\u00eftienne Melchie Da\u00eblle Dumornay. La milieu\u2026","rel":"","context":"In &quot;SPORT&quot;","block_context":{"text":"SPORT","link":"https:\/\/radioecoutefm.com\/index.php\/category\/sport\/"},"img":{"alt_text":"","src":"https:\/\/i0.wp.com\/radioecoutefm.com\/wp-content\/uploads\/2025\/09\/melchie.jpg?fit=828%2C552&ssl=1&resize=350%2C200","width":350,"height":200,"srcset":"https:\/\/i0.wp.com\/radioecoutefm.com\/wp-content\/uploads\/2025\/09\/melchie.jpg?fit=828%2C552&ssl=1&resize=350%2C200 1x, https:\/\/i0.wp.com\/radioecoutefm.com\/wp-content\/uploads\/2025\/09\/melchie.jpg?fit=828%2C552&ssl=1&resize=525%2C300 1.5x, https:\/\/i0.wp.com\/radioecoutefm.com\/wp-content\/uploads\/2025\/09\/melchie.jpg?fit=828%2C552&ssl=1&resize=700%2C400 2x"},"classes":[]}],"authors":[{"term_id":15,"user_id":1,"is_guest":0,"slug":"borgellaattis","display_name":"Ecoute FM","avatar_url":"https:\/\/secure.gravatar.com\/avatar\/a5369629745bf29c5deb65198d5e38aed1dc2c880c04b3b630ab3f6e8c623b70?s=96&d=mm&r=g","0":null,"1":"","2":"","3":"","4":"","5":"","6":"","7":"","8":""}],"_links":{"self":[{"href":"https:\/\/radioecoutefm.com\/index.php\/wp-json\/wp\/v2\/posts\/3858","targetHints":{"allow":["GET"]}}],"collection":[{"href":"https:\/\/radioecoutefm.com\/index.php\/wp-json\/wp\/v2\/posts"}],"about":[{"href":"https:\/\/radioecoutefm.com\/index.php\/wp-json\/wp\/v2\/types\/post"}],"author":[{"embeddable":true,"href":"https:\/\/radioecoutefm.com\/index.php\/wp-json\/wp\/v2\/users\/1"}],"replies":[{"embeddable":true,"href":"https:\/\/radioecoutefm.com\/index.php\/wp-json\/wp\/v2\/comments?post=3858"}],"version-history":[{"count":1,"href":"https:\/\/radioecoutefm.com\/index.php\/wp-json\/wp\/v2\/posts\/3858\/revisions"}],"predecessor-version":[{"id":3863,"href":"https:\/\/radioecoutefm.com\/index.php\/wp-json\/wp\/v2\/posts\/3858\/revisions\/3863"}],"wp:featuredmedia":[{"embeddable":true,"href":"https:\/\/radioecoutefm.com\/index.php\/wp-json\/wp\/v2\/media\/3859"}],"wp:attachment":[{"href":"https:\/\/radioecoutefm.com\/index.php\/wp-json\/wp\/v2\/media?parent=3858"}],"wp:term":[{"taxonomy":"category","embeddable":true,"href":"https:\/\/radioecoutefm.com\/index.php\/wp-json\/wp\/v2\/categories?post=3858"},{"taxonomy":"post_tag","embeddable":true,"href":"https:\/\/radioecoutefm.com\/index.php\/wp-json\/wp\/v2\/tags?post=3858"},{"taxonomy":"author","embeddable":true,"href":"https:\/\/radioecoutefm.com\/index.php\/wp-json\/wp\/v2\/ppma_author?post=3858"}],"curies":[{"name":"wp","href":"https:\/\/api.w.org\/{rel}","templated":true}]}}