{"id":3815,"date":"2025-05-04T22:47:49","date_gmt":"2025-05-04T22:47:49","guid":{"rendered":"https:\/\/radioecoutefm.com\/?p=3815"},"modified":"2025-05-04T23:00:13","modified_gmt":"2025-05-04T23:00:13","slug":"top-10-influenceurs-haitiens-sur-tiktok-trapalman509-josma-stanley-absents","status":"publish","type":"post","link":"https:\/\/radioecoutefm.com\/index.php\/2025\/05\/04\/top-10-influenceurs-haitiens-sur-tiktok-trapalman509-josma-stanley-absents\/","title":{"rendered":"Top 10 Influenceurs Ha\u00eftiens sur TikTok, Trapalman509, Josma, Stanley, absents"},"content":{"rendered":"<p class=\"\" data-start=\"227\" data-end=\"653\">Le dernier classement des influenceurs ha\u00eftiens sur TikTok, publi\u00e9 par l&#8217;agence de marketing digital StarNgage, a fait grand bruit dans la communaut\u00e9 locale. Bien que la plateforme, affili\u00e9e \u00e0 la soci\u00e9t\u00e9 Hashmeta Pte Ltd, soit reconnue \u00e0 l&#8217;\u00e9chelle mondiale pour sa capacit\u00e9 \u00e0 mesurer l&#8217;impact des influenceurs, plusieurs figures embl\u00e9matiques de la sc\u00e8ne ha\u00eftienne.<\/p>\n<p class=\"\" data-start=\"655\" data-end=\"1192\">Parmi les absents figurent, Tatie Mendel, Uncle Kenjy, Josma, et Trapalman 509, qui sont pourtant des figures incontournables sur Tiktok.<\/p>\n<p class=\"\" data-start=\"1194\" data-end=\"1859\">Le classement pr\u00e9sente plusieurs noms bien \u00e9tablis, notamment <strong>DJ Tony Mix<\/strong> et <strong>Anne Kersuze<\/strong>, qui continuent de maintenir une forte pr\u00e9sence sur TikTok, en captivant une large audience. Ces figures de proue d\u00e9montrent l&#8217;impact de la plateforme sur les Influenceurs haitiens, tout en mettant en lumi\u00e8re la diff\u00e9rence de perception entre l\u2019influence mondiale et l\u2019engagement r\u00e9gional.<\/p>\n<p class=\"\" data-start=\"1194\" data-end=\"1859\">Les marques internationales telles que Alibaba, PayPal, Coca-Cola, TikTok et DBS utilisent StarNgage pour g\u00e9rer leurs campagnes d&#8217;influence \u00e0 l&#8217;\u00e9chelle mondiale, renfor\u00e7ant ainsi l\u2019importance de la plateforme dans l\u2019\u00e9cosyst\u00e8me digital mondial.<\/p>\n<p data-start=\"1194\" data-end=\"1859\"><strong>Voici la liste<\/strong><\/p>\n<p class=\"\" data-start=\"55\" data-end=\"177\"><strong data-start=\"55\" data-end=\"69\">@aimyoncee<\/strong> \u2013 Avec plus de 2,1 millions d&#8217;abonn\u00e9s, Aim\u00e9 est l&#8217;un des influenceurs les plus populaires sur TikTok Ha\u00efti.<\/p>\n<p class=\"\" data-start=\"179\" data-end=\"302\"><strong data-start=\"179\" data-end=\"196\">@jiff.bossman<\/strong> \u2013 Il partage des vid\u00e9os humoristiques et du contenu culturel, il compte \u00e9galement 2,1 millions d&#8217;abonn\u00e9s.<\/p>\n<p class=\"\" data-start=\"304\" data-end=\"420\"><strong data-start=\"304\" data-end=\"320\">@cedandchels<\/strong> \u2013 Un couple ha\u00eftien qui partage des vid\u00e9os amusantes et cr\u00e9atives, ils ont plus de 893 000 abonn\u00e9s.<\/p>\n<p class=\"\" data-start=\"422\" data-end=\"528\"><strong data-start=\"422\" data-end=\"441\">@freekdagemini1<\/strong> \u2013 Un jeune ha\u00eftien qui r\u00e9alise des vid\u00e9os humoristiques, il a plus de 893 000 abonn\u00e9s.<\/p>\n<p class=\"\" data-start=\"530\" data-end=\"627\"><strong data-start=\"530\" data-end=\"547\">@samyandbcrew<\/strong> \u2013 Ils partagent du contenu amusant et cr\u00e9atif, ils ont plus de 814 000 abonn\u00e9s.<\/p>\n<p class=\"\" data-start=\"629\" data-end=\"732\"><strong data-start=\"629\" data-end=\"649\">@kashgotthejuice<\/strong> \u2013 Un jeune ha\u00eftien qui partage des vid\u00e9os amusantes, il a plus de 796 000 abonn\u00e9s.<\/p>\n<p class=\"\" data-start=\"734\" data-end=\"850\"><strong data-start=\"734\" data-end=\"749\">@chefmoise_<\/strong> \u2013 Un chef ha\u00eftien qui partage des recettes et des conseils de cuisine, il a plus de 626 000 abonn\u00e9s.<\/p>\n<p class=\"\" data-start=\"852\" data-end=\"974\"><strong data-start=\"852\" data-end=\"877\">@tonymixhaitiofficial<\/strong> \u2013 Un DJ ha\u00eftien qui partage de la musique et des vid\u00e9os cr\u00e9atives, il a plus de 607 000 abonn\u00e9s.<\/p>\n<p class=\"\" data-start=\"976\" data-end=\"1105\"><strong data-start=\"976\" data-end=\"992\">@annekersuze<\/strong> \u2013 Une danseuse et mod\u00e8le ha\u00eftienne qui partage des vid\u00e9os de danse et cr\u00e9atives, elle a plus de 593 000 abonn\u00e9s.<\/p>\n<p class=\"\" data-start=\"1107\" data-end=\"1225\"><strong data-start=\"1107\" data-end=\"1124\">@labellekaxoo<\/strong> \u2013 Une jeune ha\u00eftienne qui partage des vid\u00e9os amusantes et cr\u00e9atives, elle a plus de 560 000 abonn\u00e9s.<\/p>\n","protected":false},"excerpt":{"rendered":"<p>Le dernier classement des influenceurs ha\u00eftiens sur TikTok, publi\u00e9 par l&#8217;agence de marketing digital StarNgage, a fait grand bruit dans la communaut\u00e9 locale. Bien que la plateforme, affili\u00e9e \u00e0 la soci\u00e9t\u00e9 Hashmeta Pte Ltd, soit reconnue \u00e0 l&#8217;\u00e9chelle mondiale pour sa capacit\u00e9 \u00e0 mesurer l&#8217;impact des influenceurs, plusieurs figures embl\u00e9matiques de la sc\u00e8ne ha\u00eftienne. Parmi [&hellip;]<\/p>\n","protected":false},"author":1,"featured_media":3816,"comment_status":"open","ping_status":"open","sticky":false,"template":"","format":"standard","meta":{"_uag_custom_page_level_css":"","jetpack_post_was_ever_published":false,"_jetpack_newsletter_access":"","_jetpack_dont_email_post_to_subs":false,"_jetpack_newsletter_tier_id":0,"_jetpack_memberships_contains_paywalled_content":false,"_jetpack_memberships_contains_paid_content":false,"footnotes":"","jetpack_publicize_message":"","jetpack_publicize_feature_enabled":true,"jetpack_social_post_already_shared":true,"jetpack_social_options":{"image_generator_settings":{"template":"highway","default_image_id":0,"font":"","enabled":false},"version":2}},"categories":[9,58,51],"tags":[],"ppma_author":[15],"class_list":["post-3815","post","type-post","status-publish","format-standard","has-post-thumbnail","hentry","category-culture","category-technologie","category-societe"],"aioseo_notices":[],"jetpack_publicize_connections":[],"jetpack_featured_media_url":"https:\/\/i0.wp.com\/radioecoutefm.com\/wp-content\/uploads\/2025\/05\/tik.jpg?fit=640%2C334&ssl=1","uagb_featured_image_src":{"full":["https:\/\/i0.wp.com\/radioecoutefm.com\/wp-content\/uploads\/2025\/05\/tik.jpg?fit=640%2C334&ssl=1",640,334,false],"thumbnail":["https:\/\/i0.wp.com\/radioecoutefm.com\/wp-content\/uploads\/2025\/05\/tik.jpg?resize=150%2C150&ssl=1",150,150,true],"medium":["https:\/\/i0.wp.com\/radioecoutefm.com\/wp-content\/uploads\/2025\/05\/tik.jpg?fit=300%2C157&ssl=1",300,157,true],"medium_large":["https:\/\/i0.wp.com\/radioecoutefm.com\/wp-content\/uploads\/2025\/05\/tik.jpg?fit=640%2C334&ssl=1",640,334,true],"large":["https:\/\/i0.wp.com\/radioecoutefm.com\/wp-content\/uploads\/2025\/05\/tik.jpg?fit=640%2C334&ssl=1",640,334,true],"1536x1536":["https:\/\/i0.wp.com\/radioecoutefm.com\/wp-content\/uploads\/2025\/05\/tik.jpg?fit=640%2C334&ssl=1",640,334,true],"2048x2048":["https:\/\/i0.wp.com\/radioecoutefm.com\/wp-content\/uploads\/2025\/05\/tik.jpg?fit=640%2C334&ssl=1",640,334,true],"newsair-slider-full":["https:\/\/i0.wp.com\/radioecoutefm.com\/wp-content\/uploads\/2025\/05\/tik.jpg?resize=640%2C334&ssl=1",640,334,true],"newsair-featured":["https:\/\/i0.wp.com\/radioecoutefm.com\/wp-content\/uploads\/2025\/05\/tik.jpg?fit=640%2C334&ssl=1",640,334,true],"newsair-medium":["https:\/\/i0.wp.com\/radioecoutefm.com\/wp-content\/uploads\/2025\/05\/tik.jpg?resize=640%2C334&ssl=1",640,334,true]},"uagb_author_info":{"display_name":"Ecoute FM","author_link":"https:\/\/radioecoutefm.com\/index.php\/author\/borgellaattis\/"},"uagb_comment_info":1,"uagb_excerpt":"Le dernier classement des influenceurs ha\u00eftiens sur TikTok, publi\u00e9 par l&#8217;agence de marketing digital StarNgage, a fait grand bruit dans la communaut\u00e9 locale. Bien que la plateforme, affili\u00e9e \u00e0 la soci\u00e9t\u00e9 Hashmeta Pte Ltd, soit reconnue \u00e0 l&#8217;\u00e9chelle mondiale pour sa capacit\u00e9 \u00e0 mesurer l&#8217;impact des influenceurs, plusieurs figures embl\u00e9matiques de la sc\u00e8ne ha\u00eftienne. Parmi&hellip;","jetpack_sharing_enabled":true,"jetpack_shortlink":"https:\/\/wp.me\/pgoyna-Zx","jetpack-related-posts":[{"id":1384,"url":"https:\/\/radioecoutefm.com\/index.php\/2025\/03\/07\/1384\/","url_meta":{"origin":3815,"position":0},"title":"Sheila Cherfilus-McCormick et 35 autres d\u00e9put\u00e9s font pression sur Trump pour maintenir le TPS des Ha\u00eftiens","author":"Ecoute FM","date":"07.03.2025","format":false,"excerpt":"La d\u00e9put\u00e9e de Floride du Sud, d'origine Haitienne, Sheila Cherfilus-McCormick, et plusieurs de ses coll\u00e8gues d\u00e9mocrates font pression sur l'administration Trump pour qu'elle annule sa d\u00e9cision de mettre fin au statut de protection temporaire (TPS) pour des centaines de milliers de Ha\u00eftiens. Dans une lettre sign\u00e9e par plusieurs membres du\u2026","rel":"","context":"In &quot;POLITIQUE&quot;","block_context":{"text":"POLITIQUE","link":"https:\/\/radioecoutefm.com\/index.php\/category\/politique\/"},"img":{"alt_text":"","src":"","width":0,"height":0},"classes":[]},{"id":5139,"url":"https:\/\/radioecoutefm.com\/index.php\/2025\/06\/15\/le-rnddh-dresse-un-sombre-bilan-de-la-situation-des-policiers-haitiens\/","url_meta":{"origin":3815,"position":1},"title":"Le RNDDH dresse un sombre bilan de la situation des policiers ha\u00eftiens","author":"Ecoute FM","date":"15.06.2025","format":false,"excerpt":"Le R\u00e9seau National de D\u00e9fense des Droits Humains (RNDDH) a pr\u00e9sent\u00e9, ce vendredi 13 juin, un rapport accablant sur l\u2019impact de la crise s\u00e9curitaire sur les agents des forces de l\u2019ordre. Entre juin 2024 et juin 2025, au moins 33 policiers ont \u00e9t\u00e9 tu\u00e9s, dont 16 dans les six premiers\u2026","rel":"","context":"In &quot;SOCIETE&quot;","block_context":{"text":"SOCIETE","link":"https:\/\/radioecoutefm.com\/index.php\/category\/societe\/"},"img":{"alt_text":"","src":"https:\/\/i0.wp.com\/radioecoutefm.com\/wp-content\/uploads\/2025\/06\/RNDDH.png?fit=800%2C450&ssl=1&resize=350%2C200","width":350,"height":200,"srcset":"https:\/\/i0.wp.com\/radioecoutefm.com\/wp-content\/uploads\/2025\/06\/RNDDH.png?fit=800%2C450&ssl=1&resize=350%2C200 1x, https:\/\/i0.wp.com\/radioecoutefm.com\/wp-content\/uploads\/2025\/06\/RNDDH.png?fit=800%2C450&ssl=1&resize=525%2C300 1.5x, https:\/\/i0.wp.com\/radioecoutefm.com\/wp-content\/uploads\/2025\/06\/RNDDH.png?fit=800%2C450&ssl=1&resize=700%2C400 2x"},"classes":[]},{"id":1842,"url":"https:\/\/radioecoutefm.com\/index.php\/2025\/03\/19\/un-groupe-de-migrants-haitiens-expulses-des-etats-unis-arrive-a-cap-haitien-dont-25-criminels-condamnes\/","url_meta":{"origin":3815,"position":2},"title":"Un groupe de migrants ha\u00eftiens expuls\u00e9s des \u00c9tats-Unis arrive \u00e0 Cap-Ha\u00eftien, dont 25 criminels condamn\u00e9s","author":"Ecoute FM","date":"19.03.2025","format":false,"excerpt":"Un vol en provenance de Miami a atterri \u00e0 l\u2019a\u00e9roport international de Cap-Ha\u00eftien ce mardi, transportant un groupe de 46 migrants ha\u00eftiens expuls\u00e9s des \u00c9tats-Unis. Parmi les passagers se trouvaient 25 individus condamn\u00e9s pour des crimes graves, selon une source gouvernementale ha\u00eftienne. L\u2019arriv\u00e9e de ce groupe de migrants intervient dans\u2026","rel":"","context":"In &quot;SOCIETE&quot;","block_context":{"text":"SOCIETE","link":"https:\/\/radioecoutefm.com\/index.php\/category\/societe\/"},"img":{"alt_text":"","src":"https:\/\/i0.wp.com\/radioecoutefm.com\/wp-content\/uploads\/2025\/03\/deportation-haiti.jpeg?fit=924%2C616&ssl=1&resize=350%2C200","width":350,"height":200,"srcset":"https:\/\/i0.wp.com\/radioecoutefm.com\/wp-content\/uploads\/2025\/03\/deportation-haiti.jpeg?fit=924%2C616&ssl=1&resize=350%2C200 1x, https:\/\/i0.wp.com\/radioecoutefm.com\/wp-content\/uploads\/2025\/03\/deportation-haiti.jpeg?fit=924%2C616&ssl=1&resize=525%2C300 1.5x, https:\/\/i0.wp.com\/radioecoutefm.com\/wp-content\/uploads\/2025\/03\/deportation-haiti.jpeg?fit=924%2C616&ssl=1&resize=700%2C400 2x"},"classes":[]},{"id":4885,"url":"https:\/\/radioecoutefm.com\/index.php\/2025\/06\/05\/23-haitiens-arretes-a-dajabon-pour-deforestation-illegale\/","url_meta":{"origin":3815,"position":3},"title":"23 Ha\u00eftiens arr\u00eat\u00e9s \u00e0 Dajab\u00f3n pour d\u00e9forestation ill\u00e9gale","author":"Ecoute FM","date":"05.06.2025","format":false,"excerpt":"Une op\u00e9ration militaire men\u00e9e dans la zone frontali\u00e8re de Tirol\u00ed, \u00e0 Restauraci\u00f3n (province de Dajab\u00f3n) R\u00e9publique Dominicaine, a conduit \u00e0 l\u2019arrestation de 23 ressortissants ha\u00eftiens, accus\u00e9s de destruction de l\u2019environnement et de pr\u00e9sence ill\u00e9gale sur le territoire dominicain. Selon les autorit\u00e9s, les personnes arr\u00eat\u00e9es participaient \u00e0 des activit\u00e9s de production\u2026","rel":"","context":"In &quot;INTERNATIONAL&quot;","block_context":{"text":"INTERNATIONAL","link":"https:\/\/radioecoutefm.com\/index.php\/category\/international\/"},"img":{"alt_text":"","src":"https:\/\/i0.wp.com\/radioecoutefm.com\/wp-content\/uploads\/2025\/06\/Haitians.jpg?fit=770%2C540&ssl=1&resize=350%2C200","width":350,"height":200,"srcset":"https:\/\/i0.wp.com\/radioecoutefm.com\/wp-content\/uploads\/2025\/06\/Haitians.jpg?fit=770%2C540&ssl=1&resize=350%2C200 1x, https:\/\/i0.wp.com\/radioecoutefm.com\/wp-content\/uploads\/2025\/06\/Haitians.jpg?fit=770%2C540&ssl=1&resize=525%2C300 1.5x, https:\/\/i0.wp.com\/radioecoutefm.com\/wp-content\/uploads\/2025\/06\/Haitians.jpg?fit=770%2C540&ssl=1&resize=700%2C400 2x"},"classes":[]},{"id":2822,"url":"https:\/\/radioecoutefm.com\/index.php\/2025\/04\/15\/des-ex-officiels-haitiens-face-a-la-justice\/","url_meta":{"origin":3815,"position":4},"title":"Des ex-officiels ha\u00eftiens face \u00e0 la justice","author":"Ecoute FM","date":"15.04.2025","format":false,"excerpt":"Port-au-Prince, 14 avril 2025 \u2013 Le commissaire du gouvernement Frantz Monclair a d\u00e9f\u00e9r\u00e9 ce lundi un dossier majeur au cabinet d'instruction concernant dix personnes, dont trois anciens responsables de l'\u00c9tat, soup\u00e7onn\u00e9es de liens avec des gangs arm\u00e9s. Parmi ces figures publiques, on retrouve Prophane Victor, ancien d\u00e9put\u00e9, Magalie Habitant et\u2026","rel":"","context":"In &quot;JUSTICE&quot;","block_context":{"text":"JUSTICE","link":"https:\/\/radioecoutefm.com\/index.php\/category\/interview\/"},"img":{"alt_text":"","src":"https:\/\/i0.wp.com\/radioecoutefm.com\/wp-content\/uploads\/2025\/04\/JUSTICE.jpg?fit=1200%2C900&ssl=1&resize=350%2C200","width":350,"height":200,"srcset":"https:\/\/i0.wp.com\/radioecoutefm.com\/wp-content\/uploads\/2025\/04\/JUSTICE.jpg?fit=1200%2C900&ssl=1&resize=350%2C200 1x, https:\/\/i0.wp.com\/radioecoutefm.com\/wp-content\/uploads\/2025\/04\/JUSTICE.jpg?fit=1200%2C900&ssl=1&resize=525%2C300 1.5x, https:\/\/i0.wp.com\/radioecoutefm.com\/wp-content\/uploads\/2025\/04\/JUSTICE.jpg?fit=1200%2C900&ssl=1&resize=700%2C400 2x, https:\/\/i0.wp.com\/radioecoutefm.com\/wp-content\/uploads\/2025\/04\/JUSTICE.jpg?fit=1200%2C900&ssl=1&resize=1050%2C600 3x"},"classes":[]},{"id":6177,"url":"https:\/\/radioecoutefm.com\/index.php\/2025\/10\/22\/des-artistes-haitiens-honores-a-paris-par-la-societe-academique-arts-sciences-lettres\/","url_meta":{"origin":3815,"position":5},"title":"Des artistes ha\u00eftiens honor\u00e9s \u00e0 Paris par la Soci\u00e9t\u00e9 acad\u00e9mique Arts-Sciences-Lettres","author":"Ecoute FM","date":"22.10.2025","format":false,"excerpt":"La culture ha\u00eftienne a brill\u00e9 de mille feux \u00e0 Paris lors de la c\u00e9r\u00e9monie annuelle de la Soci\u00e9t\u00e9 acad\u00e9mique Arts-Sciences-Lettres, o\u00f9 plusieurs artistes ha\u00eftiens ont \u00e9t\u00e9 r\u00e9compens\u00e9s pour leur talent et leur contribution \u00e0 la promotion des arts. Ces distinctions, d\u00e9cern\u00e9es \u00e0 l\u2019h\u00f4tel Intercontinental devant plus de 800 invit\u00e9s, viennent\u2026","rel":"","context":"In &quot;CULTURE&quot;","block_context":{"text":"CULTURE","link":"https:\/\/radioecoutefm.com\/index.php\/category\/culture\/"},"img":{"alt_text":"","src":"https:\/\/i0.wp.com\/radioecoutefm.com\/wp-content\/uploads\/2025\/10\/B0E7F1CE-C88B-4698-B426-81D4669C4D1B.jpeg?fit=550%2C600&ssl=1&resize=350%2C200","width":350,"height":200,"srcset":"https:\/\/i0.wp.com\/radioecoutefm.com\/wp-content\/uploads\/2025\/10\/B0E7F1CE-C88B-4698-B426-81D4669C4D1B.jpeg?fit=550%2C600&ssl=1&resize=350%2C200 1x, https:\/\/i0.wp.com\/radioecoutefm.com\/wp-content\/uploads\/2025\/10\/B0E7F1CE-C88B-4698-B426-81D4669C4D1B.jpeg?fit=550%2C600&ssl=1&resize=525%2C300 1.5x"},"classes":[]}],"authors":[{"term_id":15,"user_id":1,"is_guest":0,"slug":"borgellaattis","display_name":"Ecoute FM","avatar_url":"https:\/\/secure.gravatar.com\/avatar\/a5369629745bf29c5deb65198d5e38aed1dc2c880c04b3b630ab3f6e8c623b70?s=96&d=mm&r=g","0":null,"1":"","2":"","3":"","4":"","5":"","6":"","7":"","8":""}],"_links":{"self":[{"href":"https:\/\/radioecoutefm.com\/index.php\/wp-json\/wp\/v2\/posts\/3815","targetHints":{"allow":["GET"]}}],"collection":[{"href":"https:\/\/radioecoutefm.com\/index.php\/wp-json\/wp\/v2\/posts"}],"about":[{"href":"https:\/\/radioecoutefm.com\/index.php\/wp-json\/wp\/v2\/types\/post"}],"author":[{"embeddable":true,"href":"https:\/\/radioecoutefm.com\/index.php\/wp-json\/wp\/v2\/users\/1"}],"replies":[{"embeddable":true,"href":"https:\/\/radioecoutefm.com\/index.php\/wp-json\/wp\/v2\/comments?post=3815"}],"version-history":[{"count":1,"href":"https:\/\/radioecoutefm.com\/index.php\/wp-json\/wp\/v2\/posts\/3815\/revisions"}],"predecessor-version":[{"id":3820,"href":"https:\/\/radioecoutefm.com\/index.php\/wp-json\/wp\/v2\/posts\/3815\/revisions\/3820"}],"wp:featuredmedia":[{"embeddable":true,"href":"https:\/\/radioecoutefm.com\/index.php\/wp-json\/wp\/v2\/media\/3816"}],"wp:attachment":[{"href":"https:\/\/radioecoutefm.com\/index.php\/wp-json\/wp\/v2\/media?parent=3815"}],"wp:term":[{"taxonomy":"category","embeddable":true,"href":"https:\/\/radioecoutefm.com\/index.php\/wp-json\/wp\/v2\/categories?post=3815"},{"taxonomy":"post_tag","embeddable":true,"href":"https:\/\/radioecoutefm.com\/index.php\/wp-json\/wp\/v2\/tags?post=3815"},{"taxonomy":"author","embeddable":true,"href":"https:\/\/radioecoutefm.com\/index.php\/wp-json\/wp\/v2\/ppma_author?post=3815"}],"curies":[{"name":"wp","href":"https:\/\/api.w.org\/{rel}","templated":true}]}}