{"id":3749,"date":"2025-05-03T18:21:52","date_gmt":"2025-05-03T18:21:52","guid":{"rendered":"https:\/\/radioecoutefm.com\/?p=3749"},"modified":"2025-05-03T22:06:07","modified_gmt":"2025-05-03T22:06:07","slug":"liberte-de-la-presse-joseph-jean-daniel-victime-de-son-metier-journalistique-temoigne-en-ce-3-mai","status":"publish","type":"post","link":"https:\/\/radioecoutefm.com\/index.php\/2025\/05\/03\/liberte-de-la-presse-joseph-jean-daniel-victime-de-son-metier-journalistique-temoigne-en-ce-3-mai\/","title":{"rendered":"Libert\u00e9 de la presse : Joseph Jean Daniel, Victime de son m\u00e9tier journalistique t\u00e9moigne en ce 3 mai"},"content":{"rendered":"<p class=\"\" data-start=\"289\" data-end=\"607\">En ce 3 mai, \u00e0 l\u2019occasion de la Journ\u00e9e mondiale de la libert\u00e9 de la presse, une voix longtemps r\u00e9duite au silence par la peur et la violence s\u2019\u00e9l\u00e8ve \u00e0 nouveau. Celle de Jean Daniel Joseph, connu du public sous le nom de Waka Waka, ancien journaliste \u00e0 Radio T\u00e9l\u00e9 Zenith et Radio T\u00e9l\u00e9 Megastar.<\/p>\n<p class=\"\" data-start=\"609\" data-end=\"749\">Son histoire, longtemps gard\u00e9e dans l\u2019ombre, t\u00e9moigne du prix que certains journalistes paient pour avoir simplement exerc\u00e9 leur m\u00e9tier.<\/p>\n<p class=\"\" data-start=\"751\" data-end=\"1086\">Dans la nuit du 15 au 16 juillet 2020, Waka Waka a v\u00e9cu l\u2019impensable. Chez lui, \u00e0 Croix-des-Bouquets, cinq hommes arm\u00e9s ont fait irruption. Ils ont ouvert le feu dans le quartier, semant la panique, puis ont bris\u00e9 la porte de sa maison pour p\u00e9n\u00e9trer \u00e0 l\u2019int\u00e9rieur. Ce qui suivra est une s\u00e9quence de brutalit\u00e9 et de terreur.<\/p>\n<p class=\"\" data-start=\"1088\" data-end=\"1471\"><em>\u00ab Ils ont tir\u00e9 sur mon chien, ont saccag\u00e9 la maison, puis ils se sont tourn\u00e9s vers nous \u00bb<\/em>, se rappelle-t-il. Lui, sa femme et leur enfant seront pass\u00e9s \u00e0 tabac, humili\u00e9s, et menac\u00e9s de mort. La raison ? Ses prises de position \u00e0 la radio. <em>\u00ab Ils m\u2019ont dit d\u2019arr\u00eater de parler du gouvernement, d\u2019arr\u00eater de dire la v\u00e9rit\u00e9 au peuple. Sinon, ce serait la fin pour moi et ma famille. \u00bb<\/em><\/p>\n<p class=\"\" data-start=\"1473\" data-end=\"1764\">Son mat\u00e9riel professionnel vol\u00e9, la boutique de son \u00e9pouse incendi\u00e9e, son int\u00e9grit\u00e9 physique et morale d\u00e9truite, Jean Daniel Joseph n\u2019a eu d\u2019autre choix que la fuite. Il a abandonn\u00e9 sa carri\u00e8re de journaliste et s\u2019est exil\u00e9 pour \u00e9chapper \u00e0 ce qui ressemblait \u00e0 une ex\u00e9cution programm\u00e9e.<\/p>\n<p class=\"\" data-start=\"1766\" data-end=\"1994\">Aujourd\u2019hui, en cette journ\u00e9e cens\u00e9e c\u00e9l\u00e9brer la libert\u00e9 de la presse, son t\u00e9moignage fait froid dans le dos. Il rappelle que dans de nombreux pays, dont Ha\u00efti, informer est un acte de courage, parfois pay\u00e9 au prix fort.<\/p>\n<p class=\"\" data-start=\"1996\" data-end=\"2139\"><em>\u00ab Je parle aujourd\u2019hui parce que le silence nourrit l\u2019impunit\u00e9. D\u2019autres vivent la m\u00eame chose que moi et n\u2019osent pas en parler \u00bb<\/em>, affirme-t-il.<\/p>\n<p class=\"\" data-start=\"2141\" data-end=\"2408\">Le cas de Waka Waka n\u2019est pas isol\u00e9. Il s\u2019ajoute \u00e0 la longue liste des journalistes menac\u00e9s, exil\u00e9s, agress\u00e9s ou assassin\u00e9s en Ha\u00efti, un pays o\u00f9 les m\u00e9dias ind\u00e9pendants sont constamment sous pression, entre violences politiques, criminalit\u00e9 et absence de justice.<\/p>\n<p class=\"\" data-start=\"2410\" data-end=\"2606\">En ce 3 mai, la communaut\u00e9 internationale est appel\u00e9e \u00e0 ne pas d\u00e9tourner le regard. Car prot\u00e9ger les journalistes, c\u2019est prot\u00e9ger la v\u00e9rit\u00e9. Et sans v\u00e9rit\u00e9, il n\u2019y a ni justice, ni d\u00e9mocratie.<\/p>\n","protected":false},"excerpt":{"rendered":"<p>En ce 3 mai, \u00e0 l\u2019occasion de la Journ\u00e9e mondiale de la libert\u00e9 de la presse, une voix longtemps r\u00e9duite au silence par la peur et la violence s\u2019\u00e9l\u00e8ve \u00e0 nouveau. Celle de Jean Daniel Joseph, connu du public sous le nom de Waka Waka, ancien journaliste \u00e0 Radio T\u00e9l\u00e9 Zenith et Radio T\u00e9l\u00e9 Megastar. [&hellip;]<\/p>\n","protected":false},"author":1,"featured_media":3746,"comment_status":"open","ping_status":"open","sticky":false,"template":"","format":"standard","meta":{"_uag_custom_page_level_css":"","jetpack_post_was_ever_published":false,"_jetpack_newsletter_access":"","_jetpack_dont_email_post_to_subs":false,"_jetpack_newsletter_tier_id":0,"_jetpack_memberships_contains_paywalled_content":false,"_jetpack_memberships_contains_paid_content":false,"footnotes":"","jetpack_publicize_message":"","jetpack_publicize_feature_enabled":true,"jetpack_social_post_already_shared":true,"jetpack_social_options":{"image_generator_settings":{"template":"highway","default_image_id":0,"font":"","enabled":false},"version":2}},"categories":[66],"tags":[],"ppma_author":[15],"class_list":["post-3749","post","type-post","status-publish","format-standard","has-post-thumbnail","hentry","category-media"],"aioseo_notices":[],"jetpack_publicize_connections":[],"jetpack_featured_media_url":"https:\/\/i0.wp.com\/radioecoutefm.com\/wp-content\/uploads\/2024\/12\/waka3.jpeg?fit=509%2C508&ssl=1","uagb_featured_image_src":{"full":["https:\/\/i0.wp.com\/radioecoutefm.com\/wp-content\/uploads\/2024\/12\/waka3.jpeg?fit=509%2C508&ssl=1",509,508,false],"thumbnail":["https:\/\/i0.wp.com\/radioecoutefm.com\/wp-content\/uploads\/2024\/12\/waka3.jpeg?resize=150%2C150&ssl=1",150,150,true],"medium":["https:\/\/i0.wp.com\/radioecoutefm.com\/wp-content\/uploads\/2024\/12\/waka3.jpeg?fit=300%2C300&ssl=1",300,300,true],"medium_large":["https:\/\/i0.wp.com\/radioecoutefm.com\/wp-content\/uploads\/2024\/12\/waka3.jpeg?fit=509%2C508&ssl=1",509,508,true],"large":["https:\/\/i0.wp.com\/radioecoutefm.com\/wp-content\/uploads\/2024\/12\/waka3.jpeg?fit=509%2C508&ssl=1",509,508,true],"1536x1536":["https:\/\/i0.wp.com\/radioecoutefm.com\/wp-content\/uploads\/2024\/12\/waka3.jpeg?fit=509%2C508&ssl=1",509,508,true],"2048x2048":["https:\/\/i0.wp.com\/radioecoutefm.com\/wp-content\/uploads\/2024\/12\/waka3.jpeg?fit=509%2C508&ssl=1",509,508,true],"newsair-slider-full":["https:\/\/i0.wp.com\/radioecoutefm.com\/wp-content\/uploads\/2024\/12\/waka3.jpeg?resize=509%2C508&ssl=1",509,508,true],"newsair-featured":["https:\/\/i0.wp.com\/radioecoutefm.com\/wp-content\/uploads\/2024\/12\/waka3.jpeg?fit=509%2C508&ssl=1",509,508,true],"newsair-medium":["https:\/\/i0.wp.com\/radioecoutefm.com\/wp-content\/uploads\/2024\/12\/waka3.jpeg?resize=509%2C380&ssl=1",509,380,true]},"uagb_author_info":{"display_name":"Ecoute FM","author_link":"https:\/\/radioecoutefm.com\/index.php\/author\/borgellaattis\/"},"uagb_comment_info":0,"uagb_excerpt":"En ce 3 mai, \u00e0 l\u2019occasion de la Journ\u00e9e mondiale de la libert\u00e9 de la presse, une voix longtemps r\u00e9duite au silence par la peur et la violence s\u2019\u00e9l\u00e8ve \u00e0 nouveau. Celle de Jean Daniel Joseph, connu du public sous le nom de Waka Waka, ancien journaliste \u00e0 Radio T\u00e9l\u00e9 Zenith et Radio T\u00e9l\u00e9 Megastar.&hellip;","jetpack_sharing_enabled":true,"jetpack_shortlink":"https:\/\/wp.me\/pgoyna-Yt","jetpack-related-posts":[{"id":108,"url":"https:\/\/radioecoutefm.com\/index.php\/2024\/12\/28\/attaque-armee-a-croix-des-bouquets-joseph-jean-daniel-waka-waka-temoigne-de-lhorreur-vecue-a-son-domicile\/","url_meta":{"origin":3749,"position":0},"title":"Attaque arm\u00e9e \u00e0 Croix-des-Bouquets : Joseph Jean Daniel ( Waka Waka) t\u00e9moigne de l\u2019horreur v\u00e9cue \u00e0 son domicile","author":"Ecoute FM","date":"28.12.2024","format":false,"excerpt":"Une sc\u00e8ne tragique s\u2019est d\u00e9roul\u00e9e \u00e0 Croix-des-Bouquets, dans la soir\u00e9e du 15 au 16 juillet 2020, Jean Daniel Joseph, ex-journaliste de Radio T\u00e9l\u00e9 Zenith et Radio T\u00e9l\u00e9 Megastar, a \u00e9t\u00e9 violemment pris pour cible lors d\u2019une attaque arm\u00e9e \u00e0 son domicile. L\u2019incident s\u2019est produit \u00e0 l\u2019adresse Rue Dolney #22 Bis,\u2026","rel":"","context":"In &quot;INSECURITE&quot;","block_context":{"text":"INSECURITE","link":"https:\/\/radioecoutefm.com\/index.php\/category\/securite\/"},"img":{"alt_text":"","src":"https:\/\/i0.wp.com\/radioecoutefm.com\/wp-content\/uploads\/2024\/12\/waka1.jpeg?fit=680%2C443&ssl=1&resize=350%2C200","width":350,"height":200,"srcset":"https:\/\/i0.wp.com\/radioecoutefm.com\/wp-content\/uploads\/2024\/12\/waka1.jpeg?fit=680%2C443&ssl=1&resize=350%2C200 1x, https:\/\/i0.wp.com\/radioecoutefm.com\/wp-content\/uploads\/2024\/12\/waka1.jpeg?fit=680%2C443&ssl=1&resize=525%2C300 1.5x"},"classes":[]},{"id":2849,"url":"https:\/\/radioecoutefm.com\/index.php\/2025\/04\/15\/haiti-liberte-de-la-presse-menacee-la-station-storm-tv-incendiee-par-des-membres-de-la-coalition-viv-ansanm\/","url_meta":{"origin":3749,"position":1},"title":"Ha\u00efti \u2013 Libert\u00e9 de la presse menac\u00e9e : la station Storm TV incendi\u00e9e par des membres de la coalition Viv Ansanm","author":"Ecoute FM","date":"15.04.2025","format":false,"excerpt":"La libert\u00e9 de la presse en Ha\u00efti continue d\u2019\u00eatre lourdement mise \u00e0 mal. Dans une courte vid\u00e9o diffus\u00e9e sur les r\u00e9seaux sociaux ce lundi 14 avril 2025, des membres identifi\u00e9s comme appartenant \u00e0 la coalition arm\u00e9e Viv Ansanm ont \u00e9t\u00e9 film\u00e9s en train de mettre le feu \u00e0 la station\u2026","rel":"","context":"In &quot;INSECURITE&quot;","block_context":{"text":"INSECURITE","link":"https:\/\/radioecoutefm.com\/index.php\/category\/securite\/"},"img":{"alt_text":"","src":"https:\/\/i0.wp.com\/radioecoutefm.com\/wp-content\/uploads\/2025\/04\/IMG_1679.webp?fit=600%2C233&ssl=1&resize=350%2C200","width":350,"height":200,"srcset":"https:\/\/i0.wp.com\/radioecoutefm.com\/wp-content\/uploads\/2025\/04\/IMG_1679.webp?fit=600%2C233&ssl=1&resize=350%2C200 1x, https:\/\/i0.wp.com\/radioecoutefm.com\/wp-content\/uploads\/2025\/04\/IMG_1679.webp?fit=600%2C233&ssl=1&resize=525%2C300 1.5x"},"classes":[]},{"id":1682,"url":"https:\/\/radioecoutefm.com\/index.php\/2025\/03\/16\/radio-tele-pluriel-incendiee-les-gangs-poursuivent-leurs-attaques-contre-la-presse-haitienne\/","url_meta":{"origin":3749,"position":2},"title":"Radio T\u00e9l\u00e9 Pluriel incendi\u00e9e : les gangs poursuivent leurs attaques contre la presse ha\u00eftienne","author":"Ecoute FM","date":"16.03.2025","format":false,"excerpt":"Les gangs arm\u00e9s continuent de semer la terreur en Ha\u00efti, s\u2019attaquant une fois de plus \u00e0 un m\u00e9dia local. Dans la nuit du samedi 15 au dimanche 16 mars 2025, les locaux de T\u00e9l\u00e9 Pluriel, situ\u00e9s \u00e0 l\u2019angle des rues Delmas 19 et d\u2019Ain\u00e9, ont \u00e9t\u00e9 pris pour cible. Des\u2026","rel":"","context":"In &quot;INSECURITE&quot;","block_context":{"text":"INSECURITE","link":"https:\/\/radioecoutefm.com\/index.php\/category\/securite\/"},"img":{"alt_text":"","src":"https:\/\/i0.wp.com\/radioecoutefm.com\/wp-content\/uploads\/2025\/03\/IMG_1399.webp?fit=474%2C500&ssl=1&resize=350%2C200","width":350,"height":200},"classes":[]},{"id":1688,"url":"https:\/\/radioecoutefm.com\/index.php\/2025\/03\/17\/haiti-insecurite-trois-medias-incendies-en-moins-dune-semaine-linquietante-montee-de-linsecurite-en-haiti-et-linaction-des-autorites\/","url_meta":{"origin":3749,"position":3},"title":"Haiti ins\u00e9curit\u00e9: Trois M\u00e9dias Incendi\u00e9s en moins d&#8217;une semaine, l&#8217;inqui\u00e9tante Mont\u00e9e de l&#8217;Ins\u00e9curit\u00e9 en Ha\u00efti et l&#8217;Inaction des Autorit\u00e9s","author":"Ecoute FM","date":"17.03.2025","format":false,"excerpt":"En moins d\u2019une semaine, trois stations de media ha\u00eftiennes ont \u00e9t\u00e9 cibl\u00e9es par des incendies criminels, une s\u00e9rie d'attaques violentes qui r\u00e9v\u00e8lent une escalade dramatique de l'ins\u00e9curit\u00e9 dans le pays. Ces incendies, attribu\u00e9s au groupe criminel Viv Ansanm, ont non seulement caus\u00e9 des destructions mat\u00e9rielles consid\u00e9rables, mais ont aussi jet\u00e9\u2026","rel":"","context":"In &quot;INSECURITE&quot;","block_context":{"text":"INSECURITE","link":"https:\/\/radioecoutefm.com\/index.php\/category\/securite\/"},"img":{"alt_text":"","src":"https:\/\/i0.wp.com\/radioecoutefm.com\/wp-content\/uploads\/2025\/03\/Liberte-de-la-presse.png?fit=1125%2C528&ssl=1&resize=350%2C200","width":350,"height":200,"srcset":"https:\/\/i0.wp.com\/radioecoutefm.com\/wp-content\/uploads\/2025\/03\/Liberte-de-la-presse.png?fit=1125%2C528&ssl=1&resize=350%2C200 1x, https:\/\/i0.wp.com\/radioecoutefm.com\/wp-content\/uploads\/2025\/03\/Liberte-de-la-presse.png?fit=1125%2C528&ssl=1&resize=525%2C300 1.5x, https:\/\/i0.wp.com\/radioecoutefm.com\/wp-content\/uploads\/2025\/03\/Liberte-de-la-presse.png?fit=1125%2C528&ssl=1&resize=700%2C400 2x, https:\/\/i0.wp.com\/radioecoutefm.com\/wp-content\/uploads\/2025\/03\/Liberte-de-la-presse.png?fit=1125%2C528&ssl=1&resize=1050%2C600 3x"},"classes":[]},{"id":6302,"url":"https:\/\/radioecoutefm.com\/index.php\/2026\/03\/18\/inquietude-grandissante-apres-le-rapt-de-deux-journalistes-a-port-au-prince\/","url_meta":{"origin":3749,"position":4},"title":"Inqui\u00e9tude grandissante apr\u00e8s le rapt de deux journalistes \u00e0 Port-au-Prince","author":"Ecoute FM","date":"18.03.2026","format":false,"excerpt":"L\u2019\u00e9motion et la col\u00e8re \u00e9taient vives ce lundi lors d\u2019une conf\u00e9rence de presse conjointe organis\u00e9e par la Radio-T\u00e9l\u00e9 Uni et la Radio-T\u00e9l\u00e9 Megastar, aux c\u00f4t\u00e9s des familles des journalistes Osnel Esp\u00e9rance et Junior C\u00e9lestin. Les proches et confr\u00e8res des victimes ont exprim\u00e9 leur profonde inqui\u00e9tude apr\u00e8s l\u2019enl\u00e8vement des deux professionnels\u2026","rel":"","context":"In &quot;MEDIA&quot;","block_context":{"text":"MEDIA","link":"https:\/\/radioecoutefm.com\/index.php\/category\/media\/"},"img":{"alt_text":"","src":"https:\/\/i0.wp.com\/radioecoutefm.com\/wp-content\/uploads\/2026\/03\/2-journalistes.jpeg?fit=720%2C424&ssl=1&resize=350%2C200","width":350,"height":200,"srcset":"https:\/\/i0.wp.com\/radioecoutefm.com\/wp-content\/uploads\/2026\/03\/2-journalistes.jpeg?fit=720%2C424&ssl=1&resize=350%2C200 1x, https:\/\/i0.wp.com\/radioecoutefm.com\/wp-content\/uploads\/2026\/03\/2-journalistes.jpeg?fit=720%2C424&ssl=1&resize=525%2C300 1.5x, https:\/\/i0.wp.com\/radioecoutefm.com\/wp-content\/uploads\/2026\/03\/2-journalistes.jpeg?fit=720%2C424&ssl=1&resize=700%2C400 2x"},"classes":[]},{"id":1835,"url":"https:\/\/radioecoutefm.com\/index.php\/2025\/03\/19\/incendie-criminel-contre-rtvc-artur-romeu-de-reporters-sans-frontieres-denonce-une-nouvelle-attaque-contre-la-presse-haitienne\/","url_meta":{"origin":3749,"position":5},"title":"Ha\u00efti : Artur Romeu de Reporters Sans Fronti\u00e8res condamne l&#8217;incendie de RTVC, un nouveau coup port\u00e9 \u00e0 la libert\u00e9 de la presse","author":"Ecoute FM","date":"19.03.2025","format":false,"excerpt":"Un incendie criminel a ravag\u00e9 les locaux de la Radio T\u00e9l\u00e9vision Cara\u00efbes (RTVC), un des principaux m\u00e9dias ha\u00eftiens. Cette attaque a provoqu\u00e9 une onde de choc dans le pays, ravivant les inqui\u00e9tudes concernant la libert\u00e9 de la presse en Ha\u00efti, d\u00e9j\u00e0 s\u00e9rieusement menac\u00e9e par la violence des gangs arm\u00e9s. Artur\u2026","rel":"","context":"In &quot;INSECURITE&quot;","block_context":{"text":"INSECURITE","link":"https:\/\/radioecoutefm.com\/index.php\/category\/securite\/"},"img":{"alt_text":"","src":"https:\/\/i0.wp.com\/radioecoutefm.com\/wp-content\/uploads\/2025\/03\/RSF.jpg?fit=820%2C360&ssl=1&resize=350%2C200","width":350,"height":200,"srcset":"https:\/\/i0.wp.com\/radioecoutefm.com\/wp-content\/uploads\/2025\/03\/RSF.jpg?fit=820%2C360&ssl=1&resize=350%2C200 1x, https:\/\/i0.wp.com\/radioecoutefm.com\/wp-content\/uploads\/2025\/03\/RSF.jpg?fit=820%2C360&ssl=1&resize=525%2C300 1.5x, https:\/\/i0.wp.com\/radioecoutefm.com\/wp-content\/uploads\/2025\/03\/RSF.jpg?fit=820%2C360&ssl=1&resize=700%2C400 2x"},"classes":[]}],"authors":[{"term_id":15,"user_id":1,"is_guest":0,"slug":"borgellaattis","display_name":"Ecoute FM","avatar_url":"https:\/\/secure.gravatar.com\/avatar\/a5369629745bf29c5deb65198d5e38aed1dc2c880c04b3b630ab3f6e8c623b70?s=96&d=mm&r=g","0":null,"1":"","2":"","3":"","4":"","5":"","6":"","7":"","8":""}],"_links":{"self":[{"href":"https:\/\/radioecoutefm.com\/index.php\/wp-json\/wp\/v2\/posts\/3749","targetHints":{"allow":["GET"]}}],"collection":[{"href":"https:\/\/radioecoutefm.com\/index.php\/wp-json\/wp\/v2\/posts"}],"about":[{"href":"https:\/\/radioecoutefm.com\/index.php\/wp-json\/wp\/v2\/types\/post"}],"author":[{"embeddable":true,"href":"https:\/\/radioecoutefm.com\/index.php\/wp-json\/wp\/v2\/users\/1"}],"replies":[{"embeddable":true,"href":"https:\/\/radioecoutefm.com\/index.php\/wp-json\/wp\/v2\/comments?post=3749"}],"version-history":[{"count":4,"href":"https:\/\/radioecoutefm.com\/index.php\/wp-json\/wp\/v2\/posts\/3749\/revisions"}],"predecessor-version":[{"id":3760,"href":"https:\/\/radioecoutefm.com\/index.php\/wp-json\/wp\/v2\/posts\/3749\/revisions\/3760"}],"wp:featuredmedia":[{"embeddable":true,"href":"https:\/\/radioecoutefm.com\/index.php\/wp-json\/wp\/v2\/media\/3746"}],"wp:attachment":[{"href":"https:\/\/radioecoutefm.com\/index.php\/wp-json\/wp\/v2\/media?parent=3749"}],"wp:term":[{"taxonomy":"category","embeddable":true,"href":"https:\/\/radioecoutefm.com\/index.php\/wp-json\/wp\/v2\/categories?post=3749"},{"taxonomy":"post_tag","embeddable":true,"href":"https:\/\/radioecoutefm.com\/index.php\/wp-json\/wp\/v2\/tags?post=3749"},{"taxonomy":"author","embeddable":true,"href":"https:\/\/radioecoutefm.com\/index.php\/wp-json\/wp\/v2\/ppma_author?post=3749"}],"curies":[{"name":"wp","href":"https:\/\/api.w.org\/{rel}","templated":true}]}}