{"id":3632,"date":"2025-04-30T20:09:16","date_gmt":"2025-04-30T20:09:16","guid":{"rendered":"https:\/\/radioecoutefm.com\/?p=3632"},"modified":"2025-04-30T20:09:16","modified_gmt":"2025-04-30T20:09:16","slug":"citibank-menace-de-fermer-les-comptes-de-certaines-missions-diplomatiques-haitiennes-aux-etats-unis","status":"publish","type":"post","link":"https:\/\/radioecoutefm.com\/index.php\/2025\/04\/30\/citibank-menace-de-fermer-les-comptes-de-certaines-missions-diplomatiques-haitiennes-aux-etats-unis\/","title":{"rendered":"Citibank menace de fermer les comptes de certaines missions diplomatiques ha\u00eftiennes aux \u00c9tats-Unis"},"content":{"rendered":"<p>Le Minist\u00e8re des Affaires \u00c9trang\u00e8res et des Cultes (MAEC) d\u2019Ha\u00efti a confirm\u00e9 que certaines missions diplomatiques et consulaires ha\u00eftiennes \u00e9tablies aux \u00c9tats-Unis ont re\u00e7u un pr\u00e9avis de la banque Citibank annon\u00e7ant la fermeture \u00e9ventuelle de leurs comptes bancaires dans un d\u00e9lai de 60 jours.<\/p>\n<p>Dans une note officielle publi\u00e9e ce mercredi , le MAEC a tenu \u00e0 clarifier la nature de cette d\u00e9marche bancaire, pr\u00e9cisant que cette d\u00e9cision n\u2019est aucunement li\u00e9e \u00e0 la gestion financi\u00e8re des repr\u00e9sentations ha\u00eftiennes. Selon le minist\u00e8re, il s\u2019agit plut\u00f4t de nouvelles politiques internes mises en \u0153uvre par Citibank concernant la gestion des comptes des missions diplomatiques sur le territoire am\u00e9ricain.<\/p>\n<p>Le ministre des Affaires \u00e9trang\u00e8res a indiqu\u00e9 avoir d\u00e9j\u00e0 charg\u00e9 l\u2019ambassadeur d\u2019Ha\u00efti \u00e0 Washington de rencontrer les autorit\u00e9s de Citibank afin de discuter des implications de ces nouvelles mesures et d\u2019explorer les solutions possibles.<\/p>\n<p>Le MAEC n\u2019a pas pr\u00e9cis\u00e9 quelles missions sont directement concern\u00e9es, mais assure que des efforts sont en cours pour pr\u00e9server le bon fonctionnement des services diplomatiques et consulaires ha\u00eftiens aux \u00c9tats-Unis.<\/p>\n","protected":false},"excerpt":{"rendered":"<p>Le Minist\u00e8re des Affaires \u00c9trang\u00e8res et des Cultes (MAEC) d\u2019Ha\u00efti a confirm\u00e9 que certaines missions diplomatiques et consulaires ha\u00eftiennes \u00e9tablies aux \u00c9tats-Unis ont re\u00e7u un pr\u00e9avis de la banque Citibank annon\u00e7ant la fermeture \u00e9ventuelle de leurs comptes bancaires dans un d\u00e9lai de 60 jours. Dans une note officielle publi\u00e9e ce mercredi , le MAEC a [&hellip;]<\/p>\n","protected":false},"author":1,"featured_media":3633,"comment_status":"open","ping_status":"open","sticky":false,"template":"","format":"standard","meta":{"_uag_custom_page_level_css":"","jetpack_post_was_ever_published":false,"_jetpack_newsletter_access":"","_jetpack_dont_email_post_to_subs":false,"_jetpack_newsletter_tier_id":0,"_jetpack_memberships_contains_paywalled_content":false,"_jetpack_memberships_contains_paid_content":false,"footnotes":"","jetpack_publicize_message":"","jetpack_publicize_feature_enabled":true,"jetpack_social_post_already_shared":true,"jetpack_social_options":{"image_generator_settings":{"template":"highway","default_image_id":0,"font":"","enabled":false},"version":2}},"categories":[52],"tags":[],"ppma_author":[15],"class_list":["post-3632","post","type-post","status-publish","format-standard","has-post-thumbnail","hentry","category-economie"],"aioseo_notices":[],"jetpack_publicize_connections":[],"jetpack_featured_media_url":"https:\/\/i0.wp.com\/radioecoutefm.com\/wp-content\/uploads\/2025\/04\/IMG_1868.jpeg?fit=1920%2C700&ssl=1","uagb_featured_image_src":{"full":["https:\/\/i0.wp.com\/radioecoutefm.com\/wp-content\/uploads\/2025\/04\/IMG_1868.jpeg?fit=1920%2C700&ssl=1",1920,700,false],"thumbnail":["https:\/\/i0.wp.com\/radioecoutefm.com\/wp-content\/uploads\/2025\/04\/IMG_1868.jpeg?resize=150%2C150&ssl=1",150,150,true],"medium":["https:\/\/i0.wp.com\/radioecoutefm.com\/wp-content\/uploads\/2025\/04\/IMG_1868.jpeg?fit=300%2C109&ssl=1",300,109,true],"medium_large":["https:\/\/i0.wp.com\/radioecoutefm.com\/wp-content\/uploads\/2025\/04\/IMG_1868.jpeg?fit=640%2C233&ssl=1",640,233,true],"large":["https:\/\/i0.wp.com\/radioecoutefm.com\/wp-content\/uploads\/2025\/04\/IMG_1868.jpeg?fit=640%2C233&ssl=1",640,233,true],"1536x1536":["https:\/\/i0.wp.com\/radioecoutefm.com\/wp-content\/uploads\/2025\/04\/IMG_1868.jpeg?fit=1536%2C560&ssl=1",1536,560,true],"2048x2048":["https:\/\/i0.wp.com\/radioecoutefm.com\/wp-content\/uploads\/2025\/04\/IMG_1868.jpeg?fit=1920%2C700&ssl=1",1920,700,true],"newsair-slider-full":["https:\/\/i0.wp.com\/radioecoutefm.com\/wp-content\/uploads\/2025\/04\/IMG_1868.jpeg?resize=1280%2C700&ssl=1",1280,700,true],"newsair-featured":["https:\/\/i0.wp.com\/radioecoutefm.com\/wp-content\/uploads\/2025\/04\/IMG_1868.jpeg?fit=1024%2C373&ssl=1",1024,373,true],"newsair-medium":["https:\/\/i0.wp.com\/radioecoutefm.com\/wp-content\/uploads\/2025\/04\/IMG_1868.jpeg?resize=720%2C380&ssl=1",720,380,true]},"uagb_author_info":{"display_name":"Ecoute FM","author_link":"https:\/\/radioecoutefm.com\/index.php\/author\/borgellaattis\/"},"uagb_comment_info":0,"uagb_excerpt":"Le Minist\u00e8re des Affaires \u00c9trang\u00e8res et des Cultes (MAEC) d\u2019Ha\u00efti a confirm\u00e9 que certaines missions diplomatiques et consulaires ha\u00eftiennes \u00e9tablies aux \u00c9tats-Unis ont re\u00e7u un pr\u00e9avis de la banque Citibank annon\u00e7ant la fermeture \u00e9ventuelle de leurs comptes bancaires dans un d\u00e9lai de 60 jours. Dans une note officielle publi\u00e9e ce mercredi , le MAEC a&hellip;","jetpack_sharing_enabled":true,"jetpack_shortlink":"https:\/\/wp.me\/pgoyna-WA","jetpack-related-posts":[{"id":6140,"url":"https:\/\/radioecoutefm.com\/index.php\/2025\/10\/14\/baisse-du-prix-du-passeport-pour-les-haitiens-de-la-diaspora\/","url_meta":{"origin":3632,"position":0},"title":"Baisse du prix du passeport pour les Ha\u00eftiens de la diaspora","author":"Ecoute FM","date":"14.10.2025","format":false,"excerpt":"Le minist\u00e8re des Affaires \u00e9trang\u00e8res et des Cultes (MAEC) a annonc\u00e9 une r\u00e9duction significative du co\u00fbt du passeport ha\u00eftien, dans le but de faciliter l\u2019acc\u00e8s \u00e0 ce document essentiel pour les citoyens. Selon la nouvelle grille tarifaire, le prix pour un adulte de plus de 18 ans passe de 170\u2026","rel":"","context":"In &quot;SOCIETE&quot;","block_context":{"text":"SOCIETE","link":"https:\/\/radioecoutefm.com\/index.php\/category\/societe\/"},"img":{"alt_text":"","src":"https:\/\/i0.wp.com\/radioecoutefm.com\/wp-content\/uploads\/2025\/10\/52084C4E-7666-4D7E-89C1-9A7BF17AAA42.jpeg?fit=720%2C827&ssl=1&resize=350%2C200","width":350,"height":200,"srcset":"https:\/\/i0.wp.com\/radioecoutefm.com\/wp-content\/uploads\/2025\/10\/52084C4E-7666-4D7E-89C1-9A7BF17AAA42.jpeg?fit=720%2C827&ssl=1&resize=350%2C200 1x, https:\/\/i0.wp.com\/radioecoutefm.com\/wp-content\/uploads\/2025\/10\/52084C4E-7666-4D7E-89C1-9A7BF17AAA42.jpeg?fit=720%2C827&ssl=1&resize=525%2C300 1.5x, https:\/\/i0.wp.com\/radioecoutefm.com\/wp-content\/uploads\/2025\/10\/52084C4E-7666-4D7E-89C1-9A7BF17AAA42.jpeg?fit=720%2C827&ssl=1&resize=700%2C400 2x"},"classes":[]},{"id":5052,"url":"https:\/\/radioecoutefm.com\/index.php\/2025\/06\/11\/gel-des-comptes-de-plusieurs-personnalites-haitiennes-sanctionnees-par-lonu\/","url_meta":{"origin":3632,"position":1},"title":"Gel des comptes de plusieurs personnalit\u00e9s ha\u00eftiennes sanctionn\u00e9es par l\u2019ONU","author":"Ecoute FM","date":"11.06.2025","format":false,"excerpt":"Le Parquet de Port-au-Prince a annonc\u00e9, le mardi 10 juin 2025, le gel des comptes bancaires de plusieurs personnalit\u00e9s ha\u00eftiennes sanctionn\u00e9es par le Conseil de s\u00e9curit\u00e9 de l\u2019ONU. Ces individus principalement des anciens responsables \u00e9tatiques, hommes d\u2019affaires et autres figures influentes, sont accus\u00e9s de blanchiment d'argent, de financement de gangs\u2026","rel":"","context":"In &quot;ECONOMIE&quot;","block_context":{"text":"ECONOMIE","link":"https:\/\/radioecoutefm.com\/index.php\/category\/economie\/"},"img":{"alt_text":"","src":"https:\/\/i0.wp.com\/radioecoutefm.com\/wp-content\/uploads\/2025\/06\/F2BC95F0-AF64-4C18-81F4-B8661851C6A2.jpeg?fit=600%2C503&ssl=1&resize=350%2C200","width":350,"height":200,"srcset":"https:\/\/i0.wp.com\/radioecoutefm.com\/wp-content\/uploads\/2025\/06\/F2BC95F0-AF64-4C18-81F4-B8661851C6A2.jpeg?fit=600%2C503&ssl=1&resize=350%2C200 1x, https:\/\/i0.wp.com\/radioecoutefm.com\/wp-content\/uploads\/2025\/06\/F2BC95F0-AF64-4C18-81F4-B8661851C6A2.jpeg?fit=600%2C503&ssl=1&resize=525%2C300 1.5x"},"classes":[]},{"id":5196,"url":"https:\/\/radioecoutefm.com\/index.php\/2025\/06\/18\/lambassadeur-haitien-lionel-delatour-presente-ses-lettres-de-creance-au-president-trump\/","url_meta":{"origin":3632,"position":2},"title":"L&#8217;Ambassadeur ha\u00eftien Lionel Delatour pr\u00e9sente ses lettres de cr\u00e9ance au Pr\u00e9sident Trump","author":"Ecoute FM","date":"18.06.2025","format":false,"excerpt":"Une nouvelle page s'ouvre dans les relations diplomatiques entre Ha\u00efti et les \u00c9tats-Unis avec la pr\u00e9sentation officielle des lettres de cr\u00e9ance de l'Ambassadeur Extraordinaire et Pl\u00e9nipotentiaire de la R\u00e9publique d'Ha\u00efti, monsieur Lionel Delatour, au Pr\u00e9sident am\u00e9ricain Donald J. Trump. La c\u00e9r\u00e9monie protocolaire s'est d\u00e9roul\u00e9e, jeudi 11 juin 2025, \u00e0 la\u2026","rel":"","context":"In &quot;DIPLOMATIE&quot;","block_context":{"text":"DIPLOMATIE","link":"https:\/\/radioecoutefm.com\/index.php\/category\/diplomatie\/"},"img":{"alt_text":"","src":"https:\/\/i0.wp.com\/radioecoutefm.com\/wp-content\/uploads\/2025\/06\/WhatsApp-Image-2025-06-16-at-13.34.48.jpeg?fit=1200%2C800&ssl=1&resize=350%2C200","width":350,"height":200,"srcset":"https:\/\/i0.wp.com\/radioecoutefm.com\/wp-content\/uploads\/2025\/06\/WhatsApp-Image-2025-06-16-at-13.34.48.jpeg?fit=1200%2C800&ssl=1&resize=350%2C200 1x, https:\/\/i0.wp.com\/radioecoutefm.com\/wp-content\/uploads\/2025\/06\/WhatsApp-Image-2025-06-16-at-13.34.48.jpeg?fit=1200%2C800&ssl=1&resize=525%2C300 1.5x, https:\/\/i0.wp.com\/radioecoutefm.com\/wp-content\/uploads\/2025\/06\/WhatsApp-Image-2025-06-16-at-13.34.48.jpeg?fit=1200%2C800&ssl=1&resize=700%2C400 2x, https:\/\/i0.wp.com\/radioecoutefm.com\/wp-content\/uploads\/2025\/06\/WhatsApp-Image-2025-06-16-at-13.34.48.jpeg?fit=1200%2C800&ssl=1&resize=1050%2C600 3x"},"classes":[]},{"id":5652,"url":"https:\/\/radioecoutefm.com\/index.php\/2025\/07\/24\/washington-durcit-le-ton-les-diplomates-haitiens-desormais-prives-de-visa\/","url_meta":{"origin":3632,"position":3},"title":"Washington durcit le ton : les diplomates ha\u00eftiens d\u00e9sormais priv\u00e9s de visa","author":"Ecoute FM","date":"24.07.2025","format":false,"excerpt":"Dans une d\u00e9cision sans pr\u00e9c\u00e9dent, les autorit\u00e9s am\u00e9ricaines ont suspendu la d\u00e9livrance des visas B1\/B2 aux ressortissants ha\u00eftiens, y compris aux d\u00e9tenteurs de passeports diplomatiques et officiels. L'information a \u00e9t\u00e9 relay\u00e9e le 23 juillet 2025 par l\u2019Ambassade d\u2019Ha\u00efti en R\u00e9publique Dominicaine, qui a confirm\u00e9 que l\u2019Ambassade des \u00c9tats-Unis \u00e0 Santo\u2026","rel":"","context":"In &quot;MIGRATION&quot;","block_context":{"text":"MIGRATION","link":"https:\/\/radioecoutefm.com\/index.php\/category\/migration\/"},"img":{"alt_text":"","src":"https:\/\/i0.wp.com\/radioecoutefm.com\/wp-content\/uploads\/2025\/07\/Screenshot-2025-07-24-at-13-42-51-visa-b1b2-Google-Search.png?fit=573%2C331&ssl=1&resize=350%2C200","width":350,"height":200,"srcset":"https:\/\/i0.wp.com\/radioecoutefm.com\/wp-content\/uploads\/2025\/07\/Screenshot-2025-07-24-at-13-42-51-visa-b1b2-Google-Search.png?fit=573%2C331&ssl=1&resize=350%2C200 1x, https:\/\/i0.wp.com\/radioecoutefm.com\/wp-content\/uploads\/2025\/07\/Screenshot-2025-07-24-at-13-42-51-visa-b1b2-Google-Search.png?fit=573%2C331&ssl=1&resize=525%2C300 1.5x"},"classes":[]},{"id":3081,"url":"https:\/\/radioecoutefm.com\/index.php\/2025\/04\/18\/viv-ansanm-et-gran-grif-dans-le-viseur-des-etats-unis-vers-une-reponse-antiterroriste\/","url_meta":{"origin":3632,"position":4},"title":"Viv Ansanm et Gran Grif dans le viseur des \u00c9tats-Unis, vers une r\u00e9ponse antiterroriste","author":"Ecoute FM","date":"18.04.2025","format":false,"excerpt":"Les gangs arm\u00e9s qui s\u00e8ment la terreur en Ha\u00efti pourraient bient\u00f4t \u00eatre officiellement reconnus comme des organisations terroristes \u00e9trang\u00e8res par le gouvernement am\u00e9ricain. Cette mesure viserait notamment la coalition Viv Ansanm et le groupe Gran Grif, actifs \u00e0 Port-au-Prince et dans la r\u00e9gion de l\u2019Artibonite. Selon un article du Miami\u2026","rel":"","context":"In &quot;INSECURITE&quot;","block_context":{"text":"INSECURITE","link":"https:\/\/radioecoutefm.com\/index.php\/category\/securite\/"},"img":{"alt_text":"","src":"https:\/\/i0.wp.com\/radioecoutefm.com\/wp-content\/uploads\/2025\/04\/IMG_1729.jpeg?fit=1110%2C740&ssl=1&resize=350%2C200","width":350,"height":200,"srcset":"https:\/\/i0.wp.com\/radioecoutefm.com\/wp-content\/uploads\/2025\/04\/IMG_1729.jpeg?fit=1110%2C740&ssl=1&resize=350%2C200 1x, https:\/\/i0.wp.com\/radioecoutefm.com\/wp-content\/uploads\/2025\/04\/IMG_1729.jpeg?fit=1110%2C740&ssl=1&resize=525%2C300 1.5x, https:\/\/i0.wp.com\/radioecoutefm.com\/wp-content\/uploads\/2025\/04\/IMG_1729.jpeg?fit=1110%2C740&ssl=1&resize=700%2C400 2x, https:\/\/i0.wp.com\/radioecoutefm.com\/wp-content\/uploads\/2025\/04\/IMG_1729.jpeg?fit=1110%2C740&ssl=1&resize=1050%2C600 3x"},"classes":[]},{"id":3049,"url":"https:\/\/radioecoutefm.com\/index.php\/2025\/04\/17\/3049\/","url_meta":{"origin":3632,"position":5},"title":"Ha\u00efti comm\u00e9more les 200 ans de la reconnaissance de son ind\u00e9pendance par la France et r\u00e9clame justice historique","author":"Ecoute FM","date":"17.04.2025","format":false,"excerpt":"Deux si\u00e8cles apr\u00e8s la publication de l\u2019ordonnance royale du 17 avril 1825 par le roi Charles X, reconnaissant l\u2019ind\u00e9pendance d\u2019Ha\u00efti, les autorit\u00e9s ha\u00eftiennes ont marqu\u00e9 cette date par une c\u00e9r\u00e9monie officielle \u00e0 la Villa d\u2019Accueil. Le Conseil Pr\u00e9sidentiel de Transition (CPT), accompagn\u00e9 de membres du gouvernement, de hauts responsables militaires\u2026","rel":"","context":"In &quot;POLITIQUE&quot;","block_context":{"text":"POLITIQUE","link":"https:\/\/radioecoutefm.com\/index.php\/category\/politique\/"},"img":{"alt_text":"","src":"https:\/\/i0.wp.com\/radioecoutefm.com\/wp-content\/uploads\/2025\/04\/IMG_1724.jpeg?fit=1200%2C739&ssl=1&resize=350%2C200","width":350,"height":200,"srcset":"https:\/\/i0.wp.com\/radioecoutefm.com\/wp-content\/uploads\/2025\/04\/IMG_1724.jpeg?fit=1200%2C739&ssl=1&resize=350%2C200 1x, https:\/\/i0.wp.com\/radioecoutefm.com\/wp-content\/uploads\/2025\/04\/IMG_1724.jpeg?fit=1200%2C739&ssl=1&resize=525%2C300 1.5x, https:\/\/i0.wp.com\/radioecoutefm.com\/wp-content\/uploads\/2025\/04\/IMG_1724.jpeg?fit=1200%2C739&ssl=1&resize=700%2C400 2x, https:\/\/i0.wp.com\/radioecoutefm.com\/wp-content\/uploads\/2025\/04\/IMG_1724.jpeg?fit=1200%2C739&ssl=1&resize=1050%2C600 3x"},"classes":[]}],"authors":[{"term_id":15,"user_id":1,"is_guest":0,"slug":"borgellaattis","display_name":"Ecoute FM","avatar_url":"https:\/\/secure.gravatar.com\/avatar\/a5369629745bf29c5deb65198d5e38aed1dc2c880c04b3b630ab3f6e8c623b70?s=96&d=mm&r=g","0":null,"1":"","2":"","3":"","4":"","5":"","6":"","7":"","8":""}],"_links":{"self":[{"href":"https:\/\/radioecoutefm.com\/index.php\/wp-json\/wp\/v2\/posts\/3632","targetHints":{"allow":["GET"]}}],"collection":[{"href":"https:\/\/radioecoutefm.com\/index.php\/wp-json\/wp\/v2\/posts"}],"about":[{"href":"https:\/\/radioecoutefm.com\/index.php\/wp-json\/wp\/v2\/types\/post"}],"author":[{"embeddable":true,"href":"https:\/\/radioecoutefm.com\/index.php\/wp-json\/wp\/v2\/users\/1"}],"replies":[{"embeddable":true,"href":"https:\/\/radioecoutefm.com\/index.php\/wp-json\/wp\/v2\/comments?post=3632"}],"version-history":[{"count":1,"href":"https:\/\/radioecoutefm.com\/index.php\/wp-json\/wp\/v2\/posts\/3632\/revisions"}],"predecessor-version":[{"id":3637,"href":"https:\/\/radioecoutefm.com\/index.php\/wp-json\/wp\/v2\/posts\/3632\/revisions\/3637"}],"wp:featuredmedia":[{"embeddable":true,"href":"https:\/\/radioecoutefm.com\/index.php\/wp-json\/wp\/v2\/media\/3633"}],"wp:attachment":[{"href":"https:\/\/radioecoutefm.com\/index.php\/wp-json\/wp\/v2\/media?parent=3632"}],"wp:term":[{"taxonomy":"category","embeddable":true,"href":"https:\/\/radioecoutefm.com\/index.php\/wp-json\/wp\/v2\/categories?post=3632"},{"taxonomy":"post_tag","embeddable":true,"href":"https:\/\/radioecoutefm.com\/index.php\/wp-json\/wp\/v2\/tags?post=3632"},{"taxonomy":"author","embeddable":true,"href":"https:\/\/radioecoutefm.com\/index.php\/wp-json\/wp\/v2\/ppma_author?post=3632"}],"curies":[{"name":"wp","href":"https:\/\/api.w.org\/{rel}","templated":true}]}}