{"id":3332,"date":"2025-04-23T23:42:49","date_gmt":"2025-04-23T23:42:49","guid":{"rendered":"https:\/\/radioecoutefm.com\/?p=3332"},"modified":"2025-04-23T23:43:05","modified_gmt":"2025-04-23T23:43:05","slug":"engagement-des-partenaires-internationaux-pour-haiti-a-washington-dc","status":"publish","type":"post","link":"https:\/\/radioecoutefm.com\/index.php\/2025\/04\/23\/engagement-des-partenaires-internationaux-pour-haiti-a-washington-dc\/","title":{"rendered":"Engagement des Partenaires Internationaux pour Ha\u00efti \u00e0 Washington DC"},"content":{"rendered":"<p>Lors des R\u00e9unions de Printemps du Groupe de la Banque Mondiale et du Fonds Mon\u00e9taire International \u00e0 Washington DC, une table ronde a r\u00e9uni des autorit\u00e9s ha\u00eftiennes, des partenaires financiers et des membres du secteur priv\u00e9 autour de la question cruciale du financement des priorit\u00e9s \u00e9conomiques, sociales et s\u00e9curitaires d\u2019Ha\u00efti. Cette rencontre fait suite au Rapport d\u2019\u00c9valuation Rapide de l\u2019Impact de la Crise (RCIA) publi\u00e9 en d\u00e9cembre 2024, qui identifie un besoin urgent de 644 millions de dollars am\u00e9ricains pour r\u00e9pondre aux impacts de la crise s\u00e9curitaire et humanitaire.<\/p>\n<p>Le Premier ministre ha\u00eftien, SEM Alix Didier Fils Aim\u00e9, a insist\u00e9 sur la n\u00e9cessit\u00e9 de renforcer la s\u00e9curit\u00e9, notamment par le soutien \u00e0 la Police Nationale d\u2019Ha\u00efti et aux Forces Arm\u00e9es, ainsi que la tenue d\u2019\u00e9lections. Il a appel\u00e9 \u00e0 un financement constructif du RCIA pour contribuer \u00e0 la stabilit\u00e9 politique et \u00e0 la croissance inclusive. En parall\u00e8le, le Ministre de l\u2019\u00c9conomie et des Finances, Alfred Fils M\u00e9tellus, a pr\u00e9sent\u00e9 un budget rectificatif 2024-2025 ax\u00e9 sur la modernisation fiscale, l\u2019augmentation des services publics et le soutien aux populations vuln\u00e9rables.<\/p>\n<p>Les Partenaires Techniques et Financiers (PTF) ont exprim\u00e9 leur volont\u00e9 de continuer \u00e0 soutenir Ha\u00efti, en particulier \u00e0 travers un Plan de Relance et de D\u00e9veloppement \u00e0 moyen terme, initi\u00e9 par la Banque Interam\u00e9ricaine de D\u00e9veloppement (BID). Ce plan inclura des mesures pour dynamiser le secteur priv\u00e9, am\u00e9liorer les infrastructures et renforcer les capacit\u00e9s de l\u2019\u00c9tat, tout en mettant l\u2019accent sur les opportunit\u00e9s \u00e9conomiques d\u2019Ha\u00efti, notamment son potentiel en main-d\u2019\u0153uvre et en tourisme.<\/p>\n","protected":false},"excerpt":{"rendered":"<p>Lors des R\u00e9unions de Printemps du Groupe de la Banque Mondiale et du Fonds Mon\u00e9taire International \u00e0 Washington DC, une table ronde a r\u00e9uni des autorit\u00e9s ha\u00eftiennes, des partenaires financiers et des membres du secteur priv\u00e9 autour de la question cruciale du financement des priorit\u00e9s \u00e9conomiques, sociales et s\u00e9curitaires d\u2019Ha\u00efti. Cette rencontre fait suite au [&hellip;]<\/p>\n","protected":false},"author":1,"featured_media":3333,"comment_status":"open","ping_status":"open","sticky":false,"template":"","format":"standard","meta":{"_uag_custom_page_level_css":"","jetpack_post_was_ever_published":false,"_jetpack_newsletter_access":"","_jetpack_dont_email_post_to_subs":false,"_jetpack_newsletter_tier_id":0,"_jetpack_memberships_contains_paywalled_content":false,"_jetpack_memberships_contains_paid_content":false,"footnotes":"","jetpack_publicize_message":"","jetpack_publicize_feature_enabled":true,"jetpack_social_post_already_shared":true,"jetpack_social_options":{"image_generator_settings":{"template":"highway","default_image_id":0,"font":"","enabled":false},"version":2}},"categories":[52,8],"tags":[],"ppma_author":[15],"class_list":["post-3332","post","type-post","status-publish","format-standard","has-post-thumbnail","hentry","category-economie","category-politique"],"aioseo_notices":[],"jetpack_publicize_connections":[],"jetpack_featured_media_url":"https:\/\/i0.wp.com\/radioecoutefm.com\/wp-content\/uploads\/2025\/04\/IMG_1784.jpeg?fit=1080%2C810&ssl=1","uagb_featured_image_src":{"full":["https:\/\/i0.wp.com\/radioecoutefm.com\/wp-content\/uploads\/2025\/04\/IMG_1784.jpeg?fit=1080%2C810&ssl=1",1080,810,false],"thumbnail":["https:\/\/i0.wp.com\/radioecoutefm.com\/wp-content\/uploads\/2025\/04\/IMG_1784.jpeg?resize=150%2C150&ssl=1",150,150,true],"medium":["https:\/\/i0.wp.com\/radioecoutefm.com\/wp-content\/uploads\/2025\/04\/IMG_1784.jpeg?fit=300%2C225&ssl=1",300,225,true],"medium_large":["https:\/\/i0.wp.com\/radioecoutefm.com\/wp-content\/uploads\/2025\/04\/IMG_1784.jpeg?fit=640%2C480&ssl=1",640,480,true],"large":["https:\/\/i0.wp.com\/radioecoutefm.com\/wp-content\/uploads\/2025\/04\/IMG_1784.jpeg?fit=640%2C480&ssl=1",640,480,true],"1536x1536":["https:\/\/i0.wp.com\/radioecoutefm.com\/wp-content\/uploads\/2025\/04\/IMG_1784.jpeg?fit=1080%2C810&ssl=1",1080,810,true],"2048x2048":["https:\/\/i0.wp.com\/radioecoutefm.com\/wp-content\/uploads\/2025\/04\/IMG_1784.jpeg?fit=1080%2C810&ssl=1",1080,810,true],"newsair-slider-full":["https:\/\/i0.wp.com\/radioecoutefm.com\/wp-content\/uploads\/2025\/04\/IMG_1784.jpeg?resize=1080%2C720&ssl=1",1080,720,true],"newsair-featured":["https:\/\/i0.wp.com\/radioecoutefm.com\/wp-content\/uploads\/2025\/04\/IMG_1784.jpeg?fit=1024%2C768&ssl=1",1024,768,true],"newsair-medium":["https:\/\/i0.wp.com\/radioecoutefm.com\/wp-content\/uploads\/2025\/04\/IMG_1784.jpeg?resize=720%2C380&ssl=1",720,380,true]},"uagb_author_info":{"display_name":"Ecoute FM","author_link":"https:\/\/radioecoutefm.com\/index.php\/author\/borgellaattis\/"},"uagb_comment_info":0,"uagb_excerpt":"Lors des R\u00e9unions de Printemps du Groupe de la Banque Mondiale et du Fonds Mon\u00e9taire International \u00e0 Washington DC, une table ronde a r\u00e9uni des autorit\u00e9s ha\u00eftiennes, des partenaires financiers et des membres du secteur priv\u00e9 autour de la question cruciale du financement des priorit\u00e9s \u00e9conomiques, sociales et s\u00e9curitaires d\u2019Ha\u00efti. Cette rencontre fait suite au&hellip;","jetpack_sharing_enabled":true,"jetpack_shortlink":"https:\/\/wp.me\/pgoyna-RK","jetpack-related-posts":[{"id":4429,"url":"https:\/\/radioecoutefm.com\/index.php\/2025\/05\/22\/haiti-au-coeur-dun-symposium-international-pour-faire-face-a-la-crise-securitaire\/","url_meta":{"origin":3332,"position":0},"title":"Ha\u00efti au c\u0153ur d\u2019un symposium international pour faire face \u00e0 la crise s\u00e9curitaire","author":"Ecoute FM","date":"22.05.2025","format":false,"excerpt":"Face \u00e0 l\u2019escalade de la violence et \u00e0 la mont\u00e9e en puissance des gangs arm\u00e9s en Ha\u00efti, un symposium de haut niveau r\u00e9unira, le 22 mai 2025, \u00e0 Washington des repr\u00e9sentants ha\u00eftiens, des pays membres de l\u2019Organisation des \u00c9tats am\u00e9ricains (OEA), ainsi que des experts du secteur s\u00e9curitaire. L'Objectif est\u2026","rel":"","context":"In &quot;SECURITE&quot;","block_context":{"text":"SECURITE","link":"https:\/\/radioecoutefm.com\/index.php\/category\/insecurite\/"},"img":{"alt_text":"","src":"","width":0,"height":0},"classes":[]},{"id":3240,"url":"https:\/\/radioecoutefm.com\/index.php\/2025\/04\/22\/washington-d-c-accueille-une-journee-dhaiti-en-marge-des-assemblees-de-printemps-du-fmi-et-de-la-banque-mondiale\/","url_meta":{"origin":3332,"position":1},"title":"Washington D.C. accueille une \u201cJourn\u00e9e d\u2019Ha\u00efti\u201d en marge des Assembl\u00e9es de printemps du FMI et de la Banque mondiale","author":"Ecoute FM","date":"22.04.2025","format":false,"excerpt":"Une d\u00e9l\u00e9gation ha\u00eftienne de haut niveau, conduite par le minist\u00e8re de l\u2019\u00c9conomie et des Finances (MEF), participe ce mardi \u00e0 une journ\u00e9e sp\u00e9ciale baptis\u00e9e \u00ab Journ\u00e9e d\u2019Ha\u00efti \u00bb, organis\u00e9e en marge des Assembl\u00e9es de printemps du Groupe de la Banque mondiale et du Fonds mon\u00e9taire international (FMI). Les discussions porteront\u2026","rel":"","context":"In &quot;POLITIQUE&quot;","block_context":{"text":"POLITIQUE","link":"https:\/\/radioecoutefm.com\/index.php\/category\/politique\/"},"img":{"alt_text":"","src":"https:\/\/i0.wp.com\/radioecoutefm.com\/wp-content\/uploads\/2025\/04\/IMG_1770.jpeg?fit=1080%2C719&ssl=1&resize=350%2C200","width":350,"height":200,"srcset":"https:\/\/i0.wp.com\/radioecoutefm.com\/wp-content\/uploads\/2025\/04\/IMG_1770.jpeg?fit=1080%2C719&ssl=1&resize=350%2C200 1x, https:\/\/i0.wp.com\/radioecoutefm.com\/wp-content\/uploads\/2025\/04\/IMG_1770.jpeg?fit=1080%2C719&ssl=1&resize=525%2C300 1.5x, https:\/\/i0.wp.com\/radioecoutefm.com\/wp-content\/uploads\/2025\/04\/IMG_1770.jpeg?fit=1080%2C719&ssl=1&resize=700%2C400 2x, https:\/\/i0.wp.com\/radioecoutefm.com\/wp-content\/uploads\/2025\/04\/IMG_1770.jpeg?fit=1080%2C719&ssl=1&resize=1050%2C600 3x"},"classes":[]},{"id":2367,"url":"https:\/\/radioecoutefm.com\/index.php\/2025\/04\/05\/haiti-recoit-deux-cargaisons-daides-medicaux-aux-profits-des-plus-vulnerables\/","url_meta":{"origin":3332,"position":2},"title":"Ha\u00efti re\u00e7oit deux cargaisons d&#8217;aides m\u00e9dicaux aux profits des plus vuln\u00e9rables","author":"Ecoute FM","date":"05.04.2025","format":false,"excerpt":"En raison de la crise humanitaire qui secoue le pays, deux organisations internationales viennent en aide \u00e0 la population haitienne. Le programme alimentaire mondial ( PAM) a livr\u00e9, ce cette semaine, 20 tonnes d\u2019aide vitale qui contient des m\u00e9dicaments, \u00e9quipements sanitaires et abris, \u00e0 7 organisations luttant contre la crise\u2026","rel":"","context":"In &quot;SANTE&quot;","block_context":{"text":"SANTE","link":"https:\/\/radioecoutefm.com\/index.php\/category\/sante\/"},"img":{"alt_text":"","src":"https:\/\/i0.wp.com\/radioecoutefm.com\/wp-content\/uploads\/2025\/04\/Aide.jpeg?fit=810%2C1080&ssl=1&resize=350%2C200","width":350,"height":200,"srcset":"https:\/\/i0.wp.com\/radioecoutefm.com\/wp-content\/uploads\/2025\/04\/Aide.jpeg?fit=810%2C1080&ssl=1&resize=350%2C200 1x, https:\/\/i0.wp.com\/radioecoutefm.com\/wp-content\/uploads\/2025\/04\/Aide.jpeg?fit=810%2C1080&ssl=1&resize=525%2C300 1.5x, https:\/\/i0.wp.com\/radioecoutefm.com\/wp-content\/uploads\/2025\/04\/Aide.jpeg?fit=810%2C1080&ssl=1&resize=700%2C400 2x"},"classes":[]},{"id":1910,"url":"https:\/\/radioecoutefm.com\/index.php\/2025\/03\/21\/le-canada-impose-de-nouvelles-sanctions-contre-des-responsables-en-haiti\/","url_meta":{"origin":3332,"position":3},"title":"Le Canada impose de nouvelles sanctions contre des responsables en Ha\u00efti","author":"Ecoute FM","date":"21.03.2025","format":false,"excerpt":"Le Canada a annonc\u00e9 l'imposition de sanctions suppl\u00e9mentaires contre trois individus impliqu\u00e9s dans la crise qui secoue Ha\u00efti. Dimitri H\u00e9rard, Jeantel Joseph et Jeff Larose sont accus\u00e9s d'agir de mani\u00e8re \u00e0 compromettre la paix, la s\u00e9curit\u00e9 et la stabilit\u00e9 du pays. Ces sanctions font partie du R\u00e8glement sur les mesures\u2026","rel":"","context":"In &quot;INSECURITE&quot;","block_context":{"text":"INSECURITE","link":"https:\/\/radioecoutefm.com\/index.php\/category\/securite\/"},"img":{"alt_text":"","src":"https:\/\/i0.wp.com\/radioecoutefm.com\/wp-content\/uploads\/2025\/03\/sanction.jpg?fit=600%2C400&ssl=1&resize=350%2C200","width":350,"height":200,"srcset":"https:\/\/i0.wp.com\/radioecoutefm.com\/wp-content\/uploads\/2025\/03\/sanction.jpg?fit=600%2C400&ssl=1&resize=350%2C200 1x, https:\/\/i0.wp.com\/radioecoutefm.com\/wp-content\/uploads\/2025\/03\/sanction.jpg?fit=600%2C400&ssl=1&resize=525%2C300 1.5x"},"classes":[]},{"id":5491,"url":"https:\/\/radioecoutefm.com\/index.php\/2025\/06\/28\/des-representants-du-senat-americain-en-mission-en-haiti-pour-renforcer-le-soutien-international\/","url_meta":{"origin":3332,"position":4},"title":"Des repr\u00e9sentants du S\u00e9nat am\u00e9ricain en mission en Ha\u00efti pour renforcer le soutien international","author":"Ecoute FM","date":"28.06.2025","format":false,"excerpt":"Une d\u00e9l\u00e9gation du personnel du S\u00e9nat am\u00e9ricain a effectu\u00e9 une visite \u00e0 Port-au-Prince du 26 au 28 juin 2025. Accompagn\u00e9s de l\u2019ambassadeur Henry Wooster, les repr\u00e9sentants am\u00e9ricains ont particip\u00e9 \u00e0 une s\u00e9rie de r\u00e9unions avec le gouvernement de transition ha\u00eftien, des partenaires internationaux, la Police Nationale d\u2019Ha\u00efti (PNH) ainsi que\u2026","rel":"","context":"In &quot;INTERNATIONAL&quot;","block_context":{"text":"INTERNATIONAL","link":"https:\/\/radioecoutefm.com\/index.php\/category\/international\/"},"img":{"alt_text":"","src":"https:\/\/i0.wp.com\/radioecoutefm.com\/wp-content\/uploads\/2025\/06\/F35FE3F5-6B85-491B-AD7F-EF265090791F.jpeg?fit=1200%2C800&ssl=1&resize=350%2C200","width":350,"height":200,"srcset":"https:\/\/i0.wp.com\/radioecoutefm.com\/wp-content\/uploads\/2025\/06\/F35FE3F5-6B85-491B-AD7F-EF265090791F.jpeg?fit=1200%2C800&ssl=1&resize=350%2C200 1x, https:\/\/i0.wp.com\/radioecoutefm.com\/wp-content\/uploads\/2025\/06\/F35FE3F5-6B85-491B-AD7F-EF265090791F.jpeg?fit=1200%2C800&ssl=1&resize=525%2C300 1.5x, https:\/\/i0.wp.com\/radioecoutefm.com\/wp-content\/uploads\/2025\/06\/F35FE3F5-6B85-491B-AD7F-EF265090791F.jpeg?fit=1200%2C800&ssl=1&resize=700%2C400 2x, https:\/\/i0.wp.com\/radioecoutefm.com\/wp-content\/uploads\/2025\/06\/F35FE3F5-6B85-491B-AD7F-EF265090791F.jpeg?fit=1200%2C800&ssl=1&resize=1050%2C600 3x"},"classes":[]},{"id":5985,"url":"https:\/\/radioecoutefm.com\/index.php\/2025\/09\/24\/laurent-saint-cyr-rencontre-la-diaspora-haitienne-sur-la-reconstruction-de-larmee-et-la-stabilite\/","url_meta":{"origin":3332,"position":5},"title":"Laurent Saint-Cyr rencontre la diaspora ha\u00eftienne sur la reconstruction de l\u2019arm\u00e9e et la stabilit\u00e9","author":"Ecoute FM","date":"24.09.2025","format":false,"excerpt":"En marge de la 80e Assembl\u00e9e g\u00e9n\u00e9rale des Nations Unies, le Pr\u00e9sident du Conseil Pr\u00e9sidentiel de Transition, Laurent Saint-Cyr, a rencontr\u00e9 des membres de la communaut\u00e9 ha\u00eftienne et des leaders de la diaspora lors d\u2019une table ronde organis\u00e9e par le Consulat g\u00e9n\u00e9ral d\u2019Ha\u00efti \u00e0 New York. La rencontre s\u2019est d\u00e9roul\u00e9e\u2026","rel":"","context":"In &quot;SOCIETE&quot;","block_context":{"text":"SOCIETE","link":"https:\/\/radioecoutefm.com\/index.php\/category\/societe\/"},"img":{"alt_text":"","src":"https:\/\/i0.wp.com\/radioecoutefm.com\/wp-content\/uploads\/2025\/09\/43D235CC-3ADA-4DCA-A9EC-42FBDCCCB49D.jpeg?fit=1200%2C675&ssl=1&resize=350%2C200","width":350,"height":200,"srcset":"https:\/\/i0.wp.com\/radioecoutefm.com\/wp-content\/uploads\/2025\/09\/43D235CC-3ADA-4DCA-A9EC-42FBDCCCB49D.jpeg?fit=1200%2C675&ssl=1&resize=350%2C200 1x, https:\/\/i0.wp.com\/radioecoutefm.com\/wp-content\/uploads\/2025\/09\/43D235CC-3ADA-4DCA-A9EC-42FBDCCCB49D.jpeg?fit=1200%2C675&ssl=1&resize=525%2C300 1.5x, https:\/\/i0.wp.com\/radioecoutefm.com\/wp-content\/uploads\/2025\/09\/43D235CC-3ADA-4DCA-A9EC-42FBDCCCB49D.jpeg?fit=1200%2C675&ssl=1&resize=700%2C400 2x, https:\/\/i0.wp.com\/radioecoutefm.com\/wp-content\/uploads\/2025\/09\/43D235CC-3ADA-4DCA-A9EC-42FBDCCCB49D.jpeg?fit=1200%2C675&ssl=1&resize=1050%2C600 3x"},"classes":[]}],"authors":[{"term_id":15,"user_id":1,"is_guest":0,"slug":"borgellaattis","display_name":"Ecoute FM","avatar_url":"https:\/\/secure.gravatar.com\/avatar\/a5369629745bf29c5deb65198d5e38aed1dc2c880c04b3b630ab3f6e8c623b70?s=96&d=mm&r=g","0":null,"1":"","2":"","3":"","4":"","5":"","6":"","7":"","8":""}],"_links":{"self":[{"href":"https:\/\/radioecoutefm.com\/index.php\/wp-json\/wp\/v2\/posts\/3332","targetHints":{"allow":["GET"]}}],"collection":[{"href":"https:\/\/radioecoutefm.com\/index.php\/wp-json\/wp\/v2\/posts"}],"about":[{"href":"https:\/\/radioecoutefm.com\/index.php\/wp-json\/wp\/v2\/types\/post"}],"author":[{"embeddable":true,"href":"https:\/\/radioecoutefm.com\/index.php\/wp-json\/wp\/v2\/users\/1"}],"replies":[{"embeddable":true,"href":"https:\/\/radioecoutefm.com\/index.php\/wp-json\/wp\/v2\/comments?post=3332"}],"version-history":[{"count":1,"href":"https:\/\/radioecoutefm.com\/index.php\/wp-json\/wp\/v2\/posts\/3332\/revisions"}],"predecessor-version":[{"id":3337,"href":"https:\/\/radioecoutefm.com\/index.php\/wp-json\/wp\/v2\/posts\/3332\/revisions\/3337"}],"wp:featuredmedia":[{"embeddable":true,"href":"https:\/\/radioecoutefm.com\/index.php\/wp-json\/wp\/v2\/media\/3333"}],"wp:attachment":[{"href":"https:\/\/radioecoutefm.com\/index.php\/wp-json\/wp\/v2\/media?parent=3332"}],"wp:term":[{"taxonomy":"category","embeddable":true,"href":"https:\/\/radioecoutefm.com\/index.php\/wp-json\/wp\/v2\/categories?post=3332"},{"taxonomy":"post_tag","embeddable":true,"href":"https:\/\/radioecoutefm.com\/index.php\/wp-json\/wp\/v2\/tags?post=3332"},{"taxonomy":"author","embeddable":true,"href":"https:\/\/radioecoutefm.com\/index.php\/wp-json\/wp\/v2\/ppma_author?post=3332"}],"curies":[{"name":"wp","href":"https:\/\/api.w.org\/{rel}","templated":true}]}}