{"id":3310,"date":"2025-04-23T22:10:32","date_gmt":"2025-04-23T22:10:32","guid":{"rendered":"https:\/\/radioecoutefm.com\/?p=3310"},"modified":"2025-04-23T22:11:18","modified_gmt":"2025-04-23T22:11:18","slug":"lhotel-marriott-fermera-ses-en-portes-en-haiti-a-la-fin-du-mois-davril","status":"publish","type":"post","link":"https:\/\/radioecoutefm.com\/index.php\/2025\/04\/23\/lhotel-marriott-fermera-ses-en-portes-en-haiti-a-la-fin-du-mois-davril\/","title":{"rendered":"L&#8217;h\u00f4tel Marriott fermera ses en portes en Ha\u00efti \u00e0 la fin du mois d&#8217;avril"},"content":{"rendered":"<p>En raison de l&#8217;ins\u00e9curit\u00e9 grandissante dans la capitale, l&#8217;h\u00f4tel Marriott va suspendre ses activit\u00e9s \u00e0 partir du 30 avril 2025. Cette d\u00e9cision entra\u00eenera une perte consid\u00e9rable pour le secteur h\u00f4telier. Une centaine d&#8217;employ\u00e9s seront au ch\u00f4mage,un coup dur pour ces familles d\u00e9j\u00e0 fragilis\u00e9es par la crise s\u00e9curitaire.<\/p>\n<p>Chaque jour, la situation ne fait que s&#8217;aggraver dans le pays. La capitale est au bord de l&#8217;effondrement. Plusieurs institutions ferment leurs portes sous les yeux impuissants des autorit\u00e9s de l&#8217;\u00c9tat. plus d&#8217;un esp\u00e8re qu&#8217;une issue sera trouv\u00e9e \u00e0 cette crise aigu\u00eb pour faciliter un retour au calme et le relancement des activit\u00e9s \u00e9conomiques.<\/p>\n","protected":false},"excerpt":{"rendered":"<p>En raison de l&#8217;ins\u00e9curit\u00e9 grandissante dans la capitale, l&#8217;h\u00f4tel Marriott va suspendre ses activit\u00e9s \u00e0 partir du 30 avril 2025. Cette d\u00e9cision entra\u00eenera une perte consid\u00e9rable pour le secteur h\u00f4telier. Une centaine d&#8217;employ\u00e9s seront au ch\u00f4mage,un coup dur pour ces familles d\u00e9j\u00e0 fragilis\u00e9es par la crise s\u00e9curitaire. Chaque jour, la situation ne fait que s&#8217;aggraver [&hellip;]<\/p>\n","protected":false},"author":1,"featured_media":3311,"comment_status":"open","ping_status":"open","sticky":false,"template":"","format":"standard","meta":{"_uag_custom_page_level_css":"","jetpack_post_was_ever_published":false,"_jetpack_newsletter_access":"","_jetpack_dont_email_post_to_subs":false,"_jetpack_newsletter_tier_id":0,"_jetpack_memberships_contains_paywalled_content":false,"_jetpack_memberships_contains_paid_content":false,"footnotes":"","jetpack_publicize_message":"","jetpack_publicize_feature_enabled":true,"jetpack_social_post_already_shared":true,"jetpack_social_options":{"image_generator_settings":{"template":"highway","default_image_id":0,"font":"","enabled":false},"version":2}},"categories":[57],"tags":[],"ppma_author":[15],"class_list":["post-3310","post","type-post","status-publish","format-standard","has-post-thumbnail","hentry","category-securite"],"aioseo_notices":[],"jetpack_publicize_connections":[],"jetpack_featured_media_url":"https:\/\/i0.wp.com\/radioecoutefm.com\/wp-content\/uploads\/2025\/04\/9152D2CE-EE7B-4B7A-8305-5D3F49447C92.jpeg?fit=550%2C413&ssl=1","uagb_featured_image_src":{"full":["https:\/\/i0.wp.com\/radioecoutefm.com\/wp-content\/uploads\/2025\/04\/9152D2CE-EE7B-4B7A-8305-5D3F49447C92.jpeg?fit=550%2C413&ssl=1",550,413,false],"thumbnail":["https:\/\/i0.wp.com\/radioecoutefm.com\/wp-content\/uploads\/2025\/04\/9152D2CE-EE7B-4B7A-8305-5D3F49447C92.jpeg?resize=150%2C150&ssl=1",150,150,true],"medium":["https:\/\/i0.wp.com\/radioecoutefm.com\/wp-content\/uploads\/2025\/04\/9152D2CE-EE7B-4B7A-8305-5D3F49447C92.jpeg?fit=300%2C225&ssl=1",300,225,true],"medium_large":["https:\/\/i0.wp.com\/radioecoutefm.com\/wp-content\/uploads\/2025\/04\/9152D2CE-EE7B-4B7A-8305-5D3F49447C92.jpeg?fit=550%2C413&ssl=1",550,413,true],"large":["https:\/\/i0.wp.com\/radioecoutefm.com\/wp-content\/uploads\/2025\/04\/9152D2CE-EE7B-4B7A-8305-5D3F49447C92.jpeg?fit=550%2C413&ssl=1",550,413,true],"1536x1536":["https:\/\/i0.wp.com\/radioecoutefm.com\/wp-content\/uploads\/2025\/04\/9152D2CE-EE7B-4B7A-8305-5D3F49447C92.jpeg?fit=550%2C413&ssl=1",550,413,true],"2048x2048":["https:\/\/i0.wp.com\/radioecoutefm.com\/wp-content\/uploads\/2025\/04\/9152D2CE-EE7B-4B7A-8305-5D3F49447C92.jpeg?fit=550%2C413&ssl=1",550,413,true],"newsair-slider-full":["https:\/\/i0.wp.com\/radioecoutefm.com\/wp-content\/uploads\/2025\/04\/9152D2CE-EE7B-4B7A-8305-5D3F49447C92.jpeg?resize=550%2C413&ssl=1",550,413,true],"newsair-featured":["https:\/\/i0.wp.com\/radioecoutefm.com\/wp-content\/uploads\/2025\/04\/9152D2CE-EE7B-4B7A-8305-5D3F49447C92.jpeg?fit=550%2C413&ssl=1",550,413,true],"newsair-medium":["https:\/\/i0.wp.com\/radioecoutefm.com\/wp-content\/uploads\/2025\/04\/9152D2CE-EE7B-4B7A-8305-5D3F49447C92.jpeg?resize=550%2C380&ssl=1",550,380,true]},"uagb_author_info":{"display_name":"Ecoute FM","author_link":"https:\/\/radioecoutefm.com\/index.php\/author\/borgellaattis\/"},"uagb_comment_info":0,"uagb_excerpt":"En raison de l&#8217;ins\u00e9curit\u00e9 grandissante dans la capitale, l&#8217;h\u00f4tel Marriott va suspendre ses activit\u00e9s \u00e0 partir du 30 avril 2025. Cette d\u00e9cision entra\u00eenera une perte consid\u00e9rable pour le secteur h\u00f4telier. Une centaine d&#8217;employ\u00e9s seront au ch\u00f4mage,un coup dur pour ces familles d\u00e9j\u00e0 fragilis\u00e9es par la crise s\u00e9curitaire. Chaque jour, la situation ne fait que s&#8217;aggraver&hellip;","jetpack_sharing_enabled":true,"jetpack_shortlink":"https:\/\/wp.me\/pgoyna-Ro","jetpack-related-posts":[{"id":2468,"url":"https:\/\/radioecoutefm.com\/index.php\/2025\/04\/08\/insecurite-la-compagnie-sans-souci-tours-suspend-ses-activites\/","url_meta":{"origin":3310,"position":0},"title":"Ins\u00e9curit\u00e9 : La compagnie Sans Souci Tours suspend ses activit\u00e9s","author":"Ecoute FM","date":"08.04.2025","format":false,"excerpt":"Le secteur priv\u00e9 des affaires continue de payer le lourd fardeau de l'ins\u00e9curit\u00e9. La compagnie Sans Souci Tours annonce, ce lundi 7 avril 2025, la suspension de ses activit\u00e9s. La compagnie sp\u00e9cialis\u00e9e dans le transport interd\u00e9partemental avance la d\u00e9gradation de la situation s\u00e9curitaire et le blocage des principaux axes routiers\u2026","rel":"","context":"In &quot;INSECURITE&quot;","block_context":{"text":"INSECURITE","link":"https:\/\/radioecoutefm.com\/index.php\/category\/securite\/"},"img":{"alt_text":"","src":"https:\/\/i0.wp.com\/radioecoutefm.com\/wp-content\/uploads\/2025\/04\/3108E266-2F02-4694-9935-C0B18315CCDF.png?fit=683%2C390&ssl=1&resize=350%2C200","width":350,"height":200,"srcset":"https:\/\/i0.wp.com\/radioecoutefm.com\/wp-content\/uploads\/2025\/04\/3108E266-2F02-4694-9935-C0B18315CCDF.png?fit=683%2C390&ssl=1&resize=350%2C200 1x, https:\/\/i0.wp.com\/radioecoutefm.com\/wp-content\/uploads\/2025\/04\/3108E266-2F02-4694-9935-C0B18315CCDF.png?fit=683%2C390&ssl=1&resize=525%2C300 1.5x"},"classes":[]},{"id":4193,"url":"https:\/\/radioecoutefm.com\/index.php\/2025\/05\/14\/lappe-tire-la-sonnette-dalarme-et-appelle-a-une-intervention-urgente-de-letat\/","url_meta":{"origin":3310,"position":1},"title":"L\u2019APPE tire la sonnette d\u2019alarme et appelle \u00e0 une intervention urgente de l\u2019\u00c9tat","author":"Ecoute FM","date":"14.05.2025","format":false,"excerpt":"Dans une correspondance adress\u00e9e au Premier ministre Alix Didier Fils-Aim\u00e9, le 12 mai 2024, l\u2019Association des Professionnels du P\u00e9trole et de l\u2019\u00c9nergie (APPE) a exprim\u00e9 sa profonde inqui\u00e9tude face \u00e0 la situation critique que traverse actuellement le secteur p\u00e9trolier ha\u00eftien. Selon l\u2019organisation, la d\u00e9t\u00e9rioration de la s\u00e9curit\u00e9 dans le pays\u2026","rel":"","context":"In &quot;POLITIQUE&quot;","block_context":{"text":"POLITIQUE","link":"https:\/\/radioecoutefm.com\/index.php\/category\/politique\/"},"img":{"alt_text":"","src":"","width":0,"height":0},"classes":[]},{"id":5585,"url":"https:\/\/radioecoutefm.com\/index.php\/2025\/07\/06\/lhotel-oloffson-ravage-par-un-incendie-criminel\/","url_meta":{"origin":3310,"position":2},"title":"L\u2019H\u00f4tel Oloffson ravag\u00e9 par un incendie criminel","author":"Ecoute FM","date":"06.07.2025","format":false,"excerpt":"L\u2019un des symboles historiques de la capitale ha\u00eftienne, l\u2019H\u00f4tel Oloffson, a \u00e9t\u00e9 r\u00e9duit en cendres dans la nuit du 5 au 6 juillet. Des individus non identifi\u00e9s ont intentionnellement mis le feu \u00e0 ce joyau architectural situ\u00e9 sur l\u2019avenue Christophe, plongeant dans la tristesse les amoureux du patrimoine ha\u00eftien. R\u00e9put\u00e9\u2026","rel":"","context":"In &quot;INSECURITE&quot;","block_context":{"text":"INSECURITE","link":"https:\/\/radioecoutefm.com\/index.php\/category\/securite\/"},"img":{"alt_text":"","src":"https:\/\/i0.wp.com\/radioecoutefm.com\/wp-content\/uploads\/2025\/07\/Olofson.jpeg?fit=960%2C535&ssl=1&resize=350%2C200","width":350,"height":200,"srcset":"https:\/\/i0.wp.com\/radioecoutefm.com\/wp-content\/uploads\/2025\/07\/Olofson.jpeg?fit=960%2C535&ssl=1&resize=350%2C200 1x, https:\/\/i0.wp.com\/radioecoutefm.com\/wp-content\/uploads\/2025\/07\/Olofson.jpeg?fit=960%2C535&ssl=1&resize=525%2C300 1.5x, https:\/\/i0.wp.com\/radioecoutefm.com\/wp-content\/uploads\/2025\/07\/Olofson.jpeg?fit=960%2C535&ssl=1&resize=700%2C400 2x"},"classes":[]},{"id":3069,"url":"https:\/\/radioecoutefm.com\/index.php\/2025\/04\/18\/alerte-le-chef-de-gang-manno-et-ses-hommes-seraient-dans-le-sud-pour-tenter-de-semparer-du-commissariat-des-cayes\/","url_meta":{"origin":3310,"position":3},"title":"Alerte : Le chef de gang Manno et ses hommes seraient dans le Sud pour tenter de s\u2019emparer du commissariat des Cayes.","author":"Ecoute FM","date":"18.04.2025","format":false,"excerpt":"Le chef de gang Manno, figure bien connue du quartier de Village-de-Dieu \u00e0 Port-au-Prince, serait actuellement dans la commune de Les Anglais, dans le d\u00e9partement du Sud, accompagn\u00e9 de ses hommes arm\u00e9s. L\u2019information a \u00e9t\u00e9 confirm\u00e9e par le magistrat Fritznel Ch\u00e9ry, qui \u00e9voque une menace s\u00e9rieuse pour la s\u00e9curit\u00e9 de\u2026","rel":"","context":"In &quot;INSECURITE&quot;","block_context":{"text":"INSECURITE","link":"https:\/\/radioecoutefm.com\/index.php\/category\/securite\/"},"img":{"alt_text":"","src":"https:\/\/i0.wp.com\/radioecoutefm.com\/wp-content\/uploads\/2025\/04\/IMG_1649.jpeg?fit=800%2C500&ssl=1&resize=350%2C200","width":350,"height":200,"srcset":"https:\/\/i0.wp.com\/radioecoutefm.com\/wp-content\/uploads\/2025\/04\/IMG_1649.jpeg?fit=800%2C500&ssl=1&resize=350%2C200 1x, https:\/\/i0.wp.com\/radioecoutefm.com\/wp-content\/uploads\/2025\/04\/IMG_1649.jpeg?fit=800%2C500&ssl=1&resize=525%2C300 1.5x, https:\/\/i0.wp.com\/radioecoutefm.com\/wp-content\/uploads\/2025\/04\/IMG_1649.jpeg?fit=800%2C500&ssl=1&resize=700%2C400 2x"},"classes":[]},{"id":3733,"url":"https:\/\/radioecoutefm.com\/index.php\/2025\/05\/03\/lartiste-atros-et-le-mouvement-jeunesse-debout-appellent-a-une-manifestation-nationale-le-4-mai-port-au-prince-2-mai-2025-en-pleine-crise-securi\/","url_meta":{"origin":3310,"position":4},"title":"Atros et \u00ab Jeunesse Debout \u00bb annoncent une grande manifestation pour le 4 mai","author":"Ecoute FM","date":"03.05.2025","format":false,"excerpt":"En pleine crise s\u00e9curitaire, le Mouvement Jeunesse Debout, en collaboration avec l\u2019artiste engag\u00e9 Stevenson Telfort, alias Atros, membre du groupe Rockfam Lame-a, appelle la population \u00e0 se mobiliser massivement le dimanche 4 mai 2025 dans les rues de Port-au-Prince. malgr\u00e9 l\u2019\u00e9tat d\u2019urgence s\u00e9curitaire d\u00e9cr\u00e9t\u00e9 par le gouvernement pour faire face\u2026","rel":"","context":"In &quot;SOCIETE&quot;","block_context":{"text":"SOCIETE","link":"https:\/\/radioecoutefm.com\/index.php\/category\/societe\/"},"img":{"alt_text":"","src":"https:\/\/i0.wp.com\/radioecoutefm.com\/wp-content\/uploads\/2025\/05\/Atros.jpg?fit=1200%2C810&ssl=1&resize=350%2C200","width":350,"height":200,"srcset":"https:\/\/i0.wp.com\/radioecoutefm.com\/wp-content\/uploads\/2025\/05\/Atros.jpg?fit=1200%2C810&ssl=1&resize=350%2C200 1x, https:\/\/i0.wp.com\/radioecoutefm.com\/wp-content\/uploads\/2025\/05\/Atros.jpg?fit=1200%2C810&ssl=1&resize=525%2C300 1.5x, https:\/\/i0.wp.com\/radioecoutefm.com\/wp-content\/uploads\/2025\/05\/Atros.jpg?fit=1200%2C810&ssl=1&resize=700%2C400 2x, https:\/\/i0.wp.com\/radioecoutefm.com\/wp-content\/uploads\/2025\/05\/Atros.jpg?fit=1200%2C810&ssl=1&resize=1050%2C600 3x"},"classes":[]},{"id":1662,"url":"https:\/\/radioecoutefm.com\/index.php\/2025\/03\/16\/une-operation-policiere-contre-le-gang-5-segond-a-village-de-dieu\/","url_meta":{"origin":3310,"position":5},"title":"Une op\u00e9ration polici\u00e8re contre le gang \u20185 Segond\u2019 \u00e0 village de Dieu","author":"Ecoute FM","date":"16.03.2025","format":false,"excerpt":"Ce samedi 15 mars, la Police Nationale d\u2019Ha\u00efti (PNH) a lanc\u00e9 une vaste op\u00e9ration contre le gang \u00ab 5 Segond \u00bb, dirig\u00e9 par Johnson Andr\u00e9 alias \u00ab Izo \u00bb, dans plusieurs quartiers strat\u00e9giques de la capitale. Les forces de l\u2019ordre ont mobilis\u00e9 des unit\u00e9s sp\u00e9cialis\u00e9es et du mat\u00e9riel blind\u00e9 pour\u2026","rel":"","context":"In &quot;INSECURITE&quot;","block_context":{"text":"INSECURITE","link":"https:\/\/radioecoutefm.com\/index.php\/category\/securite\/"},"img":{"alt_text":"","src":"https:\/\/i0.wp.com\/radioecoutefm.com\/wp-content\/uploads\/2025\/03\/IMG_1398.jpeg?fit=960%2C540&ssl=1&resize=350%2C200","width":350,"height":200,"srcset":"https:\/\/i0.wp.com\/radioecoutefm.com\/wp-content\/uploads\/2025\/03\/IMG_1398.jpeg?fit=960%2C540&ssl=1&resize=350%2C200 1x, https:\/\/i0.wp.com\/radioecoutefm.com\/wp-content\/uploads\/2025\/03\/IMG_1398.jpeg?fit=960%2C540&ssl=1&resize=525%2C300 1.5x, https:\/\/i0.wp.com\/radioecoutefm.com\/wp-content\/uploads\/2025\/03\/IMG_1398.jpeg?fit=960%2C540&ssl=1&resize=700%2C400 2x"},"classes":[]}],"authors":[{"term_id":15,"user_id":1,"is_guest":0,"slug":"borgellaattis","display_name":"Ecoute FM","avatar_url":"https:\/\/secure.gravatar.com\/avatar\/a5369629745bf29c5deb65198d5e38aed1dc2c880c04b3b630ab3f6e8c623b70?s=96&d=mm&r=g","0":null,"1":"","2":"","3":"","4":"","5":"","6":"","7":"","8":""}],"_links":{"self":[{"href":"https:\/\/radioecoutefm.com\/index.php\/wp-json\/wp\/v2\/posts\/3310","targetHints":{"allow":["GET"]}}],"collection":[{"href":"https:\/\/radioecoutefm.com\/index.php\/wp-json\/wp\/v2\/posts"}],"about":[{"href":"https:\/\/radioecoutefm.com\/index.php\/wp-json\/wp\/v2\/types\/post"}],"author":[{"embeddable":true,"href":"https:\/\/radioecoutefm.com\/index.php\/wp-json\/wp\/v2\/users\/1"}],"replies":[{"embeddable":true,"href":"https:\/\/radioecoutefm.com\/index.php\/wp-json\/wp\/v2\/comments?post=3310"}],"version-history":[{"count":2,"href":"https:\/\/radioecoutefm.com\/index.php\/wp-json\/wp\/v2\/posts\/3310\/revisions"}],"predecessor-version":[{"id":3316,"href":"https:\/\/radioecoutefm.com\/index.php\/wp-json\/wp\/v2\/posts\/3310\/revisions\/3316"}],"wp:featuredmedia":[{"embeddable":true,"href":"https:\/\/radioecoutefm.com\/index.php\/wp-json\/wp\/v2\/media\/3311"}],"wp:attachment":[{"href":"https:\/\/radioecoutefm.com\/index.php\/wp-json\/wp\/v2\/media?parent=3310"}],"wp:term":[{"taxonomy":"category","embeddable":true,"href":"https:\/\/radioecoutefm.com\/index.php\/wp-json\/wp\/v2\/categories?post=3310"},{"taxonomy":"post_tag","embeddable":true,"href":"https:\/\/radioecoutefm.com\/index.php\/wp-json\/wp\/v2\/tags?post=3310"},{"taxonomy":"author","embeddable":true,"href":"https:\/\/radioecoutefm.com\/index.php\/wp-json\/wp\/v2\/ppma_author?post=3310"}],"curies":[{"name":"wp","href":"https:\/\/api.w.org\/{rel}","templated":true}]}}