{"id":3283,"date":"2025-04-22T21:26:44","date_gmt":"2025-04-22T21:26:44","guid":{"rendered":"https:\/\/radioecoutefm.com\/?p=3283"},"modified":"2025-04-22T21:26:44","modified_gmt":"2025-04-22T21:26:44","slug":"la-rtnh-celebre-ses-48-ans-avec-une-nouvelle-impulsion","status":"publish","type":"post","link":"https:\/\/radioecoutefm.com\/index.php\/2025\/04\/22\/la-rtnh-celebre-ses-48-ans-avec-une-nouvelle-impulsion\/","title":{"rendered":"La RTNH c\u00e9l\u00e8bre ses 48 ans avec une nouvelle impulsion"},"content":{"rendered":"<p>Ce mardi 22 avril marque le 48e anniversaire de la Radio nationale d\u2019Ha\u00efti (RTNH), une institution phare du paysage m\u00e9diatique ha\u00eftien. \u00c0 l\u2019occasion de cette date symbolique, la pr\u00e9sidente de la commission de gestion et de restructuration de la RTNH, Sandra Duvivier, a renouvel\u00e9 son engagement \u00e0 \u0153uvrer pour le redressement et la modernisation de la radio et t\u00e9l\u00e9vision d\u2019\u00c9tat.<\/p>\n<p>\u00ab Le service public doit retrouver sa place et sa cr\u00e9dibilit\u00e9 \u00bb, a d\u00e9clar\u00e9 Mme Duvivier, qui dirige une \u00e9quipe nouvellement mise en place avec pour mission de g\u00e9rer et de restructurer le m\u00e9dia \u00e9tatique sur une p\u00e9riode de six mois.<\/p>\n<p>Cette initiative vise \u00e0 r\u00e9tablir l\u2019image de la RTNH, souvent critiqu\u00e9e pour son manque de dynamisme et d\u2019ind\u00e9pendance. Selon les responsables, le processus de restructuration inclut une r\u00e9vision de la ligne \u00e9ditoriale, une am\u00e9lioration des contenus, ainsi qu\u2019une r\u00e9organisation administrative.<\/p>\n","protected":false},"excerpt":{"rendered":"<p>Ce mardi 22 avril marque le 48e anniversaire de la Radio nationale d\u2019Ha\u00efti (RTNH), une institution phare du paysage m\u00e9diatique ha\u00eftien. \u00c0 l\u2019occasion de cette date symbolique, la pr\u00e9sidente de la commission de gestion et de restructuration de la RTNH, Sandra Duvivier, a renouvel\u00e9 son engagement \u00e0 \u0153uvrer pour le redressement et la modernisation de [&hellip;]<\/p>\n","protected":false},"author":1,"featured_media":3284,"comment_status":"open","ping_status":"open","sticky":false,"template":"","format":"standard","meta":{"_uag_custom_page_level_css":"","jetpack_post_was_ever_published":false,"_jetpack_newsletter_access":"","_jetpack_dont_email_post_to_subs":false,"_jetpack_newsletter_tier_id":0,"_jetpack_memberships_contains_paywalled_content":false,"_jetpack_memberships_contains_paid_content":false,"footnotes":"","jetpack_publicize_message":"","jetpack_publicize_feature_enabled":true,"jetpack_social_post_already_shared":true,"jetpack_social_options":{"image_generator_settings":{"template":"highway","default_image_id":0,"font":"","enabled":false},"version":2}},"categories":[51],"tags":[],"ppma_author":[15],"class_list":["post-3283","post","type-post","status-publish","format-standard","has-post-thumbnail","hentry","category-societe"],"aioseo_notices":[],"jetpack_publicize_connections":[],"jetpack_featured_media_url":"https:\/\/i0.wp.com\/radioecoutefm.com\/wp-content\/uploads\/2025\/04\/IMG_1774.png?fit=318%2C159&ssl=1","uagb_featured_image_src":{"full":["https:\/\/i0.wp.com\/radioecoutefm.com\/wp-content\/uploads\/2025\/04\/IMG_1774.png?fit=318%2C159&ssl=1",318,159,false],"thumbnail":["https:\/\/i0.wp.com\/radioecoutefm.com\/wp-content\/uploads\/2025\/04\/IMG_1774.png?resize=150%2C150&ssl=1",150,150,true],"medium":["https:\/\/i0.wp.com\/radioecoutefm.com\/wp-content\/uploads\/2025\/04\/IMG_1774.png?fit=300%2C150&ssl=1",300,150,true],"medium_large":["https:\/\/i0.wp.com\/radioecoutefm.com\/wp-content\/uploads\/2025\/04\/IMG_1774.png?fit=318%2C159&ssl=1",318,159,true],"large":["https:\/\/i0.wp.com\/radioecoutefm.com\/wp-content\/uploads\/2025\/04\/IMG_1774.png?fit=318%2C159&ssl=1",318,159,true],"1536x1536":["https:\/\/i0.wp.com\/radioecoutefm.com\/wp-content\/uploads\/2025\/04\/IMG_1774.png?fit=318%2C159&ssl=1",318,159,true],"2048x2048":["https:\/\/i0.wp.com\/radioecoutefm.com\/wp-content\/uploads\/2025\/04\/IMG_1774.png?fit=318%2C159&ssl=1",318,159,true],"newsair-slider-full":["https:\/\/i0.wp.com\/radioecoutefm.com\/wp-content\/uploads\/2025\/04\/IMG_1774.png?resize=318%2C159&ssl=1",318,159,true],"newsair-featured":["https:\/\/i0.wp.com\/radioecoutefm.com\/wp-content\/uploads\/2025\/04\/IMG_1774.png?fit=318%2C159&ssl=1",318,159,true],"newsair-medium":["https:\/\/i0.wp.com\/radioecoutefm.com\/wp-content\/uploads\/2025\/04\/IMG_1774.png?resize=318%2C159&ssl=1",318,159,true]},"uagb_author_info":{"display_name":"Ecoute FM","author_link":"https:\/\/radioecoutefm.com\/index.php\/author\/borgellaattis\/"},"uagb_comment_info":0,"uagb_excerpt":"Ce mardi 22 avril marque le 48e anniversaire de la Radio nationale d\u2019Ha\u00efti (RTNH), une institution phare du paysage m\u00e9diatique ha\u00eftien. \u00c0 l\u2019occasion de cette date symbolique, la pr\u00e9sidente de la commission de gestion et de restructuration de la RTNH, Sandra Duvivier, a renouvel\u00e9 son engagement \u00e0 \u0153uvrer pour le redressement et la modernisation de&hellip;","jetpack_sharing_enabled":true,"jetpack_shortlink":"https:\/\/wp.me\/pgoyna-QX","jetpack-related-posts":[{"id":5166,"url":"https:\/\/radioecoutefm.com\/index.php\/2025\/06\/15\/5166\/","url_meta":{"origin":3283,"position":0},"title":"De l\u2019immigration \u00e0 la r\u00e9ussite , une initiative salu\u00e9e par Radio \u00c9coute FM","author":"Ecoute FM","date":"15.06.2025","format":false,"excerpt":"Le 13 juin 2025 restera une date marquante pour la communaut\u00e9 montr\u00e9alaise. \u00c0 l\u2019initiative de Michel Hilaire, Pr\u00e9sident Directeur du CISC Canada, le Gala de la R\u00e9ussite a rassembl\u00e9 un large public autour d\u2019un \u00e9v\u00e9nement prestigieux c\u00e9l\u00e9brant la d\u00e9termination et les r\u00e9ussites issues de la diversit\u00e9. \u00c0 cette occasion, M.\u2026","rel":"","context":"In &quot;CULTURE&quot;","block_context":{"text":"CULTURE","link":"https:\/\/radioecoutefm.com\/index.php\/category\/culture\/"},"img":{"alt_text":"","src":"https:\/\/i0.wp.com\/radioecoutefm.com\/wp-content\/uploads\/2025\/06\/hilaire.jpg?fit=1200%2C801&ssl=1&resize=350%2C200","width":350,"height":200,"srcset":"https:\/\/i0.wp.com\/radioecoutefm.com\/wp-content\/uploads\/2025\/06\/hilaire.jpg?fit=1200%2C801&ssl=1&resize=350%2C200 1x, https:\/\/i0.wp.com\/radioecoutefm.com\/wp-content\/uploads\/2025\/06\/hilaire.jpg?fit=1200%2C801&ssl=1&resize=525%2C300 1.5x, https:\/\/i0.wp.com\/radioecoutefm.com\/wp-content\/uploads\/2025\/06\/hilaire.jpg?fit=1200%2C801&ssl=1&resize=700%2C400 2x, https:\/\/i0.wp.com\/radioecoutefm.com\/wp-content\/uploads\/2025\/06\/hilaire.jpg?fit=1200%2C801&ssl=1&resize=1050%2C600 3x"},"classes":[]},{"id":1466,"url":"https:\/\/radioecoutefm.com\/index.php\/2025\/03\/10\/u-n-nouveau-conseil-executif-elu-a-la-tete-de-luniversite-detat-dhaiti\/","url_meta":{"origin":3283,"position":1},"title":"U n nouveau Conseil Ex\u00e9cutif \u00e9lu \u00e0 la t\u00eate de l\u2019Universit\u00e9 d\u2019\u00c9tat d\u2019Ha\u00efti","author":"Ecoute FM","date":"10.03.2025","format":false,"excerpt":"L\u2019Universit\u00e9 d\u2019\u00c9tat d\u2019Ha\u00efti (UEH) a un nouveau Conseil Ex\u00e9cutif. Ce dimanche, le Conseil de l\u2019Universit\u00e9 a proc\u00e9d\u00e9 \u00e0 l\u2019\u00e9lection de trois nouveaux dirigeants pour un mandat de quatre ans (2025-2029). Le nouveau Conseil Ex\u00e9cutif est compos\u00e9 des professeurs suivants : \u2022 Dieuseul Pr\u00e9d\u00e9lus, Recteur, \u00e9lu avec 95,45 % des voix\u2026","rel":"","context":"In &quot;POLITIQUE&quot;","block_context":{"text":"POLITIQUE","link":"https:\/\/radioecoutefm.com\/index.php\/category\/politique\/"},"img":{"alt_text":"","src":"https:\/\/i0.wp.com\/radioecoutefm.com\/wp-content\/uploads\/2025\/03\/IMG_1350.jpeg?fit=1200%2C960&ssl=1&resize=350%2C200","width":350,"height":200,"srcset":"https:\/\/i0.wp.com\/radioecoutefm.com\/wp-content\/uploads\/2025\/03\/IMG_1350.jpeg?fit=1200%2C960&ssl=1&resize=350%2C200 1x, https:\/\/i0.wp.com\/radioecoutefm.com\/wp-content\/uploads\/2025\/03\/IMG_1350.jpeg?fit=1200%2C960&ssl=1&resize=525%2C300 1.5x, https:\/\/i0.wp.com\/radioecoutefm.com\/wp-content\/uploads\/2025\/03\/IMG_1350.jpeg?fit=1200%2C960&ssl=1&resize=700%2C400 2x, https:\/\/i0.wp.com\/radioecoutefm.com\/wp-content\/uploads\/2025\/03\/IMG_1350.jpeg?fit=1200%2C960&ssl=1&resize=1050%2C600 3x"},"classes":[]},{"id":4798,"url":"https:\/\/radioecoutefm.com\/index.php\/2025\/06\/03\/moncash-renforce-sa-politique-de-conformite-et-de-transparence\/","url_meta":{"origin":3283,"position":2},"title":"MonCash renforce sa politique de conformit\u00e9 et de transparence","author":"Ecoute FM","date":"03.06.2025","format":false,"excerpt":"Dans un souci d\u2019alignement avec les lois et r\u00e8glements en vigueur, MonCash, service de paiement mobile en Ha\u00efti orchestr\u00e9 par la Digicel, a mis en \u0153uvre depuis le 31 mai 2025 une r\u00e9forme majeure destin\u00e9e \u00e0 renforcer la conformit\u00e9 et la transparence de son \u00e9cosyst\u00e8me. Cette d\u00e9cision se traduit principalement\u2026","rel":"","context":"In &quot;BUSINESS&quot;","block_context":{"text":"BUSINESS","link":"https:\/\/radioecoutefm.com\/index.php\/category\/business\/"},"img":{"alt_text":"","src":"https:\/\/i0.wp.com\/radioecoutefm.com\/wp-content\/uploads\/2025\/06\/631CDDE0-89A0-4B19-AB5A-3BBDCDFF18E6.jpeg?fit=225%2C225&ssl=1&resize=350%2C200","width":350,"height":200},"classes":[]},{"id":5952,"url":"https:\/\/radioecoutefm.com\/index.php\/2025\/09\/23\/corventina-dumornay-18%e1%b5%89-au-ballon-dor-une-premiere-historique-pour-haiti\/","url_meta":{"origin":3283,"position":3},"title":"Corventina Dumornay 18\u1d49 au Ballon d\u2019Or, une premi\u00e8re historique pour Ha\u00efti","author":"Ecoute FM","date":"23.09.2025","format":false,"excerpt":"Melchie Da\u00eblle Dumornay, dite Corventina, a marqu\u00e9 l\u2019histoire du football ha\u00eftien en devenant la premi\u00e8re personnalit\u00e9 du pays \u00e0 figurer dans le classement du Ballon d\u2019Or. L\u2019internationale ha\u00eftienne a d\u00e9croch\u00e9 la 18\u1d49 place de l\u2019\u00e9dition f\u00e9minine 2025, une reconnaissance qui vient r\u00e9compenser une saison exceptionnelle. Avec 26 buts et 9\u2026","rel":"","context":"In &quot;SPORT&quot;","block_context":{"text":"SPORT","link":"https:\/\/radioecoutefm.com\/index.php\/category\/sport\/"},"img":{"alt_text":"","src":"https:\/\/i0.wp.com\/radioecoutefm.com\/wp-content\/uploads\/2025\/09\/IMG_2992.jpeg?fit=1045%2C704&ssl=1&resize=350%2C200","width":350,"height":200,"srcset":"https:\/\/i0.wp.com\/radioecoutefm.com\/wp-content\/uploads\/2025\/09\/IMG_2992.jpeg?fit=1045%2C704&ssl=1&resize=350%2C200 1x, https:\/\/i0.wp.com\/radioecoutefm.com\/wp-content\/uploads\/2025\/09\/IMG_2992.jpeg?fit=1045%2C704&ssl=1&resize=525%2C300 1.5x, https:\/\/i0.wp.com\/radioecoutefm.com\/wp-content\/uploads\/2025\/09\/IMG_2992.jpeg?fit=1045%2C704&ssl=1&resize=700%2C400 2x"},"classes":[]},{"id":5687,"url":"https:\/\/radioecoutefm.com\/index.php\/2025\/08\/01\/attis-francky-attaque-rudy-sanon-et-denonce-une-derive-mediatique\/","url_meta":{"origin":3283,"position":4},"title":"Attis Francky, attaque Rudy Thomas Sanon et d\u00e9nonce une d\u00e9rive m\u00e9diatique","author":"Ecoute FM","date":"01.08.2025","format":false,"excerpt":"Le PDG de la radio \u00c9coute FM, Attis Francky, n\u2019a pas h\u00e9sit\u00e9 \u00e0 critiquer s\u00e9v\u00e8rement Rudy Sanon, qu\u2019il accuse de d\u00e9former la profession journalistique, ce mardi 30 juillet, \u00e0 l\u2019occasion de son \u00e9mission \u00ab\u202fMontr\u00e9al sou konpa\u202f\u00bb diffus\u00e9e sur les ondes de cette station. Selon Francky, Rudy Sanon n\u2019a ni la\u2026","rel":"","context":"In &quot;MEDIA&quot;","block_context":{"text":"MEDIA","link":"https:\/\/radioecoutefm.com\/index.php\/category\/media\/"},"img":{"alt_text":"","src":"https:\/\/i0.wp.com\/radioecoutefm.com\/wp-content\/uploads\/2025\/08\/IMG_2512.jpeg?fit=686%2C386&ssl=1&resize=350%2C200","width":350,"height":200,"srcset":"https:\/\/i0.wp.com\/radioecoutefm.com\/wp-content\/uploads\/2025\/08\/IMG_2512.jpeg?fit=686%2C386&ssl=1&resize=350%2C200 1x, https:\/\/i0.wp.com\/radioecoutefm.com\/wp-content\/uploads\/2025\/08\/IMG_2512.jpeg?fit=686%2C386&ssl=1&resize=525%2C300 1.5x"},"classes":[]},{"id":1570,"url":"https:\/\/radioecoutefm.com\/index.php\/2025\/03\/12\/foot-transferts-schweitzer-jacques-un-nouveau-defi-avec-don-bosco-fc\/","url_meta":{"origin":3283,"position":5},"title":"Foot Transferts : Schweitzer Jacques , Un nouveau d\u00e9fi avec Don Bosco FC","author":"Ecoute FM","date":"12.03.2025","format":false,"excerpt":"Le jeune d\u00e9fenseur Schweitzer Jacques, l\u2019un des talents \u00a0prometteurs de Gona\u00efves, franchit une nouvelle \u00e9tape dans sa carri\u00e8re. Appr\u00e9ci\u00e9 pour sa discipline et son potentiel, il s\u2019appr\u00eate \u00e0 vivre sa premi\u00e8re exp\u00e9rience dans le championnat national sp\u00e9cial D1 sous les couleurs de Don Bosco FC. Une opportunit\u00e9 majeure pour ce\u2026","rel":"","context":"In &quot;SPORT&quot;","block_context":{"text":"SPORT","link":"https:\/\/radioecoutefm.com\/index.php\/category\/sport\/"},"img":{"alt_text":"","src":"https:\/\/i0.wp.com\/radioecoutefm.com\/wp-content\/uploads\/2025\/03\/IMG_1372.jpeg?fit=810%2C1080&ssl=1&resize=350%2C200","width":350,"height":200,"srcset":"https:\/\/i0.wp.com\/radioecoutefm.com\/wp-content\/uploads\/2025\/03\/IMG_1372.jpeg?fit=810%2C1080&ssl=1&resize=350%2C200 1x, https:\/\/i0.wp.com\/radioecoutefm.com\/wp-content\/uploads\/2025\/03\/IMG_1372.jpeg?fit=810%2C1080&ssl=1&resize=525%2C300 1.5x, https:\/\/i0.wp.com\/radioecoutefm.com\/wp-content\/uploads\/2025\/03\/IMG_1372.jpeg?fit=810%2C1080&ssl=1&resize=700%2C400 2x"},"classes":[]}],"authors":[{"term_id":15,"user_id":1,"is_guest":0,"slug":"borgellaattis","display_name":"Ecoute FM","avatar_url":"https:\/\/secure.gravatar.com\/avatar\/a5369629745bf29c5deb65198d5e38aed1dc2c880c04b3b630ab3f6e8c623b70?s=96&d=mm&r=g","0":null,"1":"","2":"","3":"","4":"","5":"","6":"","7":"","8":""}],"_links":{"self":[{"href":"https:\/\/radioecoutefm.com\/index.php\/wp-json\/wp\/v2\/posts\/3283","targetHints":{"allow":["GET"]}}],"collection":[{"href":"https:\/\/radioecoutefm.com\/index.php\/wp-json\/wp\/v2\/posts"}],"about":[{"href":"https:\/\/radioecoutefm.com\/index.php\/wp-json\/wp\/v2\/types\/post"}],"author":[{"embeddable":true,"href":"https:\/\/radioecoutefm.com\/index.php\/wp-json\/wp\/v2\/users\/1"}],"replies":[{"embeddable":true,"href":"https:\/\/radioecoutefm.com\/index.php\/wp-json\/wp\/v2\/comments?post=3283"}],"version-history":[{"count":1,"href":"https:\/\/radioecoutefm.com\/index.php\/wp-json\/wp\/v2\/posts\/3283\/revisions"}],"predecessor-version":[{"id":3288,"href":"https:\/\/radioecoutefm.com\/index.php\/wp-json\/wp\/v2\/posts\/3283\/revisions\/3288"}],"wp:featuredmedia":[{"embeddable":true,"href":"https:\/\/radioecoutefm.com\/index.php\/wp-json\/wp\/v2\/media\/3284"}],"wp:attachment":[{"href":"https:\/\/radioecoutefm.com\/index.php\/wp-json\/wp\/v2\/media?parent=3283"}],"wp:term":[{"taxonomy":"category","embeddable":true,"href":"https:\/\/radioecoutefm.com\/index.php\/wp-json\/wp\/v2\/categories?post=3283"},{"taxonomy":"post_tag","embeddable":true,"href":"https:\/\/radioecoutefm.com\/index.php\/wp-json\/wp\/v2\/tags?post=3283"},{"taxonomy":"author","embeddable":true,"href":"https:\/\/radioecoutefm.com\/index.php\/wp-json\/wp\/v2\/ppma_author?post=3283"}],"curies":[{"name":"wp","href":"https:\/\/api.w.org\/{rel}","templated":true}]}}