{"id":3256,"date":"2025-04-22T16:47:25","date_gmt":"2025-04-22T16:47:25","guid":{"rendered":"https:\/\/radioecoutefm.com\/?p=3256"},"modified":"2025-04-22T16:47:58","modified_gmt":"2025-04-22T16:47:58","slug":"republique-dominicaine-un-haitien-arrete-pour-avoir-usurpe-lidentite-dun-consul-du-bresil-et-escroque-ses-compatriotes-avec-de-faux-visas","status":"publish","type":"post","link":"https:\/\/radioecoutefm.com\/index.php\/2025\/04\/22\/republique-dominicaine-un-haitien-arrete-pour-avoir-usurpe-lidentite-dun-consul-du-bresil-et-escroque-ses-compatriotes-avec-de-faux-visas\/","title":{"rendered":"Republique Dominicaine: Un Ha\u00eftien arr\u00eat\u00e9 pour avoir usurp\u00e9 l&#8217;identit\u00e9 d\u2019un consul du Br\u00e9sil et escroqu\u00e9 ses compatriotes avec de faux visas"},"content":{"rendered":"<p class=\"\" data-start=\"284\" data-end=\"610\">La Direction centrale d&#8217;enqu\u00eate criminelle (DICRIM) a proc\u00e9d\u00e9 \u00e0 l\u2019arrestation de Dieuseul Siac, un citoyen ha\u00eftien de 44 ans, accus\u00e9 de s\u2019\u00eatre fait passer pour un consul du Br\u00e9sil dans le but d\u2019escroquer plusieurs de ses compatriotes en leur promettant des visas pour le pays sud-am\u00e9ricain.<\/p>\n<p class=\"\" data-start=\"612\" data-end=\"934\">L\u2019interpellation a eu lieu dans le secteur de San Carlos, dans le District national, alors que le suspect circulait \u00e0 bord d\u2019un v\u00e9hicule Toyota Vitz sur les rues Mexico et Altagracia. Selon les autorit\u00e9s Dominicaine, Siac demandait entre 1 000 et 2 000 dollars am\u00e9ricains \u00e0 ses victimes pour l\u2019obtention de pr\u00e9tendus visas br\u00e9siliens.<\/p>\n<p class=\"\" data-start=\"936\" data-end=\"1227\">Lors de son arrestation, les agents ont saisi 737 dollars en esp\u00e8ces, un passeport \u00e0 son nom, deux t\u00e9l\u00e9phones portables et un lot de 13 passeports appartenant \u00e0 d&#8217;autres citoyens ha\u00eftiens. Divers documents personnels et objets suspects ont \u00e9galement \u00e9t\u00e9 d\u00e9couverts \u00e0 l\u2019int\u00e9rieur du v\u00e9hicule.<\/p>\n<p class=\"\" data-start=\"1229\" data-end=\"1643\">Fait marquant, l\u2019homme arborait autour du cou un portefeuille frapp\u00e9 de l\u2019insigne tricolore de la R\u00e9publique dominicaine contenant trois cartes d&#8217;identit\u00e9 : l\u2019une, d\u2019une entreprise de s\u00e9curit\u00e9 priv\u00e9e, une autre du Minist\u00e8re des aum\u00f4niers internationaux, et une troisi\u00e8me d\u2019une organisation de lutte contre la toxicomanie. Ces documents, selon les autorit\u00e9s, lui servaient de couverture pour renforcer son imposture.<\/p>\n<p class=\"\" data-start=\"1645\" data-end=\"1920\">L\u2019enqu\u00eate pr\u00e9liminaire indique que Dieuseul Siac se pr\u00e9sentait \u00e0 ses victimes comme un diplomate br\u00e9silien, capable de faciliter leur d\u00e9part vers le Br\u00e9sil. Les documents r\u00e9cup\u00e9r\u00e9s laissent penser qu\u2019il aurait organis\u00e9 une op\u00e9ration bien rod\u00e9e d\u2019escroquerie \u00e0 l\u2019\u00e9chelle communautaire.<\/p>\n<p class=\"\" data-start=\"1922\" data-end=\"2151\">Le dossier a \u00e9t\u00e9 transf\u00e9r\u00e9 au D\u00e9partement de la traite et du trafic d&#8217;\u00eatres humains pour une enqu\u00eate approfondie. Dieuseul Siac devrait \u00eatre prochainement d\u00e9f\u00e9r\u00e9 devant le parquet pour r\u00e9pondre des accusations port\u00e9es contre lui.<\/p>\n","protected":false},"excerpt":{"rendered":"<p>La Direction centrale d&#8217;enqu\u00eate criminelle (DICRIM) a proc\u00e9d\u00e9 \u00e0 l\u2019arrestation de Dieuseul Siac, un citoyen ha\u00eftien de 44 ans, accus\u00e9 de s\u2019\u00eatre fait passer pour un consul du Br\u00e9sil dans le but d\u2019escroquer plusieurs de ses compatriotes en leur promettant des visas pour le pays sud-am\u00e9ricain. L\u2019interpellation a eu lieu dans le secteur de San [&hellip;]<\/p>\n","protected":false},"author":1,"featured_media":3257,"comment_status":"open","ping_status":"open","sticky":false,"template":"","format":"standard","meta":{"_uag_custom_page_level_css":"","jetpack_post_was_ever_published":false,"_jetpack_newsletter_access":"","_jetpack_dont_email_post_to_subs":false,"_jetpack_newsletter_tier_id":0,"_jetpack_memberships_contains_paywalled_content":false,"_jetpack_memberships_contains_paid_content":false,"footnotes":"","jetpack_publicize_message":"","jetpack_publicize_feature_enabled":true,"jetpack_social_post_already_shared":true,"jetpack_social_options":{"image_generator_settings":{"template":"highway","default_image_id":0,"font":"","enabled":false},"version":2}},"categories":[46,51],"tags":[],"ppma_author":[15],"class_list":["post-3256","post","type-post","status-publish","format-standard","has-post-thumbnail","hentry","category-international","category-societe"],"aioseo_notices":[],"jetpack_publicize_connections":[],"jetpack_featured_media_url":"https:\/\/i0.wp.com\/radioecoutefm.com\/wp-content\/uploads\/2025\/04\/Haitien-arrete.jpeg?fit=950%2C465&ssl=1","uagb_featured_image_src":{"full":["https:\/\/i0.wp.com\/radioecoutefm.com\/wp-content\/uploads\/2025\/04\/Haitien-arrete.jpeg?fit=950%2C465&ssl=1",950,465,false],"thumbnail":["https:\/\/i0.wp.com\/radioecoutefm.com\/wp-content\/uploads\/2025\/04\/Haitien-arrete.jpeg?resize=150%2C150&ssl=1",150,150,true],"medium":["https:\/\/i0.wp.com\/radioecoutefm.com\/wp-content\/uploads\/2025\/04\/Haitien-arrete.jpeg?fit=300%2C147&ssl=1",300,147,true],"medium_large":["https:\/\/i0.wp.com\/radioecoutefm.com\/wp-content\/uploads\/2025\/04\/Haitien-arrete.jpeg?fit=640%2C313&ssl=1",640,313,true],"large":["https:\/\/i0.wp.com\/radioecoutefm.com\/wp-content\/uploads\/2025\/04\/Haitien-arrete.jpeg?fit=640%2C313&ssl=1",640,313,true],"1536x1536":["https:\/\/i0.wp.com\/radioecoutefm.com\/wp-content\/uploads\/2025\/04\/Haitien-arrete.jpeg?fit=950%2C465&ssl=1",950,465,true],"2048x2048":["https:\/\/i0.wp.com\/radioecoutefm.com\/wp-content\/uploads\/2025\/04\/Haitien-arrete.jpeg?fit=950%2C465&ssl=1",950,465,true],"newsair-slider-full":["https:\/\/i0.wp.com\/radioecoutefm.com\/wp-content\/uploads\/2025\/04\/Haitien-arrete.jpeg?resize=950%2C465&ssl=1",950,465,true],"newsair-featured":["https:\/\/i0.wp.com\/radioecoutefm.com\/wp-content\/uploads\/2025\/04\/Haitien-arrete.jpeg?fit=950%2C465&ssl=1",950,465,true],"newsair-medium":["https:\/\/i0.wp.com\/radioecoutefm.com\/wp-content\/uploads\/2025\/04\/Haitien-arrete.jpeg?resize=720%2C380&ssl=1",720,380,true]},"uagb_author_info":{"display_name":"Ecoute FM","author_link":"https:\/\/radioecoutefm.com\/index.php\/author\/borgellaattis\/"},"uagb_comment_info":0,"uagb_excerpt":"La Direction centrale d&#8217;enqu\u00eate criminelle (DICRIM) a proc\u00e9d\u00e9 \u00e0 l\u2019arrestation de Dieuseul Siac, un citoyen ha\u00eftien de 44 ans, accus\u00e9 de s\u2019\u00eatre fait passer pour un consul du Br\u00e9sil dans le but d\u2019escroquer plusieurs de ses compatriotes en leur promettant des visas pour le pays sud-am\u00e9ricain. L\u2019interpellation a eu lieu dans le secteur de San&hellip;","jetpack_sharing_enabled":true,"jetpack_shortlink":"https:\/\/wp.me\/pgoyna-Qw","jetpack-related-posts":[{"id":3487,"url":"https:\/\/radioecoutefm.com\/index.php\/2025\/04\/26\/immigration-haiti-met-en-garde-la-republique-dominicaine-sur-la-situation-de-ses-migrants\/","url_meta":{"origin":3256,"position":0},"title":"Immigration: Ha\u00efti met en garde la R\u00e9publique dominicaine sur la situation de ses migrants","author":"Ecoute FM","date":"26.04.2025","format":false,"excerpt":"Face \u00e0 la mont\u00e9e des actes de violence et de discrimination visant les ressortissants ha\u00eftiens en R\u00e9publique dominicaine, le gouvernement ha\u00eftien a convoqu\u00e9, ce vendredi 25 avril 2025, l'ambassadeur dominicain \u00e0 Port-au-Prince, Faruk Miguel Castillo. Au cours de cette rencontre officielle, au minist\u00e8re des Affaires \u00c9trang\u00e8res et des Cultes, le\u2026","rel":"","context":"In &quot;MIGRATION&quot;","block_context":{"text":"MIGRATION","link":"https:\/\/radioecoutefm.com\/index.php\/category\/migration\/"},"img":{"alt_text":"","src":"https:\/\/i0.wp.com\/radioecoutefm.com\/wp-content\/uploads\/2025\/04\/B239C043-3C67-4598-B15C-5127D69DC4C6.jpeg?fit=1200%2C903&ssl=1&resize=350%2C200","width":350,"height":200,"srcset":"https:\/\/i0.wp.com\/radioecoutefm.com\/wp-content\/uploads\/2025\/04\/B239C043-3C67-4598-B15C-5127D69DC4C6.jpeg?fit=1200%2C903&ssl=1&resize=350%2C200 1x, https:\/\/i0.wp.com\/radioecoutefm.com\/wp-content\/uploads\/2025\/04\/B239C043-3C67-4598-B15C-5127D69DC4C6.jpeg?fit=1200%2C903&ssl=1&resize=525%2C300 1.5x, https:\/\/i0.wp.com\/radioecoutefm.com\/wp-content\/uploads\/2025\/04\/B239C043-3C67-4598-B15C-5127D69DC4C6.jpeg?fit=1200%2C903&ssl=1&resize=700%2C400 2x, https:\/\/i0.wp.com\/radioecoutefm.com\/wp-content\/uploads\/2025\/04\/B239C043-3C67-4598-B15C-5127D69DC4C6.jpeg?fit=1200%2C903&ssl=1&resize=1050%2C600 3x"},"classes":[]},{"id":3499,"url":"https:\/\/radioecoutefm.com\/index.php\/2025\/04\/27\/immigration-nouveaux-creneaux-annonces-pour-les-visas-du-bresil\/","url_meta":{"origin":3256,"position":1},"title":"Immigration : Nouveaux cr\u00e9neaux annonc\u00e9s pour les visas du Br\u00e9sil","author":"Ecoute FM","date":"27.04.2025","format":false,"excerpt":"En raison des r\u00e9cents blocages survenus dans le pays, le Centre de r\u00e9ception des demandes de visas pour le Br\u00e9sil (CAVB) a \u00e9t\u00e9 contraint de suspendre ses activit\u00e9s les 3, 4 et 16 avril 2025. Cette fermeture exceptionnelle a entra\u00een\u00e9 l\u2019annulation de nombreux rendez-vous. Le CAVB annonce la r\u00e9ouverture de\u2026","rel":"","context":"In &quot;MIGRATION&quot;","block_context":{"text":"MIGRATION","link":"https:\/\/radioecoutefm.com\/index.php\/category\/migration\/"},"img":{"alt_text":"","src":"https:\/\/i0.wp.com\/radioecoutefm.com\/wp-content\/uploads\/2025\/04\/brasil-imm.jpeg?fit=720%2C600&ssl=1&resize=350%2C200","width":350,"height":200,"srcset":"https:\/\/i0.wp.com\/radioecoutefm.com\/wp-content\/uploads\/2025\/04\/brasil-imm.jpeg?fit=720%2C600&ssl=1&resize=350%2C200 1x, https:\/\/i0.wp.com\/radioecoutefm.com\/wp-content\/uploads\/2025\/04\/brasil-imm.jpeg?fit=720%2C600&ssl=1&resize=525%2C300 1.5x, https:\/\/i0.wp.com\/radioecoutefm.com\/wp-content\/uploads\/2025\/04\/brasil-imm.jpeg?fit=720%2C600&ssl=1&resize=700%2C400 2x"},"classes":[]},{"id":5858,"url":"https:\/\/radioecoutefm.com\/index.php\/2025\/09\/17\/ancelot-desir-un-haitien-candidat-au-conseil-municipal-des-immigrants-de-sao-paulo\/","url_meta":{"origin":3256,"position":2},"title":"Ancelot D\u00e9sir, un Ha\u00eftien candidat au Conseil Municipal des Immigrants de S\u00e3o Paulo","author":"Ecoute FM","date":"17.09.2025","format":false,"excerpt":"Le 5 octobre prochain, les immigr\u00e9s de S\u00e3o Paulo se rendront aux urnes pour \u00e9lire leurs repr\u00e9sentants au sein du Conseil Municipal des Immigrants (CMI), une structure consultative qui favorise la participation citoyenne des \u00e9trangers dans la vie locale. Ces \u00e9lections, ouvertes \u00e0 tous les immigr\u00e9s sans distinction de statut\u2026","rel":"","context":"In &quot;MIGRATION&quot;","block_context":{"text":"MIGRATION","link":"https:\/\/radioecoutefm.com\/index.php\/category\/migration\/"},"img":{"alt_text":"","src":"https:\/\/i0.wp.com\/radioecoutefm.com\/wp-content\/uploads\/2025\/09\/Ancelot.png?fit=574%2C271&ssl=1&resize=350%2C200","width":350,"height":200,"srcset":"https:\/\/i0.wp.com\/radioecoutefm.com\/wp-content\/uploads\/2025\/09\/Ancelot.png?fit=574%2C271&ssl=1&resize=350%2C200 1x, https:\/\/i0.wp.com\/radioecoutefm.com\/wp-content\/uploads\/2025\/09\/Ancelot.png?fit=574%2C271&ssl=1&resize=525%2C300 1.5x"},"classes":[]},{"id":1954,"url":"https:\/\/radioecoutefm.com\/index.php\/2025\/03\/23\/des-complots-cubains-contre-duvalier-et-castro-la-republique-dominicaine-au-coeur-des-operations-secretes\/","url_meta":{"origin":3256,"position":3},"title":"Des complots cubains contre Duvalier et Castro : La R\u00e9publique dominicaine au c\u0153ur des op\u00e9rations secr\u00e8tes","author":"Ecoute FM","date":"23.03.2025","format":false,"excerpt":"La R\u00e9publique dominicaine a \u00e9t\u00e9 un centre n\u00e9vralgique pour plusieurs complots destin\u00e9s \u00e0 renverser les r\u00e9gimes de Fran\u00e7ois Duvalier en Ha\u00efti et de Fidel Castro \u00e0 Cuba, selon des documents r\u00e9cemment d\u00e9classifi\u00e9s par l'administration du pr\u00e9sident am\u00e9ricain Donald Trump. Ces r\u00e9v\u00e9lations mettent en lumi\u00e8re l'implication de groupes arm\u00e9s dirig\u00e9s par\u2026","rel":"","context":"In &quot;POLITIQUE&quot;","block_context":{"text":"POLITIQUE","link":"https:\/\/radioecoutefm.com\/index.php\/category\/politique\/"},"img":{"alt_text":"","src":"","width":0,"height":0},"classes":[]},{"id":5652,"url":"https:\/\/radioecoutefm.com\/index.php\/2025\/07\/24\/washington-durcit-le-ton-les-diplomates-haitiens-desormais-prives-de-visa\/","url_meta":{"origin":3256,"position":4},"title":"Washington durcit le ton : les diplomates ha\u00eftiens d\u00e9sormais priv\u00e9s de visa","author":"Ecoute FM","date":"24.07.2025","format":false,"excerpt":"Dans une d\u00e9cision sans pr\u00e9c\u00e9dent, les autorit\u00e9s am\u00e9ricaines ont suspendu la d\u00e9livrance des visas B1\/B2 aux ressortissants ha\u00eftiens, y compris aux d\u00e9tenteurs de passeports diplomatiques et officiels. L'information a \u00e9t\u00e9 relay\u00e9e le 23 juillet 2025 par l\u2019Ambassade d\u2019Ha\u00efti en R\u00e9publique Dominicaine, qui a confirm\u00e9 que l\u2019Ambassade des \u00c9tats-Unis \u00e0 Santo\u2026","rel":"","context":"In &quot;MIGRATION&quot;","block_context":{"text":"MIGRATION","link":"https:\/\/radioecoutefm.com\/index.php\/category\/migration\/"},"img":{"alt_text":"","src":"https:\/\/i0.wp.com\/radioecoutefm.com\/wp-content\/uploads\/2025\/07\/Screenshot-2025-07-24-at-13-42-51-visa-b1b2-Google-Search.png?fit=573%2C331&ssl=1&resize=350%2C200","width":350,"height":200,"srcset":"https:\/\/i0.wp.com\/radioecoutefm.com\/wp-content\/uploads\/2025\/07\/Screenshot-2025-07-24-at-13-42-51-visa-b1b2-Google-Search.png?fit=573%2C331&ssl=1&resize=350%2C200 1x, https:\/\/i0.wp.com\/radioecoutefm.com\/wp-content\/uploads\/2025\/07\/Screenshot-2025-07-24-at-13-42-51-visa-b1b2-Google-Search.png?fit=573%2C331&ssl=1&resize=525%2C300 1.5x"},"classes":[]},{"id":1897,"url":"https:\/\/radioecoutefm.com\/index.php\/2025\/03\/20\/me-andre-michel-agresse-par-un-groupe-haitien-en-republique-dominicaine\/","url_meta":{"origin":3256,"position":5},"title":"Me Andr\u00e9 Michel agress\u00e9 par un groupe ha\u00eftien en R\u00e9publique Dominicaine","author":"Claude DIEUPHENE","date":"20.03.2025","format":false,"excerpt":"Le militant politique Me Andr\u00e9 Michel a re\u00e7u de l'aide de l'arm\u00e9e dominicaine \u00e0 Dajab\u00f3n face \u00e0 une foule de ressortissants ha\u00eftiens le jeudi 20 mars 2025, alors qu'il se rendait en R\u00e9publique Dominicaine. Le porte-parole du SDP a \u00e9t\u00e9 la cible de ces ressortissants ha\u00eftiens qui lan\u00e7aient des propos\u2026","rel":"","context":"In &quot;INSECURITE&quot;","block_context":{"text":"INSECURITE","link":"https:\/\/radioecoutefm.com\/index.php\/category\/securite\/"},"img":{"alt_text":"","src":"https:\/\/i0.wp.com\/radioecoutefm.com\/wp-content\/uploads\/2025\/03\/90EF8265-CA3F-4879-AEEC-BA8B16CDA276.jpeg?fit=720%2C405&ssl=1&resize=350%2C200","width":350,"height":200,"srcset":"https:\/\/i0.wp.com\/radioecoutefm.com\/wp-content\/uploads\/2025\/03\/90EF8265-CA3F-4879-AEEC-BA8B16CDA276.jpeg?fit=720%2C405&ssl=1&resize=350%2C200 1x, https:\/\/i0.wp.com\/radioecoutefm.com\/wp-content\/uploads\/2025\/03\/90EF8265-CA3F-4879-AEEC-BA8B16CDA276.jpeg?fit=720%2C405&ssl=1&resize=525%2C300 1.5x, https:\/\/i0.wp.com\/radioecoutefm.com\/wp-content\/uploads\/2025\/03\/90EF8265-CA3F-4879-AEEC-BA8B16CDA276.jpeg?fit=720%2C405&ssl=1&resize=700%2C400 2x"},"classes":[]}],"authors":[{"term_id":15,"user_id":1,"is_guest":0,"slug":"borgellaattis","display_name":"Ecoute FM","avatar_url":"https:\/\/secure.gravatar.com\/avatar\/a5369629745bf29c5deb65198d5e38aed1dc2c880c04b3b630ab3f6e8c623b70?s=96&d=mm&r=g","0":null,"1":"","2":"","3":"","4":"","5":"","6":"","7":"","8":""}],"_links":{"self":[{"href":"https:\/\/radioecoutefm.com\/index.php\/wp-json\/wp\/v2\/posts\/3256","targetHints":{"allow":["GET"]}}],"collection":[{"href":"https:\/\/radioecoutefm.com\/index.php\/wp-json\/wp\/v2\/posts"}],"about":[{"href":"https:\/\/radioecoutefm.com\/index.php\/wp-json\/wp\/v2\/types\/post"}],"author":[{"embeddable":true,"href":"https:\/\/radioecoutefm.com\/index.php\/wp-json\/wp\/v2\/users\/1"}],"replies":[{"embeddable":true,"href":"https:\/\/radioecoutefm.com\/index.php\/wp-json\/wp\/v2\/comments?post=3256"}],"version-history":[{"count":1,"href":"https:\/\/radioecoutefm.com\/index.php\/wp-json\/wp\/v2\/posts\/3256\/revisions"}],"predecessor-version":[{"id":3261,"href":"https:\/\/radioecoutefm.com\/index.php\/wp-json\/wp\/v2\/posts\/3256\/revisions\/3261"}],"wp:featuredmedia":[{"embeddable":true,"href":"https:\/\/radioecoutefm.com\/index.php\/wp-json\/wp\/v2\/media\/3257"}],"wp:attachment":[{"href":"https:\/\/radioecoutefm.com\/index.php\/wp-json\/wp\/v2\/media?parent=3256"}],"wp:term":[{"taxonomy":"category","embeddable":true,"href":"https:\/\/radioecoutefm.com\/index.php\/wp-json\/wp\/v2\/categories?post=3256"},{"taxonomy":"post_tag","embeddable":true,"href":"https:\/\/radioecoutefm.com\/index.php\/wp-json\/wp\/v2\/tags?post=3256"},{"taxonomy":"author","embeddable":true,"href":"https:\/\/radioecoutefm.com\/index.php\/wp-json\/wp\/v2\/ppma_author?post=3256"}],"curies":[{"name":"wp","href":"https:\/\/api.w.org\/{rel}","templated":true}]}}