{"id":3081,"date":"2025-04-18T17:32:10","date_gmt":"2025-04-18T17:32:10","guid":{"rendered":"https:\/\/radioecoutefm.com\/?p=3081"},"modified":"2025-04-18T17:37:20","modified_gmt":"2025-04-18T17:37:20","slug":"viv-ansanm-et-gran-grif-dans-le-viseur-des-etats-unis-vers-une-reponse-antiterroriste","status":"publish","type":"post","link":"https:\/\/radioecoutefm.com\/index.php\/2025\/04\/18\/viv-ansanm-et-gran-grif-dans-le-viseur-des-etats-unis-vers-une-reponse-antiterroriste\/","title":{"rendered":"Viv Ansanm et Gran Grif dans le viseur des \u00c9tats-Unis, vers une r\u00e9ponse antiterroriste"},"content":{"rendered":"<p>Les gangs arm\u00e9s qui s\u00e8ment la terreur en Ha\u00efti pourraient bient\u00f4t \u00eatre officiellement reconnus comme des organisations terroristes \u00e9trang\u00e8res par le gouvernement am\u00e9ricain. Cette mesure viserait notamment la coalition Viv Ansanm et le groupe Gran Grif, actifs \u00e0 Port-au-Prince et dans la r\u00e9gion de l\u2019Artibonite. Selon un article du Miami Herald, cette d\u00e9signation permettrait aux \u00c9tats-Unis de poursuivre toute personne ou institution impliqu\u00e9e dans leur financement ou leur armement, y compris \u00e0 l\u2019\u00e9tranger. Des sanctions lourdes et des peines s\u00e9v\u00e8res pourraient s\u2019appliquer, allant jusqu\u2019\u00e0 l\u2019emprisonnement dans des \u00e9tablissements de haute s\u00e9curit\u00e9.<\/p>\n<p>Dans cette logique, des membres influents de ces gangs ha\u00eftiens pourraient \u00eatre transf\u00e9r\u00e9s vers le CECOT, la prison de haute s\u00e9curit\u00e9 salvadorienne connue sous le nom de Centre de Confinement du Terrorisme. Ce m\u00e9ga-complexe carc\u00e9ral, situ\u00e9 \u00e0 Tecoluca au Salvador, est consid\u00e9r\u00e9 comme l\u2019un des plus stricts et redout\u00e9s d\u2019Am\u00e9rique latine. D\u00e9j\u00e0 utilis\u00e9 pour incarc\u00e9rer des membres de gangs comme MS-13 ou Tren de Aragua, le CECOT pourrait d\u00e9sormais accueillir des criminels ha\u00eftiens reconnus comme terroristes, selon les autorit\u00e9s am\u00e9ricaines cit\u00e9es dans l\u2019article.<\/p>\n<p>Cependant, cette initiative suscite des inqui\u00e9tudes. Des experts en droit international soulignent que la d\u00e9signation de groupes internes comme terroristes pourrait nuire \u00e0 l\u2019image et \u00e0 l\u2019\u00e9conomie d\u2019Ha\u00efti, affectant les investissements \u00e9trangers, les assurances, et m\u00eame le secteur du tourisme. Malgr\u00e9 cela, plusieurs figures politiques ha\u00eftiennes, dont l\u2019ancien Premier ministre Claude Joseph, ont officiellement demand\u00e9 aux \u00c9tats-Unis d\u2019adopter cette d\u00e9signation contre Viv Ansanm, soulignant que ces gangs repr\u00e9sentent une menace non seulement pour Ha\u00efti, mais aussi pour la s\u00e9curit\u00e9 de toute la r\u00e9gion, selon le journal.<\/p>\n<p>Miami Herald a fait savoir, cette mesure pourrait marquer un tournant radical dans la r\u00e9ponse internationale \u00e0 la crise ha\u00eftienne. Face \u00e0 des gangs qui continuent d\u2019\u00e9largir leur influence et de d\u00e9fier les forces de l\u2019ordre, la strat\u00e9gie am\u00e9ricaine semble s\u2019orienter vers une militarisation accrue de la r\u00e9ponse, avec des cons\u00e9quences judiciaires et g\u00e9opolitiques majeures. Reste \u00e0 savoir si la justice ha\u00eftienne acceptera l\u2019\u00e9ventuelle extradition de ses ressortissants vers des prisons \u00e9trang\u00e8res comme le CECOT.<\/p>\n","protected":false},"excerpt":{"rendered":"<p>Les gangs arm\u00e9s qui s\u00e8ment la terreur en Ha\u00efti pourraient bient\u00f4t \u00eatre officiellement reconnus comme des organisations terroristes \u00e9trang\u00e8res par le gouvernement am\u00e9ricain. Cette mesure viserait notamment la coalition Viv Ansanm et le groupe Gran Grif, actifs \u00e0 Port-au-Prince et dans la r\u00e9gion de l\u2019Artibonite. Selon un article du Miami Herald, cette d\u00e9signation permettrait aux [&hellip;]<\/p>\n","protected":false},"author":1,"featured_media":3082,"comment_status":"open","ping_status":"open","sticky":false,"template":"","format":"standard","meta":{"_uag_custom_page_level_css":"","jetpack_post_was_ever_published":false,"_jetpack_newsletter_access":"","_jetpack_dont_email_post_to_subs":false,"_jetpack_newsletter_tier_id":0,"_jetpack_memberships_contains_paywalled_content":false,"_jetpack_memberships_contains_paid_content":false,"footnotes":"","jetpack_publicize_message":"","jetpack_publicize_feature_enabled":true,"jetpack_social_post_already_shared":true,"jetpack_social_options":{"image_generator_settings":{"template":"highway","default_image_id":0,"font":"","enabled":false},"version":2}},"categories":[57],"tags":[],"ppma_author":[15],"class_list":["post-3081","post","type-post","status-publish","format-standard","has-post-thumbnail","hentry","category-securite"],"aioseo_notices":[],"jetpack_publicize_connections":[],"jetpack_featured_media_url":"https:\/\/i0.wp.com\/radioecoutefm.com\/wp-content\/uploads\/2025\/04\/IMG_1729.jpeg?fit=1110%2C740&ssl=1","uagb_featured_image_src":{"full":["https:\/\/i0.wp.com\/radioecoutefm.com\/wp-content\/uploads\/2025\/04\/IMG_1729.jpeg?fit=1110%2C740&ssl=1",1110,740,false],"thumbnail":["https:\/\/i0.wp.com\/radioecoutefm.com\/wp-content\/uploads\/2025\/04\/IMG_1729.jpeg?resize=150%2C150&ssl=1",150,150,true],"medium":["https:\/\/i0.wp.com\/radioecoutefm.com\/wp-content\/uploads\/2025\/04\/IMG_1729.jpeg?fit=300%2C200&ssl=1",300,200,true],"medium_large":["https:\/\/i0.wp.com\/radioecoutefm.com\/wp-content\/uploads\/2025\/04\/IMG_1729.jpeg?fit=640%2C427&ssl=1",640,427,true],"large":["https:\/\/i0.wp.com\/radioecoutefm.com\/wp-content\/uploads\/2025\/04\/IMG_1729.jpeg?fit=640%2C427&ssl=1",640,427,true],"1536x1536":["https:\/\/i0.wp.com\/radioecoutefm.com\/wp-content\/uploads\/2025\/04\/IMG_1729.jpeg?fit=1110%2C740&ssl=1",1110,740,true],"2048x2048":["https:\/\/i0.wp.com\/radioecoutefm.com\/wp-content\/uploads\/2025\/04\/IMG_1729.jpeg?fit=1110%2C740&ssl=1",1110,740,true],"newsair-slider-full":["https:\/\/i0.wp.com\/radioecoutefm.com\/wp-content\/uploads\/2025\/04\/IMG_1729.jpeg?resize=1110%2C720&ssl=1",1110,720,true],"newsair-featured":["https:\/\/i0.wp.com\/radioecoutefm.com\/wp-content\/uploads\/2025\/04\/IMG_1729.jpeg?fit=1024%2C683&ssl=1",1024,683,true],"newsair-medium":["https:\/\/i0.wp.com\/radioecoutefm.com\/wp-content\/uploads\/2025\/04\/IMG_1729.jpeg?resize=720%2C380&ssl=1",720,380,true]},"uagb_author_info":{"display_name":"Ecoute FM","author_link":"https:\/\/radioecoutefm.com\/index.php\/author\/borgellaattis\/"},"uagb_comment_info":0,"uagb_excerpt":"Les gangs arm\u00e9s qui s\u00e8ment la terreur en Ha\u00efti pourraient bient\u00f4t \u00eatre officiellement reconnus comme des organisations terroristes \u00e9trang\u00e8res par le gouvernement am\u00e9ricain. Cette mesure viserait notamment la coalition Viv Ansanm et le groupe Gran Grif, actifs \u00e0 Port-au-Prince et dans la r\u00e9gion de l\u2019Artibonite. Selon un article du Miami Herald, cette d\u00e9signation permettrait aux&hellip;","jetpack_sharing_enabled":true,"jetpack_shortlink":"https:\/\/wp.me\/pgoyna-NH","jetpack-related-posts":[{"id":3715,"url":"https:\/\/radioecoutefm.com\/index.php\/2025\/05\/02\/baz-gran-grif-et-viv-ansanm-designes-terroristes-transnationaux-par-les-etats-unis\/","url_meta":{"origin":3081,"position":0},"title":"Baz Gran Grif et Viv Ansanm d\u00e9sign\u00e9s terroristes transnationaux par les Etats-Unis","author":"Ecoute FM","date":"02.05.2025","format":false,"excerpt":"Deux des groupes arm\u00e9s les plus redout\u00e9s du pays, Gran Grif et Viv Ansanm (G9), viennent d\u2019\u00eatre inscrits par les \u00c9tats-Unis sur la liste noire des organisations terroristes transnationales. Cette d\u00e9cision, prise en vertu du d\u00e9cret pr\u00e9sidentiel 13224 modifi\u00e9, marque un nouveau tournant dans la r\u00e9ponse internationale \u00e0 la crise\u2026","rel":"","context":"In &quot;INSECURITE&quot;","block_context":{"text":"INSECURITE","link":"https:\/\/radioecoutefm.com\/index.php\/category\/securite\/"},"img":{"alt_text":"","src":"https:\/\/i0.wp.com\/radioecoutefm.com\/wp-content\/uploads\/2025\/05\/BBC.webp?fit=640%2C427&ssl=1&resize=350%2C200","width":350,"height":200,"srcset":"https:\/\/i0.wp.com\/radioecoutefm.com\/wp-content\/uploads\/2025\/05\/BBC.webp?fit=640%2C427&ssl=1&resize=350%2C200 1x, https:\/\/i0.wp.com\/radioecoutefm.com\/wp-content\/uploads\/2025\/05\/BBC.webp?fit=640%2C427&ssl=1&resize=525%2C300 1.5x"},"classes":[]},{"id":3782,"url":"https:\/\/radioecoutefm.com\/index.php\/2025\/05\/04\/les-etats-unis-discutent-avec-loea-pour-le-deploiement-de-troupes-latino-americaines-en-haiti\/","url_meta":{"origin":3081,"position":1},"title":"Les \u00c9tats-Unis discutent avec l\u2019OEA pour le d\u00e9ploiement de troupes latino-am\u00e9ricaines en Ha\u00efti","author":"Ecoute FM","date":"04.05.2025","format":false,"excerpt":"Face \u00e0 la d\u00e9gradation alarmante de la situation s\u00e9curitaire en Ha\u00efti, les \u00c9tats-Unis ont engag\u00e9 des pourparlers avec l\u2019Organisation des \u00c9tats Am\u00e9ricains (OEA) pour coordonner le d\u00e9ploiement de troupes issues de pays d\u2019Am\u00e9rique latine. L\u2019objectif de cette initiative est de contenir l\u2019influence croissante des gangs arm\u00e9s qui contr\u00f4lent de vastes\u2026","rel":"","context":"In &quot;INTERNATIONAL&quot;","block_context":{"text":"INTERNATIONAL","link":"https:\/\/radioecoutefm.com\/index.php\/category\/international\/"},"img":{"alt_text":"","src":"","width":0,"height":0},"classes":[]},{"id":4542,"url":"https:\/\/radioecoutefm.com\/index.php\/2025\/05\/26\/les-etats-unis-sattaquent-a-la-complicite-entre-elites-haitiennes-et-gangs-armes\/","url_meta":{"origin":3081,"position":2},"title":"Les \u00c9tats-Unis s\u2019attaquent \u00e0 la complicit\u00e9 entre \u00e9lites ha\u00eftiennes et gangs arm\u00e9s","author":"Ecoute FM","date":"26.05.2025","format":false,"excerpt":"Un groupe bipartite de s\u00e9nateurs am\u00e9ricains, dirig\u00e9 par Rick Scott, a pr\u00e9sent\u00e9 une proposition de loi intitul\u00e9e: Haiti Criminal Collusion Transparency Act. Cette l\u00e9gislation vise \u00e0 exposer et sanctionner les liens entre les gangs criminels ha\u00eftiens et certaines figures politiques et \u00e9conomiques influentes du pays. Selon les auteurs du texte,\u2026","rel":"","context":"In &quot;SECURITE&quot;","block_context":{"text":"SECURITE","link":"https:\/\/radioecoutefm.com\/index.php\/category\/insecurite\/"},"img":{"alt_text":"","src":"https:\/\/i0.wp.com\/radioecoutefm.com\/wp-content\/uploads\/2025\/05\/IMG_2123.jpeg?fit=1200%2C674&ssl=1&resize=350%2C200","width":350,"height":200,"srcset":"https:\/\/i0.wp.com\/radioecoutefm.com\/wp-content\/uploads\/2025\/05\/IMG_2123.jpeg?fit=1200%2C674&ssl=1&resize=350%2C200 1x, https:\/\/i0.wp.com\/radioecoutefm.com\/wp-content\/uploads\/2025\/05\/IMG_2123.jpeg?fit=1200%2C674&ssl=1&resize=525%2C300 1.5x, https:\/\/i0.wp.com\/radioecoutefm.com\/wp-content\/uploads\/2025\/05\/IMG_2123.jpeg?fit=1200%2C674&ssl=1&resize=700%2C400 2x, https:\/\/i0.wp.com\/radioecoutefm.com\/wp-content\/uploads\/2025\/05\/IMG_2123.jpeg?fit=1200%2C674&ssl=1&resize=1050%2C600 3x"},"classes":[]},{"id":1585,"url":"https:\/\/radioecoutefm.com\/index.php\/2025\/03\/13\/les-gangs-de-viv-ansanm-ont-incendie-radio-television-caraibes\/","url_meta":{"origin":3081,"position":3},"title":"Les gangs de &#8220;Viv Ansanm&#8221; ont incendi\u00e9 Radio T\u00e9l\u00e9vision Cara\u00efbes","author":"Ecoute FM","date":"13.03.2025","format":false,"excerpt":"La violence des gangs continue de semer la terreur dans la capitale ha\u00eftienne. Dans la nuit du jeudi 13 mars 2025, des membres de la coalition criminelle \u00ab Viv Ansanm \u00bb ont attaqu\u00e9 et incendi\u00e9 les locaux de la Radio T\u00e9l\u00e9vision Cara\u00efbes (RTVC), situ\u00e9s \u00e0 la ruelle Chavannes, \u00e0 Port-au-Prince.\u2026","rel":"","context":"In &quot;INSECURITE&quot;","block_context":{"text":"INSECURITE","link":"https:\/\/radioecoutefm.com\/index.php\/category\/securite\/"},"img":{"alt_text":"","src":"https:\/\/i0.wp.com\/radioecoutefm.com\/wp-content\/uploads\/2025\/03\/caraibes.jpeg?fit=720%2C501&ssl=1&resize=350%2C200","width":350,"height":200,"srcset":"https:\/\/i0.wp.com\/radioecoutefm.com\/wp-content\/uploads\/2025\/03\/caraibes.jpeg?fit=720%2C501&ssl=1&resize=350%2C200 1x, https:\/\/i0.wp.com\/radioecoutefm.com\/wp-content\/uploads\/2025\/03\/caraibes.jpeg?fit=720%2C501&ssl=1&resize=525%2C300 1.5x, https:\/\/i0.wp.com\/radioecoutefm.com\/wp-content\/uploads\/2025\/03\/caraibes.jpeg?fit=720%2C501&ssl=1&resize=700%2C400 2x"},"classes":[]},{"id":5004,"url":"https:\/\/radioecoutefm.com\/index.php\/2025\/06\/09\/deux-presumes-criminels-du-groupe-gang-viv-ansanm-arretes-dans-le-cadre-des-operations-policieres\/","url_meta":{"origin":3081,"position":4},"title":"Deux pr\u00e9sum\u00e9s criminels du groupe gang viv ansanm arr\u00eat\u00e9s dans le cadre des op\u00e9rations polici\u00e8res","author":"Ecoute FM","date":"09.06.2025","format":false,"excerpt":"La Police nationale d\u2019Ha\u00efti (PNH) a annonc\u00e9 l\u2019arrestation de Jordany Pierre Paul et de Jean Mario Bien-Aim\u00e9 lors d\u2019une r\u00e9cente op\u00e9ration men\u00e9e \u00e0 Delmas 57. Jordany Pierre Paul, bless\u00e9 gri\u00e8vement au dos lors d\u2019une intervention ant\u00e9rieure contre des repaires criminels, est suspect\u00e9 de liens directs avec des r\u00e9seaux arm\u00e9s. Jean\u2026","rel":"","context":"In &quot;SECURITE&quot;","block_context":{"text":"SECURITE","link":"https:\/\/radioecoutefm.com\/index.php\/category\/insecurite\/"},"img":{"alt_text":"","src":"https:\/\/i0.wp.com\/radioecoutefm.com\/wp-content\/uploads\/2025\/06\/IMG_2219.jpeg?fit=962%2C558&ssl=1&resize=350%2C200","width":350,"height":200,"srcset":"https:\/\/i0.wp.com\/radioecoutefm.com\/wp-content\/uploads\/2025\/06\/IMG_2219.jpeg?fit=962%2C558&ssl=1&resize=350%2C200 1x, https:\/\/i0.wp.com\/radioecoutefm.com\/wp-content\/uploads\/2025\/06\/IMG_2219.jpeg?fit=962%2C558&ssl=1&resize=525%2C300 1.5x, https:\/\/i0.wp.com\/radioecoutefm.com\/wp-content\/uploads\/2025\/06\/IMG_2219.jpeg?fit=962%2C558&ssl=1&resize=700%2C400 2x"},"classes":[]},{"id":3174,"url":"https:\/\/radioecoutefm.com\/index.php\/2025\/04\/21\/haiti-261-policiers-kenyans-en-attente-de-deploiement-deux-deja-tues-par-des-gangs\/","url_meta":{"origin":3081,"position":5},"title":"Ha\u00efti : 261 policiers k\u00e9nyans en attente de d\u00e9ploiement, deux d\u00e9j\u00e0 tu\u00e9s par des gangs","author":"Ecoute FM","date":"21.04.2025","format":false,"excerpt":"Lors d\u2019une session sp\u00e9ciale du Conseil de s\u00e9curit\u00e9 de l\u2019ONU, la ministre k\u00e9nyane de la S\u00e9curit\u00e9 nationale, Monica Juma, a r\u00e9v\u00e9l\u00e9 que 261 policiers k\u00e9nyans \u00e9taient pr\u00eats \u00e0 \u00eatre d\u00e9ploy\u00e9s en Ha\u00efti, mais sont actuellement bloqu\u00e9s en raison d\u2019un manque de soutien logistique et d\u2019\u00e9quipements. Cette situation d\u2019impasse freine les\u2026","rel":"","context":"In &quot;INSECURITE&quot;","block_context":{"text":"INSECURITE","link":"https:\/\/radioecoutefm.com\/index.php\/category\/securite\/"},"img":{"alt_text":"","src":"https:\/\/i0.wp.com\/radioecoutefm.com\/wp-content\/uploads\/2025\/04\/IMG_1757.webp?fit=1200%2C630&ssl=1&resize=350%2C200","width":350,"height":200,"srcset":"https:\/\/i0.wp.com\/radioecoutefm.com\/wp-content\/uploads\/2025\/04\/IMG_1757.webp?fit=1200%2C630&ssl=1&resize=350%2C200 1x, https:\/\/i0.wp.com\/radioecoutefm.com\/wp-content\/uploads\/2025\/04\/IMG_1757.webp?fit=1200%2C630&ssl=1&resize=525%2C300 1.5x, https:\/\/i0.wp.com\/radioecoutefm.com\/wp-content\/uploads\/2025\/04\/IMG_1757.webp?fit=1200%2C630&ssl=1&resize=700%2C400 2x, https:\/\/i0.wp.com\/radioecoutefm.com\/wp-content\/uploads\/2025\/04\/IMG_1757.webp?fit=1200%2C630&ssl=1&resize=1050%2C600 3x"},"classes":[]}],"authors":[{"term_id":15,"user_id":1,"is_guest":0,"slug":"borgellaattis","display_name":"Ecoute FM","avatar_url":"https:\/\/secure.gravatar.com\/avatar\/a5369629745bf29c5deb65198d5e38aed1dc2c880c04b3b630ab3f6e8c623b70?s=96&d=mm&r=g","0":null,"1":"","2":"","3":"","4":"","5":"","6":"","7":"","8":""}],"_links":{"self":[{"href":"https:\/\/radioecoutefm.com\/index.php\/wp-json\/wp\/v2\/posts\/3081","targetHints":{"allow":["GET"]}}],"collection":[{"href":"https:\/\/radioecoutefm.com\/index.php\/wp-json\/wp\/v2\/posts"}],"about":[{"href":"https:\/\/radioecoutefm.com\/index.php\/wp-json\/wp\/v2\/types\/post"}],"author":[{"embeddable":true,"href":"https:\/\/radioecoutefm.com\/index.php\/wp-json\/wp\/v2\/users\/1"}],"replies":[{"embeddable":true,"href":"https:\/\/radioecoutefm.com\/index.php\/wp-json\/wp\/v2\/comments?post=3081"}],"version-history":[{"count":3,"href":"https:\/\/radioecoutefm.com\/index.php\/wp-json\/wp\/v2\/posts\/3081\/revisions"}],"predecessor-version":[{"id":3088,"href":"https:\/\/radioecoutefm.com\/index.php\/wp-json\/wp\/v2\/posts\/3081\/revisions\/3088"}],"wp:featuredmedia":[{"embeddable":true,"href":"https:\/\/radioecoutefm.com\/index.php\/wp-json\/wp\/v2\/media\/3082"}],"wp:attachment":[{"href":"https:\/\/radioecoutefm.com\/index.php\/wp-json\/wp\/v2\/media?parent=3081"}],"wp:term":[{"taxonomy":"category","embeddable":true,"href":"https:\/\/radioecoutefm.com\/index.php\/wp-json\/wp\/v2\/categories?post=3081"},{"taxonomy":"post_tag","embeddable":true,"href":"https:\/\/radioecoutefm.com\/index.php\/wp-json\/wp\/v2\/tags?post=3081"},{"taxonomy":"author","embeddable":true,"href":"https:\/\/radioecoutefm.com\/index.php\/wp-json\/wp\/v2\/ppma_author?post=3081"}],"curies":[{"name":"wp","href":"https:\/\/api.w.org\/{rel}","templated":true}]}}