{"id":3016,"date":"2025-04-17T00:09:32","date_gmt":"2025-04-17T00:09:32","guid":{"rendered":"https:\/\/radioecoutefm.com\/?p=3016"},"modified":"2025-04-17T00:09:32","modified_gmt":"2025-04-17T00:09:32","slug":"manifestation-tuee-dans-loeuf-a-port-au-prince","status":"publish","type":"post","link":"https:\/\/radioecoutefm.com\/index.php\/2025\/04\/17\/manifestation-tuee-dans-loeuf-a-port-au-prince\/","title":{"rendered":"Manifestation tu\u00e9e dans l&#8217;\u0153uf \u00e0 Port-au-Prince"},"content":{"rendered":"<p>Des milliers de personnes avaient pris rendez-vous, ce mercredi 16 avril 2025, \u00e0 Port-au-Prince, pour manifester contre l&#8217;ins\u00e9curit\u00e9 et l\u2019inaction du gouvernement face aux actions destructrices des groupes arm\u00e9s. Les manifestants n\u2019ont pas eu la chance d&#8217;atteindre leur objectif en raison d&#8217;un fort dispositif de s\u00e9curit\u00e9 compos\u00e9 des policiers et militaires. Les organisateurs ont finalement abandonn\u00e9 par crainte de repr\u00e9sailles.<\/p>\n<p>La capitale a connu un autre jour de tension. En pr\u00e9lude \u00e0 la manifestation, des barricades ont \u00e9t\u00e9 \u00e9rig\u00e9es dans plusieurs quartiers. Les manifestants se sont mobilis\u00e9s \u00e0 Canap\u00e9 Vert dans l&#8217;objectif de dire non \u00e0 l&#8217;ins\u00e9curit\u00e9 et la passivit\u00e9 du gouvernement en place face \u00e0 cette crise. Ils avaient pr\u00e9vu de marcher jusqu&#8217;\u00e0 Musseau (Delmas 60), o\u00f9 si\u00e8gent le Conseil pr\u00e9sidentiel de transition et la r\u00e9sidence officielle du Premier ministre, Alix Didier Fils-Aim\u00e9.<\/p>\n<p>Malgr\u00e9 la pr\u00e9sence de plusieurs milliers de personnes, la manifestation n&#8217;a pas pu suivre le parcours initial en raison d&#8217;un fort dispositif de s\u00e9curit\u00e9 compos\u00e9 d\u2019unit\u00e9s de la Police nationale et de soldats de l\u2019Arm\u00e9e d\u2019Ha\u00efti. Les organisateurs qui ont lanc\u00e9 des propos injurieux \u00e0 l&#8217;encontre des autorit\u00e9s ont d\u00e9cid\u00e9 de rebrousser chemin. Selon eux, les forces de l\u2019ordre ont \u00e9t\u00e9 d\u00e9ploy\u00e9es pour r\u00e9primer la mobilisation. Ils annoncent des mouvements spontan\u00e9s dans les jours \u00e0 venir.<\/p>\n<p>Depuis plusieurs mois, le pays fait face \u00e0 la terreur des gangs arm\u00e9s de la coalition\u00abViv Ansanm\u00bb. Plusieurs villes sont tomb\u00e9es sous leur contr\u00f4le sous les yeux impuissants des autorit\u00e9s. Le quartier de Canap\u00e9 Vert se pr\u00e9sente depuis lors comme une zone de r\u00e9sistance face aux bandits et le bastion de protestation contre le pouvoir en place.<\/p>\n","protected":false},"excerpt":{"rendered":"<p>Des milliers de personnes avaient pris rendez-vous, ce mercredi 16 avril 2025, \u00e0 Port-au-Prince, pour manifester contre l&#8217;ins\u00e9curit\u00e9 et l\u2019inaction du gouvernement face aux actions destructrices des groupes arm\u00e9s. Les manifestants n\u2019ont pas eu la chance d&#8217;atteindre leur objectif en raison d&#8217;un fort dispositif de s\u00e9curit\u00e9 compos\u00e9 des policiers et militaires. Les organisateurs ont finalement [&hellip;]<\/p>\n","protected":false},"author":1,"featured_media":3017,"comment_status":"open","ping_status":"open","sticky":false,"template":"","format":"standard","meta":{"_uag_custom_page_level_css":"","jetpack_post_was_ever_published":false,"_jetpack_newsletter_access":"","_jetpack_dont_email_post_to_subs":false,"_jetpack_newsletter_tier_id":0,"_jetpack_memberships_contains_paywalled_content":false,"_jetpack_memberships_contains_paid_content":false,"footnotes":"","jetpack_publicize_message":"","jetpack_publicize_feature_enabled":true,"jetpack_social_post_already_shared":true,"jetpack_social_options":{"image_generator_settings":{"template":"highway","default_image_id":0,"font":"","enabled":false},"version":2}},"categories":[8,63,51],"tags":[],"ppma_author":[15],"class_list":["post-3016","post","type-post","status-publish","format-standard","has-post-thumbnail","hentry","category-politique","category-insecurite","category-societe"],"aioseo_notices":[],"jetpack_publicize_connections":[],"jetpack_featured_media_url":"https:\/\/i0.wp.com\/radioecoutefm.com\/wp-content\/uploads\/2025\/04\/8FBC2299-7B71-4214-84F2-9162E33709D8.jpeg?fit=1280%2C720&ssl=1","uagb_featured_image_src":{"full":["https:\/\/i0.wp.com\/radioecoutefm.com\/wp-content\/uploads\/2025\/04\/8FBC2299-7B71-4214-84F2-9162E33709D8.jpeg?fit=1280%2C720&ssl=1",1280,720,false],"thumbnail":["https:\/\/i0.wp.com\/radioecoutefm.com\/wp-content\/uploads\/2025\/04\/8FBC2299-7B71-4214-84F2-9162E33709D8.jpeg?resize=150%2C150&ssl=1",150,150,true],"medium":["https:\/\/i0.wp.com\/radioecoutefm.com\/wp-content\/uploads\/2025\/04\/8FBC2299-7B71-4214-84F2-9162E33709D8.jpeg?fit=300%2C169&ssl=1",300,169,true],"medium_large":["https:\/\/i0.wp.com\/radioecoutefm.com\/wp-content\/uploads\/2025\/04\/8FBC2299-7B71-4214-84F2-9162E33709D8.jpeg?fit=640%2C360&ssl=1",640,360,true],"large":["https:\/\/i0.wp.com\/radioecoutefm.com\/wp-content\/uploads\/2025\/04\/8FBC2299-7B71-4214-84F2-9162E33709D8.jpeg?fit=640%2C360&ssl=1",640,360,true],"1536x1536":["https:\/\/i0.wp.com\/radioecoutefm.com\/wp-content\/uploads\/2025\/04\/8FBC2299-7B71-4214-84F2-9162E33709D8.jpeg?fit=1280%2C720&ssl=1",1280,720,true],"2048x2048":["https:\/\/i0.wp.com\/radioecoutefm.com\/wp-content\/uploads\/2025\/04\/8FBC2299-7B71-4214-84F2-9162E33709D8.jpeg?fit=1280%2C720&ssl=1",1280,720,true],"newsair-slider-full":["https:\/\/i0.wp.com\/radioecoutefm.com\/wp-content\/uploads\/2025\/04\/8FBC2299-7B71-4214-84F2-9162E33709D8.jpeg?resize=1280%2C720&ssl=1",1280,720,true],"newsair-featured":["https:\/\/i0.wp.com\/radioecoutefm.com\/wp-content\/uploads\/2025\/04\/8FBC2299-7B71-4214-84F2-9162E33709D8.jpeg?fit=1024%2C576&ssl=1",1024,576,true],"newsair-medium":["https:\/\/i0.wp.com\/radioecoutefm.com\/wp-content\/uploads\/2025\/04\/8FBC2299-7B71-4214-84F2-9162E33709D8.jpeg?resize=720%2C380&ssl=1",720,380,true]},"uagb_author_info":{"display_name":"Ecoute FM","author_link":"https:\/\/radioecoutefm.com\/index.php\/author\/borgellaattis\/"},"uagb_comment_info":0,"uagb_excerpt":"Des milliers de personnes avaient pris rendez-vous, ce mercredi 16 avril 2025, \u00e0 Port-au-Prince, pour manifester contre l&#8217;ins\u00e9curit\u00e9 et l\u2019inaction du gouvernement face aux actions destructrices des groupes arm\u00e9s. Les manifestants n\u2019ont pas eu la chance d&#8217;atteindre leur objectif en raison d&#8217;un fort dispositif de s\u00e9curit\u00e9 compos\u00e9 des policiers et militaires. Les organisateurs ont finalement&hellip;","jetpack_sharing_enabled":true,"jetpack_shortlink":"https:\/\/wp.me\/pgoyna-ME","jetpack-related-posts":[{"id":2240,"url":"https:\/\/radioecoutefm.com\/index.php\/2025\/04\/02\/haiti-journee-de-protestation-a-port-au-prince-contre-linsecurite\/","url_meta":{"origin":3016,"position":0},"title":"Haiti: Journ\u00e9e de protestation \u00e0 Port-au-Prince contre l&#8217;ins\u00e9curit\u00e9","author":"Ecoute FM","date":"02.04.2025","format":false,"excerpt":"La capitale ha\u00eftienne a connu une journ\u00e9e mouvement\u00e9e, ce 2 avril 2025, o\u00f9 plusieurs art\u00e8res dans l\u2019aire m\u00e9tropolitaine de Port-au-Prince ont \u00e9t\u00e9 bloqu\u00e9es. Des milliers de citoyens ont regagn\u00e9 les rues pour exiger aux autorit\u00e9s de prendre des mesures contre l\u2019ins\u00e9curit\u00e9 et mettre fin aux actions des bandits de la\u2026","rel":"","context":"In &quot;INSECURITE&quot;","block_context":{"text":"INSECURITE","link":"https:\/\/radioecoutefm.com\/index.php\/category\/securite\/"},"img":{"alt_text":"","src":"https:\/\/i0.wp.com\/radioecoutefm.com\/wp-content\/uploads\/2025\/04\/jj.jpg?fit=1057%2C592&ssl=1&resize=350%2C200","width":350,"height":200,"srcset":"https:\/\/i0.wp.com\/radioecoutefm.com\/wp-content\/uploads\/2025\/04\/jj.jpg?fit=1057%2C592&ssl=1&resize=350%2C200 1x, https:\/\/i0.wp.com\/radioecoutefm.com\/wp-content\/uploads\/2025\/04\/jj.jpg?fit=1057%2C592&ssl=1&resize=525%2C300 1.5x, https:\/\/i0.wp.com\/radioecoutefm.com\/wp-content\/uploads\/2025\/04\/jj.jpg?fit=1057%2C592&ssl=1&resize=700%2C400 2x, https:\/\/i0.wp.com\/radioecoutefm.com\/wp-content\/uploads\/2025\/04\/jj.jpg?fit=1057%2C592&ssl=1&resize=1050%2C600 3x"},"classes":[]},{"id":1803,"url":"https:\/\/radioecoutefm.com\/index.php\/2025\/03\/18\/manifestation-a-petite-riviere-de-lartibonite-la-population-exige-la-fin-des-gangs\/","url_meta":{"origin":3016,"position":1},"title":"Manifestation \u00e0 Petite-Rivi\u00e8re de l\u2019Artibonite : La population exige la fin des gangs","author":"Ecoute FM","date":"18.03.2025","format":false,"excerpt":"Des centaines de manifestants se sont rassembl\u00e9s ce matin \u00e0 Petite-rivi\u00e8re de l\u2019artibonite , dans la r\u00e9gion de l'Artibonite, ce mardi 18 mars, pour protester contre la mont\u00e9e en puissance des gangs arm\u00e9s qui s\u00e9vissent dans la r\u00e9gion. Les habitants, inquiets et frustr\u00e9s par l\u2019ampleur de l\u2019ins\u00e9curit\u00e9, r\u00e9clament des mesures\u2026","rel":"","context":"In &quot;INSECURITE&quot;","block_context":{"text":"INSECURITE","link":"https:\/\/radioecoutefm.com\/index.php\/category\/securite\/"},"img":{"alt_text":"","src":"https:\/\/i0.wp.com\/radioecoutefm.com\/wp-content\/uploads\/2025\/03\/EB63DA57-5751-4137-A8E4-E09934E7547E.jpeg?fit=1200%2C900&ssl=1&resize=350%2C200","width":350,"height":200,"srcset":"https:\/\/i0.wp.com\/radioecoutefm.com\/wp-content\/uploads\/2025\/03\/EB63DA57-5751-4137-A8E4-E09934E7547E.jpeg?fit=1200%2C900&ssl=1&resize=350%2C200 1x, https:\/\/i0.wp.com\/radioecoutefm.com\/wp-content\/uploads\/2025\/03\/EB63DA57-5751-4137-A8E4-E09934E7547E.jpeg?fit=1200%2C900&ssl=1&resize=525%2C300 1.5x, https:\/\/i0.wp.com\/radioecoutefm.com\/wp-content\/uploads\/2025\/03\/EB63DA57-5751-4137-A8E4-E09934E7547E.jpeg?fit=1200%2C900&ssl=1&resize=700%2C400 2x, https:\/\/i0.wp.com\/radioecoutefm.com\/wp-content\/uploads\/2025\/03\/EB63DA57-5751-4137-A8E4-E09934E7547E.jpeg?fit=1200%2C900&ssl=1&resize=1050%2C600 3x"},"classes":[]},{"id":2970,"url":"https:\/\/radioecoutefm.com\/index.php\/2025\/04\/16\/debut-de-la-manifestation-a-canape-vert-contre-linsecurite-des-barricades-erigees-des-le-matin\/","url_meta":{"origin":3016,"position":2},"title":"D\u00e9but de la manifestation \u00e0 Canap\u00e9-Vert contre l\u2019ins\u00e9curit\u00e9 : des barricades \u00e9rig\u00e9es d\u00e8s le matin","author":"Ecoute FM","date":"16.04.2025","format":false,"excerpt":"Port-au-Prince, 16 avril 2025 \u2014 La journ\u00e9e de ce mercredi a d\u00e9marr\u00e9 sous haute tension dans plusieurs zones de la capitale ha\u00eftienne. Comme annonc\u00e9, un rassemblement contre l\u2019ins\u00e9curit\u00e9 a d\u00e9but\u00e9 dans la matin\u00e9e au niveau \u00a0de Canap\u00e9-Vert, o\u00f9 des barricades ont \u00e9t\u00e9 rapidement \u00e9rig\u00e9es par des manifestants. Pneus enflamm\u00e9s, pierres\u2026","rel":"","context":"In &quot;INSECURITE&quot;","block_context":{"text":"INSECURITE","link":"https:\/\/radioecoutefm.com\/index.php\/category\/securite\/"},"img":{"alt_text":"","src":"https:\/\/i0.wp.com\/radioecoutefm.com\/wp-content\/uploads\/2025\/04\/IMG_1709.jpeg?fit=1077%2C718&ssl=1&resize=350%2C200","width":350,"height":200,"srcset":"https:\/\/i0.wp.com\/radioecoutefm.com\/wp-content\/uploads\/2025\/04\/IMG_1709.jpeg?fit=1077%2C718&ssl=1&resize=350%2C200 1x, https:\/\/i0.wp.com\/radioecoutefm.com\/wp-content\/uploads\/2025\/04\/IMG_1709.jpeg?fit=1077%2C718&ssl=1&resize=525%2C300 1.5x, https:\/\/i0.wp.com\/radioecoutefm.com\/wp-content\/uploads\/2025\/04\/IMG_1709.jpeg?fit=1077%2C718&ssl=1&resize=700%2C400 2x, https:\/\/i0.wp.com\/radioecoutefm.com\/wp-content\/uploads\/2025\/04\/IMG_1709.jpeg?fit=1077%2C718&ssl=1&resize=1050%2C600 3x"},"classes":[]},{"id":1854,"url":"https:\/\/radioecoutefm.com\/index.php\/2025\/03\/19\/manifestation-contre-le-pouvoir-a-canape-vert-des-milliers-de-manifestants-exigent-des-changements-immediats\/","url_meta":{"origin":3016,"position":3},"title":"Manifestation contre le pouvoir \u00e0 Canap\u00e9-Vert : Des milliers de manifestants exigent des changements imm\u00e9diats","author":"Ecoute FM","date":"19.03.2025","format":false,"excerpt":"Ce mervredi 19 mars 2025, une manifestation d'une ampleur in\u00e9dite se d\u00e9roule \u00e0 Canap\u00e9-Vert, un quartier de la capitale ha\u00eftienne, Port-au-Prince. Des milliers de citoyens, en col\u00e8re contre la situation politique et sociale du pays, ont investi les rues pour exprimer leur m\u00e9contentement. Les manifestants d\u00e9noncent vivement l'incapacit\u00e9 des autorit\u00e9s\u2026","rel":"","context":"In &quot;INSECURITE&quot;","block_context":{"text":"INSECURITE","link":"https:\/\/radioecoutefm.com\/index.php\/category\/securite\/"},"img":{"alt_text":"","src":"https:\/\/i0.wp.com\/radioecoutefm.com\/wp-content\/uploads\/2025\/03\/D4C8932C-C1F5-4EAF-8AC7-E4B466FC7AE5.jpeg?fit=600%2C400&ssl=1&resize=350%2C200","width":350,"height":200,"srcset":"https:\/\/i0.wp.com\/radioecoutefm.com\/wp-content\/uploads\/2025\/03\/D4C8932C-C1F5-4EAF-8AC7-E4B466FC7AE5.jpeg?fit=600%2C400&ssl=1&resize=350%2C200 1x, https:\/\/i0.wp.com\/radioecoutefm.com\/wp-content\/uploads\/2025\/03\/D4C8932C-C1F5-4EAF-8AC7-E4B466FC7AE5.jpeg?fit=600%2C400&ssl=1&resize=525%2C300 1.5x"},"classes":[]},{"id":2664,"url":"https:\/\/radioecoutefm.com\/index.php\/2025\/04\/12\/haiti-manifestation-a-tabarre-la-population-exige-la-fin-de-linsecurite\/","url_meta":{"origin":3016,"position":4},"title":"Haiti: Manifestation \u00e0 Tabarre, la population exige la fin de l\u2019ins\u00e9curit\u00e9","author":"Ecoute FM","date":"12.04.2025","format":false,"excerpt":"Des centaines de personnes ont investi les rues de Tabarre, ce vendredi, pour protester contre la recrudescence de l\u2019ins\u00e9curit\u00e9 dans la commune. Cette mobilisation populaire fait suite aux attaques r\u00e9p\u00e9t\u00e9es de groupes arm\u00e9s, qui s\u00e8ment la terreur parmi les habitants. Brandissant pancartes et slogans, les manifestants ont parcouru plusieurs art\u00e8res\u2026","rel":"","context":"In &quot;INSECURITE&quot;","block_context":{"text":"INSECURITE","link":"https:\/\/radioecoutefm.com\/index.php\/category\/securite\/"},"img":{"alt_text":"","src":"","width":0,"height":0},"classes":[]},{"id":1442,"url":"https:\/\/radioecoutefm.com\/index.php\/2025\/03\/08\/manifestation-contre-donald-trump-shame-on-you-scandent-des-manifestants-a-quebec\/","url_meta":{"origin":3016,"position":5},"title":"Manifestation contre Donald Trump: \u00abshame on you\u00bb, scandent des manifestants \u00e0 Qu\u00e9bec","author":"Ecoute FM","date":"08.03.2025","format":false,"excerpt":"Comme \u00e0 plusieurs autres endroits \u00e0 travers la province, des centaines de manifestants se sont rassembl\u00e9es \u00e0 Qu\u00e9bec, dans le cadre de la Journ\u00e9e internationale des droits des femmes, afin de cr\u00e9er une chaine humaine et d\u00e9noncer les prises de position du nouveau gouvernement am\u00e9ricain. \u00abOn a voulu combiner, avec\u2026","rel":"","context":"In &quot;INTERNATIONAL&quot;","block_context":{"text":"INTERNATIONAL","link":"https:\/\/radioecoutefm.com\/index.php\/category\/international\/"},"img":{"alt_text":"","src":"https:\/\/i0.wp.com\/radioecoutefm.com\/wp-content\/uploads\/2025\/03\/manifestation.png?fit=534%2C356&ssl=1&resize=350%2C200","width":350,"height":200,"srcset":"https:\/\/i0.wp.com\/radioecoutefm.com\/wp-content\/uploads\/2025\/03\/manifestation.png?fit=534%2C356&ssl=1&resize=350%2C200 1x, https:\/\/i0.wp.com\/radioecoutefm.com\/wp-content\/uploads\/2025\/03\/manifestation.png?fit=534%2C356&ssl=1&resize=525%2C300 1.5x"},"classes":[]}],"authors":[{"term_id":15,"user_id":1,"is_guest":0,"slug":"borgellaattis","display_name":"Ecoute FM","avatar_url":"https:\/\/secure.gravatar.com\/avatar\/a5369629745bf29c5deb65198d5e38aed1dc2c880c04b3b630ab3f6e8c623b70?s=96&d=mm&r=g","0":null,"1":"","2":"","3":"","4":"","5":"","6":"","7":"","8":""}],"_links":{"self":[{"href":"https:\/\/radioecoutefm.com\/index.php\/wp-json\/wp\/v2\/posts\/3016","targetHints":{"allow":["GET"]}}],"collection":[{"href":"https:\/\/radioecoutefm.com\/index.php\/wp-json\/wp\/v2\/posts"}],"about":[{"href":"https:\/\/radioecoutefm.com\/index.php\/wp-json\/wp\/v2\/types\/post"}],"author":[{"embeddable":true,"href":"https:\/\/radioecoutefm.com\/index.php\/wp-json\/wp\/v2\/users\/1"}],"replies":[{"embeddable":true,"href":"https:\/\/radioecoutefm.com\/index.php\/wp-json\/wp\/v2\/comments?post=3016"}],"version-history":[{"count":1,"href":"https:\/\/radioecoutefm.com\/index.php\/wp-json\/wp\/v2\/posts\/3016\/revisions"}],"predecessor-version":[{"id":3021,"href":"https:\/\/radioecoutefm.com\/index.php\/wp-json\/wp\/v2\/posts\/3016\/revisions\/3021"}],"wp:featuredmedia":[{"embeddable":true,"href":"https:\/\/radioecoutefm.com\/index.php\/wp-json\/wp\/v2\/media\/3017"}],"wp:attachment":[{"href":"https:\/\/radioecoutefm.com\/index.php\/wp-json\/wp\/v2\/media?parent=3016"}],"wp:term":[{"taxonomy":"category","embeddable":true,"href":"https:\/\/radioecoutefm.com\/index.php\/wp-json\/wp\/v2\/categories?post=3016"},{"taxonomy":"post_tag","embeddable":true,"href":"https:\/\/radioecoutefm.com\/index.php\/wp-json\/wp\/v2\/tags?post=3016"},{"taxonomy":"author","embeddable":true,"href":"https:\/\/radioecoutefm.com\/index.php\/wp-json\/wp\/v2\/ppma_author?post=3016"}],"curies":[{"name":"wp","href":"https:\/\/api.w.org\/{rel}","templated":true}]}}