{"id":293,"date":"2025-01-01T22:31:19","date_gmt":"2025-01-01T22:31:19","guid":{"rendered":"https:\/\/radioecoutefm.com\/?p=293"},"modified":"2025-03-01T22:45:54","modified_gmt":"2025-03-01T22:45:54","slug":"un-juge-senleve-la-vie-en-pleine-salle-daudience-lors-de-son-dernier-jour-de-travail","status":"publish","type":"post","link":"https:\/\/radioecoutefm.com\/index.php\/2025\/01\/01\/un-juge-senleve-la-vie-en-pleine-salle-daudience-lors-de-son-dernier-jour-de-travail\/","title":{"rendered":"Un juge s\u2019enl\u00e8ve la vie en pleine salle d\u2019audience lors de son dernier jour de travail"},"content":{"rendered":"<p>Un juge de l\u2019\u00c9tat de la Georgie aux \u00c9tats-Unis s\u2019est enlev\u00e9 la vie dans une salle d\u2019audience du palais de justice du comt\u00e9 d\u2019Effingham.<\/p>\n<p>Le corps de Stephen Yekel, 74 ans, a \u00e9t\u00e9 retrouv\u00e9 vers 10 h mardi matin (31 d\u00e9cembre), le jour m\u00eame o\u00f9 le magistrat devait quitter ses fonctions, selon certains m\u00e9dias am\u00e9ricains.<\/p>\n<p>Selon les autorit\u00e9s, le juge s\u2019est tu\u00e9 \u00e0 l\u2019aide d\u2019une arme \u00e0 feu. Une autopsie sera effectu\u00e9e pour confirmer la cause du d\u00e9c\u00e8s du septuag\u00e9naire. Il serait mort t\u00f4t mardi matin ou tard lundi soir.<\/p>\n<p>Nomm\u00e9 \u00e0 la Cour d\u2019\u00c9tat en 2022, Stephen Yekel a tent\u00e9 de d\u00e9missionner apr\u00e8s avoir vu sa candidature pour une r\u00e9\u00e9lection \u00eatre rejet\u00e9e plus t\u00f4t en 2024, mais le gouverneur de la Georgie, Brian Kemp, s\u2019y \u00e9tait oppos\u00e9.<\/p>\n","protected":false},"excerpt":{"rendered":"<p>Un juge de l\u2019\u00c9tat de la Georgie aux \u00c9tats-Unis s\u2019est enlev\u00e9 la vie dans une salle d\u2019audience du palais de justice du comt\u00e9 d\u2019Effingham. Le corps de Stephen Yekel, 74 ans, a \u00e9t\u00e9 retrouv\u00e9 vers 10 h mardi matin (31 d\u00e9cembre), le jour m\u00eame o\u00f9 le magistrat devait quitter ses fonctions, selon certains m\u00e9dias am\u00e9ricains. [&hellip;]<\/p>\n","protected":false},"author":1,"featured_media":294,"comment_status":"open","ping_status":"open","sticky":false,"template":"","format":"standard","meta":{"_uag_custom_page_level_css":"","jetpack_post_was_ever_published":false,"_jetpack_newsletter_access":"","_jetpack_dont_email_post_to_subs":false,"_jetpack_newsletter_tier_id":0,"_jetpack_memberships_contains_paywalled_content":false,"_jetpack_memberships_contains_paid_content":false,"footnotes":"","jetpack_publicize_message":"","jetpack_publicize_feature_enabled":true,"jetpack_social_post_already_shared":false,"jetpack_social_options":{"image_generator_settings":{"template":"highway","default_image_id":0,"font":"","enabled":false},"version":2}},"categories":[8],"tags":[],"ppma_author":[15],"class_list":["post-293","post","type-post","status-publish","format-standard","has-post-thumbnail","hentry","category-politique"],"aioseo_notices":[],"jetpack_publicize_connections":[],"jetpack_featured_media_url":"https:\/\/i0.wp.com\/radioecoutefm.com\/wp-content\/uploads\/2025\/01\/a4f1ded9-60a5-4682-a742-99e9f2d456a1.jpeg?fit=1179%2C1287&ssl=1","uagb_featured_image_src":{"full":["https:\/\/i0.wp.com\/radioecoutefm.com\/wp-content\/uploads\/2025\/01\/a4f1ded9-60a5-4682-a742-99e9f2d456a1.jpeg?fit=1179%2C1287&ssl=1",1179,1287,false],"thumbnail":["https:\/\/i0.wp.com\/radioecoutefm.com\/wp-content\/uploads\/2025\/01\/a4f1ded9-60a5-4682-a742-99e9f2d456a1.jpeg?resize=150%2C150&ssl=1",150,150,true],"medium":["https:\/\/i0.wp.com\/radioecoutefm.com\/wp-content\/uploads\/2025\/01\/a4f1ded9-60a5-4682-a742-99e9f2d456a1.jpeg?fit=275%2C300&ssl=1",275,300,true],"medium_large":["https:\/\/i0.wp.com\/radioecoutefm.com\/wp-content\/uploads\/2025\/01\/a4f1ded9-60a5-4682-a742-99e9f2d456a1.jpeg?fit=640%2C698&ssl=1",640,698,true],"large":["https:\/\/i0.wp.com\/radioecoutefm.com\/wp-content\/uploads\/2025\/01\/a4f1ded9-60a5-4682-a742-99e9f2d456a1.jpeg?fit=640%2C699&ssl=1",640,699,true],"1536x1536":["https:\/\/i0.wp.com\/radioecoutefm.com\/wp-content\/uploads\/2025\/01\/a4f1ded9-60a5-4682-a742-99e9f2d456a1.jpeg?fit=1179%2C1287&ssl=1",1179,1287,true],"2048x2048":["https:\/\/i0.wp.com\/radioecoutefm.com\/wp-content\/uploads\/2025\/01\/a4f1ded9-60a5-4682-a742-99e9f2d456a1.jpeg?fit=1179%2C1287&ssl=1",1179,1287,true],"newsair-slider-full":["https:\/\/i0.wp.com\/radioecoutefm.com\/wp-content\/uploads\/2025\/01\/a4f1ded9-60a5-4682-a742-99e9f2d456a1.jpeg?resize=1179%2C720&ssl=1",1179,720,true],"newsair-featured":["https:\/\/i0.wp.com\/radioecoutefm.com\/wp-content\/uploads\/2025\/01\/a4f1ded9-60a5-4682-a742-99e9f2d456a1.jpeg?fit=1024%2C1118&ssl=1",1024,1118,true],"newsair-medium":["https:\/\/i0.wp.com\/radioecoutefm.com\/wp-content\/uploads\/2025\/01\/a4f1ded9-60a5-4682-a742-99e9f2d456a1.jpeg?resize=720%2C380&ssl=1",720,380,true]},"uagb_author_info":{"display_name":"Ecoute FM","author_link":"https:\/\/radioecoutefm.com\/index.php\/author\/borgellaattis\/"},"uagb_comment_info":0,"uagb_excerpt":"Un juge de l\u2019\u00c9tat de la Georgie aux \u00c9tats-Unis s\u2019est enlev\u00e9 la vie dans une salle d\u2019audience du palais de justice du comt\u00e9 d\u2019Effingham. Le corps de Stephen Yekel, 74 ans, a \u00e9t\u00e9 retrouv\u00e9 vers 10 h mardi matin (31 d\u00e9cembre), le jour m\u00eame o\u00f9 le magistrat devait quitter ses fonctions, selon certains m\u00e9dias am\u00e9ricains.&hellip;","jetpack_sharing_enabled":true,"jetpack_shortlink":"https:\/\/wp.me\/pgoyna-4J","jetpack-related-posts":[{"id":3884,"url":"https:\/\/radioecoutefm.com\/index.php\/2025\/05\/06\/insecurite-deux-morts-et-une-ecoliere-blessee-ce-mardi-matin-dans-une-fusillade-a-delmas\/","url_meta":{"origin":293,"position":0},"title":"Ins\u00e9curit\u00e9 :Deux morts et une \u00e9coli\u00e8re bless\u00e9e ce mardi matin dans une fusillade \u00e0 Delmas","author":"Ecoute FM","date":"06.05.2025","format":false,"excerpt":"L'ins\u00e9curit\u00e9 g\u00e9n\u00e9ralis\u00e9e continue de faire des victimes au sein de la population haitienne. Ce mardi 6 mai 2025, Bazelais Renfort, homme d\u2019affaires bien connu, et son \u00e9pouse Christine Renfort ont \u00e9t\u00e9 froidement abattus par des hommes lourdement arm\u00e9s,\u00e0 Delmas 41, alors qu\u2019ils se trouvaient \u00e0 bord de leur Toyota Land\u2026","rel":"","context":"In &quot;INSECURITE&quot;","block_context":{"text":"INSECURITE","link":"https:\/\/radioecoutefm.com\/index.php\/category\/securite\/"},"img":{"alt_text":"","src":"https:\/\/i0.wp.com\/radioecoutefm.com\/wp-content\/uploads\/2025\/05\/IMG_1905.jpeg?fit=1170%2C660&ssl=1&resize=350%2C200","width":350,"height":200,"srcset":"https:\/\/i0.wp.com\/radioecoutefm.com\/wp-content\/uploads\/2025\/05\/IMG_1905.jpeg?fit=1170%2C660&ssl=1&resize=350%2C200 1x, https:\/\/i0.wp.com\/radioecoutefm.com\/wp-content\/uploads\/2025\/05\/IMG_1905.jpeg?fit=1170%2C660&ssl=1&resize=525%2C300 1.5x, https:\/\/i0.wp.com\/radioecoutefm.com\/wp-content\/uploads\/2025\/05\/IMG_1905.jpeg?fit=1170%2C660&ssl=1&resize=700%2C400 2x, https:\/\/i0.wp.com\/radioecoutefm.com\/wp-content\/uploads\/2025\/05\/IMG_1905.jpeg?fit=1170%2C660&ssl=1&resize=1050%2C600 3x"},"classes":[]},{"id":3414,"url":"https:\/\/radioecoutefm.com\/index.php\/2025\/04\/25\/etats-unis-le-fbi-arrete-un-juge-et-son-epouse-pour-avoir-heberge-un-membre-du-gang-tren-de-aragua\/","url_meta":{"origin":293,"position":1},"title":"\u00c9tats-Unis : Le FBI arr\u00eate un juge et son \u00e9pouse pour avoir h\u00e9berg\u00e9 un membre du gang Tren de Aragua","author":"Ecoute FM","date":"25.04.2025","format":false,"excerpt":"Dans un d\u00e9veloppement qui fait grand bruit, le FBI a proc\u00e9d\u00e9 \u00e0 l\u2019arrestation du juge Juan Cano, en fonction au Nouveau-Mexique, ainsi que de son \u00e9pouse. Le couple est accus\u00e9 d\u2019avoir h\u00e9berg\u00e9 ill\u00e9galement un membre du gang v\u00e9n\u00e9zu\u00e9lien Tren de Aragua dans leur propre r\u00e9sidence. Le gang Tren de Aragua,\u2026","rel":"","context":"In &quot;INTERNATIONAL&quot;","block_context":{"text":"INTERNATIONAL","link":"https:\/\/radioecoutefm.com\/index.php\/category\/international\/"},"img":{"alt_text":"","src":"https:\/\/i0.wp.com\/radioecoutefm.com\/wp-content\/uploads\/2025\/04\/IMG_1807.webp?fit=1009%2C667&ssl=1&resize=350%2C200","width":350,"height":200,"srcset":"https:\/\/i0.wp.com\/radioecoutefm.com\/wp-content\/uploads\/2025\/04\/IMG_1807.webp?fit=1009%2C667&ssl=1&resize=350%2C200 1x, https:\/\/i0.wp.com\/radioecoutefm.com\/wp-content\/uploads\/2025\/04\/IMG_1807.webp?fit=1009%2C667&ssl=1&resize=525%2C300 1.5x, https:\/\/i0.wp.com\/radioecoutefm.com\/wp-content\/uploads\/2025\/04\/IMG_1807.webp?fit=1009%2C667&ssl=1&resize=700%2C400 2x"},"classes":[]},{"id":5515,"url":"https:\/\/radioecoutefm.com\/index.php\/2025\/07\/01\/le-juge-cogan-bloque-la-revocation-anticipee-du-tps-haitien-par-kristi-noem\/","url_meta":{"origin":293,"position":2},"title":"Le juge Cogan bloque la r\u00e9vocation anticip\u00e9e du TPS ha\u00eftien par Kristi Noem","author":"Ecoute FM","date":"01.07.2025","format":false,"excerpt":"Dans une d\u00e9cision majeure rendue le 1er juillet, le juge f\u00e9d\u00e9ral Brian Cogan a bloqu\u00e9 la tentative de l\u2019administration Trump de mettre fin pr\u00e9matur\u00e9ment au statut de protection temporaire (TPS) pour les ressortissants ha\u00eftiens. Il a estim\u00e9 que la secr\u00e9taire \u00e0 la S\u00e9curit\u00e9 int\u00e9rieure, Kristi Noem, avait viol\u00e9 les r\u00e8gles\u2026","rel":"","context":"In &quot;MIGRATION&quot;","block_context":{"text":"MIGRATION","link":"https:\/\/radioecoutefm.com\/index.php\/category\/migration\/"},"img":{"alt_text":"","src":"https:\/\/i0.wp.com\/radioecoutefm.com\/wp-content\/uploads\/2025\/06\/IMG_2311.webp?fit=474%2C286&ssl=1&resize=350%2C200","width":350,"height":200},"classes":[]},{"id":1700,"url":"https:\/\/radioecoutefm.com\/index.php\/2025\/03\/17\/etats-unis-lancien-magistrat-des-irois-jean-morose-viliena-juge-pour-fraude-au-visa-et-violences-politiques\/","url_meta":{"origin":293,"position":3},"title":"Etats-Unis: L\u2019ancien magistrat des Irois, Jean Morose Viliena, jug\u00e9 pour fraude au visa et violences politiques","author":"Ecoute FM","date":"17.03.2025","format":false,"excerpt":"L\u2019ancien maire ha\u00eftien Jean Morose Viliena compara\u00eet ce lundi devant un tribunal f\u00e9d\u00e9ral du Massachusetts pour fraude au visa. Les autorit\u00e9s l\u2019accusent d\u2019avoir menti sur sa demande de r\u00e9sidence en affirmant qu\u2019il n\u2019avait jamais commis ni ordonn\u00e9 de violences politiques en Ha\u00efti. Pourtant, selon les procureurs, alors qu\u2019il dirigeait la\u2026","rel":"","context":"In &quot;POLITIQUE&quot;","block_context":{"text":"POLITIQUE","link":"https:\/\/radioecoutefm.com\/index.php\/category\/politique\/"},"img":{"alt_text":"","src":"https:\/\/i0.wp.com\/radioecoutefm.com\/wp-content\/uploads\/2025\/03\/IMG_1405.jpeg?fit=1200%2C800&ssl=1&resize=350%2C200","width":350,"height":200,"srcset":"https:\/\/i0.wp.com\/radioecoutefm.com\/wp-content\/uploads\/2025\/03\/IMG_1405.jpeg?fit=1200%2C800&ssl=1&resize=350%2C200 1x, https:\/\/i0.wp.com\/radioecoutefm.com\/wp-content\/uploads\/2025\/03\/IMG_1405.jpeg?fit=1200%2C800&ssl=1&resize=525%2C300 1.5x, https:\/\/i0.wp.com\/radioecoutefm.com\/wp-content\/uploads\/2025\/03\/IMG_1405.jpeg?fit=1200%2C800&ssl=1&resize=700%2C400 2x, https:\/\/i0.wp.com\/radioecoutefm.com\/wp-content\/uploads\/2025\/03\/IMG_1405.jpeg?fit=1200%2C800&ssl=1&resize=1050%2C600 3x"},"classes":[]},{"id":6213,"url":"https:\/\/radioecoutefm.com\/index.php\/2025\/10\/29\/dener-ceide-condamne-a-verser-un-million-de-dollars-aux-proprietaires-legaux-de-la-marque-zafem\/","url_meta":{"origin":293,"position":4},"title":"Dener Ceide condamn\u00e9 \u00e0 verser un million de dollars aux propri\u00e9taires l\u00e9gaux de la marque \u201cZafem\u201d","author":"Ecoute FM","date":"29.10.2025","format":false,"excerpt":"Le tribunal f\u00e9d\u00e9ral de district de Brooklyn, sous la pr\u00e9sidence du juge Brian M. Cogan, a rendu un verdict historique en faveur de Wiss Joseph et Marie Joseph, reconnus comme les propri\u00e9taires l\u00e9gaux de la marque \u00ab Zafem \u00bb. Le musicien ha\u00eftien Dener Ceide et sa soci\u00e9t\u00e9 ont \u00e9t\u00e9 condamn\u00e9s\u2026","rel":"","context":"In &quot;CULTURE&quot;","block_context":{"text":"CULTURE","link":"https:\/\/radioecoutefm.com\/index.php\/category\/culture\/"},"img":{"alt_text":"","src":"https:\/\/i0.wp.com\/radioecoutefm.com\/wp-content\/uploads\/2025\/10\/F9F4992C-1B89-42DD-91A0-6322281BAE56.jpeg?fit=828%2C664&ssl=1&resize=350%2C200","width":350,"height":200,"srcset":"https:\/\/i0.wp.com\/radioecoutefm.com\/wp-content\/uploads\/2025\/10\/F9F4992C-1B89-42DD-91A0-6322281BAE56.jpeg?fit=828%2C664&ssl=1&resize=350%2C200 1x, https:\/\/i0.wp.com\/radioecoutefm.com\/wp-content\/uploads\/2025\/10\/F9F4992C-1B89-42DD-91A0-6322281BAE56.jpeg?fit=828%2C664&ssl=1&resize=525%2C300 1.5x, https:\/\/i0.wp.com\/radioecoutefm.com\/wp-content\/uploads\/2025\/10\/F9F4992C-1B89-42DD-91A0-6322281BAE56.jpeg?fit=828%2C664&ssl=1&resize=700%2C400 2x"},"classes":[]},{"id":5408,"url":"https:\/\/radioecoutefm.com\/index.php\/2025\/06\/25\/ene-val-devient-porte-parole-de-la-primature\/","url_meta":{"origin":293,"position":5},"title":"En\u00e9 Val devient porte-parole de la Primature.","author":"Ecoute FM","date":"25.06.2025","format":false,"excerpt":"Le citoyen En\u00e9 Val a \u00e9t\u00e9 officiellement install\u00e9, ce mardi 24 juin, comme Porte-parole de la Primature, \u00e0 l\u2019occasion d\u2019une s\u00e9ance publique organis\u00e9e dans le cadre des \u00ab Mardis de la Nation \u00bb. C\u2019est Ma\u00eetre Ax\u00e8ne Joseph, Directeur de Cabinet du Premier ministre Alix Didier Fils-Aim\u00e9, qui a proc\u00e9d\u00e9 \u00e0\u2026","rel":"","context":"In &quot;POLITIQUE&quot;","block_context":{"text":"POLITIQUE","link":"https:\/\/radioecoutefm.com\/index.php\/category\/politique\/"},"img":{"alt_text":"","src":"https:\/\/i0.wp.com\/radioecoutefm.com\/wp-content\/uploads\/2025\/06\/Ene-Val.jpeg?fit=1200%2C799&ssl=1&resize=350%2C200","width":350,"height":200,"srcset":"https:\/\/i0.wp.com\/radioecoutefm.com\/wp-content\/uploads\/2025\/06\/Ene-Val.jpeg?fit=1200%2C799&ssl=1&resize=350%2C200 1x, https:\/\/i0.wp.com\/radioecoutefm.com\/wp-content\/uploads\/2025\/06\/Ene-Val.jpeg?fit=1200%2C799&ssl=1&resize=525%2C300 1.5x, https:\/\/i0.wp.com\/radioecoutefm.com\/wp-content\/uploads\/2025\/06\/Ene-Val.jpeg?fit=1200%2C799&ssl=1&resize=700%2C400 2x, https:\/\/i0.wp.com\/radioecoutefm.com\/wp-content\/uploads\/2025\/06\/Ene-Val.jpeg?fit=1200%2C799&ssl=1&resize=1050%2C600 3x"},"classes":[]}],"authors":[{"term_id":15,"user_id":1,"is_guest":0,"slug":"borgellaattis","display_name":"Ecoute FM","avatar_url":"https:\/\/secure.gravatar.com\/avatar\/a5369629745bf29c5deb65198d5e38aed1dc2c880c04b3b630ab3f6e8c623b70?s=96&d=mm&r=g","0":null,"1":"","2":"","3":"","4":"","5":"","6":"","7":"","8":""}],"_links":{"self":[{"href":"https:\/\/radioecoutefm.com\/index.php\/wp-json\/wp\/v2\/posts\/293","targetHints":{"allow":["GET"]}}],"collection":[{"href":"https:\/\/radioecoutefm.com\/index.php\/wp-json\/wp\/v2\/posts"}],"about":[{"href":"https:\/\/radioecoutefm.com\/index.php\/wp-json\/wp\/v2\/types\/post"}],"author":[{"embeddable":true,"href":"https:\/\/radioecoutefm.com\/index.php\/wp-json\/wp\/v2\/users\/1"}],"replies":[{"embeddable":true,"href":"https:\/\/radioecoutefm.com\/index.php\/wp-json\/wp\/v2\/comments?post=293"}],"version-history":[{"count":1,"href":"https:\/\/radioecoutefm.com\/index.php\/wp-json\/wp\/v2\/posts\/293\/revisions"}],"predecessor-version":[{"id":295,"href":"https:\/\/radioecoutefm.com\/index.php\/wp-json\/wp\/v2\/posts\/293\/revisions\/295"}],"wp:featuredmedia":[{"embeddable":true,"href":"https:\/\/radioecoutefm.com\/index.php\/wp-json\/wp\/v2\/media\/294"}],"wp:attachment":[{"href":"https:\/\/radioecoutefm.com\/index.php\/wp-json\/wp\/v2\/media?parent=293"}],"wp:term":[{"taxonomy":"category","embeddable":true,"href":"https:\/\/radioecoutefm.com\/index.php\/wp-json\/wp\/v2\/categories?post=293"},{"taxonomy":"post_tag","embeddable":true,"href":"https:\/\/radioecoutefm.com\/index.php\/wp-json\/wp\/v2\/tags?post=293"},{"taxonomy":"author","embeddable":true,"href":"https:\/\/radioecoutefm.com\/index.php\/wp-json\/wp\/v2\/ppma_author?post=293"}],"curies":[{"name":"wp","href":"https:\/\/api.w.org\/{rel}","templated":true}]}}