{"id":2914,"date":"2025-04-15T22:14:53","date_gmt":"2025-04-15T22:14:53","guid":{"rendered":"https:\/\/radioecoutefm.com\/?p=2914"},"modified":"2025-04-15T22:14:53","modified_gmt":"2025-04-15T22:14:53","slug":"inondations-et-risques-sanitaires-a-cite-soleil-lappel-a-laide-desaie-beauchard","status":"publish","type":"post","link":"https:\/\/radioecoutefm.com\/index.php\/2025\/04\/15\/inondations-et-risques-sanitaires-a-cite-soleil-lappel-a-laide-desaie-beauchard\/","title":{"rendered":"Inondations et risques sanitaires \u00e0 Cit\u00e9 Soleil : l\u2019appel \u00e0 l\u2019aide d\u2019Esa\u00efe Beauchard"},"content":{"rendered":"<p>Les derni\u00e8res averses qui se sont abattues sur la commune de Cit\u00e9 Soleil ont provoqu\u00e9 de graves inondations, affectant plusieurs quartiers dens\u00e9ment peupl\u00e9s. Boston, Bois-Neuf, Projet Drouillard et Warf J\u00e9r\u00e9mie figurent parmi les zones les plus touch\u00e9es, avec des maisons submerg\u00e9es, des rues impraticables et des centaines de familles d\u00e9plac\u00e9es.<\/p>\n<p>La situation est d\u2019autant plus pr\u00e9occupante que des cas de chol\u00e9ra ont \u00e9t\u00e9 signal\u00e9s dans la commune, aggravant la crise humanitaire. Le manque d\u2019assainissement et la stagnation des eaux us\u00e9es augmentent le risque de propagation de la maladie, dans une population d\u00e9j\u00e0 vuln\u00e9rable et sans acc\u00e8s suffisant aux soins de sant\u00e9.<\/p>\n<p>Face \u00e0 cette urgence, Esa\u00efe Beauchard, ancien maire de Cit\u00e9 Soleil, tire la sonnette d\u2019alarme. Il appelle les autorit\u00e9s locales et nationales \u00e0 une intervention rapide et coordonn\u00e9e pour secourir les habitants. \u00ab\u202fLes Sol\u00e9ens ne peuvent plus \u00eatre laiss\u00e9s pour compte. Il faut agir maintenant\u202f\u00bb, a-t-il d\u00e9clar\u00e9, en exhortant les organismes comp\u00e9tents \u00e0 d\u00e9ployer des secours, des \u00e9quipes sanitaires et du mat\u00e9riel de premi\u00e8re n\u00e9cessit\u00e9 dans les plus brefs d\u00e9lais.<\/p>\n","protected":false},"excerpt":{"rendered":"<p>Les derni\u00e8res averses qui se sont abattues sur la commune de Cit\u00e9 Soleil ont provoqu\u00e9 de graves inondations, affectant plusieurs quartiers dens\u00e9ment peupl\u00e9s. Boston, Bois-Neuf, Projet Drouillard et Warf J\u00e9r\u00e9mie figurent parmi les zones les plus touch\u00e9es, avec des maisons submerg\u00e9es, des rues impraticables et des centaines de familles d\u00e9plac\u00e9es. La situation est d\u2019autant plus [&hellip;]<\/p>\n","protected":false},"author":1,"featured_media":2915,"comment_status":"open","ping_status":"open","sticky":false,"template":"","format":"standard","meta":{"_uag_custom_page_level_css":"","jetpack_post_was_ever_published":false,"_jetpack_newsletter_access":"","_jetpack_dont_email_post_to_subs":false,"_jetpack_newsletter_tier_id":0,"_jetpack_memberships_contains_paywalled_content":false,"_jetpack_memberships_contains_paid_content":false,"footnotes":"","jetpack_publicize_message":"","jetpack_publicize_feature_enabled":true,"jetpack_social_post_already_shared":true,"jetpack_social_options":{"image_generator_settings":{"template":"highway","default_image_id":0,"font":"","enabled":false},"version":2}},"categories":[51],"tags":[],"ppma_author":[15],"class_list":["post-2914","post","type-post","status-publish","format-standard","has-post-thumbnail","hentry","category-societe"],"aioseo_notices":[],"jetpack_publicize_connections":[],"jetpack_featured_media_url":"https:\/\/i0.wp.com\/radioecoutefm.com\/wp-content\/uploads\/2025\/04\/IMG_1694.jpeg?fit=1170%2C938&ssl=1","uagb_featured_image_src":{"full":["https:\/\/i0.wp.com\/radioecoutefm.com\/wp-content\/uploads\/2025\/04\/IMG_1694.jpeg?fit=1170%2C938&ssl=1",1170,938,false],"thumbnail":["https:\/\/i0.wp.com\/radioecoutefm.com\/wp-content\/uploads\/2025\/04\/IMG_1694.jpeg?resize=150%2C150&ssl=1",150,150,true],"medium":["https:\/\/i0.wp.com\/radioecoutefm.com\/wp-content\/uploads\/2025\/04\/IMG_1694.jpeg?fit=300%2C241&ssl=1",300,241,true],"medium_large":["https:\/\/i0.wp.com\/radioecoutefm.com\/wp-content\/uploads\/2025\/04\/IMG_1694.jpeg?fit=640%2C513&ssl=1",640,513,true],"large":["https:\/\/i0.wp.com\/radioecoutefm.com\/wp-content\/uploads\/2025\/04\/IMG_1694.jpeg?fit=640%2C513&ssl=1",640,513,true],"1536x1536":["https:\/\/i0.wp.com\/radioecoutefm.com\/wp-content\/uploads\/2025\/04\/IMG_1694.jpeg?fit=1170%2C938&ssl=1",1170,938,true],"2048x2048":["https:\/\/i0.wp.com\/radioecoutefm.com\/wp-content\/uploads\/2025\/04\/IMG_1694.jpeg?fit=1170%2C938&ssl=1",1170,938,true],"newsair-slider-full":["https:\/\/i0.wp.com\/radioecoutefm.com\/wp-content\/uploads\/2025\/04\/IMG_1694.jpeg?resize=1170%2C720&ssl=1",1170,720,true],"newsair-featured":["https:\/\/i0.wp.com\/radioecoutefm.com\/wp-content\/uploads\/2025\/04\/IMG_1694.jpeg?fit=1024%2C821&ssl=1",1024,821,true],"newsair-medium":["https:\/\/i0.wp.com\/radioecoutefm.com\/wp-content\/uploads\/2025\/04\/IMG_1694.jpeg?resize=720%2C380&ssl=1",720,380,true]},"uagb_author_info":{"display_name":"Ecoute FM","author_link":"https:\/\/radioecoutefm.com\/index.php\/author\/borgellaattis\/"},"uagb_comment_info":0,"uagb_excerpt":"Les derni\u00e8res averses qui se sont abattues sur la commune de Cit\u00e9 Soleil ont provoqu\u00e9 de graves inondations, affectant plusieurs quartiers dens\u00e9ment peupl\u00e9s. Boston, Bois-Neuf, Projet Drouillard et Warf J\u00e9r\u00e9mie figurent parmi les zones les plus touch\u00e9es, avec des maisons submerg\u00e9es, des rues impraticables et des centaines de familles d\u00e9plac\u00e9es. La situation est d\u2019autant plus&hellip;","jetpack_sharing_enabled":true,"jetpack_shortlink":"https:\/\/wp.me\/pgoyna-L0","jetpack-related-posts":[{"id":143,"url":"https:\/\/radioecoutefm.com\/index.php\/2024\/12\/28\/haiti-cite-soleil-des-bandits-armes-tues-et-des-armes-confisquees-par-la-police\/","url_meta":{"origin":2914,"position":0},"title":"Ha\u00efti\/Cit\u00e9 Soleil : des bandits arm\u00e9s tu\u00e9s et des armes confisqu\u00e9es par la police","author":"Ecoute FM","date":"28.12.2024","format":false,"excerpt":"Dans une op\u00e9ration d\u2019envergure orchestr\u00e9e par les agents de la Police Nationale d\u2019Ha\u00efti (PNH) ce jeudi 26 d\u00e9cembre 2024, \u00e0 Sarthe, une commune de Cit\u00e9-Soleil, plusieurs individus li\u00e9s \u00e0 des activit\u00e9s criminelles ont \u00e9t\u00e9 neutralis\u00e9s au cours d\u2019\u00e9changes de tirs avec les forces de l\u2019ordre. \u00a0 Cette intervention a permis\u2026","rel":"","context":"In &quot;Ecoute FM&quot;","block_context":{"text":"Ecoute FM","link":"https:\/\/radioecoutefm.com\/index.php\/category\/ecoute-fm\/"},"img":{"alt_text":"","src":"https:\/\/i0.wp.com\/radioecoutefm.com\/wp-content\/uploads\/2024\/12\/HTI.webp?fit=480%2C335&ssl=1&resize=350%2C200","width":350,"height":200},"classes":[]},{"id":2149,"url":"https:\/\/radioecoutefm.com\/index.php\/2025\/03\/28\/le-cholera-refait-surface-en-haiti\/","url_meta":{"origin":2914,"position":1},"title":"Le Chol\u00e9ra refait surface en Ha\u00efti","author":"Claude DIEUPHENE","date":"28.03.2025","format":false,"excerpt":"Selon M\u00e9decins Sans Fronti\u00e8res le chol\u00e9ra refait surface en Ha\u00efti plus pr\u00e9cis\u00e9ment \u00e0 Cit\u00e9 Soleil , un rapport de ce dernier a fait savoir entre le 1\u1d49\u02b3 et le 20 mars, 209 cas ont \u00e9t\u00e9 recens\u00e9s, une reapparition qui inqui\u00e8te les humanitaires et met en lumi\u00e8re la pr\u00e9carit\u00e9 extr\u00eame dans\u2026","rel":"","context":"In &quot;SOCIETE&quot;","block_context":{"text":"SOCIETE","link":"https:\/\/radioecoutefm.com\/index.php\/category\/societe\/"},"img":{"alt_text":"","src":"https:\/\/i0.wp.com\/radioecoutefm.com\/wp-content\/uploads\/2025\/03\/IMG_1543.jpeg?fit=700%2C394&ssl=1&resize=350%2C200","width":350,"height":200,"srcset":"https:\/\/i0.wp.com\/radioecoutefm.com\/wp-content\/uploads\/2025\/03\/IMG_1543.jpeg?fit=700%2C394&ssl=1&resize=350%2C200 1x, https:\/\/i0.wp.com\/radioecoutefm.com\/wp-content\/uploads\/2025\/03\/IMG_1543.jpeg?fit=700%2C394&ssl=1&resize=525%2C300 1.5x, https:\/\/i0.wp.com\/radioecoutefm.com\/wp-content\/uploads\/2025\/03\/IMG_1543.jpeg?fit=700%2C394&ssl=1&resize=700%2C400 2x"},"classes":[]},{"id":6023,"url":"https:\/\/radioecoutefm.com\/index.php\/2025\/09\/29\/inondations-dans-le-grand-sud-les-cayes-durement-touchees\/","url_meta":{"origin":2914,"position":2},"title":"Inondations dans le Grand Sud : Les Cayes durement touch\u00e9es","author":"Ecoute FM","date":"29.09.2025","format":false,"excerpt":"Depuis le vendredi 26 septembre, des pluies diluviennes s\u2019abattent sur le d\u00e9partement du Sud, provoquant d\u2019importantes inondations, particuli\u00e8rement dans la ville des Cayes. Plusieurs quartiers sont submerg\u00e9s et de nombreuses familles ont d\u00fb abandonner leurs maisons pour se r\u00e9fugier dans des zones plus s\u00fbres. En pr\u00e8s de 72 heures de\u2026","rel":"","context":"In &quot;SOCIETE&quot;","block_context":{"text":"SOCIETE","link":"https:\/\/radioecoutefm.com\/index.php\/category\/societe\/"},"img":{"alt_text":"","src":"https:\/\/i0.wp.com\/radioecoutefm.com\/wp-content\/uploads\/2025\/09\/02ED192D-DC33-4B6F-97F8-A67054CACDEB.jpeg?fit=960%2C720&ssl=1&resize=350%2C200","width":350,"height":200,"srcset":"https:\/\/i0.wp.com\/radioecoutefm.com\/wp-content\/uploads\/2025\/09\/02ED192D-DC33-4B6F-97F8-A67054CACDEB.jpeg?fit=960%2C720&ssl=1&resize=350%2C200 1x, https:\/\/i0.wp.com\/radioecoutefm.com\/wp-content\/uploads\/2025\/09\/02ED192D-DC33-4B6F-97F8-A67054CACDEB.jpeg?fit=960%2C720&ssl=1&resize=525%2C300 1.5x, https:\/\/i0.wp.com\/radioecoutefm.com\/wp-content\/uploads\/2025\/09\/02ED192D-DC33-4B6F-97F8-A67054CACDEB.jpeg?fit=960%2C720&ssl=1&resize=700%2C400 2x"},"classes":[]},{"id":2480,"url":"https:\/\/radioecoutefm.com\/index.php\/2025\/04\/08\/cite-militaire-un-quartier-abandonne-a-la-violence\/","url_meta":{"origin":2914,"position":3},"title":"Cit\u00e9 Militaire un quartier abandonn\u00e9 \u00e0 la violence","author":"Ecoute FM","date":"08.04.2025","format":false,"excerpt":"Cit\u00e9 Militaire, autrefois quartier vivant de la capitale ha\u00eftienne, est aujourd\u2019hui plong\u00e9e dans une spirale de violence et de terreur. Les habitants vivent enferm\u00e9s, prisonniers d\u2019un quotidien rythm\u00e9 par les tirs, les cris et les morts. Le gang de Simon Pel\u00e9, solidement install\u00e9 dans la zone, multiplie les exactions dans\u2026","rel":"","context":"In &quot;INSECURITE&quot;","block_context":{"text":"INSECURITE","link":"https:\/\/radioecoutefm.com\/index.php\/category\/securite\/"},"img":{"alt_text":"","src":"https:\/\/i0.wp.com\/radioecoutefm.com\/wp-content\/uploads\/2025\/04\/IMG_1613.webp?fit=1200%2C800&ssl=1&resize=350%2C200","width":350,"height":200,"srcset":"https:\/\/i0.wp.com\/radioecoutefm.com\/wp-content\/uploads\/2025\/04\/IMG_1613.webp?fit=1200%2C800&ssl=1&resize=350%2C200 1x, https:\/\/i0.wp.com\/radioecoutefm.com\/wp-content\/uploads\/2025\/04\/IMG_1613.webp?fit=1200%2C800&ssl=1&resize=525%2C300 1.5x, https:\/\/i0.wp.com\/radioecoutefm.com\/wp-content\/uploads\/2025\/04\/IMG_1613.webp?fit=1200%2C800&ssl=1&resize=700%2C400 2x, https:\/\/i0.wp.com\/radioecoutefm.com\/wp-content\/uploads\/2025\/04\/IMG_1613.webp?fit=1200%2C800&ssl=1&resize=1050%2C600 3x"},"classes":[]},{"id":2672,"url":"https:\/\/radioecoutefm.com\/index.php\/2025\/04\/12\/haiti-mirebalais-deploiement-de-forces-specialisees-pour-lutter-contre-les-gangs-armes\/","url_meta":{"origin":2914,"position":4},"title":"Haiti: Mirebalais , d\u00e9ploiement de forces sp\u00e9cialis\u00e9es pour lutter contre les gangs arm\u00e9s","author":"Ecoute FM","date":"12.04.2025","format":false,"excerpt":"Face \u00e0 l'intensification des attaques men\u00e9es par des gangs arm\u00e9s, la Police nationale d'Ha\u00efti (PNH) a d\u00e9ploy\u00e9 des unit\u00e9s sp\u00e9cialis\u00e9es dans la commune de Mirebalais.\u00a0 Selon un communiqu\u00e9 officiel de la PNH, des mat\u00e9riels de combat ont \u00e9t\u00e9 envoy\u00e9s dans la r\u00e9gion et des policiers ont \u00e9t\u00e9 positionn\u00e9s dans des\u2026","rel":"","context":"In &quot;INSECURITE&quot;","block_context":{"text":"INSECURITE","link":"https:\/\/radioecoutefm.com\/index.php\/category\/securite\/"},"img":{"alt_text":"","src":"","width":0,"height":0},"classes":[]},{"id":5367,"url":"https:\/\/radioecoutefm.com\/index.php\/2025\/06\/23\/lachapelle-sous-lemprise-des-gangs-armes-chaos-incendies-et-exode-de-la-population\/","url_meta":{"origin":2914,"position":5},"title":"Lachapelle sous l\u2019emprise des gangs arm\u00e9s : chaos, incendies et exode de la population","author":"Ecoute FM","date":"23.06.2025","format":false,"excerpt":"Depuis l\u2019apr\u00e8s-midi du dimanche 22 juin, la commune de Lachapelle, dans le d\u00e9partement de l\u2019Artibonite, est en proie \u00e0 une violente offensive de gangs arm\u00e9s, notamment les groupes \u201cTalibans\u201d, \u201c400 Mawozo\u201d et d\u2019autres affili\u00e9s \u00e0 la coalition criminelle Viv Ansanm. Les assaillants, lourdement arm\u00e9s, ont pris le contr\u00f4le du centre-ville,\u2026","rel":"","context":"In &quot;INSECURITE&quot;","block_context":{"text":"INSECURITE","link":"https:\/\/radioecoutefm.com\/index.php\/category\/securite\/"},"img":{"alt_text":"","src":"https:\/\/i0.wp.com\/radioecoutefm.com\/wp-content\/uploads\/2025\/06\/IMG_2297-scaled.jpeg?fit=1200%2C812&ssl=1&resize=350%2C200","width":350,"height":200,"srcset":"https:\/\/i0.wp.com\/radioecoutefm.com\/wp-content\/uploads\/2025\/06\/IMG_2297-scaled.jpeg?fit=1200%2C812&ssl=1&resize=350%2C200 1x, https:\/\/i0.wp.com\/radioecoutefm.com\/wp-content\/uploads\/2025\/06\/IMG_2297-scaled.jpeg?fit=1200%2C812&ssl=1&resize=525%2C300 1.5x, https:\/\/i0.wp.com\/radioecoutefm.com\/wp-content\/uploads\/2025\/06\/IMG_2297-scaled.jpeg?fit=1200%2C812&ssl=1&resize=700%2C400 2x, https:\/\/i0.wp.com\/radioecoutefm.com\/wp-content\/uploads\/2025\/06\/IMG_2297-scaled.jpeg?fit=1200%2C812&ssl=1&resize=1050%2C600 3x"},"classes":[]}],"authors":[{"term_id":15,"user_id":1,"is_guest":0,"slug":"borgellaattis","display_name":"Ecoute FM","avatar_url":"https:\/\/secure.gravatar.com\/avatar\/a5369629745bf29c5deb65198d5e38aed1dc2c880c04b3b630ab3f6e8c623b70?s=96&d=mm&r=g","0":null,"1":"","2":"","3":"","4":"","5":"","6":"","7":"","8":""}],"_links":{"self":[{"href":"https:\/\/radioecoutefm.com\/index.php\/wp-json\/wp\/v2\/posts\/2914","targetHints":{"allow":["GET"]}}],"collection":[{"href":"https:\/\/radioecoutefm.com\/index.php\/wp-json\/wp\/v2\/posts"}],"about":[{"href":"https:\/\/radioecoutefm.com\/index.php\/wp-json\/wp\/v2\/types\/post"}],"author":[{"embeddable":true,"href":"https:\/\/radioecoutefm.com\/index.php\/wp-json\/wp\/v2\/users\/1"}],"replies":[{"embeddable":true,"href":"https:\/\/radioecoutefm.com\/index.php\/wp-json\/wp\/v2\/comments?post=2914"}],"version-history":[{"count":1,"href":"https:\/\/radioecoutefm.com\/index.php\/wp-json\/wp\/v2\/posts\/2914\/revisions"}],"predecessor-version":[{"id":2919,"href":"https:\/\/radioecoutefm.com\/index.php\/wp-json\/wp\/v2\/posts\/2914\/revisions\/2919"}],"wp:featuredmedia":[{"embeddable":true,"href":"https:\/\/radioecoutefm.com\/index.php\/wp-json\/wp\/v2\/media\/2915"}],"wp:attachment":[{"href":"https:\/\/radioecoutefm.com\/index.php\/wp-json\/wp\/v2\/media?parent=2914"}],"wp:term":[{"taxonomy":"category","embeddable":true,"href":"https:\/\/radioecoutefm.com\/index.php\/wp-json\/wp\/v2\/categories?post=2914"},{"taxonomy":"post_tag","embeddable":true,"href":"https:\/\/radioecoutefm.com\/index.php\/wp-json\/wp\/v2\/tags?post=2914"},{"taxonomy":"author","embeddable":true,"href":"https:\/\/radioecoutefm.com\/index.php\/wp-json\/wp\/v2\/ppma_author?post=2914"}],"curies":[{"name":"wp","href":"https:\/\/api.w.org\/{rel}","templated":true}]}}