{"id":2877,"date":"2025-04-15T18:56:25","date_gmt":"2025-04-15T18:56:25","guid":{"rendered":"https:\/\/radioecoutefm.com\/?p=2877"},"modified":"2025-04-15T20:03:02","modified_gmt":"2025-04-15T20:03:02","slug":"spnh-17-exige-une-enquete-sur-lincident-de-kenscoff-et-critique-les-detachements-excessifs-de-policiers-aupres-des-vip","status":"publish","type":"post","link":"https:\/\/radioecoutefm.com\/index.php\/2025\/04\/15\/spnh-17-exige-une-enquete-sur-lincident-de-kenscoff-et-critique-les-detachements-excessifs-de-policiers-aupres-des-vip\/","title":{"rendered":"SPNH-17 exige une enqu\u00eate sur l\u2019incident de Kenscoff et critique les d\u00e9tachements excessifs de policiers aupr\u00e8s des VIP"},"content":{"rendered":"<p>Le syndicat de la police nationale d\u2019Ha\u00efti, SPNH-17, monte au cr\u00e9neau suite \u00e0 l\u2019incident survenu le week-end \u00e9coul\u00e9 \u00e0 Kenscoff, o\u00f9 plusieurs agents d\u2019une patrouille ont \u00e9t\u00e9 victimes d\u2019une attaque. Par la voix de son repr\u00e9sentant Garry Jacques, le syndicat exige l\u2019ouverture imm\u00e9diate d\u2019une enqu\u00eate afin de faire toute la lumi\u00e8re sur les circonstances entourant cet acte de violence.<\/p>\n<p>Tout en exprimant sa solidarit\u00e9 envers les policiers touch\u00e9s, Garry Jacques d\u00e9nonce avec fermet\u00e9 la gestion des effectifs au sein de la Police Nationale d\u2019Ha\u00efti (PNH). Il critique notamment le nombre \u00e9lev\u00e9 de policiers affect\u00e9s \u00e0 la s\u00e9curit\u00e9 de personnalit\u00e9s dites VIP, alors que l\u2019institution peine \u00e0 r\u00e9pondre efficacement aux assauts r\u00e9p\u00e9t\u00e9s des groupes arm\u00e9s dans plusieurs zones sensibles du pays.<\/p>\n<p>\u00ab Il est inconcevable que des unit\u00e9s soient sacrifi\u00e9es sur le terrain, pendant que des dizaines de policiers assurent la protection individuelle de personnes privil\u00e9gi\u00e9es \u00bb, a d\u00e9clar\u00e9 Jacques. Il appelle \u00e0 une r\u00e9vision urgente des priorit\u00e9s en mati\u00e8re de d\u00e9ploiement des forces, soulignant la n\u00e9cessit\u00e9 de renforcer les patrouilles r\u00e9guli\u00e8res pour s\u00e9curiser la population.<\/p>\n<p>Le SPNH-17 r\u00e9it\u00e8re sa demande de mesures concr\u00e8tes pour prot\u00e9ger les agents sur le terrain, am\u00e9liorer leurs conditions de travail et restaurer la confiance dans une institution fragilis\u00e9e par les multiples crises s\u00e9curitaires.<\/p>\n","protected":false},"excerpt":{"rendered":"<p>Le syndicat de la police nationale d\u2019Ha\u00efti, SPNH-17, monte au cr\u00e9neau suite \u00e0 l\u2019incident survenu le week-end \u00e9coul\u00e9 \u00e0 Kenscoff, o\u00f9 plusieurs agents d\u2019une patrouille ont \u00e9t\u00e9 victimes d\u2019une attaque. Par la voix de son repr\u00e9sentant Garry Jacques, le syndicat exige l\u2019ouverture imm\u00e9diate d\u2019une enqu\u00eate afin de faire toute la lumi\u00e8re sur les circonstances entourant [&hellip;]<\/p>\n","protected":false},"author":1,"featured_media":2878,"comment_status":"open","ping_status":"open","sticky":false,"template":"","format":"standard","meta":{"_uag_custom_page_level_css":"","jetpack_post_was_ever_published":false,"_jetpack_newsletter_access":"","_jetpack_dont_email_post_to_subs":false,"_jetpack_newsletter_tier_id":0,"_jetpack_memberships_contains_paywalled_content":false,"_jetpack_memberships_contains_paid_content":false,"footnotes":"","jetpack_publicize_message":"","jetpack_publicize_feature_enabled":true,"jetpack_social_post_already_shared":true,"jetpack_social_options":{"image_generator_settings":{"template":"highway","default_image_id":0,"font":"","enabled":false},"version":2}},"categories":[57],"tags":[],"ppma_author":[15],"class_list":["post-2877","post","type-post","status-publish","format-standard","has-post-thumbnail","hentry","category-securite"],"aioseo_notices":[],"jetpack_publicize_connections":[],"jetpack_featured_media_url":"https:\/\/i0.wp.com\/radioecoutefm.com\/wp-content\/uploads\/2025\/04\/IMG_1687.jpeg?fit=267%2C200&ssl=1","uagb_featured_image_src":{"full":["https:\/\/i0.wp.com\/radioecoutefm.com\/wp-content\/uploads\/2025\/04\/IMG_1687.jpeg?fit=267%2C200&ssl=1",267,200,false],"thumbnail":["https:\/\/i0.wp.com\/radioecoutefm.com\/wp-content\/uploads\/2025\/04\/IMG_1687.jpeg?resize=150%2C150&ssl=1",150,150,true],"medium":["https:\/\/i0.wp.com\/radioecoutefm.com\/wp-content\/uploads\/2025\/04\/IMG_1687.jpeg?fit=267%2C200&ssl=1",267,200,true],"medium_large":["https:\/\/i0.wp.com\/radioecoutefm.com\/wp-content\/uploads\/2025\/04\/IMG_1687.jpeg?fit=267%2C200&ssl=1",267,200,true],"large":["https:\/\/i0.wp.com\/radioecoutefm.com\/wp-content\/uploads\/2025\/04\/IMG_1687.jpeg?fit=267%2C200&ssl=1",267,200,true],"1536x1536":["https:\/\/i0.wp.com\/radioecoutefm.com\/wp-content\/uploads\/2025\/04\/IMG_1687.jpeg?fit=267%2C200&ssl=1",267,200,true],"2048x2048":["https:\/\/i0.wp.com\/radioecoutefm.com\/wp-content\/uploads\/2025\/04\/IMG_1687.jpeg?fit=267%2C200&ssl=1",267,200,true],"newsair-slider-full":["https:\/\/i0.wp.com\/radioecoutefm.com\/wp-content\/uploads\/2025\/04\/IMG_1687.jpeg?resize=267%2C200&ssl=1",267,200,true],"newsair-featured":["https:\/\/i0.wp.com\/radioecoutefm.com\/wp-content\/uploads\/2025\/04\/IMG_1687.jpeg?fit=267%2C200&ssl=1",267,200,true],"newsair-medium":["https:\/\/i0.wp.com\/radioecoutefm.com\/wp-content\/uploads\/2025\/04\/IMG_1687.jpeg?resize=267%2C200&ssl=1",267,200,true]},"uagb_author_info":{"display_name":"Ecoute FM","author_link":"https:\/\/radioecoutefm.com\/index.php\/author\/borgellaattis\/"},"uagb_comment_info":0,"uagb_excerpt":"Le syndicat de la police nationale d\u2019Ha\u00efti, SPNH-17, monte au cr\u00e9neau suite \u00e0 l\u2019incident survenu le week-end \u00e9coul\u00e9 \u00e0 Kenscoff, o\u00f9 plusieurs agents d\u2019une patrouille ont \u00e9t\u00e9 victimes d\u2019une attaque. Par la voix de son repr\u00e9sentant Garry Jacques, le syndicat exige l\u2019ouverture imm\u00e9diate d\u2019une enqu\u00eate afin de faire toute la lumi\u00e8re sur les circonstances entourant&hellip;","jetpack_sharing_enabled":true,"jetpack_shortlink":"https:\/\/wp.me\/pgoyna-Kp","jetpack-related-posts":[{"id":1637,"url":"https:\/\/radioecoutefm.com\/index.php\/2025\/03\/15\/le-syndicat-de-la-pnh-alerte-sur-linsecurite-et-exige-des-mesures-urgentes\/","url_meta":{"origin":2877,"position":0},"title":"Le Syndicat de la PNH alerte sur l\u2019ins\u00e9curit\u00e9 et exige des mesures urgentes","author":"Ecoute FM","date":"15.03.2025","format":false,"excerpt":"Face \u00e0 la mont\u00e9e en puissance de l\u2019ins\u00e9curit\u00e9 en Ha\u00efti, le Syndicat de la Police Nationale d\u2019Ha\u00efti (SPNH-17) lance un cri d\u2019alarme et exige des actions imm\u00e9diates de la part des autorit\u00e9s comp\u00e9tentes, notamment le Conseil Sup\u00e9rieur de la Police Nationale , le Haut Commandement de la Police et le\u2026","rel":"","context":"In &quot;INSECURITE&quot;","block_context":{"text":"INSECURITE","link":"https:\/\/radioecoutefm.com\/index.php\/category\/securite\/"},"img":{"alt_text":"","src":"https:\/\/i0.wp.com\/radioecoutefm.com\/wp-content\/uploads\/2025\/03\/IMG_1393.jpeg?fit=1008%2C1008&ssl=1&resize=350%2C200","width":350,"height":200,"srcset":"https:\/\/i0.wp.com\/radioecoutefm.com\/wp-content\/uploads\/2025\/03\/IMG_1393.jpeg?fit=1008%2C1008&ssl=1&resize=350%2C200 1x, https:\/\/i0.wp.com\/radioecoutefm.com\/wp-content\/uploads\/2025\/03\/IMG_1393.jpeg?fit=1008%2C1008&ssl=1&resize=525%2C300 1.5x, https:\/\/i0.wp.com\/radioecoutefm.com\/wp-content\/uploads\/2025\/03\/IMG_1393.jpeg?fit=1008%2C1008&ssl=1&resize=700%2C400 2x"},"classes":[]},{"id":6134,"url":"https:\/\/radioecoutefm.com\/index.php\/2025\/10\/14\/affrontements-armes-a-kenscoff-la-pnh-deploie-ses-unites-speciales-apres-lincendie-de-wynn-farm\/","url_meta":{"origin":2877,"position":1},"title":"Affrontements arm\u00e9s \u00e0 Kenscoff : la PNH d\u00e9ploie ses unit\u00e9s sp\u00e9ciales apr\u00e8s l\u2019incendie de Wynn Farm","author":"Ecoute FM","date":"14.10.2025","format":false,"excerpt":"Un violent affrontement s\u2019est produit dans la nuit du 11 au 12 octobre 2025 \u00e0 Kenscoff, dans la commune de P\u00e9tion-Ville. Selon une note publi\u00e9e par la Coordination de Presse et des Relations Publiques de la Police Nationale d\u2019Ha\u00efti (CPRP\/PNH), des individus lourdement arm\u00e9s ont attaqu\u00e9 la zone, provoquant un\u2026","rel":"","context":"In &quot;INSECURITE&quot;","block_context":{"text":"INSECURITE","link":"https:\/\/radioecoutefm.com\/index.php\/category\/securite\/"},"img":{"alt_text":"","src":"https:\/\/i0.wp.com\/radioecoutefm.com\/wp-content\/uploads\/2025\/10\/6EA5E080-2F68-458A-9DE5-A0E5F59DC2F1.jpeg?fit=598%2C334&ssl=1&resize=350%2C200","width":350,"height":200,"srcset":"https:\/\/i0.wp.com\/radioecoutefm.com\/wp-content\/uploads\/2025\/10\/6EA5E080-2F68-458A-9DE5-A0E5F59DC2F1.jpeg?fit=598%2C334&ssl=1&resize=350%2C200 1x, https:\/\/i0.wp.com\/radioecoutefm.com\/wp-content\/uploads\/2025\/10\/6EA5E080-2F68-458A-9DE5-A0E5F59DC2F1.jpeg?fit=598%2C334&ssl=1&resize=525%2C300 1.5x"},"classes":[]},{"id":2724,"url":"https:\/\/radioecoutefm.com\/index.php\/2025\/04\/12\/armes-et-munitions-de-la-pnh-saisies-par-les-bandits-lionel-lazarre-denonce-des-fautes-administratives-graves\/","url_meta":{"origin":2877,"position":2},"title":"Armes et munitions de la PNH saisies par les bandits, Lionel Lazarre d\u00e9nonce des fautes administratives graves","author":"Ecoute FM","date":"12.04.2025","format":false,"excerpt":"Dans la nuit du 10 au 11 avril 2025, \u00e0 Kenscoff, des bandits arm\u00e9s ont saisi plusieurs armes automatiques, plusieurs chargeurs et autres munitions de la PNH. Ces derniers ont \u00e9t\u00e9 pi\u00e9g\u00e9s par des femmes. Le porte-parole de la PNH , Lionel Lazarre d\u00e9nonce l'attitude des argents de l'ordre qui\u2026","rel":"","context":"In &quot;INSECURITE&quot;","block_context":{"text":"INSECURITE","link":"https:\/\/radioecoutefm.com\/index.php\/category\/securite\/"},"img":{"alt_text":"","src":"https:\/\/i0.wp.com\/radioecoutefm.com\/wp-content\/uploads\/2025\/04\/Minution.jpeg?fit=1080%2C720&ssl=1&resize=350%2C200","width":350,"height":200,"srcset":"https:\/\/i0.wp.com\/radioecoutefm.com\/wp-content\/uploads\/2025\/04\/Minution.jpeg?fit=1080%2C720&ssl=1&resize=350%2C200 1x, https:\/\/i0.wp.com\/radioecoutefm.com\/wp-content\/uploads\/2025\/04\/Minution.jpeg?fit=1080%2C720&ssl=1&resize=525%2C300 1.5x, https:\/\/i0.wp.com\/radioecoutefm.com\/wp-content\/uploads\/2025\/04\/Minution.jpeg?fit=1080%2C720&ssl=1&resize=700%2C400 2x, https:\/\/i0.wp.com\/radioecoutefm.com\/wp-content\/uploads\/2025\/04\/Minution.jpeg?fit=1080%2C720&ssl=1&resize=1050%2C600 3x"},"classes":[]},{"id":4857,"url":"https:\/\/radioecoutefm.com\/index.php\/2025\/06\/05\/violences-a-port-au-prince-un-agent-de-la-pnh-abattu-a-pacot-en-pleine-mission\/","url_meta":{"origin":2877,"position":3},"title":"Violences \u00e0 Port-au-Prince : un agent de la PNH abattu \u00e0 Pacot en pleine mission","author":"Ecoute FM","date":"05.06.2025","format":false,"excerpt":"La violence continue de d\u00e9cimer les rangs de la Police nationale d\u2019Ha\u00efti (PNH). Ce mercredi 4 juin, l\u2019agent Esdras Hilaire, membre du SWAT, a \u00e9t\u00e9 mortellement bless\u00e9 par balle lors d\u2019une op\u00e9ration contre des gangs arm\u00e9s \u00e0 Pacot, quartier de Port-au-Prince. Atteint au cou par un projectile, le policier n\u2019a\u2026","rel":"","context":"In &quot;INSECURITE&quot;","block_context":{"text":"INSECURITE","link":"https:\/\/radioecoutefm.com\/index.php\/category\/securite\/"},"img":{"alt_text":"","src":"https:\/\/i0.wp.com\/radioecoutefm.com\/wp-content\/uploads\/2025\/06\/edras-Hilaire-718x375-1.jpeg?fit=718%2C375&ssl=1&resize=350%2C200","width":350,"height":200,"srcset":"https:\/\/i0.wp.com\/radioecoutefm.com\/wp-content\/uploads\/2025\/06\/edras-Hilaire-718x375-1.jpeg?fit=718%2C375&ssl=1&resize=350%2C200 1x, https:\/\/i0.wp.com\/radioecoutefm.com\/wp-content\/uploads\/2025\/06\/edras-Hilaire-718x375-1.jpeg?fit=718%2C375&ssl=1&resize=525%2C300 1.5x, https:\/\/i0.wp.com\/radioecoutefm.com\/wp-content\/uploads\/2025\/06\/edras-Hilaire-718x375-1.jpeg?fit=718%2C375&ssl=1&resize=700%2C400 2x"},"classes":[]},{"id":4384,"url":"https:\/\/radioecoutefm.com\/index.php\/2025\/05\/20\/brutalite-policiere-au-cap-haitien-trois-agents-de-la-politour-suspendus-apres-lagression-dun-professeur\/","url_meta":{"origin":2877,"position":4},"title":"Brutalit\u00e9 polici\u00e8re au Cap-Ha\u00eftien : Trois agents de la Politour suspendus apr\u00e8s l\u2019agression d\u2019un professeur","author":"Ecoute FM","date":"20.05.2025","format":false,"excerpt":"Une vive indignation secoue la ville du Cap-Ha\u00eftien apr\u00e8s la diffusion d\u2019une vid\u00e9o montrant le professeur Williamson Saint-Fleur violemment interpell\u00e9 par des policiers de la Politour, le 18 mai 2025, aux abords de la Cath\u00e9drale. Les images ont rapidement fait le tour des r\u00e9seaux sociaux, suscitant une vague de condamnations\u2026","rel":"","context":"In &quot;JUSTICE&quot;","block_context":{"text":"JUSTICE","link":"https:\/\/radioecoutefm.com\/index.php\/category\/interview\/"},"img":{"alt_text":"","src":"","width":0,"height":0},"classes":[]},{"id":2921,"url":"https:\/\/radioecoutefm.com\/index.php\/2025\/04\/15\/kenscoff-rony-timothee-denonce-lechec-des-operations-policieres-et-demande-la-revocation-de-rameau-normil\/","url_meta":{"origin":2877,"position":5},"title":"Kenscoff : Rony Timoth\u00e9e d\u00e9nonce l\u2019\u00e9chec des op\u00e9rations polici\u00e8res et demande la r\u00e9vocation de Rameau Normil","author":"Ecoute FM","date":"15.04.2025","format":false,"excerpt":"Lors d\u2019une prise de parole ce mardi 15 avril 2025, Rony Timoth\u00e9e, porte-parole du parti politique \u201cVIV Ayiti\u201d, a vivement critiqu\u00e9 l\u2019inefficacit\u00e9 des op\u00e9rations men\u00e9es par la Police nationale d\u2019Ha\u00efti (PNH) \u00e0 Kenscoff. Selon lui, malgr\u00e9 un d\u00e9caissement de 89 millions de gourdes par le gouvernement en faveur de la\u2026","rel":"","context":"In &quot;POLITIQUE&quot;","block_context":{"text":"POLITIQUE","link":"https:\/\/radioecoutefm.com\/index.php\/category\/politique\/"},"img":{"alt_text":"","src":"","width":0,"height":0},"classes":[]}],"authors":[{"term_id":15,"user_id":1,"is_guest":0,"slug":"borgellaattis","display_name":"Ecoute FM","avatar_url":"https:\/\/secure.gravatar.com\/avatar\/a5369629745bf29c5deb65198d5e38aed1dc2c880c04b3b630ab3f6e8c623b70?s=96&d=mm&r=g","0":null,"1":"","2":"","3":"","4":"","5":"","6":"","7":"","8":""}],"_links":{"self":[{"href":"https:\/\/radioecoutefm.com\/index.php\/wp-json\/wp\/v2\/posts\/2877","targetHints":{"allow":["GET"]}}],"collection":[{"href":"https:\/\/radioecoutefm.com\/index.php\/wp-json\/wp\/v2\/posts"}],"about":[{"href":"https:\/\/radioecoutefm.com\/index.php\/wp-json\/wp\/v2\/types\/post"}],"author":[{"embeddable":true,"href":"https:\/\/radioecoutefm.com\/index.php\/wp-json\/wp\/v2\/users\/1"}],"replies":[{"embeddable":true,"href":"https:\/\/radioecoutefm.com\/index.php\/wp-json\/wp\/v2\/comments?post=2877"}],"version-history":[{"count":1,"href":"https:\/\/radioecoutefm.com\/index.php\/wp-json\/wp\/v2\/posts\/2877\/revisions"}],"predecessor-version":[{"id":2882,"href":"https:\/\/radioecoutefm.com\/index.php\/wp-json\/wp\/v2\/posts\/2877\/revisions\/2882"}],"wp:featuredmedia":[{"embeddable":true,"href":"https:\/\/radioecoutefm.com\/index.php\/wp-json\/wp\/v2\/media\/2878"}],"wp:attachment":[{"href":"https:\/\/radioecoutefm.com\/index.php\/wp-json\/wp\/v2\/media?parent=2877"}],"wp:term":[{"taxonomy":"category","embeddable":true,"href":"https:\/\/radioecoutefm.com\/index.php\/wp-json\/wp\/v2\/categories?post=2877"},{"taxonomy":"post_tag","embeddable":true,"href":"https:\/\/radioecoutefm.com\/index.php\/wp-json\/wp\/v2\/tags?post=2877"},{"taxonomy":"author","embeddable":true,"href":"https:\/\/radioecoutefm.com\/index.php\/wp-json\/wp\/v2\/ppma_author?post=2877"}],"curies":[{"name":"wp","href":"https:\/\/api.w.org\/{rel}","templated":true}]}}