{"id":2871,"date":"2025-04-15T18:42:35","date_gmt":"2025-04-15T18:42:35","guid":{"rendered":"https:\/\/radioecoutefm.com\/?p=2871"},"modified":"2025-04-15T20:03:50","modified_gmt":"2025-04-15T20:03:50","slug":"le-fne-et-le-pncs-unissent-leurs-forces-pour-renforcer-lalimentation-scolaire-en-haiti","status":"publish","type":"post","link":"https:\/\/radioecoutefm.com\/index.php\/2025\/04\/15\/le-fne-et-le-pncs-unissent-leurs-forces-pour-renforcer-lalimentation-scolaire-en-haiti\/","title":{"rendered":"Le FNE et le PNCS unissent leurs forces pour renforcer l\u2019alimentation scolaire en Ha\u00efti"},"content":{"rendered":"<p>Une avanc\u00e9e significative dans le domaine de l\u2019\u00e9ducation a \u00e9t\u00e9 r\u00e9alis\u00e9e ce mardi 15 avril 2025 avec la signature d\u2019un protocole d\u2019accord entre le Fonds National de l\u2019\u00c9ducation (FNE) et le Programme National de Cantines Scolaires (PNCS). L\u2019accord a \u00e9t\u00e9 paraph\u00e9 par Mme Sterline Civil, Directrice G\u00e9n\u00e9rale du FNE, et M. Kevenot Dorvil, Coordonnateur G\u00e9n\u00e9ral du PNCS, lors d\u2019une c\u00e9r\u00e9monie officielle.<\/p>\n<p>Ce partenariat strat\u00e9gique vise \u00e0 consolider les efforts en mati\u00e8re d\u2019alimentation scolaire, un levier essentiel pour garantir l\u2019acc\u00e8s et la r\u00e9gularit\u00e9 des \u00e9l\u00e8ves \u00e0 l\u2019\u00e9cole. En effet, offrir un repas quotidien aux enfants contribue directement \u00e0 am\u00e9liorer leur concentration, leur assiduit\u00e9 et leur performance acad\u00e9mique.<\/p>\n<p>Le FNE, dans le respect de ses obligations l\u00e9gales d\u00e9finies par la loi fondatrice \u00e0 l\u2019article 27, alin\u00e9a h, confirme \u00e0 travers cet accord son r\u00f4le de soutien financier au PNCS. Cette collaboration s\u2019inscrit dans une vision commune d\u2019une \u00e9ducation \u00e9quitable, inclusive et durable.<\/p>\n<p>En conjuguant leurs expertises et ressources, le FNE et le PNCS entendent renforcer les capacit\u00e9s des cantines scolaires \u00e0 travers tout le territoire, notamment dans les zones les plus vuln\u00e9rables. Ce protocole d\u2019accord ouvre ainsi la voie \u00e0 une coordination plus \u00e9troite des actions en faveur du bien-\u00eatre des \u00e9coliers ha\u00eftiens.<\/p>\n","protected":false},"excerpt":{"rendered":"<p>Une avanc\u00e9e significative dans le domaine de l\u2019\u00e9ducation a \u00e9t\u00e9 r\u00e9alis\u00e9e ce mardi 15 avril 2025 avec la signature d\u2019un protocole d\u2019accord entre le Fonds National de l\u2019\u00c9ducation (FNE) et le Programme National de Cantines Scolaires (PNCS). L\u2019accord a \u00e9t\u00e9 paraph\u00e9 par Mme Sterline Civil, Directrice G\u00e9n\u00e9rale du FNE, et M. Kevenot Dorvil, Coordonnateur G\u00e9n\u00e9ral [&hellip;]<\/p>\n","protected":false},"author":1,"featured_media":2872,"comment_status":"open","ping_status":"open","sticky":false,"template":"","format":"standard","meta":{"_uag_custom_page_level_css":"","jetpack_post_was_ever_published":false,"_jetpack_newsletter_access":"","_jetpack_dont_email_post_to_subs":false,"_jetpack_newsletter_tier_id":0,"_jetpack_memberships_contains_paywalled_content":false,"_jetpack_memberships_contains_paid_content":false,"footnotes":"","jetpack_publicize_message":"","jetpack_publicize_feature_enabled":true,"jetpack_social_post_already_shared":true,"jetpack_social_options":{"image_generator_settings":{"template":"highway","default_image_id":0,"font":"","enabled":false},"version":2}},"categories":[64],"tags":[],"ppma_author":[15],"class_list":["post-2871","post","type-post","status-publish","format-standard","has-post-thumbnail","hentry","category-education"],"aioseo_notices":[],"jetpack_publicize_connections":[],"jetpack_featured_media_url":"https:\/\/i0.wp.com\/radioecoutefm.com\/wp-content\/uploads\/2025\/04\/IMG_1686.jpeg?fit=1080%2C720&ssl=1","uagb_featured_image_src":{"full":["https:\/\/i0.wp.com\/radioecoutefm.com\/wp-content\/uploads\/2025\/04\/IMG_1686.jpeg?fit=1080%2C720&ssl=1",1080,720,false],"thumbnail":["https:\/\/i0.wp.com\/radioecoutefm.com\/wp-content\/uploads\/2025\/04\/IMG_1686.jpeg?resize=150%2C150&ssl=1",150,150,true],"medium":["https:\/\/i0.wp.com\/radioecoutefm.com\/wp-content\/uploads\/2025\/04\/IMG_1686.jpeg?fit=300%2C200&ssl=1",300,200,true],"medium_large":["https:\/\/i0.wp.com\/radioecoutefm.com\/wp-content\/uploads\/2025\/04\/IMG_1686.jpeg?fit=640%2C427&ssl=1",640,427,true],"large":["https:\/\/i0.wp.com\/radioecoutefm.com\/wp-content\/uploads\/2025\/04\/IMG_1686.jpeg?fit=640%2C427&ssl=1",640,427,true],"1536x1536":["https:\/\/i0.wp.com\/radioecoutefm.com\/wp-content\/uploads\/2025\/04\/IMG_1686.jpeg?fit=1080%2C720&ssl=1",1080,720,true],"2048x2048":["https:\/\/i0.wp.com\/radioecoutefm.com\/wp-content\/uploads\/2025\/04\/IMG_1686.jpeg?fit=1080%2C720&ssl=1",1080,720,true],"newsair-slider-full":["https:\/\/i0.wp.com\/radioecoutefm.com\/wp-content\/uploads\/2025\/04\/IMG_1686.jpeg?resize=1080%2C720&ssl=1",1080,720,true],"newsair-featured":["https:\/\/i0.wp.com\/radioecoutefm.com\/wp-content\/uploads\/2025\/04\/IMG_1686.jpeg?fit=1024%2C683&ssl=1",1024,683,true],"newsair-medium":["https:\/\/i0.wp.com\/radioecoutefm.com\/wp-content\/uploads\/2025\/04\/IMG_1686.jpeg?resize=720%2C380&ssl=1",720,380,true]},"uagb_author_info":{"display_name":"Ecoute FM","author_link":"https:\/\/radioecoutefm.com\/index.php\/author\/borgellaattis\/"},"uagb_comment_info":0,"uagb_excerpt":"Une avanc\u00e9e significative dans le domaine de l\u2019\u00e9ducation a \u00e9t\u00e9 r\u00e9alis\u00e9e ce mardi 15 avril 2025 avec la signature d\u2019un protocole d\u2019accord entre le Fonds National de l\u2019\u00c9ducation (FNE) et le Programme National de Cantines Scolaires (PNCS). L\u2019accord a \u00e9t\u00e9 paraph\u00e9 par Mme Sterline Civil, Directrice G\u00e9n\u00e9rale du FNE, et M. Kevenot Dorvil, Coordonnateur G\u00e9n\u00e9ral&hellip;","jetpack_sharing_enabled":true,"jetpack_shortlink":"https:\/\/wp.me\/pgoyna-Kj","jetpack-related-posts":[{"id":2712,"url":"https:\/\/radioecoutefm.com\/index.php\/2025\/04\/12\/le-fne-vole-au-secours-de-56-ecoles\/","url_meta":{"origin":2871,"position":0},"title":"Le FNE vole au secours de 56 \u00e9coles","author":"Ecoute FM","date":"12.04.2025","format":false,"excerpt":"Le Fonds national de l'\u00e9ducation (FNE) va accorder un appui \u00e0 56 \u00e9coles dans la zone m\u00e9tropolitaine. Ce soutien va permettre \u00e0 ces \u00e9tablissements victimes de l'ins\u00e9curit\u00e9. C'est ce qu'\u00e0 annonc\u00e9 l'institution \u00e0 travers une note de presse. Le Fonds national de l'\u00e9ducation s'appr\u00eate \u00e0 agir, ce mois d'avril, pour\u2026","rel":"","context":"In &quot;SOCIETE&quot;","block_context":{"text":"SOCIETE","link":"https:\/\/radioecoutefm.com\/index.php\/category\/societe\/"},"img":{"alt_text":"","src":"https:\/\/i0.wp.com\/radioecoutefm.com\/wp-content\/uploads\/2025\/04\/FNE.png?fit=600%2C600&ssl=1&resize=350%2C200","width":350,"height":200,"srcset":"https:\/\/i0.wp.com\/radioecoutefm.com\/wp-content\/uploads\/2025\/04\/FNE.png?fit=600%2C600&ssl=1&resize=350%2C200 1x, https:\/\/i0.wp.com\/radioecoutefm.com\/wp-content\/uploads\/2025\/04\/FNE.png?fit=600%2C600&ssl=1&resize=525%2C300 1.5x"},"classes":[]},{"id":5707,"url":"https:\/\/radioecoutefm.com\/index.php\/2025\/09\/05\/haiti-education-le-menfp-confirme-la-rentree-scolaire-au-1er-octobre-2025\/","url_meta":{"origin":2871,"position":1},"title":"Haiti-Education: Le MENFP confirme la rentr\u00e9e scolaire au 1er octobre 2025","author":"Ecoute FM","date":"05.09.2025","format":false,"excerpt":"Le Minist\u00e8re de l\u2019\u00c9ducation Nationale et de la Formation Professionnelle (MENFP) a publi\u00e9 ce vendredi une circulaire rappelant que la rentr\u00e9e des classes pour l\u2019ann\u00e9e acad\u00e9mique 2025-2026 reste fix\u00e9e au 1er octobre 2025, conform\u00e9ment au communiqu\u00e9 du 7 ao\u00fbt dernier. Dans ce document, la Direction G\u00e9n\u00e9rale du MENFP pr\u00e9cise que\u2026","rel":"","context":"In &quot;EDUCATION&quot;","block_context":{"text":"EDUCATION","link":"https:\/\/radioecoutefm.com\/index.php\/category\/education\/"},"img":{"alt_text":"","src":"https:\/\/i0.wp.com\/radioecoutefm.com\/wp-content\/uploads\/2025\/09\/MENFP.png?fit=720%2C450&ssl=1&resize=350%2C200","width":350,"height":200,"srcset":"https:\/\/i0.wp.com\/radioecoutefm.com\/wp-content\/uploads\/2025\/09\/MENFP.png?fit=720%2C450&ssl=1&resize=350%2C200 1x, https:\/\/i0.wp.com\/radioecoutefm.com\/wp-content\/uploads\/2025\/09\/MENFP.png?fit=720%2C450&ssl=1&resize=525%2C300 1.5x, https:\/\/i0.wp.com\/radioecoutefm.com\/wp-content\/uploads\/2025\/09\/MENFP.png?fit=720%2C450&ssl=1&resize=700%2C400 2x"},"classes":[]},{"id":5509,"url":"https:\/\/radioecoutefm.com\/index.php\/2025\/06\/30\/examens-detat-2025-le-menfp-pret-a-accueillir-pres-de-190-000-candidats-a-travers-le-pays\/","url_meta":{"origin":2871,"position":2},"title":"Examens d\u2019\u00c9tat 2025 : le MENFP pr\u00eat \u00e0 accueillir pr\u00e8s de 190 000 candidats \u00e0 travers le pays","author":"Ecoute FM","date":"30.06.2025","format":false,"excerpt":"Le Minist\u00e8re de l\u2019\u00c9ducation nationale et de la Formation professionnelle (MENFP) annonce qu\u2019il est fin pr\u00eat \u00e0 administrer les \u00e9preuves officielles sur l\u2019ensemble du territoire national. Pas moins de 190 151 candidats sont attendus \u00e0 cette \u00e9tape cruciale de leur parcours scolaire. Selon les donn\u00e9es fournies par le minist\u00e8re, 187\u2026","rel":"","context":"In &quot;EDUCATION&quot;","block_context":{"text":"EDUCATION","link":"https:\/\/radioecoutefm.com\/index.php\/category\/education\/"},"img":{"alt_text":"","src":"https:\/\/i0.wp.com\/radioecoutefm.com\/wp-content\/uploads\/2025\/06\/4A1838DA-A714-4A90-A806-EBD0BF6C3A9A.jpeg?fit=720%2C519&ssl=1&resize=350%2C200","width":350,"height":200,"srcset":"https:\/\/i0.wp.com\/radioecoutefm.com\/wp-content\/uploads\/2025\/06\/4A1838DA-A714-4A90-A806-EBD0BF6C3A9A.jpeg?fit=720%2C519&ssl=1&resize=350%2C200 1x, https:\/\/i0.wp.com\/radioecoutefm.com\/wp-content\/uploads\/2025\/06\/4A1838DA-A714-4A90-A806-EBD0BF6C3A9A.jpeg?fit=720%2C519&ssl=1&resize=525%2C300 1.5x, https:\/\/i0.wp.com\/radioecoutefm.com\/wp-content\/uploads\/2025\/06\/4A1838DA-A714-4A90-A806-EBD0BF6C3A9A.jpeg?fit=720%2C519&ssl=1&resize=700%2C400 2x"},"classes":[]},{"id":4363,"url":"https:\/\/radioecoutefm.com\/index.php\/2025\/05\/19\/agression-dun-professeur-au-cap-haitien-lannih-tire-la-sonnette-dalarme\/","url_meta":{"origin":2871,"position":3},"title":"Agression d\u2019un professeur au Cap-Ha\u00eftien : l\u2019ANNIH tire la sonnette d\u2019alarme","author":"Ecoute FM","date":"19.05.2025","format":false,"excerpt":"Ce qui devait \u00eatre un moment de c\u00e9l\u00e9bration nationale s\u2019est transform\u00e9 en sc\u00e8ne de violence choquante. Le professeur Williamson ST-FLEUR a \u00e9t\u00e9 violemment agress\u00e9 \u00e0 la Cath\u00e9drale du Cap-Ha\u00eftien, au lendemain de la Journ\u00e9e Nationale des Enseignants et en pleine f\u00eate du Drapeau. Selon l\u2019Association Nationale des Normaliens Ind\u00e9pendants d\u2019Ha\u00efti\u2026","rel":"","context":"In &quot;EDUCATION&quot;","block_context":{"text":"EDUCATION","link":"https:\/\/radioecoutefm.com\/index.php\/category\/education\/"},"img":{"alt_text":"","src":"https:\/\/i0.wp.com\/radioecoutefm.com\/wp-content\/uploads\/2025\/05\/IMG_2059.jpeg?fit=225%2C225&ssl=1&resize=350%2C200","width":350,"height":200},"classes":[]},{"id":3942,"url":"https:\/\/radioecoutefm.com\/index.php\/2025\/05\/07\/pncs-et-brana-sunissent-pour-ameliorer-la-nutrition-scolaire\/","url_meta":{"origin":2871,"position":4},"title":"PNCS et BRANA s\u2019unissent pour am\u00e9liorer la nutrition scolaire","author":"Ecoute FM","date":"07.05.2025","format":false,"excerpt":"Le Programme national de Cantines scolaires (PNCS) a officialis\u00e9, ce mardi 6 mai, un partenariat avec la Brasserie Nationale d\u2019Ha\u00efti (BRANA S.A.) \u00e0 travers la signature d'un protocole d'accord. Cette entente pr\u00e9voit la distribution de bouteilles de Malta H, \u00e0 un groupe de 10 000 \u00e9l\u00e8ves. La distribution se fera\u2026","rel":"","context":"In &quot;BUSINESS&quot;","block_context":{"text":"BUSINESS","link":"https:\/\/radioecoutefm.com\/index.php\/category\/business\/"},"img":{"alt_text":"","src":"https:\/\/i0.wp.com\/radioecoutefm.com\/wp-content\/uploads\/2025\/05\/IMG_1925.jpeg?fit=720%2C592&ssl=1&resize=350%2C200","width":350,"height":200,"srcset":"https:\/\/i0.wp.com\/radioecoutefm.com\/wp-content\/uploads\/2025\/05\/IMG_1925.jpeg?fit=720%2C592&ssl=1&resize=350%2C200 1x, https:\/\/i0.wp.com\/radioecoutefm.com\/wp-content\/uploads\/2025\/05\/IMG_1925.jpeg?fit=720%2C592&ssl=1&resize=525%2C300 1.5x, https:\/\/i0.wp.com\/radioecoutefm.com\/wp-content\/uploads\/2025\/05\/IMG_1925.jpeg?fit=720%2C592&ssl=1&resize=700%2C400 2x"},"classes":[]},{"id":6315,"url":"https:\/\/radioecoutefm.com\/index.php\/2026\/04\/03\/un-nouveau-programme-de-13-millions-usd-pour-renforcer-leducation-publique-en-haiti\/","url_meta":{"origin":2871,"position":5},"title":"Un nouveau programme de 13 millions USD pour renforcer l\u2019\u00e9ducation publique en Ha\u00efti","author":"Ecoute FM","date":"03.04.2026","format":false,"excerpt":"La Banque de D\u00e9veloppement des Cara\u00efbes, en partenariat avec le Gouvernement ha\u00eftien, a officiellement lanc\u00e9 le projet \u00ab Am\u00e9lioration de la qualit\u00e9 de l\u2019\u00e9ducation publique II \u00bb (QEPE II). Cette initiative ambitieuse vise \u00e0 am\u00e9liorer l\u2019acc\u00e8s \u00e0 une \u00e9ducation de qualit\u00e9 et \u00e0 renforcer les performances scolaires, notamment pour les\u2026","rel":"","context":"In &quot;EDUCATION&quot;","block_context":{"text":"EDUCATION","link":"https:\/\/radioecoutefm.com\/index.php\/category\/education\/"},"img":{"alt_text":"","src":"https:\/\/i0.wp.com\/radioecoutefm.com\/wp-content\/uploads\/2026\/04\/programme.jpeg?fit=700%2C541&ssl=1&resize=350%2C200","width":350,"height":200,"srcset":"https:\/\/i0.wp.com\/radioecoutefm.com\/wp-content\/uploads\/2026\/04\/programme.jpeg?fit=700%2C541&ssl=1&resize=350%2C200 1x, https:\/\/i0.wp.com\/radioecoutefm.com\/wp-content\/uploads\/2026\/04\/programme.jpeg?fit=700%2C541&ssl=1&resize=525%2C300 1.5x, https:\/\/i0.wp.com\/radioecoutefm.com\/wp-content\/uploads\/2026\/04\/programme.jpeg?fit=700%2C541&ssl=1&resize=700%2C400 2x"},"classes":[]}],"authors":[{"term_id":15,"user_id":1,"is_guest":0,"slug":"borgellaattis","display_name":"Ecoute FM","avatar_url":"https:\/\/secure.gravatar.com\/avatar\/a5369629745bf29c5deb65198d5e38aed1dc2c880c04b3b630ab3f6e8c623b70?s=96&d=mm&r=g","0":null,"1":"","2":"","3":"","4":"","5":"","6":"","7":"","8":""}],"_links":{"self":[{"href":"https:\/\/radioecoutefm.com\/index.php\/wp-json\/wp\/v2\/posts\/2871","targetHints":{"allow":["GET"]}}],"collection":[{"href":"https:\/\/radioecoutefm.com\/index.php\/wp-json\/wp\/v2\/posts"}],"about":[{"href":"https:\/\/radioecoutefm.com\/index.php\/wp-json\/wp\/v2\/types\/post"}],"author":[{"embeddable":true,"href":"https:\/\/radioecoutefm.com\/index.php\/wp-json\/wp\/v2\/users\/1"}],"replies":[{"embeddable":true,"href":"https:\/\/radioecoutefm.com\/index.php\/wp-json\/wp\/v2\/comments?post=2871"}],"version-history":[{"count":1,"href":"https:\/\/radioecoutefm.com\/index.php\/wp-json\/wp\/v2\/posts\/2871\/revisions"}],"predecessor-version":[{"id":2876,"href":"https:\/\/radioecoutefm.com\/index.php\/wp-json\/wp\/v2\/posts\/2871\/revisions\/2876"}],"wp:featuredmedia":[{"embeddable":true,"href":"https:\/\/radioecoutefm.com\/index.php\/wp-json\/wp\/v2\/media\/2872"}],"wp:attachment":[{"href":"https:\/\/radioecoutefm.com\/index.php\/wp-json\/wp\/v2\/media?parent=2871"}],"wp:term":[{"taxonomy":"category","embeddable":true,"href":"https:\/\/radioecoutefm.com\/index.php\/wp-json\/wp\/v2\/categories?post=2871"},{"taxonomy":"post_tag","embeddable":true,"href":"https:\/\/radioecoutefm.com\/index.php\/wp-json\/wp\/v2\/tags?post=2871"},{"taxonomy":"author","embeddable":true,"href":"https:\/\/radioecoutefm.com\/index.php\/wp-json\/wp\/v2\/ppma_author?post=2871"}],"curies":[{"name":"wp","href":"https:\/\/api.w.org\/{rel}","templated":true}]}}