{"id":2865,"date":"2025-04-15T15:58:49","date_gmt":"2025-04-15T15:58:49","guid":{"rendered":"https:\/\/radioecoutefm.com\/?p=2865"},"modified":"2025-04-15T15:58:49","modified_gmt":"2025-04-15T15:58:49","slug":"hugues-celestin-revient-sur-son-parcours-politique-et-denonce-la-gestion-du-kpt","status":"publish","type":"post","link":"https:\/\/radioecoutefm.com\/index.php\/2025\/04\/15\/hugues-celestin-revient-sur-son-parcours-politique-et-denonce-la-gestion-du-kpt\/","title":{"rendered":"Hugues C\u00e9lestin revient sur son parcours politique et d\u00e9nonce la gestion du KPT"},"content":{"rendered":"<p>L\u2019ancien d\u00e9put\u00e9 de Limonade et de Quartier Morin, Hugues C\u00e9lestin, est revenu sur son parcours politique et les combats qu\u2019il a men\u00e9s au Parlement pour \u00e9viter, selon lui, la d\u00e9gringolade actuelle du pays.<\/p>\n<p>\u00c9lu sous la banni\u00e8re du parti Lespwa, il affirme cependant n\u2019avoir jamais \u00e9t\u00e9 en harmonie avec l\u2019ancien pr\u00e9sident Ren\u00e9 Pr\u00e9val, notamment en raison de ses prises de position contre la privatisation des entreprises publiques et les politiques n\u00e9olib\u00e9rales. C\u00e9lestin se pr\u00e9sente comme un farouche opposant \u00e0 ces r\u00e9formes, qu\u2019il juge contraires aux int\u00e9r\u00eats du peuple ha\u00eftien.<\/p>\n<p>Membre actif de l\u2019Accord de Montana, l\u2019ancien parlementaire a vivement critiqu\u00e9 la gouvernance du Conseil Pr\u00e9sidentiel de Transition (KPT), en particulier celle de Fritz Alphonse Jean, qu\u2019il accuse d\u2019avoir trahi la lutte du peuple ha\u00eftien. \u00ab L\u2019objectif de Montana \u00e9tait d\u2019aboutir \u00e0 une vraie transition de rupture. Ce n\u2019est pas ce que nous voyons aujourd\u2019hui \u00bb, a-t-il d\u00e9clar\u00e9.<\/p>\n<p>Face \u00e0 l\u2019\u00e9chec du KPT, Hugues C\u00e9lestin propose une nouvelle d\u00e9marche pour sortir durablement de la crise, appelant \u00e0 une concertation s\u00e9rieuse entre les forces vives de la nation pour redonner espoir au pays.<\/p>\n","protected":false},"excerpt":{"rendered":"<p>L\u2019ancien d\u00e9put\u00e9 de Limonade et de Quartier Morin, Hugues C\u00e9lestin, est revenu sur son parcours politique et les combats qu\u2019il a men\u00e9s au Parlement pour \u00e9viter, selon lui, la d\u00e9gringolade actuelle du pays. \u00c9lu sous la banni\u00e8re du parti Lespwa, il affirme cependant n\u2019avoir jamais \u00e9t\u00e9 en harmonie avec l\u2019ancien pr\u00e9sident Ren\u00e9 Pr\u00e9val, notamment en [&hellip;]<\/p>\n","protected":false},"author":1,"featured_media":2866,"comment_status":"open","ping_status":"open","sticky":false,"template":"","format":"standard","meta":{"_uag_custom_page_level_css":"","jetpack_post_was_ever_published":false,"_jetpack_newsletter_access":"","_jetpack_dont_email_post_to_subs":false,"_jetpack_newsletter_tier_id":0,"_jetpack_memberships_contains_paywalled_content":false,"_jetpack_memberships_contains_paid_content":false,"footnotes":"","jetpack_publicize_message":"","jetpack_publicize_feature_enabled":true,"jetpack_social_post_already_shared":true,"jetpack_social_options":{"image_generator_settings":{"template":"highway","default_image_id":0,"font":"","enabled":false},"version":2}},"categories":[8],"tags":[],"ppma_author":[15],"class_list":["post-2865","post","type-post","status-publish","format-standard","has-post-thumbnail","hentry","category-politique"],"aioseo_notices":[],"jetpack_publicize_connections":[],"jetpack_featured_media_url":"https:\/\/i0.wp.com\/radioecoutefm.com\/wp-content\/uploads\/2025\/04\/IMG_1685.jpeg?fit=299%2C168&ssl=1","uagb_featured_image_src":{"full":["https:\/\/i0.wp.com\/radioecoutefm.com\/wp-content\/uploads\/2025\/04\/IMG_1685.jpeg?fit=299%2C168&ssl=1",299,168,false],"thumbnail":["https:\/\/i0.wp.com\/radioecoutefm.com\/wp-content\/uploads\/2025\/04\/IMG_1685.jpeg?resize=150%2C150&ssl=1",150,150,true],"medium":["https:\/\/i0.wp.com\/radioecoutefm.com\/wp-content\/uploads\/2025\/04\/IMG_1685.jpeg?fit=299%2C168&ssl=1",299,168,true],"medium_large":["https:\/\/i0.wp.com\/radioecoutefm.com\/wp-content\/uploads\/2025\/04\/IMG_1685.jpeg?fit=299%2C168&ssl=1",299,168,true],"large":["https:\/\/i0.wp.com\/radioecoutefm.com\/wp-content\/uploads\/2025\/04\/IMG_1685.jpeg?fit=299%2C168&ssl=1",299,168,true],"1536x1536":["https:\/\/i0.wp.com\/radioecoutefm.com\/wp-content\/uploads\/2025\/04\/IMG_1685.jpeg?fit=299%2C168&ssl=1",299,168,true],"2048x2048":["https:\/\/i0.wp.com\/radioecoutefm.com\/wp-content\/uploads\/2025\/04\/IMG_1685.jpeg?fit=299%2C168&ssl=1",299,168,true],"newsair-slider-full":["https:\/\/i0.wp.com\/radioecoutefm.com\/wp-content\/uploads\/2025\/04\/IMG_1685.jpeg?resize=299%2C168&ssl=1",299,168,true],"newsair-featured":["https:\/\/i0.wp.com\/radioecoutefm.com\/wp-content\/uploads\/2025\/04\/IMG_1685.jpeg?fit=299%2C168&ssl=1",299,168,true],"newsair-medium":["https:\/\/i0.wp.com\/radioecoutefm.com\/wp-content\/uploads\/2025\/04\/IMG_1685.jpeg?resize=299%2C168&ssl=1",299,168,true]},"uagb_author_info":{"display_name":"Ecoute FM","author_link":"https:\/\/radioecoutefm.com\/index.php\/author\/borgellaattis\/"},"uagb_comment_info":0,"uagb_excerpt":"L\u2019ancien d\u00e9put\u00e9 de Limonade et de Quartier Morin, Hugues C\u00e9lestin, est revenu sur son parcours politique et les combats qu\u2019il a men\u00e9s au Parlement pour \u00e9viter, selon lui, la d\u00e9gringolade actuelle du pays. \u00c9lu sous la banni\u00e8re du parti Lespwa, il affirme cependant n\u2019avoir jamais \u00e9t\u00e9 en harmonie avec l\u2019ancien pr\u00e9sident Ren\u00e9 Pr\u00e9val, notamment en&hellip;","jetpack_sharing_enabled":true,"jetpack_shortlink":"https:\/\/wp.me\/pgoyna-Kd","jetpack-related-posts":[{"id":1694,"url":"https:\/\/radioecoutefm.com\/index.php\/2025\/03\/17\/me-michel-andre-dement-les-rumeurs-sur-une-pretendue-blessure-par-balle\/","url_meta":{"origin":2865,"position":0},"title":"Me Michel Andr\u00e9 d\u00e9ment les rumeurs sur une pr\u00e9tendue blessure par balle","author":"Ecoute FM","date":"17.03.2025","format":false,"excerpt":"Depuis plusieurs heures, des rumeurs circulaient sur les r\u00e9seaux sociaux affirmant que l\u2019ancien Avocat du Peuple, Me Michel Andr\u00e9, aurait \u00e9t\u00e9 bless\u00e9 par balle. Face \u00e0 ces all\u00e9gations, nos confr\u00e8res de Vales Media Haiti a contact\u00e9 l\u2019int\u00e9ress\u00e9 afin de faire la lumi\u00e8re sur la situation. \u00ab Je vais bien \u00bb,\u2026","rel":"","context":"In &quot;POLITIQUE&quot;","block_context":{"text":"POLITIQUE","link":"https:\/\/radioecoutefm.com\/index.php\/category\/politique\/"},"img":{"alt_text":"","src":"","width":0,"height":0},"classes":[]},{"id":1084,"url":"https:\/\/radioecoutefm.com\/index.php\/2025\/03\/02\/claude-joseph-et-son-parti-saluent-la-sortie-du-peuple-haitien-et-annoncent-des-manifestations-dans-les-jours-a-venir\/","url_meta":{"origin":2865,"position":1},"title":"Claude Joseph et son parti saluent la sortie du peuple ha\u00eftien et annoncent des manifestations dans les jours \u00e0 venir","author":"Ecoute FM","date":"02.03.2025","format":false,"excerpt":"Le Parti politique Les Engag\u00e9s pour le D\u00e9veloppement (EDE) salue la forte mobilisation du peuple ha\u00eftien qui a r\u00e9pondu massivement \u00e0 son appel pour manifester contre l\u2019ins\u00e9curit\u00e9 qui ravage le pays, ainsi que contre la mauvaise gouvernance et la corruption qui gangr\u00e8nent le Conseil Pr\u00e9sidentiel de Transition, dont trois membres\u2026","rel":"","context":"In &quot;POLITIQUE&quot;","block_context":{"text":"POLITIQUE","link":"https:\/\/radioecoutefm.com\/index.php\/category\/politique\/"},"img":{"alt_text":"","src":"https:\/\/i0.wp.com\/radioecoutefm.com\/wp-content\/uploads\/2025\/03\/BE4EE6DA-9229-43C5-8673-7AB17EF99702.jpeg?fit=307%2C214&ssl=1&resize=350%2C200","width":350,"height":200},"classes":[]},{"id":5894,"url":"https:\/\/radioecoutefm.com\/index.php\/2025\/09\/19\/necrologie-deces-de-lancien-senateur-dejean-belizaire\/","url_meta":{"origin":2865,"position":2},"title":"N\u00e9crologie : D\u00e9c\u00e8s de l\u2019ancien s\u00e9nateur D\u00e9jean B\u00e9lizaire","author":"Ecoute FM","date":"19.09.2025","format":false,"excerpt":"N\u00e9crologie : D\u00e9c\u00e8s de l\u2019ancien s\u00e9nateur D\u00e9jean B\u00e9lizaire L\u2019ancien s\u00e9nateur et homme politique ha\u00eftien D\u00e9jean B\u00e9lizaire est d\u00e9c\u00e9d\u00e9 ce jeudi \u00e0 New York \u00e0 l\u2019\u00e2ge de 90 ans, selon des sources familiales. Ing\u00e9nieur de formation, sp\u00e9cialiste en hydrologie et hydraulique, il \u00e9tait originaire de Petite-Rivi\u00e8re-de-l\u2019Artibonite, o\u00f9 il \u00e9tait n\u00e9 en\u2026","rel":"","context":"In &quot;NECROLOGIE&quot;","block_context":{"text":"NECROLOGIE","link":"https:\/\/radioecoutefm.com\/index.php\/category\/necrologie\/"},"img":{"alt_text":"","src":"https:\/\/i0.wp.com\/radioecoutefm.com\/wp-content\/uploads\/2025\/09\/WhatsApp-Image-2025-09-18-at-18.19.10.jpeg?fit=550%2C367&ssl=1&resize=350%2C200","width":350,"height":200,"srcset":"https:\/\/i0.wp.com\/radioecoutefm.com\/wp-content\/uploads\/2025\/09\/WhatsApp-Image-2025-09-18-at-18.19.10.jpeg?fit=550%2C367&ssl=1&resize=350%2C200 1x, https:\/\/i0.wp.com\/radioecoutefm.com\/wp-content\/uploads\/2025\/09\/WhatsApp-Image-2025-09-18-at-18.19.10.jpeg?fit=550%2C367&ssl=1&resize=525%2C300 1.5x"},"classes":[]},{"id":2841,"url":"https:\/\/radioecoutefm.com\/index.php\/2025\/04\/15\/haiti-me-rene-francisco-denonce-lechec-du-kpt-et-appelle-a-un-conseil-national-de-gouvernement\/","url_meta":{"origin":2865,"position":3},"title":"Ha\u00efti : Me Ren\u00e9 Francisco d\u00e9nonce l\u2019\u00e9chec du KPT et appelle \u00e0 un Conseil National de Gouvernement","author":"Ecoute FM","date":"15.04.2025","format":false,"excerpt":"Dans un contexte national toujours plus instable, l\u2019ancien commissaire du gouvernement de Port-au-Prince, Me Ren\u00e9 Francisco, a lanc\u00e9 de vives critiques \u00e0 l\u2019encontre du Conseil pr\u00e9sidentiel de transition (KPT) lors d\u2019une interview exclusive accord\u00e9e \u00e0 Valesmedia Ha\u00efti. \u00c0 la t\u00eate du parti R\u00e9publicain, il dresse un bilan particuli\u00e8rement sombre des\u2026","rel":"","context":"In &quot;POLITIQUE&quot;","block_context":{"text":"POLITIQUE","link":"https:\/\/radioecoutefm.com\/index.php\/category\/politique\/"},"img":{"alt_text":"","src":"","width":0,"height":0},"classes":[]},{"id":1766,"url":"https:\/\/radioecoutefm.com\/index.php\/2025\/03\/18\/michel-martelly-pris-a-partie-par-des-fideles-en-colere-a-miami\/","url_meta":{"origin":2865,"position":4},"title":"Michel Martelly pris \u00e0 partie par des fid\u00e8les en col\u00e8re \u00e0 Miami","author":"Ecoute FM","date":"18.03.2025","format":false,"excerpt":"L\u2019ancien pr\u00e9sident ha\u00eftien Michel Martelly et son \u00e9pouse Sofia Martelly ont v\u00e9cu un moment de grande tension ce dimanche \u00e0 l\u2019\u00e9glise Notre-Dame de Miami. Pris pour cible par des fid\u00e8les en col\u00e8re, ils ont \u00e9t\u00e9 accueillis par des insultes et des jets de projectiles en plastique remplis d\u2019eau apr\u00e8s la\u2026","rel":"","context":"In &quot;POLITIQUE&quot;","block_context":{"text":"POLITIQUE","link":"https:\/\/radioecoutefm.com\/index.php\/category\/politique\/"},"img":{"alt_text":"","src":"https:\/\/i0.wp.com\/radioecoutefm.com\/wp-content\/uploads\/2025\/03\/IMG_1418.jpeg?fit=1170%2C972&ssl=1&resize=350%2C200","width":350,"height":200,"srcset":"https:\/\/i0.wp.com\/radioecoutefm.com\/wp-content\/uploads\/2025\/03\/IMG_1418.jpeg?fit=1170%2C972&ssl=1&resize=350%2C200 1x, https:\/\/i0.wp.com\/radioecoutefm.com\/wp-content\/uploads\/2025\/03\/IMG_1418.jpeg?fit=1170%2C972&ssl=1&resize=525%2C300 1.5x, https:\/\/i0.wp.com\/radioecoutefm.com\/wp-content\/uploads\/2025\/03\/IMG_1418.jpeg?fit=1170%2C972&ssl=1&resize=700%2C400 2x, https:\/\/i0.wp.com\/radioecoutefm.com\/wp-content\/uploads\/2025\/03\/IMG_1418.jpeg?fit=1170%2C972&ssl=1&resize=1050%2C600 3x"},"classes":[]},{"id":1784,"url":"https:\/\/radioecoutefm.com\/index.php\/2025\/03\/18\/nenel-cassy-dans-la-tourmente-le-commissaire-muscadin-exige-des-explications\/","url_meta":{"origin":2865,"position":5},"title":"Nenel Cassy dans la tourmente : Le commissaire Muscadin exige des explications","author":"Ecoute FM","date":"18.03.2025","format":false,"excerpt":"L\u2019ancien s\u00e9nateur des Nippes, Nenel Cassy, continue d\u2019\u00eatre au centre de la controverse apr\u00e8s sa pr\u00e9sentation au parquet de Port-au-Prince ce lundi 17 mars 2025. Alors qu\u2019il esp\u00e9rait clarifier sa situation judiciaire, une nouvelle d\u00e9claration du commissaire du gouvernement de Mirago\u00e2ne, Ma\u00eetre Jean Ernest Muscadin, vient raviver les tensions autour\u2026","rel":"","context":"In &quot;INSECURITE&quot;","block_context":{"text":"INSECURITE","link":"https:\/\/radioecoutefm.com\/index.php\/category\/securite\/"},"img":{"alt_text":"","src":"","width":0,"height":0},"classes":[]}],"authors":[{"term_id":15,"user_id":1,"is_guest":0,"slug":"borgellaattis","display_name":"Ecoute FM","avatar_url":"https:\/\/secure.gravatar.com\/avatar\/a5369629745bf29c5deb65198d5e38aed1dc2c880c04b3b630ab3f6e8c623b70?s=96&d=mm&r=g","0":null,"1":"","2":"","3":"","4":"","5":"","6":"","7":"","8":""}],"_links":{"self":[{"href":"https:\/\/radioecoutefm.com\/index.php\/wp-json\/wp\/v2\/posts\/2865","targetHints":{"allow":["GET"]}}],"collection":[{"href":"https:\/\/radioecoutefm.com\/index.php\/wp-json\/wp\/v2\/posts"}],"about":[{"href":"https:\/\/radioecoutefm.com\/index.php\/wp-json\/wp\/v2\/types\/post"}],"author":[{"embeddable":true,"href":"https:\/\/radioecoutefm.com\/index.php\/wp-json\/wp\/v2\/users\/1"}],"replies":[{"embeddable":true,"href":"https:\/\/radioecoutefm.com\/index.php\/wp-json\/wp\/v2\/comments?post=2865"}],"version-history":[{"count":1,"href":"https:\/\/radioecoutefm.com\/index.php\/wp-json\/wp\/v2\/posts\/2865\/revisions"}],"predecessor-version":[{"id":2870,"href":"https:\/\/radioecoutefm.com\/index.php\/wp-json\/wp\/v2\/posts\/2865\/revisions\/2870"}],"wp:featuredmedia":[{"embeddable":true,"href":"https:\/\/radioecoutefm.com\/index.php\/wp-json\/wp\/v2\/media\/2866"}],"wp:attachment":[{"href":"https:\/\/radioecoutefm.com\/index.php\/wp-json\/wp\/v2\/media?parent=2865"}],"wp:term":[{"taxonomy":"category","embeddable":true,"href":"https:\/\/radioecoutefm.com\/index.php\/wp-json\/wp\/v2\/categories?post=2865"},{"taxonomy":"post_tag","embeddable":true,"href":"https:\/\/radioecoutefm.com\/index.php\/wp-json\/wp\/v2\/tags?post=2865"},{"taxonomy":"author","embeddable":true,"href":"https:\/\/radioecoutefm.com\/index.php\/wp-json\/wp\/v2\/ppma_author?post=2865"}],"curies":[{"name":"wp","href":"https:\/\/api.w.org\/{rel}","templated":true}]}}