{"id":2849,"date":"2025-04-15T06:00:55","date_gmt":"2025-04-15T06:00:55","guid":{"rendered":"https:\/\/radioecoutefm.com\/?p=2849"},"modified":"2025-04-15T06:03:17","modified_gmt":"2025-04-15T06:03:17","slug":"haiti-liberte-de-la-presse-menacee-la-station-storm-tv-incendiee-par-des-membres-de-la-coalition-viv-ansanm","status":"publish","type":"post","link":"https:\/\/radioecoutefm.com\/index.php\/2025\/04\/15\/haiti-liberte-de-la-presse-menacee-la-station-storm-tv-incendiee-par-des-membres-de-la-coalition-viv-ansanm\/","title":{"rendered":"Ha\u00efti \u2013 Libert\u00e9 de la presse menac\u00e9e : la station Storm TV incendi\u00e9e par des membres de la coalition Viv Ansanm"},"content":{"rendered":"<p>La libert\u00e9 de la presse en Ha\u00efti continue d\u2019\u00eatre lourdement mise \u00e0 mal. Dans une courte vid\u00e9o diffus\u00e9e sur les r\u00e9seaux sociaux ce lundi 14 avril 2025, des membres identifi\u00e9s comme appartenant \u00e0 la coalition arm\u00e9e Viv Ansanm ont \u00e9t\u00e9 film\u00e9s en train de mettre le feu \u00e0 la station de t\u00e9l\u00e9vision Storm TV, situ\u00e9e dans la commune de Delmas, \u00e0 Port-au-Prince.<\/p>\n<p>Cette attaque survient dans un contexte de violence croissante ciblant les m\u00e9dias ha\u00eftiens. Apr\u00e8s Radio T\u00e9l\u00e9 Cara\u00efbes et l\u2019attaque sur Radio T\u00e9l\u00e9 Pluriel \u00e0 Delmas 19, Storm TV devient la troisi\u00e8me station de presse \u00e0 subir une attaque directe en l\u2019espace d\u2019un mois. Ces actes de vandalisme et d\u2019intimidation sont per\u00e7us comme une tentative manifeste de museler les voix critiques et ind\u00e9pendantes du pays.<\/p>\n<p>Pour l\u2019instant, aucune autorit\u00e9 polici\u00e8re n\u2019a officiellement comment\u00e9 l\u2019incident. De nombreuses voix au sein de la soci\u00e9t\u00e9 civile et de la presse ind\u00e9pendante appellent \u00e0 une r\u00e9action urgente de l\u2019\u00c9tat pour mettre fin \u00e0 l\u2019impunit\u00e9 et garantir le droit fondamental \u00e0 l\u2019information.<\/p>\n<p>La r\u00e9p\u00e9tition de ces attaques soul\u00e8ve de vives inqui\u00e9tudes quant \u00e0 la d\u00e9rive autoritaire et la mont\u00e9e en puissance des groupes arm\u00e9s qui semblent agir en toute libert\u00e9 dans la capitale.<\/p>\n","protected":false},"excerpt":{"rendered":"<p>La libert\u00e9 de la presse en Ha\u00efti continue d\u2019\u00eatre lourdement mise \u00e0 mal. Dans une courte vid\u00e9o diffus\u00e9e sur les r\u00e9seaux sociaux ce lundi 14 avril 2025, des membres identifi\u00e9s comme appartenant \u00e0 la coalition arm\u00e9e Viv Ansanm ont \u00e9t\u00e9 film\u00e9s en train de mettre le feu \u00e0 la station de t\u00e9l\u00e9vision Storm TV, situ\u00e9e [&hellip;]<\/p>\n","protected":false},"author":1,"featured_media":2850,"comment_status":"open","ping_status":"open","sticky":false,"template":"","format":"standard","meta":{"_uag_custom_page_level_css":"","jetpack_post_was_ever_published":false,"_jetpack_newsletter_access":"","_jetpack_dont_email_post_to_subs":false,"_jetpack_newsletter_tier_id":0,"_jetpack_memberships_contains_paywalled_content":false,"_jetpack_memberships_contains_paid_content":false,"footnotes":"","jetpack_publicize_message":"","jetpack_publicize_feature_enabled":true,"jetpack_social_post_already_shared":true,"jetpack_social_options":{"image_generator_settings":{"template":"highway","default_image_id":0,"font":"","enabled":false},"version":2}},"categories":[57],"tags":[],"ppma_author":[15],"class_list":["post-2849","post","type-post","status-publish","format-standard","has-post-thumbnail","hentry","category-securite"],"aioseo_notices":[],"jetpack_publicize_connections":[],"jetpack_featured_media_url":"https:\/\/i0.wp.com\/radioecoutefm.com\/wp-content\/uploads\/2025\/04\/IMG_1679.webp?fit=600%2C233&ssl=1","uagb_featured_image_src":{"full":["https:\/\/i0.wp.com\/radioecoutefm.com\/wp-content\/uploads\/2025\/04\/IMG_1679.webp?fit=600%2C233&ssl=1",600,233,false],"thumbnail":["https:\/\/i0.wp.com\/radioecoutefm.com\/wp-content\/uploads\/2025\/04\/IMG_1679.webp?resize=150%2C150&ssl=1",150,150,true],"medium":["https:\/\/i0.wp.com\/radioecoutefm.com\/wp-content\/uploads\/2025\/04\/IMG_1679.webp?fit=300%2C117&ssl=1",300,117,true],"medium_large":["https:\/\/i0.wp.com\/radioecoutefm.com\/wp-content\/uploads\/2025\/04\/IMG_1679.webp?fit=600%2C233&ssl=1",600,233,true],"large":["https:\/\/i0.wp.com\/radioecoutefm.com\/wp-content\/uploads\/2025\/04\/IMG_1679.webp?fit=600%2C233&ssl=1",600,233,true],"1536x1536":["https:\/\/i0.wp.com\/radioecoutefm.com\/wp-content\/uploads\/2025\/04\/IMG_1679.webp?fit=600%2C233&ssl=1",600,233,true],"2048x2048":["https:\/\/i0.wp.com\/radioecoutefm.com\/wp-content\/uploads\/2025\/04\/IMG_1679.webp?fit=600%2C233&ssl=1",600,233,true],"newsair-slider-full":["https:\/\/i0.wp.com\/radioecoutefm.com\/wp-content\/uploads\/2025\/04\/IMG_1679.webp?resize=600%2C233&ssl=1",600,233,true],"newsair-featured":["https:\/\/i0.wp.com\/radioecoutefm.com\/wp-content\/uploads\/2025\/04\/IMG_1679.webp?fit=600%2C233&ssl=1",600,233,true],"newsair-medium":["https:\/\/i0.wp.com\/radioecoutefm.com\/wp-content\/uploads\/2025\/04\/IMG_1679.webp?resize=600%2C233&ssl=1",600,233,true]},"uagb_author_info":{"display_name":"Ecoute FM","author_link":"https:\/\/radioecoutefm.com\/index.php\/author\/borgellaattis\/"},"uagb_comment_info":0,"uagb_excerpt":"La libert\u00e9 de la presse en Ha\u00efti continue d\u2019\u00eatre lourdement mise \u00e0 mal. Dans une courte vid\u00e9o diffus\u00e9e sur les r\u00e9seaux sociaux ce lundi 14 avril 2025, des membres identifi\u00e9s comme appartenant \u00e0 la coalition arm\u00e9e Viv Ansanm ont \u00e9t\u00e9 film\u00e9s en train de mettre le feu \u00e0 la station de t\u00e9l\u00e9vision Storm TV, situ\u00e9e&hellip;","jetpack_sharing_enabled":true,"jetpack_shortlink":"https:\/\/wp.me\/pgoyna-JX","jetpack-related-posts":[{"id":1688,"url":"https:\/\/radioecoutefm.com\/index.php\/2025\/03\/17\/haiti-insecurite-trois-medias-incendies-en-moins-dune-semaine-linquietante-montee-de-linsecurite-en-haiti-et-linaction-des-autorites\/","url_meta":{"origin":2849,"position":0},"title":"Haiti ins\u00e9curit\u00e9: Trois M\u00e9dias Incendi\u00e9s en moins d&#8217;une semaine, l&#8217;inqui\u00e9tante Mont\u00e9e de l&#8217;Ins\u00e9curit\u00e9 en Ha\u00efti et l&#8217;Inaction des Autorit\u00e9s","author":"Ecoute FM","date":"17.03.2025","format":false,"excerpt":"En moins d\u2019une semaine, trois stations de media ha\u00eftiennes ont \u00e9t\u00e9 cibl\u00e9es par des incendies criminels, une s\u00e9rie d'attaques violentes qui r\u00e9v\u00e8lent une escalade dramatique de l'ins\u00e9curit\u00e9 dans le pays. Ces incendies, attribu\u00e9s au groupe criminel Viv Ansanm, ont non seulement caus\u00e9 des destructions mat\u00e9rielles consid\u00e9rables, mais ont aussi jet\u00e9\u2026","rel":"","context":"In &quot;INSECURITE&quot;","block_context":{"text":"INSECURITE","link":"https:\/\/radioecoutefm.com\/index.php\/category\/securite\/"},"img":{"alt_text":"","src":"https:\/\/i0.wp.com\/radioecoutefm.com\/wp-content\/uploads\/2025\/03\/Liberte-de-la-presse.png?fit=1125%2C528&ssl=1&resize=350%2C200","width":350,"height":200,"srcset":"https:\/\/i0.wp.com\/radioecoutefm.com\/wp-content\/uploads\/2025\/03\/Liberte-de-la-presse.png?fit=1125%2C528&ssl=1&resize=350%2C200 1x, https:\/\/i0.wp.com\/radioecoutefm.com\/wp-content\/uploads\/2025\/03\/Liberte-de-la-presse.png?fit=1125%2C528&ssl=1&resize=525%2C300 1.5x, https:\/\/i0.wp.com\/radioecoutefm.com\/wp-content\/uploads\/2025\/03\/Liberte-de-la-presse.png?fit=1125%2C528&ssl=1&resize=700%2C400 2x, https:\/\/i0.wp.com\/radioecoutefm.com\/wp-content\/uploads\/2025\/03\/Liberte-de-la-presse.png?fit=1125%2C528&ssl=1&resize=1050%2C600 3x"},"classes":[]},{"id":1682,"url":"https:\/\/radioecoutefm.com\/index.php\/2025\/03\/16\/radio-tele-pluriel-incendiee-les-gangs-poursuivent-leurs-attaques-contre-la-presse-haitienne\/","url_meta":{"origin":2849,"position":1},"title":"Radio T\u00e9l\u00e9 Pluriel incendi\u00e9e : les gangs poursuivent leurs attaques contre la presse ha\u00eftienne","author":"Ecoute FM","date":"16.03.2025","format":false,"excerpt":"Les gangs arm\u00e9s continuent de semer la terreur en Ha\u00efti, s\u2019attaquant une fois de plus \u00e0 un m\u00e9dia local. Dans la nuit du samedi 15 au dimanche 16 mars 2025, les locaux de T\u00e9l\u00e9 Pluriel, situ\u00e9s \u00e0 l\u2019angle des rues Delmas 19 et d\u2019Ain\u00e9, ont \u00e9t\u00e9 pris pour cible. Des\u2026","rel":"","context":"In &quot;INSECURITE&quot;","block_context":{"text":"INSECURITE","link":"https:\/\/radioecoutefm.com\/index.php\/category\/securite\/"},"img":{"alt_text":"","src":"https:\/\/i0.wp.com\/radioecoutefm.com\/wp-content\/uploads\/2025\/03\/IMG_1399.webp?fit=474%2C500&ssl=1&resize=350%2C200","width":350,"height":200},"classes":[]},{"id":1967,"url":"https:\/\/radioecoutefm.com\/index.php\/2025\/03\/24\/attaque-armee-a-delmas-19\/","url_meta":{"origin":2849,"position":2},"title":"Attaque Arm\u00e9e a Delmas 19","author":"Claude DIEUPHENE","date":"24.03.2025","format":false,"excerpt":"T\u00f4t dans la matinee du lundi 24 Mars 2025, Delmas 19 a \u00e9t\u00e9 le th\u00e9\u00e2tre de nouvelles attaques sanglantes. Des individus arm\u00e9s non identifi\u00e9s ont attaqu\u00e9 les voitures qui franchissent les routes de Bas-Delmas comme Delmas 29, Delmas 19. Au moins un mort et plus d\u2019une vingtaine de bless\u00e9s ont\u2026","rel":"","context":"In &quot;INSECURITE&quot;","block_context":{"text":"INSECURITE","link":"https:\/\/radioecoutefm.com\/index.php\/category\/securite\/"},"img":{"alt_text":"","src":"https:\/\/i0.wp.com\/radioecoutefm.com\/wp-content\/uploads\/2025\/03\/IMG_1467.jpeg?fit=962%2C632&ssl=1&resize=350%2C200","width":350,"height":200,"srcset":"https:\/\/i0.wp.com\/radioecoutefm.com\/wp-content\/uploads\/2025\/03\/IMG_1467.jpeg?fit=962%2C632&ssl=1&resize=350%2C200 1x, https:\/\/i0.wp.com\/radioecoutefm.com\/wp-content\/uploads\/2025\/03\/IMG_1467.jpeg?fit=962%2C632&ssl=1&resize=525%2C300 1.5x, https:\/\/i0.wp.com\/radioecoutefm.com\/wp-content\/uploads\/2025\/03\/IMG_1467.jpeg?fit=962%2C632&ssl=1&resize=700%2C400 2x"},"classes":[]},{"id":1081,"url":"https:\/\/radioecoutefm.com\/index.php\/2025\/03\/02\/operation-policiere-a-delmas-6-plusieurs-bandits-neutralises\/","url_meta":{"origin":2849,"position":3},"title":"Op\u00e9ration polici\u00e8re \u00e0 Delmas 6 : plusieurs bandits neutralis\u00e9s","author":"Ecoute FM","date":"02.03.2025","format":false,"excerpt":"Jimmy Ch\u00e9risier, alias \"Barbecue\", pr\u00e9sident et porte-parole de la coalition de groupes criminels surnomm\u00e9e \"Viv Ansanm\", a \u00e9chapp\u00e9 \u00e0 une op\u00e9ration de police dans le bas de Delmas, le samedi 1er mars 2025. Selon les informations, plusieurs bandits ont \u00e9t\u00e9 arr\u00eat\u00e9s lors de cette op\u00e9ration visant \u00e0 d\u00e9loger les malfrats\u2026","rel":"","context":"In &quot;POLITIQUE&quot;","block_context":{"text":"POLITIQUE","link":"https:\/\/radioecoutefm.com\/index.php\/category\/politique\/"},"img":{"alt_text":"","src":"https:\/\/i0.wp.com\/radioecoutefm.com\/wp-content\/uploads\/2025\/03\/80539609-1788-47CE-8F17-346216EC9031.jpeg?fit=750%2C480&ssl=1&resize=350%2C200","width":350,"height":200,"srcset":"https:\/\/i0.wp.com\/radioecoutefm.com\/wp-content\/uploads\/2025\/03\/80539609-1788-47CE-8F17-346216EC9031.jpeg?fit=750%2C480&ssl=1&resize=350%2C200 1x, https:\/\/i0.wp.com\/radioecoutefm.com\/wp-content\/uploads\/2025\/03\/80539609-1788-47CE-8F17-346216EC9031.jpeg?fit=750%2C480&ssl=1&resize=525%2C300 1.5x, https:\/\/i0.wp.com\/radioecoutefm.com\/wp-content\/uploads\/2025\/03\/80539609-1788-47CE-8F17-346216EC9031.jpeg?fit=750%2C480&ssl=1&resize=700%2C400 2x"},"classes":[]},{"id":1585,"url":"https:\/\/radioecoutefm.com\/index.php\/2025\/03\/13\/les-gangs-de-viv-ansanm-ont-incendie-radio-television-caraibes\/","url_meta":{"origin":2849,"position":4},"title":"Les gangs de &#8220;Viv Ansanm&#8221; ont incendi\u00e9 Radio T\u00e9l\u00e9vision Cara\u00efbes","author":"Ecoute FM","date":"13.03.2025","format":false,"excerpt":"La violence des gangs continue de semer la terreur dans la capitale ha\u00eftienne. Dans la nuit du jeudi 13 mars 2025, des membres de la coalition criminelle \u00ab Viv Ansanm \u00bb ont attaqu\u00e9 et incendi\u00e9 les locaux de la Radio T\u00e9l\u00e9vision Cara\u00efbes (RTVC), situ\u00e9s \u00e0 la ruelle Chavannes, \u00e0 Port-au-Prince.\u2026","rel":"","context":"In &quot;INSECURITE&quot;","block_context":{"text":"INSECURITE","link":"https:\/\/radioecoutefm.com\/index.php\/category\/securite\/"},"img":{"alt_text":"","src":"https:\/\/i0.wp.com\/radioecoutefm.com\/wp-content\/uploads\/2025\/03\/caraibes.jpeg?fit=720%2C501&ssl=1&resize=350%2C200","width":350,"height":200,"srcset":"https:\/\/i0.wp.com\/radioecoutefm.com\/wp-content\/uploads\/2025\/03\/caraibes.jpeg?fit=720%2C501&ssl=1&resize=350%2C200 1x, https:\/\/i0.wp.com\/radioecoutefm.com\/wp-content\/uploads\/2025\/03\/caraibes.jpeg?fit=720%2C501&ssl=1&resize=525%2C300 1.5x, https:\/\/i0.wp.com\/radioecoutefm.com\/wp-content\/uploads\/2025\/03\/caraibes.jpeg?fit=720%2C501&ssl=1&resize=700%2C400 2x"},"classes":[]},{"id":1797,"url":"https:\/\/radioecoutefm.com\/index.php\/2025\/03\/18\/rnddh-demande-au-cpt-de-freiner-les-criminels-de-viv-ansanm\/","url_meta":{"origin":2849,"position":5},"title":"RNDDH demande au CPT de freiner les criminels de &#8220;Viv ansanm&#8221;","author":"Ecoute FM","date":"18.03.2025","format":false,"excerpt":"Dans un communiqu\u00e9 publi\u00e9, le lundi 17 mars 2025, Le r\u00e9seau national de la d\u00e9fense des droits humains condamne les attaques perp\u00e9tr\u00e9es par la coalition criminelle \u00ab Viv Ansanm \u00bb contre certains medias de la capitale. A travers ce communiqu\u00e9 le RNDDH a pr\u00e9cis\u00e9 qu\u2019en moins de trois jours les\u2026","rel":"","context":"In &quot;INSECURITE&quot;","block_context":{"text":"INSECURITE","link":"https:\/\/radioecoutefm.com\/index.php\/category\/securite\/"},"img":{"alt_text":"","src":"https:\/\/i0.wp.com\/radioecoutefm.com\/wp-content\/uploads\/2025\/03\/205FBD1F-ABEF-4168-9375-81CAF36DFEDB.jpeg?fit=693%2C462&ssl=1&resize=350%2C200","width":350,"height":200,"srcset":"https:\/\/i0.wp.com\/radioecoutefm.com\/wp-content\/uploads\/2025\/03\/205FBD1F-ABEF-4168-9375-81CAF36DFEDB.jpeg?fit=693%2C462&ssl=1&resize=350%2C200 1x, https:\/\/i0.wp.com\/radioecoutefm.com\/wp-content\/uploads\/2025\/03\/205FBD1F-ABEF-4168-9375-81CAF36DFEDB.jpeg?fit=693%2C462&ssl=1&resize=525%2C300 1.5x"},"classes":[]}],"authors":[{"term_id":15,"user_id":1,"is_guest":0,"slug":"borgellaattis","display_name":"Ecoute FM","avatar_url":"https:\/\/secure.gravatar.com\/avatar\/a5369629745bf29c5deb65198d5e38aed1dc2c880c04b3b630ab3f6e8c623b70?s=96&d=mm&r=g","0":null,"1":"","2":"","3":"","4":"","5":"","6":"","7":"","8":""}],"_links":{"self":[{"href":"https:\/\/radioecoutefm.com\/index.php\/wp-json\/wp\/v2\/posts\/2849","targetHints":{"allow":["GET"]}}],"collection":[{"href":"https:\/\/radioecoutefm.com\/index.php\/wp-json\/wp\/v2\/posts"}],"about":[{"href":"https:\/\/radioecoutefm.com\/index.php\/wp-json\/wp\/v2\/types\/post"}],"author":[{"embeddable":true,"href":"https:\/\/radioecoutefm.com\/index.php\/wp-json\/wp\/v2\/users\/1"}],"replies":[{"embeddable":true,"href":"https:\/\/radioecoutefm.com\/index.php\/wp-json\/wp\/v2\/comments?post=2849"}],"version-history":[{"count":2,"href":"https:\/\/radioecoutefm.com\/index.php\/wp-json\/wp\/v2\/posts\/2849\/revisions"}],"predecessor-version":[{"id":2855,"href":"https:\/\/radioecoutefm.com\/index.php\/wp-json\/wp\/v2\/posts\/2849\/revisions\/2855"}],"wp:featuredmedia":[{"embeddable":true,"href":"https:\/\/radioecoutefm.com\/index.php\/wp-json\/wp\/v2\/media\/2850"}],"wp:attachment":[{"href":"https:\/\/radioecoutefm.com\/index.php\/wp-json\/wp\/v2\/media?parent=2849"}],"wp:term":[{"taxonomy":"category","embeddable":true,"href":"https:\/\/radioecoutefm.com\/index.php\/wp-json\/wp\/v2\/categories?post=2849"},{"taxonomy":"post_tag","embeddable":true,"href":"https:\/\/radioecoutefm.com\/index.php\/wp-json\/wp\/v2\/tags?post=2849"},{"taxonomy":"author","embeddable":true,"href":"https:\/\/radioecoutefm.com\/index.php\/wp-json\/wp\/v2\/ppma_author?post=2849"}],"curies":[{"name":"wp","href":"https:\/\/api.w.org\/{rel}","templated":true}]}}