{"id":2822,"date":"2025-04-15T02:18:14","date_gmt":"2025-04-15T02:18:14","guid":{"rendered":"https:\/\/radioecoutefm.com\/?p=2822"},"modified":"2025-04-15T02:19:34","modified_gmt":"2025-04-15T02:19:34","slug":"des-ex-officiels-haitiens-face-a-la-justice","status":"publish","type":"post","link":"https:\/\/radioecoutefm.com\/index.php\/2025\/04\/15\/des-ex-officiels-haitiens-face-a-la-justice\/","title":{"rendered":"Des ex-officiels ha\u00eftiens face \u00e0 la justice"},"content":{"rendered":"<p class=\"\" data-start=\"202\" data-end=\"790\"><em data-start=\"202\" data-end=\"233\">Port-au-Prince, 14 avril 2025<\/em> \u2013 Le commissaire du gouvernement Frantz Monclair a d\u00e9f\u00e9r\u00e9 ce lundi un dossier majeur au cabinet d&#8217;instruction concernant dix personnes, dont trois anciens responsables de l&#8217;\u00c9tat, soup\u00e7onn\u00e9es de liens avec des gangs arm\u00e9s. Parmi ces figures publiques, on retrouve Prophane Victor, ancien d\u00e9put\u00e9, Magalie Habitant et Elionor Devalon, deux personnalit\u00e9s ayant occup\u00e9 des fonctions importantes sous l&#8217;administration pr\u00e9c\u00e9dente. Cette avanc\u00e9e dans l\u2019enqu\u00eate suscite des interrogations sur les ramifications de la criminalit\u00e9 organis\u00e9e au sein de l\u2019\u00c9tat ha\u00eftien.<\/p>\n<p class=\"\" data-start=\"792\" data-end=\"1273\">L\u2019affaire, qui fait grand bruit, repose sur des accusations graves de soutien ou de complicit\u00e9 avec des groupes arm\u00e9s, qui exercent une pression de plus en plus violente sur la population. En parall\u00e8le, trois individus arr\u00eat\u00e9s lors de la m\u00eame op\u00e9ration ont \u00e9t\u00e9 rel\u00e2ch\u00e9s, faute de preuves suffisantes. Le dossier t\u00e9moigne de la volont\u00e9 des autorit\u00e9s de d\u00e9manteler les r\u00e9seaux criminels qui gangr\u00e8nent le pays et de poursuivre ceux qui, selon les accusations, facilitent leur action.<\/p>\n<p class=\"\" data-start=\"1275\" data-end=\"1762\">Cette enqu\u00eate arrive \u00e0 un moment crucial o\u00f9 la s\u00e9curit\u00e9 du pays est au bord du gouffre, les gangs ayant pris le contr\u00f4le de vastes zones de la capitale. Si elle r\u00e9ussit \u00e0 \u00e9tablir des preuves concr\u00e8tes, elle pourrait marquer une rupture avec l\u2019impunit\u00e9 qui prot\u00e8ge souvent les responsables politiques impliqu\u00e9s dans ces activit\u00e9s criminelles. Les regards sont d\u00e9sormais tourn\u00e9s vers le cabinet d\u2019instruction pour savoir si la justice ha\u00eftienne pourra aller au bout de ce dossier explosif.<\/p>\n","protected":false},"excerpt":{"rendered":"<p>Port-au-Prince, 14 avril 2025 \u2013 Le commissaire du gouvernement Frantz Monclair a d\u00e9f\u00e9r\u00e9 ce lundi un dossier majeur au cabinet d&#8217;instruction concernant dix personnes, dont trois anciens responsables de l&#8217;\u00c9tat, soup\u00e7onn\u00e9es de liens avec des gangs arm\u00e9s. Parmi ces figures publiques, on retrouve Prophane Victor, ancien d\u00e9put\u00e9, Magalie Habitant et Elionor Devalon, deux personnalit\u00e9s ayant [&hellip;]<\/p>\n","protected":false},"author":1,"featured_media":2823,"comment_status":"open","ping_status":"open","sticky":false,"template":"","format":"standard","meta":{"_uag_custom_page_level_css":"","jetpack_post_was_ever_published":false,"_jetpack_newsletter_access":"","_jetpack_dont_email_post_to_subs":false,"_jetpack_newsletter_tier_id":0,"_jetpack_memberships_contains_paywalled_content":false,"_jetpack_memberships_contains_paid_content":false,"footnotes":"","jetpack_publicize_message":"","jetpack_publicize_feature_enabled":true,"jetpack_social_post_already_shared":true,"jetpack_social_options":{"image_generator_settings":{"template":"highway","default_image_id":0,"font":"","enabled":false},"version":2}},"categories":[45],"tags":[],"ppma_author":[15],"class_list":["post-2822","post","type-post","status-publish","format-standard","has-post-thumbnail","hentry","category-interview"],"aioseo_notices":[],"jetpack_publicize_connections":[],"jetpack_featured_media_url":"https:\/\/i0.wp.com\/radioecoutefm.com\/wp-content\/uploads\/2025\/04\/JUSTICE.jpg?fit=2560%2C1920&ssl=1","uagb_featured_image_src":{"full":["https:\/\/i0.wp.com\/radioecoutefm.com\/wp-content\/uploads\/2025\/04\/JUSTICE.jpg?fit=2560%2C1920&ssl=1",2560,1920,false],"thumbnail":["https:\/\/i0.wp.com\/radioecoutefm.com\/wp-content\/uploads\/2025\/04\/JUSTICE.jpg?resize=150%2C150&ssl=1",150,150,true],"medium":["https:\/\/i0.wp.com\/radioecoutefm.com\/wp-content\/uploads\/2025\/04\/JUSTICE.jpg?fit=300%2C225&ssl=1",300,225,true],"medium_large":["https:\/\/i0.wp.com\/radioecoutefm.com\/wp-content\/uploads\/2025\/04\/JUSTICE.jpg?fit=640%2C480&ssl=1",640,480,true],"large":["https:\/\/i0.wp.com\/radioecoutefm.com\/wp-content\/uploads\/2025\/04\/JUSTICE.jpg?fit=640%2C480&ssl=1",640,480,true],"1536x1536":["https:\/\/i0.wp.com\/radioecoutefm.com\/wp-content\/uploads\/2025\/04\/JUSTICE.jpg?fit=1536%2C1152&ssl=1",1536,1152,true],"2048x2048":["https:\/\/i0.wp.com\/radioecoutefm.com\/wp-content\/uploads\/2025\/04\/JUSTICE.jpg?fit=2048%2C1536&ssl=1",2048,1536,true],"newsair-slider-full":["https:\/\/i0.wp.com\/radioecoutefm.com\/wp-content\/uploads\/2025\/04\/JUSTICE.jpg?resize=1280%2C720&ssl=1",1280,720,true],"newsair-featured":["https:\/\/i0.wp.com\/radioecoutefm.com\/wp-content\/uploads\/2025\/04\/JUSTICE.jpg?fit=1024%2C768&ssl=1",1024,768,true],"newsair-medium":["https:\/\/i0.wp.com\/radioecoutefm.com\/wp-content\/uploads\/2025\/04\/JUSTICE.jpg?resize=720%2C380&ssl=1",720,380,true]},"uagb_author_info":{"display_name":"Ecoute FM","author_link":"https:\/\/radioecoutefm.com\/index.php\/author\/borgellaattis\/"},"uagb_comment_info":0,"uagb_excerpt":"Port-au-Prince, 14 avril 2025 \u2013 Le commissaire du gouvernement Frantz Monclair a d\u00e9f\u00e9r\u00e9 ce lundi un dossier majeur au cabinet d&#8217;instruction concernant dix personnes, dont trois anciens responsables de l&#8217;\u00c9tat, soup\u00e7onn\u00e9es de liens avec des gangs arm\u00e9s. Parmi ces figures publiques, on retrouve Prophane Victor, ancien d\u00e9put\u00e9, Magalie Habitant et Elionor Devalon, deux personnalit\u00e9s ayant&hellip;","jetpack_sharing_enabled":true,"jetpack_shortlink":"https:\/\/wp.me\/pgoyna-Jw","jetpack-related-posts":[{"id":5397,"url":"https:\/\/radioecoutefm.com\/index.php\/2025\/06\/24\/haiti-des-gangs-de-plus-en-plus-puissants-et-lourdement-armes-selon-lonu\/","url_meta":{"origin":2822,"position":0},"title":"Ha\u00efti : des gangs de plus en plus puissants et lourdement arm\u00e9s selon l&#8217;ONU","author":"Ecoute FM","date":"24.06.2025","format":false,"excerpt":"Dans un rapport alarmant publi\u00e9 ce mardi, des experts des Nations unies d\u00e9noncent la brutalit\u00e9 croissante des gangs en Ha\u00efti, qui continuent de renforcer leur puissance de feu malgr\u00e9 un embargo international. De plus en plus violents, ces groupes arm\u00e9s se livrent \u00e0 des massacres, des enl\u00e8vements et des viols\u2026","rel":"","context":"In &quot;INSECURITE&quot;","block_context":{"text":"INSECURITE","link":"https:\/\/radioecoutefm.com\/index.php\/category\/securite\/"},"img":{"alt_text":"","src":"https:\/\/i0.wp.com\/radioecoutefm.com\/wp-content\/uploads\/2025\/06\/gang.jpg?fit=853%2C480&ssl=1&resize=350%2C200","width":350,"height":200,"srcset":"https:\/\/i0.wp.com\/radioecoutefm.com\/wp-content\/uploads\/2025\/06\/gang.jpg?fit=853%2C480&ssl=1&resize=350%2C200 1x, https:\/\/i0.wp.com\/radioecoutefm.com\/wp-content\/uploads\/2025\/06\/gang.jpg?fit=853%2C480&ssl=1&resize=525%2C300 1.5x, https:\/\/i0.wp.com\/radioecoutefm.com\/wp-content\/uploads\/2025\/06\/gang.jpg?fit=853%2C480&ssl=1&resize=700%2C400 2x"},"classes":[]},{"id":4607,"url":"https:\/\/radioecoutefm.com\/index.php\/2025\/05\/27\/des-commercants-haitiens-engagent-des-mercenaires-pour-proteger-leurs-marchandises-a-la-frontiere-de-malpasse\/","url_meta":{"origin":2822,"position":1},"title":"Des commer\u00e7ants ha\u00eftiens engagent des mercenaires pour prot\u00e9ger leurs marchandises \u00e0 la fronti\u00e8re de Malpasse","author":"Ecoute FM","date":"27.05.2025","format":false,"excerpt":"Selon un article publi\u00e9 par le journal dominicain List\u00edn Diario, ce mardi 27 mai, des commer\u00e7ants ha\u00eftiens auraient recours \u00e0 des mercenaires arm\u00e9s pour assurer la protection de leurs marchandises, face \u00e0 la mont\u00e9e de l\u2019ins\u00e9curit\u00e9 et \u00e0 l'effondrement de l'autorit\u00e9 de l'\u00c9tat haitien dans certaines zones frontali\u00e8res. Le m\u00e9dia\u2026","rel":"","context":"In &quot;SECURITE&quot;","block_context":{"text":"SECURITE","link":"https:\/\/radioecoutefm.com\/index.php\/category\/insecurite\/"},"img":{"alt_text":"","src":"https:\/\/i0.wp.com\/radioecoutefm.com\/wp-content\/uploads\/2025\/05\/binational-696x349-1.jpg?fit=696%2C349&ssl=1&resize=350%2C200","width":350,"height":200,"srcset":"https:\/\/i0.wp.com\/radioecoutefm.com\/wp-content\/uploads\/2025\/05\/binational-696x349-1.jpg?fit=696%2C349&ssl=1&resize=350%2C200 1x, https:\/\/i0.wp.com\/radioecoutefm.com\/wp-content\/uploads\/2025\/05\/binational-696x349-1.jpg?fit=696%2C349&ssl=1&resize=525%2C300 1.5x"},"classes":[]},{"id":3790,"url":"https:\/\/radioecoutefm.com\/index.php\/2025\/05\/04\/reunion-speciale-du-cspn-sur-la-lutte-contre-les-groupes-armes\/","url_meta":{"origin":2822,"position":2},"title":"R\u00e9union sp\u00e9ciale du CSPN sur la lutte contre les groupes arm\u00e9s","author":"Ecoute FM","date":"04.05.2025","format":false,"excerpt":"Le samedi 3 mai 2025, le Conseil Sup\u00e9rieur de la Police Nationale (CSPN) s\u2019est r\u00e9uni en session sp\u00e9ciale pour intensifier la coordination des efforts de s\u00e9curit\u00e9 face \u00e0 la recrudescence des violences li\u00e9es aux groupes arm\u00e9s en Ha\u00efti. Cette r\u00e9union strat\u00e9gique a \u00e9t\u00e9 consacr\u00e9e \u00e0 l\u2019\u00e9laboration de nouvelles mesures op\u00e9rationnelles\u2026","rel":"","context":"In &quot;SECURITE&quot;","block_context":{"text":"SECURITE","link":"https:\/\/radioecoutefm.com\/index.php\/category\/insecurite\/"},"img":{"alt_text":"","src":"https:\/\/i0.wp.com\/radioecoutefm.com\/wp-content\/uploads\/2025\/05\/cspn.jpg?fit=720%2C280&ssl=1&resize=350%2C200","width":350,"height":200,"srcset":"https:\/\/i0.wp.com\/radioecoutefm.com\/wp-content\/uploads\/2025\/05\/cspn.jpg?fit=720%2C280&ssl=1&resize=350%2C200 1x, https:\/\/i0.wp.com\/radioecoutefm.com\/wp-content\/uploads\/2025\/05\/cspn.jpg?fit=720%2C280&ssl=1&resize=525%2C300 1.5x, https:\/\/i0.wp.com\/radioecoutefm.com\/wp-content\/uploads\/2025\/05\/cspn.jpg?fit=720%2C280&ssl=1&resize=700%2C400 2x"},"classes":[]},{"id":2071,"url":"https:\/\/radioecoutefm.com\/index.php\/2025\/03\/26\/2071\/","url_meta":{"origin":2822,"position":3},"title":"Assassinat d\u2019un soldat kenyan en Ha\u00efti : Le Conseil Pr\u00e9sidentiel de Transition condamne et r\u00e9affirme sa d\u00e9termination","author":"Ecoute FM","date":"26.03.2025","format":false,"excerpt":"Le Conseil Pr\u00e9sidentiel de Transition (CPT) a exprim\u00e9 ce mardi ses plus profondes condol\u00e9ances au peuple et au gouvernement kenyans, suite \u00e0 la mort du soldat B\u00e9n\u00e9dict Kabiru, survenue le 24 mars \u00e0 Savien, dans l\u2019Artibonite. Le policier kenyan, d\u00e9ploy\u00e9 dans le cadre de la Mission Multinationale de Soutien \u00e0\u2026","rel":"","context":"In &quot;INSECURITE&quot;","block_context":{"text":"INSECURITE","link":"https:\/\/radioecoutefm.com\/index.php\/category\/securite\/"},"img":{"alt_text":"","src":"","width":0,"height":0},"classes":[]},{"id":3715,"url":"https:\/\/radioecoutefm.com\/index.php\/2025\/05\/02\/baz-gran-grif-et-viv-ansanm-designes-terroristes-transnationaux-par-les-etats-unis\/","url_meta":{"origin":2822,"position":4},"title":"Baz Gran Grif et Viv Ansanm d\u00e9sign\u00e9s terroristes transnationaux par les Etats-Unis","author":"Ecoute FM","date":"02.05.2025","format":false,"excerpt":"Deux des groupes arm\u00e9s les plus redout\u00e9s du pays, Gran Grif et Viv Ansanm (G9), viennent d\u2019\u00eatre inscrits par les \u00c9tats-Unis sur la liste noire des organisations terroristes transnationales. Cette d\u00e9cision, prise en vertu du d\u00e9cret pr\u00e9sidentiel 13224 modifi\u00e9, marque un nouveau tournant dans la r\u00e9ponse internationale \u00e0 la crise\u2026","rel":"","context":"In &quot;INSECURITE&quot;","block_context":{"text":"INSECURITE","link":"https:\/\/radioecoutefm.com\/index.php\/category\/securite\/"},"img":{"alt_text":"","src":"https:\/\/i0.wp.com\/radioecoutefm.com\/wp-content\/uploads\/2025\/05\/BBC.webp?fit=640%2C427&ssl=1&resize=350%2C200","width":350,"height":200,"srcset":"https:\/\/i0.wp.com\/radioecoutefm.com\/wp-content\/uploads\/2025\/05\/BBC.webp?fit=640%2C427&ssl=1&resize=350%2C200 1x, https:\/\/i0.wp.com\/radioecoutefm.com\/wp-content\/uploads\/2025\/05\/BBC.webp?fit=640%2C427&ssl=1&resize=525%2C300 1.5x"},"classes":[]},{"id":2269,"url":"https:\/\/radioecoutefm.com\/index.php\/2025\/04\/02\/deux-nouvelles-victimes-des-gangs-armes-a-mirebalais\/","url_meta":{"origin":2822,"position":5},"title":"Deux nouvelles victimes des gangs arm\u00e9s \u00e0 Mirebalais","author":"Ecoute FM","date":"02.04.2025","format":false,"excerpt":"La liste des victimes des gangs qui ont envahi la ville de Mirebalais dans la matin\u00e9e du 31 mars 2025 continue de s'allonger. Deux religieuses de la communaut\u00e9 Sainte-Th\u00e9r\u00e8se ont \u00e9t\u00e9 tu\u00e9es par des membres des groupes criminels. Il s\u2019agit de la S\u0153ur Evanette Onezaire et de la S\u0153ur Jeanne\u2026","rel":"","context":"In &quot;INSECURITE&quot;","block_context":{"text":"INSECURITE","link":"https:\/\/radioecoutefm.com\/index.php\/category\/securite\/"},"img":{"alt_text":"","src":"https:\/\/i0.wp.com\/radioecoutefm.com\/wp-content\/uploads\/2025\/04\/gangs.jpeg?fit=1200%2C800&ssl=1&resize=350%2C200","width":350,"height":200,"srcset":"https:\/\/i0.wp.com\/radioecoutefm.com\/wp-content\/uploads\/2025\/04\/gangs.jpeg?fit=1200%2C800&ssl=1&resize=350%2C200 1x, https:\/\/i0.wp.com\/radioecoutefm.com\/wp-content\/uploads\/2025\/04\/gangs.jpeg?fit=1200%2C800&ssl=1&resize=525%2C300 1.5x, https:\/\/i0.wp.com\/radioecoutefm.com\/wp-content\/uploads\/2025\/04\/gangs.jpeg?fit=1200%2C800&ssl=1&resize=700%2C400 2x, https:\/\/i0.wp.com\/radioecoutefm.com\/wp-content\/uploads\/2025\/04\/gangs.jpeg?fit=1200%2C800&ssl=1&resize=1050%2C600 3x"},"classes":[]}],"authors":[{"term_id":15,"user_id":1,"is_guest":0,"slug":"borgellaattis","display_name":"Ecoute FM","avatar_url":"https:\/\/secure.gravatar.com\/avatar\/a5369629745bf29c5deb65198d5e38aed1dc2c880c04b3b630ab3f6e8c623b70?s=96&d=mm&r=g","0":null,"1":"","2":"","3":"","4":"","5":"","6":"","7":"","8":""}],"_links":{"self":[{"href":"https:\/\/radioecoutefm.com\/index.php\/wp-json\/wp\/v2\/posts\/2822","targetHints":{"allow":["GET"]}}],"collection":[{"href":"https:\/\/radioecoutefm.com\/index.php\/wp-json\/wp\/v2\/posts"}],"about":[{"href":"https:\/\/radioecoutefm.com\/index.php\/wp-json\/wp\/v2\/types\/post"}],"author":[{"embeddable":true,"href":"https:\/\/radioecoutefm.com\/index.php\/wp-json\/wp\/v2\/users\/1"}],"replies":[{"embeddable":true,"href":"https:\/\/radioecoutefm.com\/index.php\/wp-json\/wp\/v2\/comments?post=2822"}],"version-history":[{"count":1,"href":"https:\/\/radioecoutefm.com\/index.php\/wp-json\/wp\/v2\/posts\/2822\/revisions"}],"predecessor-version":[{"id":2827,"href":"https:\/\/radioecoutefm.com\/index.php\/wp-json\/wp\/v2\/posts\/2822\/revisions\/2827"}],"wp:featuredmedia":[{"embeddable":true,"href":"https:\/\/radioecoutefm.com\/index.php\/wp-json\/wp\/v2\/media\/2823"}],"wp:attachment":[{"href":"https:\/\/radioecoutefm.com\/index.php\/wp-json\/wp\/v2\/media?parent=2822"}],"wp:term":[{"taxonomy":"category","embeddable":true,"href":"https:\/\/radioecoutefm.com\/index.php\/wp-json\/wp\/v2\/categories?post=2822"},{"taxonomy":"post_tag","embeddable":true,"href":"https:\/\/radioecoutefm.com\/index.php\/wp-json\/wp\/v2\/tags?post=2822"},{"taxonomy":"author","embeddable":true,"href":"https:\/\/radioecoutefm.com\/index.php\/wp-json\/wp\/v2\/ppma_author?post=2822"}],"curies":[{"name":"wp","href":"https:\/\/api.w.org\/{rel}","templated":true}]}}