{"id":2816,"date":"2025-04-15T01:47:50","date_gmt":"2025-04-15T01:47:50","guid":{"rendered":"https:\/\/radioecoutefm.com\/?p=2816"},"modified":"2025-04-15T14:38:13","modified_gmt":"2025-04-15T14:38:13","slug":"budget-de-guerre-en-haiti-un-sursaut-tardif-face-a-une-capitale-livree-aux-gangs","status":"publish","type":"post","link":"https:\/\/radioecoutefm.com\/index.php\/2025\/04\/15\/budget-de-guerre-en-haiti-un-sursaut-tardif-face-a-une-capitale-livree-aux-gangs\/","title":{"rendered":"Budget de guerre en Ha\u00efti : un sursaut tardif face \u00e0 une capitale livr\u00e9e aux gangs"},"content":{"rendered":"<p class=\"\" data-start=\"309\" data-end=\"805\">Port-au-Prince, 14 avril 2025 \u2013 Dans un contexte \u00e9conomique et s\u00e9curitaire particuli\u00e8rement tendu, le Conseil des ministres ha\u00eftien a adopt\u00e9 ce lundi un budget rectificatif pour l\u2019exercice fiscal 2024-2025, d\u2019un montant total de 323,4 milliards de gourdes. Cette d\u00e9cision a \u00e9t\u00e9 annonc\u00e9e par le Minist\u00e8re de l\u2019\u00c9conomie et des Finances (MEF) via un communiqu\u00e9 de presse.<\/p>\n<p>Ce nouveau budget se veut \u00e9quilibr\u00e9, sans recours aux avances de la Banque de la R\u00e9publique d\u2019Ha\u00efti (BRH), et sera financ\u00e9 \u00e0 hauteur de 217,5 milliards de gourdes gr\u00e2ce aux ressources collect\u00e9es par les administrations fiscales et douani\u00e8res.<\/p>\n<p><strong>Le document budg\u00e9taire repose sur cinq priorit\u00e9s strat\u00e9giques :<\/strong><\/p>\n<ol>\n<li>Le renforcement de la s\u00e9curit\u00e9 publique et nationale ;<\/li>\n<li>Le redressement \u00e9conomique, la r\u00e9habilitation des infrastructures, la s\u00e9curit\u00e9 alimentaire et sanitaire ;<\/li>\n<li>La conf\u00e9rence nationale et la r\u00e9forme constitutionnelle ;<\/li>\n<li>Le r\u00e9tablissement de l\u2019\u00c9tat de droit et de la justice ;<\/li>\n<li>L\u2019organisation des \u00e9lections.<\/li>\n<\/ol>\n<p><strong>La s\u00e9curit\u00e9 nationale au c\u0153ur du budget<\/strong><\/p>\n<p>Le gouvernement accorde une importance majeure \u00e0 la s\u00e9curit\u00e9, en allouant 11,8 % de plus aux institutions s\u00e9curitaires. La Police Nationale d\u2019Ha\u00efti (PNH) voit ainsi son budget passer de 29,985 milliards \u00e0 32,935 milliards de gourdes, tandis que les Forces Arm\u00e9es d\u2019Ha\u00efti (FAd\u2019H) b\u00e9n\u00e9ficieront d\u2019une augmentation de 1,4 milliard, passant de 6,976 \u00e0 8,376 milliards de gourdes.<\/p>\n<p>Le budget rectificatif s\u2019inscrit dans une logique de relance \u00e9conomique, de r\u00e9forme institutionnelle, et de pr\u00e9paration \u00e0 de futurs scrutins \u00e9lectoraux, dans un pays en qu\u00eate de stabilit\u00e9 apr\u00e8s plusieurs mois de crises.<\/p>\n<p class=\"\" data-start=\"807\" data-end=\"1472\">Mais pour beaucoup d\u2019Ha\u00eftiens, cette annonce arrive bien tard. Depuis plusieurs semaines, des milliers de familles ont fui les violences pour trouver refuge dans des camps de fortune \u00e0 Delmas, Tabarre ou encore Carrefour. L\u00e0, des hommes, des femmes et des enfants dorment sous des tentes improvis\u00e9es, sans eau courante ni \u00e9lectricit\u00e9, expos\u00e9s aux intemp\u00e9ries et \u00e0 l\u2019ins\u00e9curit\u00e9 permanente.<em> \u00ab On vit comme des b\u00eates. On a fui les balles pour dormir dans la boue \u00bb,<\/em> confie une m\u00e8re de famille d\u00e9plac\u00e9e, les yeux cern\u00e9s par la fatigue.<\/p>\n<p class=\"\" data-start=\"1474\" data-end=\"1964\">Alors que l\u2019\u00c9tat tente de reprendre le contr\u00f4le d\u2019un territoire fragment\u00e9 par la violence, ce budget est pr\u00e9sent\u00e9 comme une premi\u00e8re \u00e9tape vers une reprise en main. Toutefois, de nombreux observateurs pointent le manque de coordination, la lenteur des r\u00e9ponses et l\u2019absence de soutien suffisant pour les populations d\u00e9j\u00e0 en d\u00e9tresse. Pour les habitants des camps, le budget de guerre ne suffira pas : ils attendent surtout des actes concrets, de la protection, et un retour \u00e0 une vie digne.<\/p>\n","protected":false},"excerpt":{"rendered":"<p>Port-au-Prince, 14 avril 2025 \u2013 Dans un contexte \u00e9conomique et s\u00e9curitaire particuli\u00e8rement tendu, le Conseil des ministres ha\u00eftien a adopt\u00e9 ce lundi un budget rectificatif pour l\u2019exercice fiscal 2024-2025, d\u2019un montant total de 323,4 milliards de gourdes. Cette d\u00e9cision a \u00e9t\u00e9 annonc\u00e9e par le Minist\u00e8re de l\u2019\u00c9conomie et des Finances (MEF) via un communiqu\u00e9 de [&hellip;]<\/p>\n","protected":false},"author":1,"featured_media":2835,"comment_status":"open","ping_status":"open","sticky":false,"template":"","format":"standard","meta":{"_uag_custom_page_level_css":"","jetpack_post_was_ever_published":false,"_jetpack_newsletter_access":"","_jetpack_dont_email_post_to_subs":false,"_jetpack_newsletter_tier_id":0,"_jetpack_memberships_contains_paywalled_content":false,"_jetpack_memberships_contains_paid_content":false,"footnotes":"","jetpack_publicize_message":"","jetpack_publicize_feature_enabled":true,"jetpack_social_post_already_shared":true,"jetpack_social_options":{"image_generator_settings":{"template":"highway","default_image_id":0,"font":"","enabled":false},"version":2}},"categories":[52],"tags":[],"ppma_author":[15],"class_list":["post-2816","post","type-post","status-publish","format-standard","has-post-thumbnail","hentry","category-economie"],"aioseo_notices":[],"jetpack_publicize_connections":[],"jetpack_featured_media_url":"https:\/\/i0.wp.com\/radioecoutefm.com\/wp-content\/uploads\/2025\/04\/BUDGET.png?fit=1170%2C580&ssl=1","uagb_featured_image_src":{"full":["https:\/\/i0.wp.com\/radioecoutefm.com\/wp-content\/uploads\/2025\/04\/BUDGET.png?fit=1170%2C580&ssl=1",1170,580,false],"thumbnail":["https:\/\/i0.wp.com\/radioecoutefm.com\/wp-content\/uploads\/2025\/04\/BUDGET.png?resize=150%2C150&ssl=1",150,150,true],"medium":["https:\/\/i0.wp.com\/radioecoutefm.com\/wp-content\/uploads\/2025\/04\/BUDGET.png?fit=300%2C149&ssl=1",300,149,true],"medium_large":["https:\/\/i0.wp.com\/radioecoutefm.com\/wp-content\/uploads\/2025\/04\/BUDGET.png?fit=640%2C318&ssl=1",640,318,true],"large":["https:\/\/i0.wp.com\/radioecoutefm.com\/wp-content\/uploads\/2025\/04\/BUDGET.png?fit=640%2C318&ssl=1",640,318,true],"1536x1536":["https:\/\/i0.wp.com\/radioecoutefm.com\/wp-content\/uploads\/2025\/04\/BUDGET.png?fit=1170%2C580&ssl=1",1170,580,true],"2048x2048":["https:\/\/i0.wp.com\/radioecoutefm.com\/wp-content\/uploads\/2025\/04\/BUDGET.png?fit=1170%2C580&ssl=1",1170,580,true],"newsair-slider-full":["https:\/\/i0.wp.com\/radioecoutefm.com\/wp-content\/uploads\/2025\/04\/BUDGET.png?resize=1170%2C580&ssl=1",1170,580,true],"newsair-featured":["https:\/\/i0.wp.com\/radioecoutefm.com\/wp-content\/uploads\/2025\/04\/BUDGET.png?fit=1024%2C508&ssl=1",1024,508,true],"newsair-medium":["https:\/\/i0.wp.com\/radioecoutefm.com\/wp-content\/uploads\/2025\/04\/BUDGET.png?resize=720%2C380&ssl=1",720,380,true]},"uagb_author_info":{"display_name":"Ecoute FM","author_link":"https:\/\/radioecoutefm.com\/index.php\/author\/borgellaattis\/"},"uagb_comment_info":0,"uagb_excerpt":"Port-au-Prince, 14 avril 2025 \u2013 Dans un contexte \u00e9conomique et s\u00e9curitaire particuli\u00e8rement tendu, le Conseil des ministres ha\u00eftien a adopt\u00e9 ce lundi un budget rectificatif pour l\u2019exercice fiscal 2024-2025, d\u2019un montant total de 323,4 milliards de gourdes. Cette d\u00e9cision a \u00e9t\u00e9 annonc\u00e9e par le Minist\u00e8re de l\u2019\u00c9conomie et des Finances (MEF) via un communiqu\u00e9 de&hellip;","jetpack_sharing_enabled":true,"jetpack_shortlink":"https:\/\/wp.me\/pgoyna-Jq","jetpack-related-posts":[{"id":3908,"url":"https:\/\/radioecoutefm.com\/index.php\/2025\/05\/06\/le-gouvernement-haitien-renforce-la-securite-et-lassistance-sociale-avec-un-budget-de-7-milliards-de-gourdes\/","url_meta":{"origin":2816,"position":0},"title":"Le gouvernement haitien alloue 7 milliards de gourdes pour la s\u00e9curit\u00e9 et l&#8217;aide humanitaire","author":"Ecoute FM","date":"06.05.2025","format":false,"excerpt":"Le gouvernement ha\u00eftien a annonc\u00e9 une s\u00e9rie de mesures visant \u00e0 renforcer la s\u00e9curit\u00e9 nationale et \u00e0 soutenir les populations vuln\u00e9rables, notamment les familles d\u00e9plac\u00e9es par l\u2019ins\u00e9curit\u00e9 croissante dans le pays. Lors d\u2019une conf\u00e9rence de presse, le Secr\u00e9taire d\u2019\u00c9tat \u00e0 la Communication, Bendjy Tilias, a r\u00e9v\u00e9l\u00e9 l\u2019allocation de 7 milliards\u2026","rel":"","context":"In &quot;POLITIQUE&quot;","block_context":{"text":"POLITIQUE","link":"https:\/\/radioecoutefm.com\/index.php\/category\/politique\/"},"img":{"alt_text":"","src":"https:\/\/i0.wp.com\/radioecoutefm.com\/wp-content\/uploads\/2025\/05\/HAITI.jpg?fit=720%2C485&ssl=1&resize=350%2C200","width":350,"height":200,"srcset":"https:\/\/i0.wp.com\/radioecoutefm.com\/wp-content\/uploads\/2025\/05\/HAITI.jpg?fit=720%2C485&ssl=1&resize=350%2C200 1x, https:\/\/i0.wp.com\/radioecoutefm.com\/wp-content\/uploads\/2025\/05\/HAITI.jpg?fit=720%2C485&ssl=1&resize=525%2C300 1.5x, https:\/\/i0.wp.com\/radioecoutefm.com\/wp-content\/uploads\/2025\/05\/HAITI.jpg?fit=720%2C485&ssl=1&resize=700%2C400 2x"},"classes":[]},{"id":4831,"url":"https:\/\/radioecoutefm.com\/index.php\/2025\/06\/04\/les-recettes-douanieres-atteignent-10-milliards-de-gourdes-en-mai\/","url_meta":{"origin":2816,"position":1},"title":"Les recettes douani\u00e8res atteignent 10 milliards de gourdes en mai","author":"Ecoute FM","date":"04.06.2025","format":false,"excerpt":"L'Administration g\u00e9n\u00e9rale des douanes (AGD) a enregistr\u00e9 des performances remarquables pour le mois de mai 2025, avec des recettes atteignant 10,698,355,985 gourdes, soit plus de 10,6 milliards de gourdes. Ce r\u00e9sultat t\u00e9moigne d'une croissance soutenue des revenus douaniers, avec une progression de plus de 2 milliards de gourdes par rapport\u2026","rel":"","context":"In &quot;ECONOMIE&quot;","block_context":{"text":"ECONOMIE","link":"https:\/\/radioecoutefm.com\/index.php\/category\/economie\/"},"img":{"alt_text":"","src":"https:\/\/i0.wp.com\/radioecoutefm.com\/wp-content\/uploads\/2025\/06\/douane.jpg?fit=1024%2C535&ssl=1&resize=350%2C200","width":350,"height":200,"srcset":"https:\/\/i0.wp.com\/radioecoutefm.com\/wp-content\/uploads\/2025\/06\/douane.jpg?fit=1024%2C535&ssl=1&resize=350%2C200 1x, https:\/\/i0.wp.com\/radioecoutefm.com\/wp-content\/uploads\/2025\/06\/douane.jpg?fit=1024%2C535&ssl=1&resize=525%2C300 1.5x, https:\/\/i0.wp.com\/radioecoutefm.com\/wp-content\/uploads\/2025\/06\/douane.jpg?fit=1024%2C535&ssl=1&resize=700%2C400 2x"},"classes":[]},{"id":4944,"url":"https:\/\/radioecoutefm.com\/index.php\/2025\/06\/07\/haiti-economie-les-depenses-publiques-hausse\/","url_meta":{"origin":2816,"position":2},"title":"Ha\u00efti-\u00c9conomie: les d\u00e9penses publiques hausse","author":"Ecoute FM","date":"07.06.2025","format":false,"excerpt":"Les d\u00e9penses publiques ha\u00eftiennes ont connu une augmentation notable de 18 % au cours des sept premiers mois de l\u2019exercice fiscal 2024-2025, selon un rapport du Minist\u00e8re de l\u2019\u00c9conomie et des Finances (MEF). Cette progression porte le solde global des finances publiques \u00e0 22,3 milliards de gourdes. La quasi-totalit\u00e9 des\u2026","rel":"","context":"In &quot;ECONOMIE&quot;","block_context":{"text":"ECONOMIE","link":"https:\/\/radioecoutefm.com\/index.php\/category\/economie\/"},"img":{"alt_text":"","src":"https:\/\/i0.wp.com\/radioecoutefm.com\/wp-content\/uploads\/2025\/06\/F3166A35-837C-40A5-A696-A1CCD93EABD0.jpeg?fit=463%2C280&ssl=1&resize=350%2C200","width":350,"height":200},"classes":[]},{"id":2189,"url":"https:\/\/radioecoutefm.com\/index.php\/2025\/04\/01\/2189\/","url_meta":{"origin":2816,"position":3},"title":"31 milliards de gourdes pour renforcer la s\u00e9curit\u00e9 nationale","author":"Ecoute FM","date":"01.04.2025","format":false,"excerpt":"Le gouvernement ha\u00eftien \u00e0 travers le ministre de la Justice et de la S\u00e9curit\u00e9 publique, Me Patrick P\u00e9lissier, a annonc\u00e9, lors de la r\u00e9ouverture solennelle du tribunal de premi\u00e8re instance de Port-au-Prince, le 1er avril 2025,une augmentation exponentielle du budget reserv\u00e9 \u00e0 la s\u00e9curit\u00e9. Dans le budget rectificatif 2024-2025, un\u2026","rel":"","context":"In &quot;INSECURITE&quot;","block_context":{"text":"INSECURITE","link":"https:\/\/radioecoutefm.com\/index.php\/category\/securite\/"},"img":{"alt_text":"","src":"https:\/\/i0.wp.com\/radioecoutefm.com\/wp-content\/uploads\/2025\/04\/871D8BAD-F5DB-40E9-B24F-EFDEB7F70CF0.jpeg?fit=828%2C763&ssl=1&resize=350%2C200","width":350,"height":200,"srcset":"https:\/\/i0.wp.com\/radioecoutefm.com\/wp-content\/uploads\/2025\/04\/871D8BAD-F5DB-40E9-B24F-EFDEB7F70CF0.jpeg?fit=828%2C763&ssl=1&resize=350%2C200 1x, https:\/\/i0.wp.com\/radioecoutefm.com\/wp-content\/uploads\/2025\/04\/871D8BAD-F5DB-40E9-B24F-EFDEB7F70CF0.jpeg?fit=828%2C763&ssl=1&resize=525%2C300 1.5x, https:\/\/i0.wp.com\/radioecoutefm.com\/wp-content\/uploads\/2025\/04\/871D8BAD-F5DB-40E9-B24F-EFDEB7F70CF0.jpeg?fit=828%2C763&ssl=1&resize=700%2C400 2x"},"classes":[]},{"id":5814,"url":"https:\/\/radioecoutefm.com\/index.php\/2025\/09\/12\/lueh-sollicite-un-appui-de-8-milliards-de-gourdes-pour-relancer-ses-activites\/","url_meta":{"origin":2816,"position":4},"title":"L\u2019UEH sollicite un appui de 8 milliards de gourdes pour relancer ses activit\u00e9s","author":"Ecoute FM","date":"12.09.2025","format":false,"excerpt":"Le Conseiller-Pr\u00e9sident Smith Augustin a rendu visite, ce jeudi 11 septembre 2025, au Rectorat de l\u2019Universit\u00e9 d\u2019\u00c9tat d\u2019Ha\u00efti (UEH) pour \u00e9changer sur la situation actuelle de l\u2019institution. Le Recteur a dress\u00e9 un constat alarmant. Plusieurs facult\u00e9s ont \u00e9t\u00e9 d\u00e9log\u00e9es, pill\u00e9es ou assi\u00e9g\u00e9es par des gangs, obligeant l\u2019universit\u00e9 \u00e0 louer des\u2026","rel":"","context":"In &quot;EDUCATION&quot;","block_context":{"text":"EDUCATION","link":"https:\/\/radioecoutefm.com\/index.php\/category\/education\/"},"img":{"alt_text":"","src":"https:\/\/i0.wp.com\/radioecoutefm.com\/wp-content\/uploads\/2025\/09\/E50353EE-70CE-4EF2-A91D-4875D9B65118.jpeg?fit=1080%2C1048&ssl=1&resize=350%2C200","width":350,"height":200,"srcset":"https:\/\/i0.wp.com\/radioecoutefm.com\/wp-content\/uploads\/2025\/09\/E50353EE-70CE-4EF2-A91D-4875D9B65118.jpeg?fit=1080%2C1048&ssl=1&resize=350%2C200 1x, https:\/\/i0.wp.com\/radioecoutefm.com\/wp-content\/uploads\/2025\/09\/E50353EE-70CE-4EF2-A91D-4875D9B65118.jpeg?fit=1080%2C1048&ssl=1&resize=525%2C300 1.5x, https:\/\/i0.wp.com\/radioecoutefm.com\/wp-content\/uploads\/2025\/09\/E50353EE-70CE-4EF2-A91D-4875D9B65118.jpeg?fit=1080%2C1048&ssl=1&resize=700%2C400 2x, https:\/\/i0.wp.com\/radioecoutefm.com\/wp-content\/uploads\/2025\/09\/E50353EE-70CE-4EF2-A91D-4875D9B65118.jpeg?fit=1080%2C1048&ssl=1&resize=1050%2C600 3x"},"classes":[]},{"id":3892,"url":"https:\/\/radioecoutefm.com\/index.php\/2025\/05\/06\/le-css-propose-au-gouvernement-une-augmentation-du-salaire-minimum\/","url_meta":{"origin":2816,"position":5},"title":"Le CSS propose au gouvernement une augmentation du salaire minimum","author":"Ecoute FM","date":"06.05.2025","format":false,"excerpt":"Le Conseil Sup\u00e9rieur des Salaires (CSS) soumet au gouvernement ha\u00eftien, \u00e0 travers le Minist\u00e8re des Affaires sociales et du Travail, ses recommandations pour l'augmentation du salaire minimum. Ces nouvelles r\u00e9mun\u00e9rations, si elles sont adopt\u00e9es, devraient entrer en vigueur d\u00e8s avril 2025, soit trois ans apr\u00e8s les derniers ajustements salariaux, conform\u00e9ment\u2026","rel":"","context":"In &quot;ECONOMIE&quot;","block_context":{"text":"ECONOMIE","link":"https:\/\/radioecoutefm.com\/index.php\/category\/economie\/"},"img":{"alt_text":"","src":"https:\/\/i0.wp.com\/radioecoutefm.com\/wp-content\/uploads\/2025\/05\/880FE08C-9DB0-432B-869F-3A1B95E73B57.jpeg?fit=1024%2C576&ssl=1&resize=350%2C200","width":350,"height":200,"srcset":"https:\/\/i0.wp.com\/radioecoutefm.com\/wp-content\/uploads\/2025\/05\/880FE08C-9DB0-432B-869F-3A1B95E73B57.jpeg?fit=1024%2C576&ssl=1&resize=350%2C200 1x, https:\/\/i0.wp.com\/radioecoutefm.com\/wp-content\/uploads\/2025\/05\/880FE08C-9DB0-432B-869F-3A1B95E73B57.jpeg?fit=1024%2C576&ssl=1&resize=525%2C300 1.5x, https:\/\/i0.wp.com\/radioecoutefm.com\/wp-content\/uploads\/2025\/05\/880FE08C-9DB0-432B-869F-3A1B95E73B57.jpeg?fit=1024%2C576&ssl=1&resize=700%2C400 2x"},"classes":[]}],"authors":[{"term_id":15,"user_id":1,"is_guest":0,"slug":"borgellaattis","display_name":"Ecoute FM","avatar_url":"https:\/\/secure.gravatar.com\/avatar\/a5369629745bf29c5deb65198d5e38aed1dc2c880c04b3b630ab3f6e8c623b70?s=96&d=mm&r=g","0":null,"1":"","2":"","3":"","4":"","5":"","6":"","7":"","8":""}],"_links":{"self":[{"href":"https:\/\/radioecoutefm.com\/index.php\/wp-json\/wp\/v2\/posts\/2816","targetHints":{"allow":["GET"]}}],"collection":[{"href":"https:\/\/radioecoutefm.com\/index.php\/wp-json\/wp\/v2\/posts"}],"about":[{"href":"https:\/\/radioecoutefm.com\/index.php\/wp-json\/wp\/v2\/types\/post"}],"author":[{"embeddable":true,"href":"https:\/\/radioecoutefm.com\/index.php\/wp-json\/wp\/v2\/users\/1"}],"replies":[{"embeddable":true,"href":"https:\/\/radioecoutefm.com\/index.php\/wp-json\/wp\/v2\/comments?post=2816"}],"version-history":[{"count":5,"href":"https:\/\/radioecoutefm.com\/index.php\/wp-json\/wp\/v2\/posts\/2816\/revisions"}],"predecessor-version":[{"id":2864,"href":"https:\/\/radioecoutefm.com\/index.php\/wp-json\/wp\/v2\/posts\/2816\/revisions\/2864"}],"wp:featuredmedia":[{"embeddable":true,"href":"https:\/\/radioecoutefm.com\/index.php\/wp-json\/wp\/v2\/media\/2835"}],"wp:attachment":[{"href":"https:\/\/radioecoutefm.com\/index.php\/wp-json\/wp\/v2\/media?parent=2816"}],"wp:term":[{"taxonomy":"category","embeddable":true,"href":"https:\/\/radioecoutefm.com\/index.php\/wp-json\/wp\/v2\/categories?post=2816"},{"taxonomy":"post_tag","embeddable":true,"href":"https:\/\/radioecoutefm.com\/index.php\/wp-json\/wp\/v2\/tags?post=2816"},{"taxonomy":"author","embeddable":true,"href":"https:\/\/radioecoutefm.com\/index.php\/wp-json\/wp\/v2\/ppma_author?post=2816"}],"curies":[{"name":"wp","href":"https:\/\/api.w.org\/{rel}","templated":true}]}}