{"id":2810,"date":"2025-04-15T01:37:31","date_gmt":"2025-04-15T01:37:31","guid":{"rendered":"https:\/\/radioecoutefm.com\/?p=2810"},"modified":"2025-04-15T01:37:31","modified_gmt":"2025-04-15T01:37:31","slug":"haiti-renforce-ses-liens-avec-la-junte-interamericaine-de-defense","status":"publish","type":"post","link":"https:\/\/radioecoutefm.com\/index.php\/2025\/04\/15\/haiti-renforce-ses-liens-avec-la-junte-interamericaine-de-defense\/","title":{"rendered":"Ha\u00efti renforce ses liens avec la Junte Interam\u00e9ricaine de D\u00e9fense"},"content":{"rendered":"<p class=\"\" data-start=\"181\" data-end=\"781\">Dans une d\u00e9marche visant \u00e0 moderniser les Forces Arm\u00e9es d\u2019Ha\u00efti (FAD\u2019H) et \u00e0 renforcer la coop\u00e9ration r\u00e9gionale en mati\u00e8re de s\u00e9curit\u00e9, une d\u00e9l\u00e9gation ha\u00eftienne dirig\u00e9e par le Conseiller-Pr\u00e9sident Smith Augustin a \u00e9t\u00e9 re\u00e7ue par la Junte Interam\u00e9ricaine de D\u00e9fense (JID) \u00e0 Washington. Accompagn\u00e9 de membres de la Mission permanente d\u2019Ha\u00efti aupr\u00e8s de l\u2019OEA, M. Augustin a salu\u00e9 le soutien historique de la JID, notamment dans l\u2019\u00e9laboration du Livre Blanc sur la s\u00e9curit\u00e9 nationale, tout en appelant \u00e0 une actualisation de ce document strat\u00e9gique face aux d\u00e9fis actuels.<\/p>\n<p class=\"\" data-start=\"783\" data-end=\"1342\">Au cours de la rencontre, les repr\u00e9sentants ha\u00eftiens ont expos\u00e9 leur vision d\u2019une arm\u00e9e r\u00e9publicaine, inclusive et respectueuse des droits humains. Le gouvernement pr\u00e9voit de former 20 000 soldats sur quatre ans, avec des modules sp\u00e9cialis\u00e9s en gestion de crises, cybers\u00e9curit\u00e9, lutte contre le terrorisme, et secours en cas de catastrophes naturelles. Dans cette optique, la d\u00e9l\u00e9gation a sollicit\u00e9 le soutien de la JID pour la cr\u00e9ation d\u2019une Acad\u00e9mie militaire et de centres de formation locaux, dans le but de renforcer durablement les capacit\u00e9s nationales.<\/p>\n<p class=\"\" data-start=\"1344\" data-end=\"1841\">La rencontre a \u00e9galement \u00e9t\u00e9 l\u2019occasion de r\u00e9affirmer l\u2019importance de la coop\u00e9ration r\u00e9gionale. Ha\u00efti souhaite revitaliser ses liens avec la JID, le Coll\u00e8ge interam\u00e9ricain de d\u00e9fense et le Secr\u00e9tariat \u00e0 la s\u00e9curit\u00e9 multidimensionnelle de l\u2019OEA, afin de partager expertises et renseignements. Cette mission marque une nouvelle \u00e9tape dans l\u2019engagement du Conseil Pr\u00e9sidentiel de Transition pour restaurer la s\u00e9curit\u00e9 en dotant le pays de forces arm\u00e9es modernes et adapt\u00e9es aux enjeux du XXIe si\u00e8cle.<\/p>\n","protected":false},"excerpt":{"rendered":"<p>Dans une d\u00e9marche visant \u00e0 moderniser les Forces Arm\u00e9es d\u2019Ha\u00efti (FAD\u2019H) et \u00e0 renforcer la coop\u00e9ration r\u00e9gionale en mati\u00e8re de s\u00e9curit\u00e9, une d\u00e9l\u00e9gation ha\u00eftienne dirig\u00e9e par le Conseiller-Pr\u00e9sident Smith Augustin a \u00e9t\u00e9 re\u00e7ue par la Junte Interam\u00e9ricaine de D\u00e9fense (JID) \u00e0 Washington. Accompagn\u00e9 de membres de la Mission permanente d\u2019Ha\u00efti aupr\u00e8s de l\u2019OEA, M. Augustin [&hellip;]<\/p>\n","protected":false},"author":1,"featured_media":2811,"comment_status":"open","ping_status":"open","sticky":false,"template":"","format":"standard","meta":{"_uag_custom_page_level_css":"","jetpack_post_was_ever_published":false,"_jetpack_newsletter_access":"","_jetpack_dont_email_post_to_subs":false,"_jetpack_newsletter_tier_id":0,"_jetpack_memberships_contains_paywalled_content":false,"_jetpack_memberships_contains_paid_content":false,"footnotes":"","jetpack_publicize_message":"","jetpack_publicize_feature_enabled":true,"jetpack_social_post_already_shared":true,"jetpack_social_options":{"image_generator_settings":{"template":"highway","default_image_id":0,"font":"","enabled":false},"version":2}},"categories":[8],"tags":[],"ppma_author":[15],"class_list":["post-2810","post","type-post","status-publish","format-standard","has-post-thumbnail","hentry","category-politique"],"aioseo_notices":[],"jetpack_publicize_connections":[],"jetpack_featured_media_url":"https:\/\/i0.wp.com\/radioecoutefm.com\/wp-content\/uploads\/2025\/04\/CTP.jpg?fit=1252%2C1182&ssl=1","uagb_featured_image_src":{"full":["https:\/\/i0.wp.com\/radioecoutefm.com\/wp-content\/uploads\/2025\/04\/CTP.jpg?fit=1252%2C1182&ssl=1",1252,1182,false],"thumbnail":["https:\/\/i0.wp.com\/radioecoutefm.com\/wp-content\/uploads\/2025\/04\/CTP.jpg?resize=150%2C150&ssl=1",150,150,true],"medium":["https:\/\/i0.wp.com\/radioecoutefm.com\/wp-content\/uploads\/2025\/04\/CTP.jpg?fit=300%2C283&ssl=1",300,283,true],"medium_large":["https:\/\/i0.wp.com\/radioecoutefm.com\/wp-content\/uploads\/2025\/04\/CTP.jpg?fit=640%2C604&ssl=1",640,604,true],"large":["https:\/\/i0.wp.com\/radioecoutefm.com\/wp-content\/uploads\/2025\/04\/CTP.jpg?fit=640%2C604&ssl=1",640,604,true],"1536x1536":["https:\/\/i0.wp.com\/radioecoutefm.com\/wp-content\/uploads\/2025\/04\/CTP.jpg?fit=1252%2C1182&ssl=1",1252,1182,true],"2048x2048":["https:\/\/i0.wp.com\/radioecoutefm.com\/wp-content\/uploads\/2025\/04\/CTP.jpg?fit=1252%2C1182&ssl=1",1252,1182,true],"newsair-slider-full":["https:\/\/i0.wp.com\/radioecoutefm.com\/wp-content\/uploads\/2025\/04\/CTP.jpg?resize=1252%2C720&ssl=1",1252,720,true],"newsair-featured":["https:\/\/i0.wp.com\/radioecoutefm.com\/wp-content\/uploads\/2025\/04\/CTP.jpg?fit=1024%2C967&ssl=1",1024,967,true],"newsair-medium":["https:\/\/i0.wp.com\/radioecoutefm.com\/wp-content\/uploads\/2025\/04\/CTP.jpg?resize=720%2C380&ssl=1",720,380,true]},"uagb_author_info":{"display_name":"Ecoute FM","author_link":"https:\/\/radioecoutefm.com\/index.php\/author\/borgellaattis\/"},"uagb_comment_info":0,"uagb_excerpt":"Dans une d\u00e9marche visant \u00e0 moderniser les Forces Arm\u00e9es d\u2019Ha\u00efti (FAD\u2019H) et \u00e0 renforcer la coop\u00e9ration r\u00e9gionale en mati\u00e8re de s\u00e9curit\u00e9, une d\u00e9l\u00e9gation ha\u00eftienne dirig\u00e9e par le Conseiller-Pr\u00e9sident Smith Augustin a \u00e9t\u00e9 re\u00e7ue par la Junte Interam\u00e9ricaine de D\u00e9fense (JID) \u00e0 Washington. Accompagn\u00e9 de membres de la Mission permanente d\u2019Ha\u00efti aupr\u00e8s de l\u2019OEA, M. Augustin&hellip;","jetpack_sharing_enabled":true,"jetpack_shortlink":"https:\/\/wp.me\/pgoyna-Jk","jetpack-related-posts":[{"id":4633,"url":"https:\/\/radioecoutefm.com\/index.php\/2025\/05\/29\/frantz-elbe-nomme-representant-dhaiti-a-la-junte-interamericaine-de-defense\/","url_meta":{"origin":2810,"position":0},"title":"Frantz Elb\u00e9 nomm\u00e9 repr\u00e9sentant d\u2019Ha\u00efti \u00e0 la Junte Interam\u00e9ricaine de D\u00e9fense","author":"Ecoute FM","date":"29.05.2025","format":false,"excerpt":"L\u2019ancien directeur g\u00e9n\u00e9ral de la Police Nationale d\u2019Ha\u00efti (PNH), Frantz Elb\u00e9, entame une nouvelle mission diplomatique en tant que repr\u00e9sentant officiel d\u2019Ha\u00efti aupr\u00e8s de la Junte Interam\u00e9ricaine de D\u00e9fense (JID). s\u00e9curit\u00e9. R\u00e9voqu\u00e9 de son poste \u00e0 la t\u00eate de l\u2019institution polici\u00e8re en juin 2024, Frantz Elb\u00e9 retrouve aujourd\u2019hui la sc\u00e8ne\u2026","rel":"","context":"In &quot;POLITIQUE&quot;","block_context":{"text":"POLITIQUE","link":"https:\/\/radioecoutefm.com\/index.php\/category\/politique\/"},"img":{"alt_text":"","src":"https:\/\/i0.wp.com\/radioecoutefm.com\/wp-content\/uploads\/2025\/05\/ELBE.jpeg?fit=1086%2C775&ssl=1&resize=350%2C200","width":350,"height":200,"srcset":"https:\/\/i0.wp.com\/radioecoutefm.com\/wp-content\/uploads\/2025\/05\/ELBE.jpeg?fit=1086%2C775&ssl=1&resize=350%2C200 1x, https:\/\/i0.wp.com\/radioecoutefm.com\/wp-content\/uploads\/2025\/05\/ELBE.jpeg?fit=1086%2C775&ssl=1&resize=525%2C300 1.5x, https:\/\/i0.wp.com\/radioecoutefm.com\/wp-content\/uploads\/2025\/05\/ELBE.jpeg?fit=1086%2C775&ssl=1&resize=700%2C400 2x, https:\/\/i0.wp.com\/radioecoutefm.com\/wp-content\/uploads\/2025\/05\/ELBE.jpeg?fit=1086%2C775&ssl=1&resize=1050%2C600 3x"},"classes":[]},{"id":2512,"url":"https:\/\/radioecoutefm.com\/index.php\/2025\/04\/09\/le-conseiller-president-smith-augustin-en-mission-officielle-aux-etats-unis\/","url_meta":{"origin":2810,"position":1},"title":"Le Conseiller-Pr\u00e9sident Smith Augustin en mission officielle aux \u00c9tats-Unis","author":"Ecoute FM","date":"09.04.2025","format":false,"excerpt":"Le bureau de la pr\u00e9sidence annonce, ce 8 avril 2025, que le Conseiller-Pr\u00e9sident Smith Augustin est en mission \u00e0 Washington D.C. et \u00e0 New York dans le cadre du renforcement des efforts de coop\u00e9ration internationale pour le r\u00e9tablissement de la s\u00e9curit\u00e9 publique et la pr\u00e9paration des prochaines \u00e9lections en Ha\u00efti.\u2026","rel":"","context":"In &quot;POLITIQUE&quot;","block_context":{"text":"POLITIQUE","link":"https:\/\/radioecoutefm.com\/index.php\/category\/politique\/"},"img":{"alt_text":"","src":"https:\/\/i0.wp.com\/radioecoutefm.com\/wp-content\/uploads\/2025\/04\/59F686D9-5404-4C10-B800-68C29A9FE84D.jpeg?fit=534%2C419&ssl=1&resize=350%2C200","width":350,"height":200,"srcset":"https:\/\/i0.wp.com\/radioecoutefm.com\/wp-content\/uploads\/2025\/04\/59F686D9-5404-4C10-B800-68C29A9FE84D.jpeg?fit=534%2C419&ssl=1&resize=350%2C200 1x, https:\/\/i0.wp.com\/radioecoutefm.com\/wp-content\/uploads\/2025\/04\/59F686D9-5404-4C10-B800-68C29A9FE84D.jpeg?fit=534%2C419&ssl=1&resize=525%2C300 1.5x"},"classes":[]},{"id":5765,"url":"https:\/\/radioecoutefm.com\/index.php\/2025\/09\/09\/haiti-representee-a-une-reunion-anti-corruption-de-haut-niveau-a-loea\/","url_meta":{"origin":2810,"position":2},"title":"Ha\u00efti repr\u00e9sent\u00e9e \u00e0 une r\u00e9union anti-corruption de haut niveau \u00e0 l\u2019OEA","author":"Ecoute FM","date":"09.09.2025","format":false,"excerpt":"Me Jacques Hans Ludwige Joseph, expert principal et repr\u00e9sentant d\u2019Ha\u00efti, a pris part, le lundi 8 septembre, \u00e0 une importante r\u00e9union de haut niveau au si\u00e8ge de l\u2019Organisation des \u00c9tats Am\u00e9ricains (OEA), \u00e0 Washington DC. Cette rencontre, organis\u00e9e dans le cadre du M\u00e9canisme de suivi de la mise en \u0153uvre\u2026","rel":"","context":"In &quot;SOCIETE&quot;","block_context":{"text":"SOCIETE","link":"https:\/\/radioecoutefm.com\/index.php\/category\/societe\/"},"img":{"alt_text":"","src":"https:\/\/i0.wp.com\/radioecoutefm.com\/wp-content\/uploads\/2025\/09\/anti.jpg?fit=739%2C415&ssl=1&resize=350%2C200","width":350,"height":200,"srcset":"https:\/\/i0.wp.com\/radioecoutefm.com\/wp-content\/uploads\/2025\/09\/anti.jpg?fit=739%2C415&ssl=1&resize=350%2C200 1x, https:\/\/i0.wp.com\/radioecoutefm.com\/wp-content\/uploads\/2025\/09\/anti.jpg?fit=739%2C415&ssl=1&resize=525%2C300 1.5x, https:\/\/i0.wp.com\/radioecoutefm.com\/wp-content\/uploads\/2025\/09\/anti.jpg?fit=739%2C415&ssl=1&resize=700%2C400 2x"},"classes":[]},{"id":4453,"url":"https:\/\/radioecoutefm.com\/index.php\/2025\/05\/22\/haiti-nest-pas-une-menace-pour-la-region-affirme-le-conseiler-smith-augustin-devant-loea\/","url_meta":{"origin":2810,"position":3},"title":"Ha\u00efti n\u2019est pas une menace pour la r\u00e9gion, affirme le Conseiller Smith Augustin devant l&#8217;OEA","author":"Ecoute FM","date":"22.05.2025","format":false,"excerpt":"Lors d\u2019un symposium organis\u00e9 au si\u00e8ge de l\u2019Organisation des \u00c9tats am\u00e9ricains (OEA) \u00e0 Washington, le pr\u00e9sident du Conseil pr\u00e9sidentiel de transition d\u2019Ha\u00efti, Smith Augustin, a exhort\u00e9 les membres de l\u2019organisation \u00e0 revoir la mani\u00e8re dont la communaut\u00e9 internationale per\u00e7oit le pays. Selon lui, cette relecture est indispensable pour faire face\u2026","rel":"","context":"In &quot;SECURITE&quot;","block_context":{"text":"SECURITE","link":"https:\/\/radioecoutefm.com\/index.php\/category\/insecurite\/"},"img":{"alt_text":"","src":"https:\/\/i0.wp.com\/radioecoutefm.com\/wp-content\/uploads\/2025\/05\/IMG_2090.jpeg?fit=1200%2C800&ssl=1&resize=350%2C200","width":350,"height":200,"srcset":"https:\/\/i0.wp.com\/radioecoutefm.com\/wp-content\/uploads\/2025\/05\/IMG_2090.jpeg?fit=1200%2C800&ssl=1&resize=350%2C200 1x, https:\/\/i0.wp.com\/radioecoutefm.com\/wp-content\/uploads\/2025\/05\/IMG_2090.jpeg?fit=1200%2C800&ssl=1&resize=525%2C300 1.5x, https:\/\/i0.wp.com\/radioecoutefm.com\/wp-content\/uploads\/2025\/05\/IMG_2090.jpeg?fit=1200%2C800&ssl=1&resize=700%2C400 2x, https:\/\/i0.wp.com\/radioecoutefm.com\/wp-content\/uploads\/2025\/05\/IMG_2090.jpeg?fit=1200%2C800&ssl=1&resize=1050%2C600 3x"},"classes":[]},{"id":2574,"url":"https:\/\/radioecoutefm.com\/index.php\/2025\/04\/10\/2574\/","url_meta":{"origin":2810,"position":4},"title":"Luis Almagro et et le conseiller pr\u00e9sidentiel, Smith Augustin discutent de la coop\u00e9ration internationale pour renforcer la s\u00e9curit\u00e9 en Ha\u00efti","author":"Ecoute FM","date":"10.04.2025","format":false,"excerpt":"Luis Almagro, secr\u00e9taire g\u00e9n\u00e9ral de l\u2019Organisation des \u00c9tats am\u00e9ricains (OEA), a r\u00e9cemment rencontr\u00e9 plusieurs hauts responsables ha\u00eftiens, dont le conseiller pr\u00e9sidentiel Smith Augustin et la Repr\u00e9sentante d\u2019Ha\u00efti aupr\u00e8s de l\u2019OEA, Myrtha D\u00e9sulm\u00e9. Lors de cette rencontre, ils ont soulign\u00e9 la n\u00e9cessit\u00e9 d\u2019intensifier la coop\u00e9ration internationale pour soutenir Ha\u00efti face \u00e0\u2026","rel":"","context":"In &quot;INSECURITE&quot;","block_context":{"text":"INSECURITE","link":"https:\/\/radioecoutefm.com\/index.php\/category\/securite\/"},"img":{"alt_text":"","src":"https:\/\/i0.wp.com\/radioecoutefm.com\/wp-content\/uploads\/2025\/04\/IMG_1632.jpeg?fit=400%2C320&ssl=1&resize=350%2C200","width":350,"height":200},"classes":[]},{"id":3332,"url":"https:\/\/radioecoutefm.com\/index.php\/2025\/04\/23\/engagement-des-partenaires-internationaux-pour-haiti-a-washington-dc\/","url_meta":{"origin":2810,"position":5},"title":"Engagement des Partenaires Internationaux pour Ha\u00efti \u00e0 Washington DC","author":"Ecoute FM","date":"23.04.2025","format":false,"excerpt":"Lors des R\u00e9unions de Printemps du Groupe de la Banque Mondiale et du Fonds Mon\u00e9taire International \u00e0 Washington DC, une table ronde a r\u00e9uni des autorit\u00e9s ha\u00eftiennes, des partenaires financiers et des membres du secteur priv\u00e9 autour de la question cruciale du financement des priorit\u00e9s \u00e9conomiques, sociales et s\u00e9curitaires d\u2019Ha\u00efti.\u2026","rel":"","context":"In &quot;ECONOMIE&quot;","block_context":{"text":"ECONOMIE","link":"https:\/\/radioecoutefm.com\/index.php\/category\/economie\/"},"img":{"alt_text":"","src":"https:\/\/i0.wp.com\/radioecoutefm.com\/wp-content\/uploads\/2025\/04\/IMG_1784.jpeg?fit=1080%2C810&ssl=1&resize=350%2C200","width":350,"height":200,"srcset":"https:\/\/i0.wp.com\/radioecoutefm.com\/wp-content\/uploads\/2025\/04\/IMG_1784.jpeg?fit=1080%2C810&ssl=1&resize=350%2C200 1x, https:\/\/i0.wp.com\/radioecoutefm.com\/wp-content\/uploads\/2025\/04\/IMG_1784.jpeg?fit=1080%2C810&ssl=1&resize=525%2C300 1.5x, https:\/\/i0.wp.com\/radioecoutefm.com\/wp-content\/uploads\/2025\/04\/IMG_1784.jpeg?fit=1080%2C810&ssl=1&resize=700%2C400 2x, https:\/\/i0.wp.com\/radioecoutefm.com\/wp-content\/uploads\/2025\/04\/IMG_1784.jpeg?fit=1080%2C810&ssl=1&resize=1050%2C600 3x"},"classes":[]}],"authors":[{"term_id":15,"user_id":1,"is_guest":0,"slug":"borgellaattis","display_name":"Ecoute FM","avatar_url":"https:\/\/secure.gravatar.com\/avatar\/a5369629745bf29c5deb65198d5e38aed1dc2c880c04b3b630ab3f6e8c623b70?s=96&d=mm&r=g","0":null,"1":"","2":"","3":"","4":"","5":"","6":"","7":"","8":""}],"_links":{"self":[{"href":"https:\/\/radioecoutefm.com\/index.php\/wp-json\/wp\/v2\/posts\/2810","targetHints":{"allow":["GET"]}}],"collection":[{"href":"https:\/\/radioecoutefm.com\/index.php\/wp-json\/wp\/v2\/posts"}],"about":[{"href":"https:\/\/radioecoutefm.com\/index.php\/wp-json\/wp\/v2\/types\/post"}],"author":[{"embeddable":true,"href":"https:\/\/radioecoutefm.com\/index.php\/wp-json\/wp\/v2\/users\/1"}],"replies":[{"embeddable":true,"href":"https:\/\/radioecoutefm.com\/index.php\/wp-json\/wp\/v2\/comments?post=2810"}],"version-history":[{"count":1,"href":"https:\/\/radioecoutefm.com\/index.php\/wp-json\/wp\/v2\/posts\/2810\/revisions"}],"predecessor-version":[{"id":2815,"href":"https:\/\/radioecoutefm.com\/index.php\/wp-json\/wp\/v2\/posts\/2810\/revisions\/2815"}],"wp:featuredmedia":[{"embeddable":true,"href":"https:\/\/radioecoutefm.com\/index.php\/wp-json\/wp\/v2\/media\/2811"}],"wp:attachment":[{"href":"https:\/\/radioecoutefm.com\/index.php\/wp-json\/wp\/v2\/media?parent=2810"}],"wp:term":[{"taxonomy":"category","embeddable":true,"href":"https:\/\/radioecoutefm.com\/index.php\/wp-json\/wp\/v2\/categories?post=2810"},{"taxonomy":"post_tag","embeddable":true,"href":"https:\/\/radioecoutefm.com\/index.php\/wp-json\/wp\/v2\/tags?post=2810"},{"taxonomy":"author","embeddable":true,"href":"https:\/\/radioecoutefm.com\/index.php\/wp-json\/wp\/v2\/ppma_author?post=2810"}],"curies":[{"name":"wp","href":"https:\/\/api.w.org\/{rel}","templated":true}]}}