{"id":2804,"date":"2025-04-15T01:31:19","date_gmt":"2025-04-15T01:31:19","guid":{"rendered":"https:\/\/radioecoutefm.com\/?p=2804"},"modified":"2025-04-15T01:31:19","modified_gmt":"2025-04-15T01:31:19","slug":"le-gouvernement-haitien-renforce-son-soutien-aux-deplaces-affectes-par-les-intemperies","status":"publish","type":"post","link":"https:\/\/radioecoutefm.com\/index.php\/2025\/04\/15\/le-gouvernement-haitien-renforce-son-soutien-aux-deplaces-affectes-par-les-intemperies\/","title":{"rendered":"Le gouvernement ha\u00eftien renforce son soutien aux d\u00e9plac\u00e9s affect\u00e9s par les intemp\u00e9ries"},"content":{"rendered":"<p class=\"\" data-start=\"224\" data-end=\"515\"><em data-start=\"224\" data-end=\"255\">Port-au-Prince, 13 avril 2025<\/em> \u2014 Alors que de fortes pluies li\u00e9es au passage d\u2019un creux de surface s\u2019abattent sur Ha\u00efti, les autorit\u00e9s ha\u00eftiennes multiplient les initiatives pour venir en aide aux populations vuln\u00e9rables, particuli\u00e8rement touch\u00e9es dans les camps de d\u00e9plac\u00e9s de la capitale.<\/p>\n<p class=\"\" data-start=\"517\" data-end=\"800\">Ce dimanche apr\u00e8s-midi, des \u00e9quipes gouvernementales ont proc\u00e9d\u00e9 \u00e0 la distribution de plusieurs centaines de b\u00e2ches dans les camps de Delmas et de Bourdon. Une mesure destin\u00e9e \u00e0 offrir une meilleure protection aux familles expos\u00e9es aux intemp\u00e9ries dans des conditions d\u00e9j\u00e0 pr\u00e9caires.<\/p>\n<p class=\"\" data-start=\"802\" data-end=\"1232\">Cette op\u00e9ration s\u2019inscrit dans un plan d\u2019urgence plus large mis en place par l\u2019\u00c9tat pour r\u00e9pondre aux besoins imm\u00e9diats des sinistr\u00e9s. \u00c0 partir de ce lundi 14 avril, une nouvelle phase du programme d\u2019assistance humanitaire sera lanc\u00e9e. Elle pr\u00e9voit la distribution de repas chauds sur diff\u00e9rents sites de la r\u00e9gion m\u00e9tropolitaine de Port-au-Prince, dans le but de pallier l\u2019ins\u00e9curit\u00e9 alimentaire croissante dans les zones d\u2019accueil.<\/p>\n<p class=\"\" data-start=\"1234\" data-end=\"1575\">Le Premier ministre, Alix Didier Fils-Aim\u00e9, a r\u00e9affirm\u00e9 l\u2019engagement de son gouvernement \u00e0 accompagner les populations sinistr\u00e9es<em> \u00ab avec dignit\u00e9, efficacit\u00e9 et solidarit\u00e9 \u00bb.<\/em> Il a \u00e9galement lanc\u00e9 un appel aux partenaires nationaux et internationaux afin de renforcer la r\u00e9ponse humanitaire et d\u2019apporter un soutien accru aux efforts en cours.<\/p>\n","protected":false},"excerpt":{"rendered":"<p>Port-au-Prince, 13 avril 2025 \u2014 Alors que de fortes pluies li\u00e9es au passage d\u2019un creux de surface s\u2019abattent sur Ha\u00efti, les autorit\u00e9s ha\u00eftiennes multiplient les initiatives pour venir en aide aux populations vuln\u00e9rables, particuli\u00e8rement touch\u00e9es dans les camps de d\u00e9plac\u00e9s de la capitale. Ce dimanche apr\u00e8s-midi, des \u00e9quipes gouvernementales ont proc\u00e9d\u00e9 \u00e0 la distribution de [&hellip;]<\/p>\n","protected":false},"author":1,"featured_media":2805,"comment_status":"open","ping_status":"open","sticky":false,"template":"","format":"standard","meta":{"_uag_custom_page_level_css":"","jetpack_post_was_ever_published":false,"_jetpack_newsletter_access":"","_jetpack_dont_email_post_to_subs":false,"_jetpack_newsletter_tier_id":0,"_jetpack_memberships_contains_paywalled_content":false,"_jetpack_memberships_contains_paid_content":false,"footnotes":"","jetpack_publicize_message":"","jetpack_publicize_feature_enabled":true,"jetpack_social_post_already_shared":true,"jetpack_social_options":{"image_generator_settings":{"template":"highway","default_image_id":0,"font":"","enabled":false},"version":2}},"categories":[51],"tags":[],"ppma_author":[15],"class_list":["post-2804","post","type-post","status-publish","format-standard","has-post-thumbnail","hentry","category-societe"],"aioseo_notices":[],"jetpack_publicize_connections":[],"jetpack_featured_media_url":"https:\/\/i0.wp.com\/radioecoutefm.com\/wp-content\/uploads\/2025\/04\/Filsaime.jpg?fit=1440%2C959&ssl=1","uagb_featured_image_src":{"full":["https:\/\/i0.wp.com\/radioecoutefm.com\/wp-content\/uploads\/2025\/04\/Filsaime.jpg?fit=1440%2C959&ssl=1",1440,959,false],"thumbnail":["https:\/\/i0.wp.com\/radioecoutefm.com\/wp-content\/uploads\/2025\/04\/Filsaime.jpg?resize=150%2C150&ssl=1",150,150,true],"medium":["https:\/\/i0.wp.com\/radioecoutefm.com\/wp-content\/uploads\/2025\/04\/Filsaime.jpg?fit=300%2C200&ssl=1",300,200,true],"medium_large":["https:\/\/i0.wp.com\/radioecoutefm.com\/wp-content\/uploads\/2025\/04\/Filsaime.jpg?fit=640%2C426&ssl=1",640,426,true],"large":["https:\/\/i0.wp.com\/radioecoutefm.com\/wp-content\/uploads\/2025\/04\/Filsaime.jpg?fit=640%2C426&ssl=1",640,426,true],"1536x1536":["https:\/\/i0.wp.com\/radioecoutefm.com\/wp-content\/uploads\/2025\/04\/Filsaime.jpg?fit=1440%2C959&ssl=1",1440,959,true],"2048x2048":["https:\/\/i0.wp.com\/radioecoutefm.com\/wp-content\/uploads\/2025\/04\/Filsaime.jpg?fit=1440%2C959&ssl=1",1440,959,true],"newsair-slider-full":["https:\/\/i0.wp.com\/radioecoutefm.com\/wp-content\/uploads\/2025\/04\/Filsaime.jpg?resize=1280%2C720&ssl=1",1280,720,true],"newsair-featured":["https:\/\/i0.wp.com\/radioecoutefm.com\/wp-content\/uploads\/2025\/04\/Filsaime.jpg?fit=1024%2C682&ssl=1",1024,682,true],"newsair-medium":["https:\/\/i0.wp.com\/radioecoutefm.com\/wp-content\/uploads\/2025\/04\/Filsaime.jpg?resize=720%2C380&ssl=1",720,380,true]},"uagb_author_info":{"display_name":"Ecoute FM","author_link":"https:\/\/radioecoutefm.com\/index.php\/author\/borgellaattis\/"},"uagb_comment_info":0,"uagb_excerpt":"Port-au-Prince, 13 avril 2025 \u2014 Alors que de fortes pluies li\u00e9es au passage d\u2019un creux de surface s\u2019abattent sur Ha\u00efti, les autorit\u00e9s ha\u00eftiennes multiplient les initiatives pour venir en aide aux populations vuln\u00e9rables, particuli\u00e8rement touch\u00e9es dans les camps de d\u00e9plac\u00e9s de la capitale. Ce dimanche apr\u00e8s-midi, des \u00e9quipes gouvernementales ont proc\u00e9d\u00e9 \u00e0 la distribution de&hellip;","jetpack_sharing_enabled":true,"jetpack_shortlink":"https:\/\/wp.me\/pgoyna-Je","jetpack-related-posts":[{"id":6109,"url":"https:\/\/radioecoutefm.com\/index.php\/2025\/10\/10\/haiti-plus-de-680-000-enfants-deplaces-lunicef-tire-la-sonnette-dalarme\/","url_meta":{"origin":2804,"position":0},"title":"Ha\u00efti : plus de 680 000 enfants d\u00e9plac\u00e9s, l\u2019UNICEF tire la sonnette d\u2019alarme","author":"Ecoute FM","date":"10.10.2025","format":false,"excerpt":"La crise s\u00e9curitaire en Ha\u00efti atteint un niveau alarmant. Selon le dernier rapport du Fonds des Nations Unies pour l\u2019enfance (UNICEF) publi\u00e9 ce mercredi, plus de 680 000 enfants ont d\u00fb quitter leur maison pour \u00e9chapper aux violences des gangs arm\u00e9s. Ce chiffre, presque deux fois sup\u00e9rieur \u00e0 celui de\u2026","rel":"","context":"In &quot;INSECURITE&quot;","block_context":{"text":"INSECURITE","link":"https:\/\/radioecoutefm.com\/index.php\/category\/securite\/"},"img":{"alt_text":"","src":"https:\/\/i0.wp.com\/radioecoutefm.com\/wp-content\/uploads\/2025\/10\/unicef.jpg?fit=1024%2C768&ssl=1&resize=350%2C200","width":350,"height":200,"srcset":"https:\/\/i0.wp.com\/radioecoutefm.com\/wp-content\/uploads\/2025\/10\/unicef.jpg?fit=1024%2C768&ssl=1&resize=350%2C200 1x, https:\/\/i0.wp.com\/radioecoutefm.com\/wp-content\/uploads\/2025\/10\/unicef.jpg?fit=1024%2C768&ssl=1&resize=525%2C300 1.5x, https:\/\/i0.wp.com\/radioecoutefm.com\/wp-content\/uploads\/2025\/10\/unicef.jpg?fit=1024%2C768&ssl=1&resize=700%2C400 2x"},"classes":[]},{"id":2816,"url":"https:\/\/radioecoutefm.com\/index.php\/2025\/04\/15\/budget-de-guerre-en-haiti-un-sursaut-tardif-face-a-une-capitale-livree-aux-gangs\/","url_meta":{"origin":2804,"position":1},"title":"Budget de guerre en Ha\u00efti : un sursaut tardif face \u00e0 une capitale livr\u00e9e aux gangs","author":"Ecoute FM","date":"15.04.2025","format":false,"excerpt":"Port-au-Prince, 14 avril 2025 \u2013 Dans un contexte \u00e9conomique et s\u00e9curitaire particuli\u00e8rement tendu, le Conseil des ministres ha\u00eftien a adopt\u00e9 ce lundi un budget rectificatif pour l\u2019exercice fiscal 2024-2025, d\u2019un montant total de 323,4 milliards de gourdes. Cette d\u00e9cision a \u00e9t\u00e9 annonc\u00e9e par le Minist\u00e8re de l\u2019\u00c9conomie et des Finances\u2026","rel":"","context":"In &quot;ECONOMIE&quot;","block_context":{"text":"ECONOMIE","link":"https:\/\/radioecoutefm.com\/index.php\/category\/economie\/"},"img":{"alt_text":"","src":"https:\/\/i0.wp.com\/radioecoutefm.com\/wp-content\/uploads\/2025\/04\/BUDGET.png?fit=1170%2C580&ssl=1&resize=350%2C200","width":350,"height":200,"srcset":"https:\/\/i0.wp.com\/radioecoutefm.com\/wp-content\/uploads\/2025\/04\/BUDGET.png?fit=1170%2C580&ssl=1&resize=350%2C200 1x, https:\/\/i0.wp.com\/radioecoutefm.com\/wp-content\/uploads\/2025\/04\/BUDGET.png?fit=1170%2C580&ssl=1&resize=525%2C300 1.5x, https:\/\/i0.wp.com\/radioecoutefm.com\/wp-content\/uploads\/2025\/04\/BUDGET.png?fit=1170%2C580&ssl=1&resize=700%2C400 2x, https:\/\/i0.wp.com\/radioecoutefm.com\/wp-content\/uploads\/2025\/04\/BUDGET.png?fit=1170%2C580&ssl=1&resize=1050%2C600 3x"},"classes":[]},{"id":3202,"url":"https:\/\/radioecoutefm.com\/index.php\/2025\/04\/22\/haiti-appel-de-detresse-de-loim-pour-les-deplaces\/","url_meta":{"origin":2804,"position":2},"title":"Ha\u00efti: Appel de d\u00e9tresse de l&#8217;OIM pour les d\u00e9plac\u00e9s","author":"Ecoute FM","date":"22.04.2025","format":false,"excerpt":"L'ins\u00e9curit\u00e9 continue de multiplier les victimes dans les rangs de la population. Cette situation aggrave la crise humanitaire en Ha\u00efti. Amy Pope, Directrice G\u00e9n\u00e9rale de l\u2019Organisation Internationale pour les Migrations, (OIM) a exhort\u00e9 la communaut\u00e9 internationale \u00e0 intensifier ses efforts et \u00e0 soutenir les d\u00e9plac\u00e9s de la violence des gangs\u2026","rel":"","context":"In &quot;SOCIETE&quot;","block_context":{"text":"SOCIETE","link":"https:\/\/radioecoutefm.com\/index.php\/category\/societe\/"},"img":{"alt_text":"","src":"https:\/\/i0.wp.com\/radioecoutefm.com\/wp-content\/uploads\/2025\/04\/5F4CA14F-EAE0-4BB9-BCFF-C36E48F951D0.jpeg?fit=975%2C650&ssl=1&resize=350%2C200","width":350,"height":200,"srcset":"https:\/\/i0.wp.com\/radioecoutefm.com\/wp-content\/uploads\/2025\/04\/5F4CA14F-EAE0-4BB9-BCFF-C36E48F951D0.jpeg?fit=975%2C650&ssl=1&resize=350%2C200 1x, https:\/\/i0.wp.com\/radioecoutefm.com\/wp-content\/uploads\/2025\/04\/5F4CA14F-EAE0-4BB9-BCFF-C36E48F951D0.jpeg?fit=975%2C650&ssl=1&resize=525%2C300 1.5x, https:\/\/i0.wp.com\/radioecoutefm.com\/wp-content\/uploads\/2025\/04\/5F4CA14F-EAE0-4BB9-BCFF-C36E48F951D0.jpeg?fit=975%2C650&ssl=1&resize=700%2C400 2x"},"classes":[]},{"id":2367,"url":"https:\/\/radioecoutefm.com\/index.php\/2025\/04\/05\/haiti-recoit-deux-cargaisons-daides-medicaux-aux-profits-des-plus-vulnerables\/","url_meta":{"origin":2804,"position":3},"title":"Ha\u00efti re\u00e7oit deux cargaisons d&#8217;aides m\u00e9dicaux aux profits des plus vuln\u00e9rables","author":"Ecoute FM","date":"05.04.2025","format":false,"excerpt":"En raison de la crise humanitaire qui secoue le pays, deux organisations internationales viennent en aide \u00e0 la population haitienne. Le programme alimentaire mondial ( PAM) a livr\u00e9, ce cette semaine, 20 tonnes d\u2019aide vitale qui contient des m\u00e9dicaments, \u00e9quipements sanitaires et abris, \u00e0 7 organisations luttant contre la crise\u2026","rel":"","context":"In &quot;SANTE&quot;","block_context":{"text":"SANTE","link":"https:\/\/radioecoutefm.com\/index.php\/category\/sante\/"},"img":{"alt_text":"","src":"https:\/\/i0.wp.com\/radioecoutefm.com\/wp-content\/uploads\/2025\/04\/Aide.jpeg?fit=810%2C1080&ssl=1&resize=350%2C200","width":350,"height":200,"srcset":"https:\/\/i0.wp.com\/radioecoutefm.com\/wp-content\/uploads\/2025\/04\/Aide.jpeg?fit=810%2C1080&ssl=1&resize=350%2C200 1x, https:\/\/i0.wp.com\/radioecoutefm.com\/wp-content\/uploads\/2025\/04\/Aide.jpeg?fit=810%2C1080&ssl=1&resize=525%2C300 1.5x, https:\/\/i0.wp.com\/radioecoutefm.com\/wp-content\/uploads\/2025\/04\/Aide.jpeg?fit=810%2C1080&ssl=1&resize=700%2C400 2x"},"classes":[]},{"id":3908,"url":"https:\/\/radioecoutefm.com\/index.php\/2025\/05\/06\/le-gouvernement-haitien-renforce-la-securite-et-lassistance-sociale-avec-un-budget-de-7-milliards-de-gourdes\/","url_meta":{"origin":2804,"position":4},"title":"Le gouvernement haitien alloue 7 milliards de gourdes pour la s\u00e9curit\u00e9 et l&#8217;aide humanitaire","author":"Ecoute FM","date":"06.05.2025","format":false,"excerpt":"Le gouvernement ha\u00eftien a annonc\u00e9 une s\u00e9rie de mesures visant \u00e0 renforcer la s\u00e9curit\u00e9 nationale et \u00e0 soutenir les populations vuln\u00e9rables, notamment les familles d\u00e9plac\u00e9es par l\u2019ins\u00e9curit\u00e9 croissante dans le pays. Lors d\u2019une conf\u00e9rence de presse, le Secr\u00e9taire d\u2019\u00c9tat \u00e0 la Communication, Bendjy Tilias, a r\u00e9v\u00e9l\u00e9 l\u2019allocation de 7 milliards\u2026","rel":"","context":"In &quot;POLITIQUE&quot;","block_context":{"text":"POLITIQUE","link":"https:\/\/radioecoutefm.com\/index.php\/category\/politique\/"},"img":{"alt_text":"","src":"https:\/\/i0.wp.com\/radioecoutefm.com\/wp-content\/uploads\/2025\/05\/HAITI.jpg?fit=720%2C485&ssl=1&resize=350%2C200","width":350,"height":200,"srcset":"https:\/\/i0.wp.com\/radioecoutefm.com\/wp-content\/uploads\/2025\/05\/HAITI.jpg?fit=720%2C485&ssl=1&resize=350%2C200 1x, https:\/\/i0.wp.com\/radioecoutefm.com\/wp-content\/uploads\/2025\/05\/HAITI.jpg?fit=720%2C485&ssl=1&resize=525%2C300 1.5x, https:\/\/i0.wp.com\/radioecoutefm.com\/wp-content\/uploads\/2025\/05\/HAITI.jpg?fit=720%2C485&ssl=1&resize=700%2C400 2x"},"classes":[]},{"id":2586,"url":"https:\/\/radioecoutefm.com\/index.php\/2025\/04\/10\/la-pnh-equipe-le-departement-du-centre-pour-faire-face-a-linsecurite\/","url_meta":{"origin":2804,"position":5},"title":"La PNH \u00e9quipe le d\u00e9partement du Centre pour faire face \u00e0 l\u2019ins\u00e9curit\u00e9","author":"Ecoute FM","date":"10.04.2025","format":false,"excerpt":"Dans le cadre des efforts continus visant \u00e0 restaurer la s\u00e9curit\u00e9 sur l\u2019ensemble du territoire, la Police Nationale d\u2019Ha\u00efti (PNH) a proc\u00e9d\u00e9, le mercredi 9 avril 2025, \u00e0 la remise d\u2019un lot de mat\u00e9riels de combat \u00e0 la Direction D\u00e9partementale du Centre (DDC). Cette dotation, ordonn\u00e9e par le Directeur G\u00e9n\u00e9ral\u2026","rel":"","context":"In &quot;INSECURITE&quot;","block_context":{"text":"INSECURITE","link":"https:\/\/radioecoutefm.com\/index.php\/category\/securite\/"},"img":{"alt_text":"","src":"https:\/\/i0.wp.com\/radioecoutefm.com\/wp-content\/uploads\/2025\/04\/IMG_1633.jpeg?fit=1200%2C1200&ssl=1&resize=350%2C200","width":350,"height":200,"srcset":"https:\/\/i0.wp.com\/radioecoutefm.com\/wp-content\/uploads\/2025\/04\/IMG_1633.jpeg?fit=1200%2C1200&ssl=1&resize=350%2C200 1x, https:\/\/i0.wp.com\/radioecoutefm.com\/wp-content\/uploads\/2025\/04\/IMG_1633.jpeg?fit=1200%2C1200&ssl=1&resize=525%2C300 1.5x, https:\/\/i0.wp.com\/radioecoutefm.com\/wp-content\/uploads\/2025\/04\/IMG_1633.jpeg?fit=1200%2C1200&ssl=1&resize=700%2C400 2x, https:\/\/i0.wp.com\/radioecoutefm.com\/wp-content\/uploads\/2025\/04\/IMG_1633.jpeg?fit=1200%2C1200&ssl=1&resize=1050%2C600 3x"},"classes":[]}],"authors":[{"term_id":15,"user_id":1,"is_guest":0,"slug":"borgellaattis","display_name":"Ecoute FM","avatar_url":"https:\/\/secure.gravatar.com\/avatar\/a5369629745bf29c5deb65198d5e38aed1dc2c880c04b3b630ab3f6e8c623b70?s=96&d=mm&r=g","0":null,"1":"","2":"","3":"","4":"","5":"","6":"","7":"","8":""}],"_links":{"self":[{"href":"https:\/\/radioecoutefm.com\/index.php\/wp-json\/wp\/v2\/posts\/2804","targetHints":{"allow":["GET"]}}],"collection":[{"href":"https:\/\/radioecoutefm.com\/index.php\/wp-json\/wp\/v2\/posts"}],"about":[{"href":"https:\/\/radioecoutefm.com\/index.php\/wp-json\/wp\/v2\/types\/post"}],"author":[{"embeddable":true,"href":"https:\/\/radioecoutefm.com\/index.php\/wp-json\/wp\/v2\/users\/1"}],"replies":[{"embeddable":true,"href":"https:\/\/radioecoutefm.com\/index.php\/wp-json\/wp\/v2\/comments?post=2804"}],"version-history":[{"count":1,"href":"https:\/\/radioecoutefm.com\/index.php\/wp-json\/wp\/v2\/posts\/2804\/revisions"}],"predecessor-version":[{"id":2809,"href":"https:\/\/radioecoutefm.com\/index.php\/wp-json\/wp\/v2\/posts\/2804\/revisions\/2809"}],"wp:featuredmedia":[{"embeddable":true,"href":"https:\/\/radioecoutefm.com\/index.php\/wp-json\/wp\/v2\/media\/2805"}],"wp:attachment":[{"href":"https:\/\/radioecoutefm.com\/index.php\/wp-json\/wp\/v2\/media?parent=2804"}],"wp:term":[{"taxonomy":"category","embeddable":true,"href":"https:\/\/radioecoutefm.com\/index.php\/wp-json\/wp\/v2\/categories?post=2804"},{"taxonomy":"post_tag","embeddable":true,"href":"https:\/\/radioecoutefm.com\/index.php\/wp-json\/wp\/v2\/tags?post=2804"},{"taxonomy":"author","embeddable":true,"href":"https:\/\/radioecoutefm.com\/index.php\/wp-json\/wp\/v2\/ppma_author?post=2804"}],"curies":[{"name":"wp","href":"https:\/\/api.w.org\/{rel}","templated":true}]}}