{"id":2736,"date":"2025-04-12T23:43:46","date_gmt":"2025-04-12T23:43:46","guid":{"rendered":"https:\/\/radioecoutefm.com\/?p=2736"},"modified":"2025-04-12T23:43:46","modified_gmt":"2025-04-12T23:43:46","slug":"maria-elvira-salazar-demande-a-trump-une-protection-temporaire-pour-les-migrants-sous-liberation-conditionnelle-humanitaire","status":"publish","type":"post","link":"https:\/\/radioecoutefm.com\/index.php\/2025\/04\/12\/maria-elvira-salazar-demande-a-trump-une-protection-temporaire-pour-les-migrants-sous-liberation-conditionnelle-humanitaire\/","title":{"rendered":"Mar\u00eda Elvira Salazar demande \u00e0 Trump une protection temporaire pour les migrants sous lib\u00e9ration conditionnelle humanitaire"},"content":{"rendered":"<p class=\"\" data-start=\"182\" data-end=\"740\">La d\u00e9put\u00e9e r\u00e9publicaine Mar\u00eda Elvira Salazar a adress\u00e9 une lettre au pr\u00e9sident Donald Trump pour lui demander d&#8217;accorder une protection temporaire, via le programme <strong data-start=\"347\" data-end=\"384\">Deferred Enforced Departure (DED)<\/strong>, aux citoyens de <strong data-start=\"402\" data-end=\"447\">Cuba, Ha\u00efti, du Nicaragua et du Venezuela<\/strong>. Ces personnes sont entr\u00e9es l\u00e9galement aux \u00c9tats-Unis gr\u00e2ce au programme de <strong data-start=\"524\" data-end=\"565\">lib\u00e9ration conditionnelle humanitaire<\/strong>, r\u00e9cemment annul\u00e9 par l&#8217;administration Trump. Plus de <strong data-start=\"620\" data-end=\"640\">530 000 migrants<\/strong> se retrouvent ainsi en situation de <strong data-start=\"677\" data-end=\"697\">limbo migratoire<\/strong>, sans statut clair et menac\u00e9s d\u2019expulsion.<\/p>\n<p class=\"\" data-start=\"742\" data-end=\"1331\">Dans sa lettre envoy\u00e9e le 9 avril, la congressiste souligne que le DED, mesure enti\u00e8rement discr\u00e9tionnaire du pr\u00e9sident, permettrait de prot\u00e9ger ces individus le temps que leurs demandes d&#8217;asile soient examin\u00e9es et que les v\u00e9rifications de s\u00e9curit\u00e9 soient men\u00e9es. Elle justifie sa demande par les conditions exceptionnelles dans leurs pays d\u2019origine : dictatures autoritaires \u00e0 Cuba, au Nicaragua et au Venezuela, et violence g\u00e9n\u00e9ralis\u00e9e en Ha\u00efti. Elle affirme que cette protection temporaire renforcerait \u00e0 la fois <strong data-start=\"1258\" data-end=\"1283\">la s\u00e9curit\u00e9 nationale<\/strong> et <strong data-start=\"1287\" data-end=\"1330\">l\u2019engagement humanitaire des \u00c9tats-Unis<\/strong>.<\/p>\n<p class=\"\" data-start=\"1333\" data-end=\"1794\">Mar\u00eda Elvira Salazar critique \u00e9galement l\u2019administration pr\u00e9c\u00e9dente pour avoir aggrav\u00e9 la crise migratoire dans l\u2019h\u00e9misph\u00e8re en ouvrant la fronti\u00e8re sud, tout en saluant les efforts actuels visant \u00e0 restaurer l\u2019ordre. Par cette demande, elle cherche \u00e0 concilier <strong data-start=\"1595\" data-end=\"1631\">fermet\u00e9 migratoire et compassion<\/strong>, affirmant que les \u00c9tats-Unis doivent rester un <strong data-start=\"1680\" data-end=\"1726\">refuge pour ceux qui fuient la pers\u00e9cution<\/strong>, tout en expulsant ceux qui ne remplissent pas les crit\u00e8res l\u00e9gaux.<\/p>\n","protected":false},"excerpt":{"rendered":"<p>La d\u00e9put\u00e9e r\u00e9publicaine Mar\u00eda Elvira Salazar a adress\u00e9 une lettre au pr\u00e9sident Donald Trump pour lui demander d&#8217;accorder une protection temporaire, via le programme Deferred Enforced Departure (DED), aux citoyens de Cuba, Ha\u00efti, du Nicaragua et du Venezuela. Ces personnes sont entr\u00e9es l\u00e9galement aux \u00c9tats-Unis gr\u00e2ce au programme de lib\u00e9ration conditionnelle humanitaire, r\u00e9cemment annul\u00e9 par [&hellip;]<\/p>\n","protected":false},"author":1,"featured_media":2738,"comment_status":"open","ping_status":"open","sticky":false,"template":"","format":"standard","meta":{"_uag_custom_page_level_css":"","jetpack_post_was_ever_published":false,"_jetpack_newsletter_access":"","_jetpack_dont_email_post_to_subs":false,"_jetpack_newsletter_tier_id":0,"_jetpack_memberships_contains_paywalled_content":false,"_jetpack_memberships_contains_paid_content":false,"footnotes":"","jetpack_publicize_message":"","jetpack_publicize_feature_enabled":true,"jetpack_social_post_already_shared":true,"jetpack_social_options":{"image_generator_settings":{"template":"highway","default_image_id":0,"font":"","enabled":false},"version":2}},"categories":[46],"tags":[],"ppma_author":[15],"class_list":["post-2736","post","type-post","status-publish","format-standard","has-post-thumbnail","hentry","category-international"],"aioseo_notices":[],"jetpack_publicize_connections":[],"jetpack_featured_media_url":"https:\/\/i0.wp.com\/radioecoutefm.com\/wp-content\/uploads\/2025\/04\/SALAZAR.png?fit=574%2C323&ssl=1","uagb_featured_image_src":{"full":["https:\/\/i0.wp.com\/radioecoutefm.com\/wp-content\/uploads\/2025\/04\/SALAZAR.png?fit=574%2C323&ssl=1",574,323,false],"thumbnail":["https:\/\/i0.wp.com\/radioecoutefm.com\/wp-content\/uploads\/2025\/04\/SALAZAR.png?resize=150%2C150&ssl=1",150,150,true],"medium":["https:\/\/i0.wp.com\/radioecoutefm.com\/wp-content\/uploads\/2025\/04\/SALAZAR.png?fit=300%2C169&ssl=1",300,169,true],"medium_large":["https:\/\/i0.wp.com\/radioecoutefm.com\/wp-content\/uploads\/2025\/04\/SALAZAR.png?fit=574%2C323&ssl=1",574,323,true],"large":["https:\/\/i0.wp.com\/radioecoutefm.com\/wp-content\/uploads\/2025\/04\/SALAZAR.png?fit=574%2C323&ssl=1",574,323,true],"1536x1536":["https:\/\/i0.wp.com\/radioecoutefm.com\/wp-content\/uploads\/2025\/04\/SALAZAR.png?fit=574%2C323&ssl=1",574,323,true],"2048x2048":["https:\/\/i0.wp.com\/radioecoutefm.com\/wp-content\/uploads\/2025\/04\/SALAZAR.png?fit=574%2C323&ssl=1",574,323,true],"newsair-slider-full":["https:\/\/i0.wp.com\/radioecoutefm.com\/wp-content\/uploads\/2025\/04\/SALAZAR.png?resize=574%2C323&ssl=1",574,323,true],"newsair-featured":["https:\/\/i0.wp.com\/radioecoutefm.com\/wp-content\/uploads\/2025\/04\/SALAZAR.png?fit=574%2C323&ssl=1",574,323,true],"newsair-medium":["https:\/\/i0.wp.com\/radioecoutefm.com\/wp-content\/uploads\/2025\/04\/SALAZAR.png?resize=574%2C323&ssl=1",574,323,true]},"uagb_author_info":{"display_name":"Ecoute FM","author_link":"https:\/\/radioecoutefm.com\/index.php\/author\/borgellaattis\/"},"uagb_comment_info":0,"uagb_excerpt":"La d\u00e9put\u00e9e r\u00e9publicaine Mar\u00eda Elvira Salazar a adress\u00e9 une lettre au pr\u00e9sident Donald Trump pour lui demander d&#8217;accorder une protection temporaire, via le programme Deferred Enforced Departure (DED), aux citoyens de Cuba, Ha\u00efti, du Nicaragua et du Venezuela. Ces personnes sont entr\u00e9es l\u00e9galement aux \u00c9tats-Unis gr\u00e2ce au programme de lib\u00e9ration conditionnelle humanitaire, r\u00e9cemment annul\u00e9 par&hellip;","jetpack_sharing_enabled":true,"jetpack_shortlink":"https:\/\/wp.me\/pgoyna-I8","jetpack-related-posts":[{"id":5096,"url":"https:\/\/radioecoutefm.com\/index.php\/2025\/06\/12\/fin-du-statut-legal-pour-des-milliers-de-migrants-aux-etats-unis-dont-ceux-dhaiti\/","url_meta":{"origin":2736,"position":0},"title":"Fin du statut l\u00e9gal pour des milliers de migrants aux Etats-Unis, dont ceux d\u2019Ha\u00efti","author":"Ecoute FM","date":"12.06.2025","format":false,"excerpt":"L\u2019administration Trump a annonc\u00e9, jeudi, qu\u2019elle r\u00e9voquait le statut l\u00e9gal de centaines de milliers de migrants originaires de Cuba, Ha\u00efti, du Nicaragua et du Venezuela, qui avaient b\u00e9n\u00e9fici\u00e9 d\u2019un programme de lib\u00e9ration conditionnelle mis en place sous l\u2019administration Biden. Selon un avis obtenu par CNN, ces migrants doivent d\u00e9sormais quitter\u2026","rel":"","context":"In &quot;MIGRATION&quot;","block_context":{"text":"MIGRATION","link":"https:\/\/radioecoutefm.com\/index.php\/category\/migration\/"},"img":{"alt_text":"","src":"https:\/\/i0.wp.com\/radioecoutefm.com\/wp-content\/uploads\/2025\/06\/Screenshot-2025-06-12-at-16-29-07-chnv-parole-program-Google-Search.png?fit=574%2C265&ssl=1&resize=350%2C200","width":350,"height":200,"srcset":"https:\/\/i0.wp.com\/radioecoutefm.com\/wp-content\/uploads\/2025\/06\/Screenshot-2025-06-12-at-16-29-07-chnv-parole-program-Google-Search.png?fit=574%2C265&ssl=1&resize=350%2C200 1x, https:\/\/i0.wp.com\/radioecoutefm.com\/wp-content\/uploads\/2025\/06\/Screenshot-2025-06-12-at-16-29-07-chnv-parole-program-Google-Search.png?fit=574%2C265&ssl=1&resize=525%2C300 1.5x"},"classes":[]},{"id":4415,"url":"https:\/\/radioecoutefm.com\/index.php\/2025\/05\/21\/maduro-accuse-rubio-et-salazar-davoir-cause-la-fin-du-tps-pour-les-venezueliens\/","url_meta":{"origin":2736,"position":1},"title":"Maduro accuse Rubio et Salazar d\u2019avoir caus\u00e9 la fin du TPS pour les V\u00e9n\u00e9zu\u00e9liens","author":"Ecoute FM","date":"21.05.2025","format":false,"excerpt":"Le pr\u00e9sident v\u00e9n\u00e9zu\u00e9lien Nicol\u00e1s Maduro a vivement d\u00e9nonc\u00e9 mardi la r\u00e9vocation du Statut de Protection Temporaire (TPS) pour les ressortissants v\u00e9n\u00e9zu\u00e9liens aux \u00c9tats-Unis, d\u00e9cision valid\u00e9e lundi par la Cour supr\u00eame am\u00e9ricaine. Lors d\u2019une allocution t\u00e9l\u00e9vis\u00e9e depuis Caracas, il a directement point\u00e9 du doigt certains \u00e9lus cubano-am\u00e9ricains, accusant le s\u00e9nateur Marco\u2026","rel":"","context":"In &quot;MIGRATION&quot;","block_context":{"text":"MIGRATION","link":"https:\/\/radioecoutefm.com\/index.php\/category\/migration\/"},"img":{"alt_text":"","src":"https:\/\/i0.wp.com\/radioecoutefm.com\/wp-content\/uploads\/2025\/05\/IMG_2082.jpeg?fit=1200%2C675&ssl=1&resize=350%2C200","width":350,"height":200,"srcset":"https:\/\/i0.wp.com\/radioecoutefm.com\/wp-content\/uploads\/2025\/05\/IMG_2082.jpeg?fit=1200%2C675&ssl=1&resize=350%2C200 1x, https:\/\/i0.wp.com\/radioecoutefm.com\/wp-content\/uploads\/2025\/05\/IMG_2082.jpeg?fit=1200%2C675&ssl=1&resize=525%2C300 1.5x, https:\/\/i0.wp.com\/radioecoutefm.com\/wp-content\/uploads\/2025\/05\/IMG_2082.jpeg?fit=1200%2C675&ssl=1&resize=700%2C400 2x, https:\/\/i0.wp.com\/radioecoutefm.com\/wp-content\/uploads\/2025\/05\/IMG_2082.jpeg?fit=1200%2C675&ssl=1&resize=1050%2C600 3x"},"classes":[]},{"id":4716,"url":"https:\/\/radioecoutefm.com\/index.php\/2025\/05\/30\/la-cour-supreme-autorise-la-fin-du-statut-humanitaire-pour-les-haitiens\/","url_meta":{"origin":2736,"position":2},"title":"la Cour supr\u00eame autorise la fin du statut humanitaire pour les Ha\u00eftiens","author":"Ecoute FM","date":"30.05.2025","format":false,"excerpt":"La Cour supr\u00eame des \u00c9tats-Unis a autoris\u00e9 vendredi le gouvernement de Donald Trump \u00e0 mettre fin aux protections humanitaires temporaires accord\u00e9es \u00e0 plus de 500 000 migrants, Cubains, Nicaraguayens, Venezueliens, dont des dizaines de milliers d\u2019Ha\u00eftiens . Cette d\u00e9cision repr\u00e9sente un revers majeur pour les b\u00e9n\u00e9ficiaires du programme de \"parole\u2026","rel":"","context":"In &quot;MIGRATION&quot;","block_context":{"text":"MIGRATION","link":"https:\/\/radioecoutefm.com\/index.php\/category\/migration\/"},"img":{"alt_text":"","src":"https:\/\/i0.wp.com\/radioecoutefm.com\/wp-content\/uploads\/2025\/05\/haitians-parole-protest-2024.jpeg?fit=1140%2C811&ssl=1&resize=350%2C200","width":350,"height":200,"srcset":"https:\/\/i0.wp.com\/radioecoutefm.com\/wp-content\/uploads\/2025\/05\/haitians-parole-protest-2024.jpeg?fit=1140%2C811&ssl=1&resize=350%2C200 1x, https:\/\/i0.wp.com\/radioecoutefm.com\/wp-content\/uploads\/2025\/05\/haitians-parole-protest-2024.jpeg?fit=1140%2C811&ssl=1&resize=525%2C300 1.5x, https:\/\/i0.wp.com\/radioecoutefm.com\/wp-content\/uploads\/2025\/05\/haitians-parole-protest-2024.jpeg?fit=1140%2C811&ssl=1&resize=700%2C400 2x, https:\/\/i0.wp.com\/radioecoutefm.com\/wp-content\/uploads\/2025\/05\/haitians-parole-protest-2024.jpeg?fit=1140%2C811&ssl=1&resize=1050%2C600 3x"},"classes":[]},{"id":1923,"url":"https:\/\/radioecoutefm.com\/index.php\/2025\/03\/22\/les-etats-unis-mettent-fin-aux-programmes-de-parole-humanitaire-pour-les-migrants-de-cuba-haiti-nicaragua-et-venezuela\/","url_meta":{"origin":2736,"position":3},"title":"Les \u00c9tats-Unis mettent fin aux programmes de parole humanitaire pour les migrants de Cuba, Ha\u00efti, Nicaragua et Venezuela","author":"Ecoute FM","date":"22.03.2025","format":false,"excerpt":"Le Department of Homeland Security (DHS) des \u00c9tats-Unis a annonc\u00e9 la suppression des programmes de parole humanitaire pour les citoyens de Cuba, Ha\u00efti, Nicaragua et Venezuela, ainsi que leurs familles imm\u00e9diates. Connus sous le nom de programmes CHNV, ils permettaient aux migrants d\u2019entrer temporairement aux \u00c9tats-Unis pour des raisons humanitaires\u2026","rel":"","context":"In &quot;POLITIQUE&quot;","block_context":{"text":"POLITIQUE","link":"https:\/\/radioecoutefm.com\/index.php\/category\/politique\/"},"img":{"alt_text":"","src":"https:\/\/i0.wp.com\/radioecoutefm.com\/wp-content\/uploads\/2025\/03\/IMG_1449.jpeg?fit=1170%2C511&ssl=1&resize=350%2C200","width":350,"height":200,"srcset":"https:\/\/i0.wp.com\/radioecoutefm.com\/wp-content\/uploads\/2025\/03\/IMG_1449.jpeg?fit=1170%2C511&ssl=1&resize=350%2C200 1x, https:\/\/i0.wp.com\/radioecoutefm.com\/wp-content\/uploads\/2025\/03\/IMG_1449.jpeg?fit=1170%2C511&ssl=1&resize=525%2C300 1.5x, https:\/\/i0.wp.com\/radioecoutefm.com\/wp-content\/uploads\/2025\/03\/IMG_1449.jpeg?fit=1170%2C511&ssl=1&resize=700%2C400 2x, https:\/\/i0.wp.com\/radioecoutefm.com\/wp-content\/uploads\/2025\/03\/IMG_1449.jpeg?fit=1170%2C511&ssl=1&resize=1050%2C600 3x"},"classes":[]},{"id":1384,"url":"https:\/\/radioecoutefm.com\/index.php\/2025\/03\/07\/1384\/","url_meta":{"origin":2736,"position":4},"title":"Sheila Cherfilus-McCormick et 35 autres d\u00e9put\u00e9s font pression sur Trump pour maintenir le TPS des Ha\u00eftiens","author":"Ecoute FM","date":"07.03.2025","format":false,"excerpt":"La d\u00e9put\u00e9e de Floride du Sud, d'origine Haitienne, Sheila Cherfilus-McCormick, et plusieurs de ses coll\u00e8gues d\u00e9mocrates font pression sur l'administration Trump pour qu'elle annule sa d\u00e9cision de mettre fin au statut de protection temporaire (TPS) pour des centaines de milliers de Ha\u00eftiens. Dans une lettre sign\u00e9e par plusieurs membres du\u2026","rel":"","context":"In &quot;POLITIQUE&quot;","block_context":{"text":"POLITIQUE","link":"https:\/\/radioecoutefm.com\/index.php\/category\/politique\/"},"img":{"alt_text":"","src":"","width":0,"height":0},"classes":[]},{"id":2367,"url":"https:\/\/radioecoutefm.com\/index.php\/2025\/04\/05\/haiti-recoit-deux-cargaisons-daides-medicaux-aux-profits-des-plus-vulnerables\/","url_meta":{"origin":2736,"position":5},"title":"Ha\u00efti re\u00e7oit deux cargaisons d&#8217;aides m\u00e9dicaux aux profits des plus vuln\u00e9rables","author":"Ecoute FM","date":"05.04.2025","format":false,"excerpt":"En raison de la crise humanitaire qui secoue le pays, deux organisations internationales viennent en aide \u00e0 la population haitienne. Le programme alimentaire mondial ( PAM) a livr\u00e9, ce cette semaine, 20 tonnes d\u2019aide vitale qui contient des m\u00e9dicaments, \u00e9quipements sanitaires et abris, \u00e0 7 organisations luttant contre la crise\u2026","rel":"","context":"In &quot;SANTE&quot;","block_context":{"text":"SANTE","link":"https:\/\/radioecoutefm.com\/index.php\/category\/sante\/"},"img":{"alt_text":"","src":"https:\/\/i0.wp.com\/radioecoutefm.com\/wp-content\/uploads\/2025\/04\/Aide.jpeg?fit=810%2C1080&ssl=1&resize=350%2C200","width":350,"height":200,"srcset":"https:\/\/i0.wp.com\/radioecoutefm.com\/wp-content\/uploads\/2025\/04\/Aide.jpeg?fit=810%2C1080&ssl=1&resize=350%2C200 1x, https:\/\/i0.wp.com\/radioecoutefm.com\/wp-content\/uploads\/2025\/04\/Aide.jpeg?fit=810%2C1080&ssl=1&resize=525%2C300 1.5x, https:\/\/i0.wp.com\/radioecoutefm.com\/wp-content\/uploads\/2025\/04\/Aide.jpeg?fit=810%2C1080&ssl=1&resize=700%2C400 2x"},"classes":[]}],"authors":[{"term_id":15,"user_id":1,"is_guest":0,"slug":"borgellaattis","display_name":"Ecoute FM","avatar_url":"https:\/\/secure.gravatar.com\/avatar\/a5369629745bf29c5deb65198d5e38aed1dc2c880c04b3b630ab3f6e8c623b70?s=96&d=mm&r=g","0":null,"1":"","2":"","3":"","4":"","5":"","6":"","7":"","8":""}],"_links":{"self":[{"href":"https:\/\/radioecoutefm.com\/index.php\/wp-json\/wp\/v2\/posts\/2736","targetHints":{"allow":["GET"]}}],"collection":[{"href":"https:\/\/radioecoutefm.com\/index.php\/wp-json\/wp\/v2\/posts"}],"about":[{"href":"https:\/\/radioecoutefm.com\/index.php\/wp-json\/wp\/v2\/types\/post"}],"author":[{"embeddable":true,"href":"https:\/\/radioecoutefm.com\/index.php\/wp-json\/wp\/v2\/users\/1"}],"replies":[{"embeddable":true,"href":"https:\/\/radioecoutefm.com\/index.php\/wp-json\/wp\/v2\/comments?post=2736"}],"version-history":[{"count":1,"href":"https:\/\/radioecoutefm.com\/index.php\/wp-json\/wp\/v2\/posts\/2736\/revisions"}],"predecessor-version":[{"id":2742,"href":"https:\/\/radioecoutefm.com\/index.php\/wp-json\/wp\/v2\/posts\/2736\/revisions\/2742"}],"wp:featuredmedia":[{"embeddable":true,"href":"https:\/\/radioecoutefm.com\/index.php\/wp-json\/wp\/v2\/media\/2738"}],"wp:attachment":[{"href":"https:\/\/radioecoutefm.com\/index.php\/wp-json\/wp\/v2\/media?parent=2736"}],"wp:term":[{"taxonomy":"category","embeddable":true,"href":"https:\/\/radioecoutefm.com\/index.php\/wp-json\/wp\/v2\/categories?post=2736"},{"taxonomy":"post_tag","embeddable":true,"href":"https:\/\/radioecoutefm.com\/index.php\/wp-json\/wp\/v2\/tags?post=2736"},{"taxonomy":"author","embeddable":true,"href":"https:\/\/radioecoutefm.com\/index.php\/wp-json\/wp\/v2\/ppma_author?post=2736"}],"curies":[{"name":"wp","href":"https:\/\/api.w.org\/{rel}","templated":true}]}}