{"id":2724,"date":"2025-04-12T22:59:04","date_gmt":"2025-04-12T22:59:04","guid":{"rendered":"https:\/\/radioecoutefm.com\/?p=2724"},"modified":"2025-04-12T22:59:04","modified_gmt":"2025-04-12T22:59:04","slug":"armes-et-munitions-de-la-pnh-saisies-par-les-bandits-lionel-lazarre-denonce-des-fautes-administratives-graves","status":"publish","type":"post","link":"https:\/\/radioecoutefm.com\/index.php\/2025\/04\/12\/armes-et-munitions-de-la-pnh-saisies-par-les-bandits-lionel-lazarre-denonce-des-fautes-administratives-graves\/","title":{"rendered":"Armes et munitions de la PNH saisies par les bandits, Lionel Lazarre d\u00e9nonce des fautes administratives graves"},"content":{"rendered":"<p>Dans la nuit du 10 au 11 avril 2025, \u00e0 Kenscoff, des bandits arm\u00e9s ont saisi plusieurs armes automatiques, plusieurs chargeurs et autres munitions de la PNH. Ces derniers ont \u00e9t\u00e9 pi\u00e9g\u00e9s par des femmes. Le porte-parole de la PNH , Lionel Lazarre d\u00e9nonce l&#8217;attitude des argents de l&#8217;ordre qui ont failli \u00e0 leur devoir.<\/p>\n<p>La Police nationale d&#8217;Ha\u00efti a subi d&#8217;\u00e9normes pertes \u00e0 Kenscoff. Un policier est port\u00e9 disparu et plusieurs mat\u00e9riels saisis par les malfrats. Lionel Lazarre qui retrace les faits explique que les agents ont laiss\u00e9 leurs v\u00e9hicules de travail, leurs armes de service,trois voitures et d&#8217;autres mat\u00e9riels dans un lieu pour aller dormir dans deux maisons de la zone avec des femmes. C&#8217;est \u00e0 ce moment que les bandits ont profit\u00e9 pour r\u00e9cup\u00e9rer tous les armes et mat\u00e9riels et incendi\u00e9es les v\u00e9hicules. En plus, les malfrats ont \u00e9galement attaqu\u00e9 les maisons o\u00f9 se trouvaient les policiers. Cinq sont sortis bless\u00e9s et un autre port\u00e9 disparu.<\/p>\n<p>Cette situation catastrophique arrive \u00e0 un moment o\u00f9 la PNH se lance dans une bataille sans merci contre les bandits pour tenter de sauver la commune de Kenscoff aux mains des gangs de Viv Ansanm. Le porte-parole de la PNH affirme que l&#8217;inspection g\u00e9n\u00e9rale est saisie du dossier et va prendre toutes les mesures pour sanctionner les policiers fautifs. Le haut commandement est \u00e9galement tr\u00e8s remont\u00e9 contre ceux qui sont responsables des op\u00e9rations \u00e0 Kenscoff pour cette faute administrative grave. Taina Derilus, est la fille qui assurait la liaison entre les policiers et les femmes est recherch\u00e9e par l&#8217;institution polici\u00e8re pour sa proximit\u00e9 avec les gangs.<\/p>\n","protected":false},"excerpt":{"rendered":"<p>Dans la nuit du 10 au 11 avril 2025, \u00e0 Kenscoff, des bandits arm\u00e9s ont saisi plusieurs armes automatiques, plusieurs chargeurs et autres munitions de la PNH. Ces derniers ont \u00e9t\u00e9 pi\u00e9g\u00e9s par des femmes. Le porte-parole de la PNH , Lionel Lazarre d\u00e9nonce l&#8217;attitude des argents de l&#8217;ordre qui ont failli \u00e0 leur devoir. [&hellip;]<\/p>\n","protected":false},"author":1,"featured_media":2725,"comment_status":"open","ping_status":"open","sticky":false,"template":"","format":"standard","meta":{"_uag_custom_page_level_css":"","jetpack_post_was_ever_published":false,"_jetpack_newsletter_access":"","_jetpack_dont_email_post_to_subs":false,"_jetpack_newsletter_tier_id":0,"_jetpack_memberships_contains_paywalled_content":false,"_jetpack_memberships_contains_paid_content":false,"footnotes":"","jetpack_publicize_message":"","jetpack_publicize_feature_enabled":true,"jetpack_social_post_already_shared":true,"jetpack_social_options":{"image_generator_settings":{"template":"highway","default_image_id":0,"font":"","enabled":false},"version":2}},"categories":[57],"tags":[],"ppma_author":[15],"class_list":["post-2724","post","type-post","status-publish","format-standard","has-post-thumbnail","hentry","category-securite"],"aioseo_notices":[],"jetpack_publicize_connections":[],"jetpack_featured_media_url":"https:\/\/i0.wp.com\/radioecoutefm.com\/wp-content\/uploads\/2025\/04\/Minution.jpeg?fit=1080%2C720&ssl=1","uagb_featured_image_src":{"full":["https:\/\/i0.wp.com\/radioecoutefm.com\/wp-content\/uploads\/2025\/04\/Minution.jpeg?fit=1080%2C720&ssl=1",1080,720,false],"thumbnail":["https:\/\/i0.wp.com\/radioecoutefm.com\/wp-content\/uploads\/2025\/04\/Minution.jpeg?resize=150%2C150&ssl=1",150,150,true],"medium":["https:\/\/i0.wp.com\/radioecoutefm.com\/wp-content\/uploads\/2025\/04\/Minution.jpeg?fit=300%2C200&ssl=1",300,200,true],"medium_large":["https:\/\/i0.wp.com\/radioecoutefm.com\/wp-content\/uploads\/2025\/04\/Minution.jpeg?fit=640%2C427&ssl=1",640,427,true],"large":["https:\/\/i0.wp.com\/radioecoutefm.com\/wp-content\/uploads\/2025\/04\/Minution.jpeg?fit=640%2C427&ssl=1",640,427,true],"1536x1536":["https:\/\/i0.wp.com\/radioecoutefm.com\/wp-content\/uploads\/2025\/04\/Minution.jpeg?fit=1080%2C720&ssl=1",1080,720,true],"2048x2048":["https:\/\/i0.wp.com\/radioecoutefm.com\/wp-content\/uploads\/2025\/04\/Minution.jpeg?fit=1080%2C720&ssl=1",1080,720,true],"newsair-slider-full":["https:\/\/i0.wp.com\/radioecoutefm.com\/wp-content\/uploads\/2025\/04\/Minution.jpeg?resize=1080%2C720&ssl=1",1080,720,true],"newsair-featured":["https:\/\/i0.wp.com\/radioecoutefm.com\/wp-content\/uploads\/2025\/04\/Minution.jpeg?fit=1024%2C683&ssl=1",1024,683,true],"newsair-medium":["https:\/\/i0.wp.com\/radioecoutefm.com\/wp-content\/uploads\/2025\/04\/Minution.jpeg?resize=720%2C380&ssl=1",720,380,true]},"uagb_author_info":{"display_name":"Ecoute FM","author_link":"https:\/\/radioecoutefm.com\/index.php\/author\/borgellaattis\/"},"uagb_comment_info":0,"uagb_excerpt":"Dans la nuit du 10 au 11 avril 2025, \u00e0 Kenscoff, des bandits arm\u00e9s ont saisi plusieurs armes automatiques, plusieurs chargeurs et autres munitions de la PNH. Ces derniers ont \u00e9t\u00e9 pi\u00e9g\u00e9s par des femmes. Le porte-parole de la PNH , Lionel Lazarre d\u00e9nonce l&#8217;attitude des argents de l&#8217;ordre qui ont failli \u00e0 leur devoir.&hellip;","jetpack_sharing_enabled":true,"jetpack_shortlink":"https:\/\/wp.me\/pgoyna-HW","jetpack-related-posts":[{"id":6134,"url":"https:\/\/radioecoutefm.com\/index.php\/2025\/10\/14\/affrontements-armes-a-kenscoff-la-pnh-deploie-ses-unites-speciales-apres-lincendie-de-wynn-farm\/","url_meta":{"origin":2724,"position":0},"title":"Affrontements arm\u00e9s \u00e0 Kenscoff : la PNH d\u00e9ploie ses unit\u00e9s sp\u00e9ciales apr\u00e8s l\u2019incendie de Wynn Farm","author":"Ecoute FM","date":"14.10.2025","format":false,"excerpt":"Un violent affrontement s\u2019est produit dans la nuit du 11 au 12 octobre 2025 \u00e0 Kenscoff, dans la commune de P\u00e9tion-Ville. Selon une note publi\u00e9e par la Coordination de Presse et des Relations Publiques de la Police Nationale d\u2019Ha\u00efti (CPRP\/PNH), des individus lourdement arm\u00e9s ont attaqu\u00e9 la zone, provoquant un\u2026","rel":"","context":"In &quot;INSECURITE&quot;","block_context":{"text":"INSECURITE","link":"https:\/\/radioecoutefm.com\/index.php\/category\/securite\/"},"img":{"alt_text":"","src":"https:\/\/i0.wp.com\/radioecoutefm.com\/wp-content\/uploads\/2025\/10\/6EA5E080-2F68-458A-9DE5-A0E5F59DC2F1.jpeg?fit=598%2C334&ssl=1&resize=350%2C200","width":350,"height":200,"srcset":"https:\/\/i0.wp.com\/radioecoutefm.com\/wp-content\/uploads\/2025\/10\/6EA5E080-2F68-458A-9DE5-A0E5F59DC2F1.jpeg?fit=598%2C334&ssl=1&resize=350%2C200 1x, https:\/\/i0.wp.com\/radioecoutefm.com\/wp-content\/uploads\/2025\/10\/6EA5E080-2F68-458A-9DE5-A0E5F59DC2F1.jpeg?fit=598%2C334&ssl=1&resize=525%2C300 1.5x"},"classes":[]},{"id":5229,"url":"https:\/\/radioecoutefm.com\/index.php\/2025\/06\/19\/intensification-des-operations-de-la-pnh\/","url_meta":{"origin":2724,"position":1},"title":"Intensification des op\u00e9rations de la PNH","author":"Ecoute FM","date":"19.06.2025","format":false,"excerpt":"La Police nationale d'Ha\u00efti (PNH) a men\u00e9 des op\u00e9rations d'envergure contre les gangs arm\u00e9s dans plusieurs r\u00e9gions du pays, selon le bilan pr\u00e9sent\u00e9 par le porte-parole Michel-Ange Louis Jeune, lors d'une conf\u00e9rence de presse, ce mercredi 18 juin. Ces interventions cibl\u00e9es ont permis de saisir dix armes \u00e0 feu, deux\u2026","rel":"","context":"In &quot;SECURITE&quot;","block_context":{"text":"SECURITE","link":"https:\/\/radioecoutefm.com\/index.php\/category\/insecurite\/"},"img":{"alt_text":"","src":"https:\/\/i0.wp.com\/radioecoutefm.com\/wp-content\/uploads\/2025\/06\/0CCD3BCA-ED5D-4B06-AB86-1F779AB3BA0B.jpeg?fit=995%2C518&ssl=1&resize=350%2C200","width":350,"height":200,"srcset":"https:\/\/i0.wp.com\/radioecoutefm.com\/wp-content\/uploads\/2025\/06\/0CCD3BCA-ED5D-4B06-AB86-1F779AB3BA0B.jpeg?fit=995%2C518&ssl=1&resize=350%2C200 1x, https:\/\/i0.wp.com\/radioecoutefm.com\/wp-content\/uploads\/2025\/06\/0CCD3BCA-ED5D-4B06-AB86-1F779AB3BA0B.jpeg?fit=995%2C518&ssl=1&resize=525%2C300 1.5x, https:\/\/i0.wp.com\/radioecoutefm.com\/wp-content\/uploads\/2025\/06\/0CCD3BCA-ED5D-4B06-AB86-1F779AB3BA0B.jpeg?fit=995%2C518&ssl=1&resize=700%2C400 2x"},"classes":[]},{"id":1670,"url":"https:\/\/radioecoutefm.com\/index.php\/2025\/03\/16\/un-vehicule-blinde-de-la-pnh-incendie-par-des-bandits-a-kenscoff\/","url_meta":{"origin":2724,"position":2},"title":"Un v\u00e9hicule blind\u00e9 de la PNH incendi\u00e9 par des bandits \u00e0 Kenscoff","author":"Claude DIEUPHENE","date":"16.03.2025","format":false,"excerpt":"Des bandits arm\u00e9s de la coalition Viv ansanm ont incendi\u00e9 un v\u00e9hicule blind\u00e9 de la Police Nationale d\u2019Ha\u00efti (PNH) dans la commune de Kenscoff, ce dimanche 15 mars 2025, en milieu de journ\u00e9e. Le blind\u00e9 a \u00e9t\u00e9 pris pour cible par des membres de gangs op\u00e9rant dans la zone. Ces\u2026","rel":"","context":"In &quot;INSECURITE&quot;","block_context":{"text":"INSECURITE","link":"https:\/\/radioecoutefm.com\/index.php\/category\/securite\/"},"img":{"alt_text":"","src":"https:\/\/i0.wp.com\/radioecoutefm.com\/wp-content\/uploads\/2025\/03\/1E9F3677-9111-4B13-86B2-3104415E1747.webp?fit=1200%2C630&ssl=1&resize=350%2C200","width":350,"height":200,"srcset":"https:\/\/i0.wp.com\/radioecoutefm.com\/wp-content\/uploads\/2025\/03\/1E9F3677-9111-4B13-86B2-3104415E1747.webp?fit=1200%2C630&ssl=1&resize=350%2C200 1x, https:\/\/i0.wp.com\/radioecoutefm.com\/wp-content\/uploads\/2025\/03\/1E9F3677-9111-4B13-86B2-3104415E1747.webp?fit=1200%2C630&ssl=1&resize=525%2C300 1.5x, https:\/\/i0.wp.com\/radioecoutefm.com\/wp-content\/uploads\/2025\/03\/1E9F3677-9111-4B13-86B2-3104415E1747.webp?fit=1200%2C630&ssl=1&resize=700%2C400 2x, https:\/\/i0.wp.com\/radioecoutefm.com\/wp-content\/uploads\/2025\/03\/1E9F3677-9111-4B13-86B2-3104415E1747.webp?fit=1200%2C630&ssl=1&resize=1050%2C600 3x"},"classes":[]},{"id":4647,"url":"https:\/\/radioecoutefm.com\/index.php\/2025\/05\/29\/bilan-de-la-pnh-plus-de-90-armes-saisies-et-une-centaine-darrestations-en-mai-2025\/","url_meta":{"origin":2724,"position":3},"title":"Bilan de la PNH : plus de 90 armes saisies et une centaine d\u2019arrestations en mai 2025","author":"Ecoute FM","date":"29.05.2025","format":false,"excerpt":"La Police nationale d\u2019Ha\u00efti (PNH) a pr\u00e9sent\u00e9 son bilan mensuel pour mai 2025. Selon le porte-parole Michel-Ange Louis-Jeune, 91 armes \u00e0 feu, dont plusieurs fusils d\u2019assaut, ont \u00e9t\u00e9 saisies au cours du mois, accompagn\u00e9es d\u2019une grande quantit\u00e9 de munitions. Les autorit\u00e9s ont \u00e9galement proc\u00e9d\u00e9 \u00e0 l\u2019arrestation d\u2019environ cent individus, dont\u2026","rel":"","context":"In &quot;SECURITE&quot;","block_context":{"text":"SECURITE","link":"https:\/\/radioecoutefm.com\/index.php\/category\/insecurite\/"},"img":{"alt_text":"","src":"https:\/\/i0.wp.com\/radioecoutefm.com\/wp-content\/uploads\/2025\/05\/WhatsApp-Image-2025-05-27-at-17.51.59.jpeg?fit=1024%2C1024&ssl=1&resize=350%2C200","width":350,"height":200,"srcset":"https:\/\/i0.wp.com\/radioecoutefm.com\/wp-content\/uploads\/2025\/05\/WhatsApp-Image-2025-05-27-at-17.51.59.jpeg?fit=1024%2C1024&ssl=1&resize=350%2C200 1x, https:\/\/i0.wp.com\/radioecoutefm.com\/wp-content\/uploads\/2025\/05\/WhatsApp-Image-2025-05-27-at-17.51.59.jpeg?fit=1024%2C1024&ssl=1&resize=525%2C300 1.5x, https:\/\/i0.wp.com\/radioecoutefm.com\/wp-content\/uploads\/2025\/05\/WhatsApp-Image-2025-05-27-at-17.51.59.jpeg?fit=1024%2C1024&ssl=1&resize=700%2C400 2x"},"classes":[]},{"id":5627,"url":"https:\/\/radioecoutefm.com\/index.php\/2025\/07\/11\/kenscoff-un-kidnapping-a-ete-perpetre-chez-les-mevs-tandis-que-les-gangs-ont-occupe-la-residence-des-vorbe\/","url_meta":{"origin":2724,"position":4},"title":"Kenscoff : Un kidnapping a \u00e9t\u00e9 perp\u00e9tr\u00e9 chez les Mevs tandis que les gangs ont occup\u00e9 la r\u00e9sidence des Vorbe.","author":"Ecoute FM","date":"11.07.2025","format":false,"excerpt":"La commune montagneuse de Kenscoff vit une nouvelle vague de violence alors que les gangs de la coalition \u00ab Viv ansanm \u00bb renforcent leur pr\u00e9sence. Jeudi soir, dans la localit\u00e9 de Furcy, des hommes arm\u00e9s ont fait irruption dans la r\u00e9sidence de Fritz Mevs, enlevant trois enfants sous les yeux\u2026","rel":"","context":"In &quot;INSECURITE&quot;","block_context":{"text":"INSECURITE","link":"https:\/\/radioecoutefm.com\/index.php\/category\/securite\/"},"img":{"alt_text":"","src":"https:\/\/i0.wp.com\/radioecoutefm.com\/wp-content\/uploads\/2025\/07\/bandits-bon-1.jpg?fit=1200%2C675&ssl=1&resize=350%2C200","width":350,"height":200,"srcset":"https:\/\/i0.wp.com\/radioecoutefm.com\/wp-content\/uploads\/2025\/07\/bandits-bon-1.jpg?fit=1200%2C675&ssl=1&resize=350%2C200 1x, https:\/\/i0.wp.com\/radioecoutefm.com\/wp-content\/uploads\/2025\/07\/bandits-bon-1.jpg?fit=1200%2C675&ssl=1&resize=525%2C300 1.5x, https:\/\/i0.wp.com\/radioecoutefm.com\/wp-content\/uploads\/2025\/07\/bandits-bon-1.jpg?fit=1200%2C675&ssl=1&resize=700%2C400 2x, https:\/\/i0.wp.com\/radioecoutefm.com\/wp-content\/uploads\/2025\/07\/bandits-bon-1.jpg?fit=1200%2C675&ssl=1&resize=1050%2C600 3x"},"classes":[]},{"id":143,"url":"https:\/\/radioecoutefm.com\/index.php\/2024\/12\/28\/haiti-cite-soleil-des-bandits-armes-tues-et-des-armes-confisquees-par-la-police\/","url_meta":{"origin":2724,"position":5},"title":"Ha\u00efti\/Cit\u00e9 Soleil : des bandits arm\u00e9s tu\u00e9s et des armes confisqu\u00e9es par la police","author":"Ecoute FM","date":"28.12.2024","format":false,"excerpt":"Dans une op\u00e9ration d\u2019envergure orchestr\u00e9e par les agents de la Police Nationale d\u2019Ha\u00efti (PNH) ce jeudi 26 d\u00e9cembre 2024, \u00e0 Sarthe, une commune de Cit\u00e9-Soleil, plusieurs individus li\u00e9s \u00e0 des activit\u00e9s criminelles ont \u00e9t\u00e9 neutralis\u00e9s au cours d\u2019\u00e9changes de tirs avec les forces de l\u2019ordre. \u00a0 Cette intervention a permis\u2026","rel":"","context":"In &quot;Ecoute FM&quot;","block_context":{"text":"Ecoute FM","link":"https:\/\/radioecoutefm.com\/index.php\/category\/ecoute-fm\/"},"img":{"alt_text":"","src":"https:\/\/i0.wp.com\/radioecoutefm.com\/wp-content\/uploads\/2024\/12\/HTI.webp?fit=480%2C335&ssl=1&resize=350%2C200","width":350,"height":200},"classes":[]}],"authors":[{"term_id":15,"user_id":1,"is_guest":0,"slug":"borgellaattis","display_name":"Ecoute FM","avatar_url":"https:\/\/secure.gravatar.com\/avatar\/a5369629745bf29c5deb65198d5e38aed1dc2c880c04b3b630ab3f6e8c623b70?s=96&d=mm&r=g","0":null,"1":"","2":"","3":"","4":"","5":"","6":"","7":"","8":""}],"_links":{"self":[{"href":"https:\/\/radioecoutefm.com\/index.php\/wp-json\/wp\/v2\/posts\/2724","targetHints":{"allow":["GET"]}}],"collection":[{"href":"https:\/\/radioecoutefm.com\/index.php\/wp-json\/wp\/v2\/posts"}],"about":[{"href":"https:\/\/radioecoutefm.com\/index.php\/wp-json\/wp\/v2\/types\/post"}],"author":[{"embeddable":true,"href":"https:\/\/radioecoutefm.com\/index.php\/wp-json\/wp\/v2\/users\/1"}],"replies":[{"embeddable":true,"href":"https:\/\/radioecoutefm.com\/index.php\/wp-json\/wp\/v2\/comments?post=2724"}],"version-history":[{"count":1,"href":"https:\/\/radioecoutefm.com\/index.php\/wp-json\/wp\/v2\/posts\/2724\/revisions"}],"predecessor-version":[{"id":2729,"href":"https:\/\/radioecoutefm.com\/index.php\/wp-json\/wp\/v2\/posts\/2724\/revisions\/2729"}],"wp:featuredmedia":[{"embeddable":true,"href":"https:\/\/radioecoutefm.com\/index.php\/wp-json\/wp\/v2\/media\/2725"}],"wp:attachment":[{"href":"https:\/\/radioecoutefm.com\/index.php\/wp-json\/wp\/v2\/media?parent=2724"}],"wp:term":[{"taxonomy":"category","embeddable":true,"href":"https:\/\/radioecoutefm.com\/index.php\/wp-json\/wp\/v2\/categories?post=2724"},{"taxonomy":"post_tag","embeddable":true,"href":"https:\/\/radioecoutefm.com\/index.php\/wp-json\/wp\/v2\/tags?post=2724"},{"taxonomy":"author","embeddable":true,"href":"https:\/\/radioecoutefm.com\/index.php\/wp-json\/wp\/v2\/ppma_author?post=2724"}],"curies":[{"name":"wp","href":"https:\/\/api.w.org\/{rel}","templated":true}]}}