{"id":2700,"date":"2025-04-12T22:51:58","date_gmt":"2025-04-12T22:51:58","guid":{"rendered":"https:\/\/radioecoutefm.com\/?p=2700"},"modified":"2025-04-12T22:51:58","modified_gmt":"2025-04-12T22:51:58","slug":"republique-dominicaine-2454-haitiens-deportes-en-48-heures","status":"publish","type":"post","link":"https:\/\/radioecoutefm.com\/index.php\/2025\/04\/12\/republique-dominicaine-2454-haitiens-deportes-en-48-heures\/","title":{"rendered":"R\u00e9publique dominicaine : 2,454 ha\u00eftiens d\u00e9port\u00e9s en 48 heures"},"content":{"rendered":"<p>La R\u00e9publique dominicaine continue son offensive contre les migrants ha\u00eftiens. Les mercredi 9 et jeudi 10 avril, la Direction G\u00e9n\u00e9rale de la Migration a arr\u00eat\u00e9 et envoy\u00e9 en Ha\u00efti environ 2454 citoyens ha\u00eftiens. Ces op\u00e9rations ont \u00e9t\u00e9 men\u00e9es avec le soutien du Minist\u00e8re de la D\u00e9fense et des agences de s\u00e9curit\u00e9 de l\u2019\u00c9tat dominicain.<\/p>\n<p>Les Ha\u00eftiens en situation irr\u00e9guli\u00e8re continuent d&#8217;\u00eatre chass\u00e9s par les autorit\u00e9s dominicaines. Pas moins de 1,404 ressortissants ha\u00eftiens ont \u00e9t\u00e9 arr\u00eat\u00e9s par Direction G\u00e9n\u00e9rale de la Migration (DGM) qui en a d\u00e9port\u00e9 1,132 dans le Grand Santo-Domingo, \u00e0 Santiago, \u00e0 La Vega, \u00e0 Barahona, \u00e0 Puerto Plata et \u00e0 Montecristi. Le jeudi 10 du m\u00eame mois, la DGM a arr\u00eat\u00e9 1,339 ressortissants ha\u00eftiens et d\u00e9port\u00e9 1,322.<\/p>\n<p>Face \u00e0 cette vague de d\u00e9portation, le Consulat G\u00e9n\u00e9ral d\u2019Ha\u00efti \u00e0 Santiago, en R\u00e9publique Dominicaine, informe la communaut\u00e9 ha\u00eftienne, qu\u2019une s\u00e9rie de mesures a \u00e9t\u00e9 mise en place par le Minist\u00e8re des Affaires \u00c9trang\u00e8res en vue d\u2019accompagner les compatriotes de la juridiction. \u00c0 cet \u00e9gard, une cellule de veille a \u00e9t\u00e9 cr\u00e9\u00e9e visant \u00e0 fournir une assistance constante aux ressortissants ha\u00eftiens en situation difficile. Tous les compatriotes en difficult\u00e9 sont pri\u00e9s de contacter le Consulat G\u00e9n\u00e9ral d\u2019Ha\u00efti \u00e0 Santiago aux num\u00e9ros suivants: 809 671 4526 (24\/7)- 809 582 5457.<\/p>\n","protected":false},"excerpt":{"rendered":"<p>La R\u00e9publique dominicaine continue son offensive contre les migrants ha\u00eftiens. Les mercredi 9 et jeudi 10 avril, la Direction G\u00e9n\u00e9rale de la Migration a arr\u00eat\u00e9 et envoy\u00e9 en Ha\u00efti environ 2454 citoyens ha\u00eftiens. Ces op\u00e9rations ont \u00e9t\u00e9 men\u00e9es avec le soutien du Minist\u00e8re de la D\u00e9fense et des agences de s\u00e9curit\u00e9 de l\u2019\u00c9tat dominicain. Les [&hellip;]<\/p>\n","protected":false},"author":1,"featured_media":2701,"comment_status":"open","ping_status":"open","sticky":false,"template":"","format":"standard","meta":{"_uag_custom_page_level_css":"","jetpack_post_was_ever_published":false,"_jetpack_newsletter_access":"","_jetpack_dont_email_post_to_subs":false,"_jetpack_newsletter_tier_id":0,"_jetpack_memberships_contains_paywalled_content":false,"_jetpack_memberships_contains_paid_content":false,"footnotes":"","jetpack_publicize_message":"","jetpack_publicize_feature_enabled":true,"jetpack_social_post_already_shared":true,"jetpack_social_options":{"image_generator_settings":{"template":"highway","default_image_id":0,"font":"","enabled":false},"version":2}},"categories":[46],"tags":[],"ppma_author":[15],"class_list":["post-2700","post","type-post","status-publish","format-standard","has-post-thumbnail","hentry","category-international"],"aioseo_notices":[],"jetpack_publicize_connections":[],"jetpack_featured_media_url":"https:\/\/i0.wp.com\/radioecoutefm.com\/wp-content\/uploads\/2025\/04\/DP.png?fit=821%2C462&ssl=1","uagb_featured_image_src":{"full":["https:\/\/i0.wp.com\/radioecoutefm.com\/wp-content\/uploads\/2025\/04\/DP.png?fit=821%2C462&ssl=1",821,462,false],"thumbnail":["https:\/\/i0.wp.com\/radioecoutefm.com\/wp-content\/uploads\/2025\/04\/DP.png?resize=150%2C150&ssl=1",150,150,true],"medium":["https:\/\/i0.wp.com\/radioecoutefm.com\/wp-content\/uploads\/2025\/04\/DP.png?fit=300%2C169&ssl=1",300,169,true],"medium_large":["https:\/\/i0.wp.com\/radioecoutefm.com\/wp-content\/uploads\/2025\/04\/DP.png?fit=640%2C360&ssl=1",640,360,true],"large":["https:\/\/i0.wp.com\/radioecoutefm.com\/wp-content\/uploads\/2025\/04\/DP.png?fit=640%2C360&ssl=1",640,360,true],"1536x1536":["https:\/\/i0.wp.com\/radioecoutefm.com\/wp-content\/uploads\/2025\/04\/DP.png?fit=821%2C462&ssl=1",821,462,true],"2048x2048":["https:\/\/i0.wp.com\/radioecoutefm.com\/wp-content\/uploads\/2025\/04\/DP.png?fit=821%2C462&ssl=1",821,462,true],"newsair-slider-full":["https:\/\/i0.wp.com\/radioecoutefm.com\/wp-content\/uploads\/2025\/04\/DP.png?resize=821%2C462&ssl=1",821,462,true],"newsair-featured":["https:\/\/i0.wp.com\/radioecoutefm.com\/wp-content\/uploads\/2025\/04\/DP.png?fit=821%2C462&ssl=1",821,462,true],"newsair-medium":["https:\/\/i0.wp.com\/radioecoutefm.com\/wp-content\/uploads\/2025\/04\/DP.png?resize=720%2C380&ssl=1",720,380,true]},"uagb_author_info":{"display_name":"Ecoute FM","author_link":"https:\/\/radioecoutefm.com\/index.php\/author\/borgellaattis\/"},"uagb_comment_info":0,"uagb_excerpt":"La R\u00e9publique dominicaine continue son offensive contre les migrants ha\u00eftiens. Les mercredi 9 et jeudi 10 avril, la Direction G\u00e9n\u00e9rale de la Migration a arr\u00eat\u00e9 et envoy\u00e9 en Ha\u00efti environ 2454 citoyens ha\u00eftiens. Ces op\u00e9rations ont \u00e9t\u00e9 men\u00e9es avec le soutien du Minist\u00e8re de la D\u00e9fense et des agences de s\u00e9curit\u00e9 de l\u2019\u00c9tat dominicain. Les&hellip;","jetpack_sharing_enabled":true,"jetpack_shortlink":"https:\/\/wp.me\/pgoyna-Hy","jetpack-related-posts":[{"id":2927,"url":"https:\/\/radioecoutefm.com\/index.php\/2025\/04\/15\/republique-dominicaine-migration-plus-de-1-200-haitiens-arretes-et-expulses-de-republique-dominicaine\/","url_meta":{"origin":2700,"position":0},"title":"Migration: Plus de 1 200 Ha\u00eftiens arr\u00eat\u00e9s et expuls\u00e9s de R\u00e9publique dominicaine","author":"Ecoute FM","date":"15.04.2025","format":false,"excerpt":"La Direction G\u00e9n\u00e9rale de la Migration (DGM) a annonc\u00e9 l\u2019arrestation de 1 234 ressortissants ha\u00eftiens en situation irr\u00e9guli\u00e8re sur le territoire dominicain, ainsi que la d\u00e9portation de 1 213 d\u2019entre eux vers Ha\u00efti. Les arrestations ont \u00e9t\u00e9 men\u00e9es lors de plusieurs op\u00e9rations coordonn\u00e9es dans diff\u00e9rentes r\u00e9gions du pays, notamment le\u2026","rel":"","context":"In &quot;INTERNATIONAL&quot;","block_context":{"text":"INTERNATIONAL","link":"https:\/\/radioecoutefm.com\/index.php\/category\/international\/"},"img":{"alt_text":"","src":"https:\/\/i0.wp.com\/radioecoutefm.com\/wp-content\/uploads\/2025\/04\/Deportation.jpg?fit=896%2C504&ssl=1&resize=350%2C200","width":350,"height":200,"srcset":"https:\/\/i0.wp.com\/radioecoutefm.com\/wp-content\/uploads\/2025\/04\/Deportation.jpg?fit=896%2C504&ssl=1&resize=350%2C200 1x, https:\/\/i0.wp.com\/radioecoutefm.com\/wp-content\/uploads\/2025\/04\/Deportation.jpg?fit=896%2C504&ssl=1&resize=525%2C300 1.5x, https:\/\/i0.wp.com\/radioecoutefm.com\/wp-content\/uploads\/2025\/04\/Deportation.jpg?fit=896%2C504&ssl=1&resize=700%2C400 2x"},"classes":[]},{"id":4174,"url":"https:\/\/radioecoutefm.com\/index.php\/2025\/05\/12\/la-republique-dominicaine-expulse-plus-de-119-000-haitiens-en-quatre-mois\/","url_meta":{"origin":2700,"position":1},"title":"La R\u00e9publique Dominicaine expulse plus de 119 000 Ha\u00eftiens en quatre mois","author":"Ecoute FM","date":"12.05.2025","format":false,"excerpt":"La d\u00e9portation massive des Ha\u00eftiens continue en R\u00e9publique dominicaine, entre janvier et avril 2025, la gouvernement a expuls\u00e9 119 003 ressortissants ha\u00eftiens en situation irr\u00e9guli\u00e8re, selon les chiffres r\u00e9v\u00e9l\u00e9s par la Direction G\u00e9n\u00e9rale des Migrations (DGM). Une hausse de 71 % par rapport \u00e0 la m\u00eame p\u00e9riode en 2024. Le\u2026","rel":"","context":"In &quot;MIGRATION&quot;","block_context":{"text":"MIGRATION","link":"https:\/\/radioecoutefm.com\/index.php\/category\/migration\/"},"img":{"alt_text":"","src":"https:\/\/i0.wp.com\/radioecoutefm.com\/wp-content\/uploads\/2025\/05\/E594A15D-3874-4CB4-A1CB-BACE31A397AC.jpeg?fit=1170%2C530&ssl=1&resize=350%2C200","width":350,"height":200,"srcset":"https:\/\/i0.wp.com\/radioecoutefm.com\/wp-content\/uploads\/2025\/05\/E594A15D-3874-4CB4-A1CB-BACE31A397AC.jpeg?fit=1170%2C530&ssl=1&resize=350%2C200 1x, https:\/\/i0.wp.com\/radioecoutefm.com\/wp-content\/uploads\/2025\/05\/E594A15D-3874-4CB4-A1CB-BACE31A397AC.jpeg?fit=1170%2C530&ssl=1&resize=525%2C300 1.5x, https:\/\/i0.wp.com\/radioecoutefm.com\/wp-content\/uploads\/2025\/05\/E594A15D-3874-4CB4-A1CB-BACE31A397AC.jpeg?fit=1170%2C530&ssl=1&resize=700%2C400 2x, https:\/\/i0.wp.com\/radioecoutefm.com\/wp-content\/uploads\/2025\/05\/E594A15D-3874-4CB4-A1CB-BACE31A397AC.jpeg?fit=1170%2C530&ssl=1&resize=1050%2C600 3x"},"classes":[]},{"id":4475,"url":"https:\/\/radioecoutefm.com\/index.php\/2025\/05\/23\/le-mae-exprime-son-indignation-face-aux-traitements-inhumains-des-haitiens-en-republique-dominicaine\/","url_meta":{"origin":2700,"position":2},"title":"Le MAE exprime son indignation face aux traitements inhumains des Ha\u00eftiens en R\u00e9publique dominicaine","author":"Ecoute FM","date":"23.05.2025","format":false,"excerpt":"Le Minist\u00e8re ha\u00eftien des Affaires \u00c9trang\u00e8res a exprim\u00e9, ce jeudi, sa profonde pr\u00e9occupation face aux traitements jug\u00e9s inhumains inflig\u00e9s \u00e0 des ressortissants ha\u00eftiens en R\u00e9publique Dominicaine, en particulier des femmes enceintes et allaitantes. Dans un communiqu\u00e9 officiel, le chancelier Jean-Victor Harvel Jean-Baptiste a mandat\u00e9 l\u2019Ambassade d\u2019Ha\u00efti \u00e0 Saint-Domingue, sous la\u2026","rel":"","context":"In &quot;MIGRATION&quot;","block_context":{"text":"MIGRATION","link":"https:\/\/radioecoutefm.com\/index.php\/category\/migration\/"},"img":{"alt_text":"","src":"https:\/\/i0.wp.com\/radioecoutefm.com\/wp-content\/uploads\/2025\/05\/Harvel.webp?fit=678%2C483&ssl=1&resize=350%2C200","width":350,"height":200,"srcset":"https:\/\/i0.wp.com\/radioecoutefm.com\/wp-content\/uploads\/2025\/05\/Harvel.webp?fit=678%2C483&ssl=1&resize=350%2C200 1x, https:\/\/i0.wp.com\/radioecoutefm.com\/wp-content\/uploads\/2025\/05\/Harvel.webp?fit=678%2C483&ssl=1&resize=525%2C300 1.5x"},"classes":[]},{"id":2338,"url":"https:\/\/radioecoutefm.com\/index.php\/2025\/04\/04\/republique-dominicaine-expulsion-record-des-haitiens-ces-six-derniers-mois\/","url_meta":{"origin":2700,"position":3},"title":"R\u00e9publique dominicaine: expulsion record des Ha\u00eftiens ces six derniers mois","author":"Ecoute FM","date":"04.04.2025","format":false,"excerpt":"La politique d'expulsion des Ha\u00eftiens de la R\u00e9publique dominicaine a atteint son sommet durant le dernier semestre. Selon les chiffres de la Direction G\u00e9n\u00e9rale de la Migration (DGM), entre le mois d\u2019octobre 2024 et le mois de mars 2025, la R\u00e9publique dominicaine a rapatri\u00e9 en Ha\u00efti plus de 180,000 ha\u00eftiens.\u2026","rel":"","context":"In &quot;INTERNATIONAL&quot;","block_context":{"text":"INTERNATIONAL","link":"https:\/\/radioecoutefm.com\/index.php\/category\/international\/"},"img":{"alt_text":"","src":"https:\/\/i0.wp.com\/radioecoutefm.com\/wp-content\/uploads\/2025\/04\/DP.jpg?fit=600%2C400&ssl=1&resize=350%2C200","width":350,"height":200,"srcset":"https:\/\/i0.wp.com\/radioecoutefm.com\/wp-content\/uploads\/2025\/04\/DP.jpg?fit=600%2C400&ssl=1&resize=350%2C200 1x, https:\/\/i0.wp.com\/radioecoutefm.com\/wp-content\/uploads\/2025\/04\/DP.jpg?fit=600%2C400&ssl=1&resize=525%2C300 1.5x"},"classes":[]},{"id":2976,"url":"https:\/\/radioecoutefm.com\/index.php\/2025\/04\/16\/larmee-dominicaine-arrete-deux-suv-transportant-des-migrants-haitiens-illegaux\/","url_meta":{"origin":2700,"position":4},"title":"L&#8217;arm\u00e9e dominicaine arr\u00eate deux SUV transportant des migrants ha\u00eftiens ill\u00e9gaux","author":"Ecoute FM","date":"16.04.2025","format":false,"excerpt":"Mercredi 16 avril 2025:\u00a0 L'arm\u00e9e de la R\u00e9publique dominicaine a annonc\u00e9 ce lundi l'arrestation de deux v\u00e9hicules transportant des Ha\u00eftiens en situation irr\u00e9guli\u00e8re, lors d'une intervention men\u00e9e dans la zone de Navarrete, \u00e0 proximit\u00e9 du canal principal de Barreno. L'incident s'est d\u00e9roul\u00e9 lorsque des soldats ont intercept\u00e9 un SUV abandonn\u00e9\u2026","rel":"","context":"In &quot;INTERNATIONAL&quot;","block_context":{"text":"INTERNATIONAL","link":"https:\/\/radioecoutefm.com\/index.php\/category\/international\/"},"img":{"alt_text":"","src":"https:\/\/i0.wp.com\/radioecoutefm.com\/wp-content\/uploads\/2025\/04\/Jeep-Range-rover.jpg?fit=896%2C504&ssl=1&resize=350%2C200","width":350,"height":200,"srcset":"https:\/\/i0.wp.com\/radioecoutefm.com\/wp-content\/uploads\/2025\/04\/Jeep-Range-rover.jpg?fit=896%2C504&ssl=1&resize=350%2C200 1x, https:\/\/i0.wp.com\/radioecoutefm.com\/wp-content\/uploads\/2025\/04\/Jeep-Range-rover.jpg?fit=896%2C504&ssl=1&resize=525%2C300 1.5x, https:\/\/i0.wp.com\/radioecoutefm.com\/wp-content\/uploads\/2025\/04\/Jeep-Range-rover.jpg?fit=896%2C504&ssl=1&resize=700%2C400 2x"},"classes":[]},{"id":1897,"url":"https:\/\/radioecoutefm.com\/index.php\/2025\/03\/20\/me-andre-michel-agresse-par-un-groupe-haitien-en-republique-dominicaine\/","url_meta":{"origin":2700,"position":5},"title":"Me Andr\u00e9 Michel agress\u00e9 par un groupe ha\u00eftien en R\u00e9publique Dominicaine","author":"Claude DIEUPHENE","date":"20.03.2025","format":false,"excerpt":"Le militant politique Me Andr\u00e9 Michel a re\u00e7u de l'aide de l'arm\u00e9e dominicaine \u00e0 Dajab\u00f3n face \u00e0 une foule de ressortissants ha\u00eftiens le jeudi 20 mars 2025, alors qu'il se rendait en R\u00e9publique Dominicaine. Le porte-parole du SDP a \u00e9t\u00e9 la cible de ces ressortissants ha\u00eftiens qui lan\u00e7aient des propos\u2026","rel":"","context":"In &quot;INSECURITE&quot;","block_context":{"text":"INSECURITE","link":"https:\/\/radioecoutefm.com\/index.php\/category\/securite\/"},"img":{"alt_text":"","src":"https:\/\/i0.wp.com\/radioecoutefm.com\/wp-content\/uploads\/2025\/03\/90EF8265-CA3F-4879-AEEC-BA8B16CDA276.jpeg?fit=720%2C405&ssl=1&resize=350%2C200","width":350,"height":200,"srcset":"https:\/\/i0.wp.com\/radioecoutefm.com\/wp-content\/uploads\/2025\/03\/90EF8265-CA3F-4879-AEEC-BA8B16CDA276.jpeg?fit=720%2C405&ssl=1&resize=350%2C200 1x, https:\/\/i0.wp.com\/radioecoutefm.com\/wp-content\/uploads\/2025\/03\/90EF8265-CA3F-4879-AEEC-BA8B16CDA276.jpeg?fit=720%2C405&ssl=1&resize=525%2C300 1.5x, https:\/\/i0.wp.com\/radioecoutefm.com\/wp-content\/uploads\/2025\/03\/90EF8265-CA3F-4879-AEEC-BA8B16CDA276.jpeg?fit=720%2C405&ssl=1&resize=700%2C400 2x"},"classes":[]}],"authors":[{"term_id":15,"user_id":1,"is_guest":0,"slug":"borgellaattis","display_name":"Ecoute FM","avatar_url":"https:\/\/secure.gravatar.com\/avatar\/a5369629745bf29c5deb65198d5e38aed1dc2c880c04b3b630ab3f6e8c623b70?s=96&d=mm&r=g","0":null,"1":"","2":"","3":"","4":"","5":"","6":"","7":"","8":""}],"_links":{"self":[{"href":"https:\/\/radioecoutefm.com\/index.php\/wp-json\/wp\/v2\/posts\/2700","targetHints":{"allow":["GET"]}}],"collection":[{"href":"https:\/\/radioecoutefm.com\/index.php\/wp-json\/wp\/v2\/posts"}],"about":[{"href":"https:\/\/radioecoutefm.com\/index.php\/wp-json\/wp\/v2\/types\/post"}],"author":[{"embeddable":true,"href":"https:\/\/radioecoutefm.com\/index.php\/wp-json\/wp\/v2\/users\/1"}],"replies":[{"embeddable":true,"href":"https:\/\/radioecoutefm.com\/index.php\/wp-json\/wp\/v2\/comments?post=2700"}],"version-history":[{"count":1,"href":"https:\/\/radioecoutefm.com\/index.php\/wp-json\/wp\/v2\/posts\/2700\/revisions"}],"predecessor-version":[{"id":2705,"href":"https:\/\/radioecoutefm.com\/index.php\/wp-json\/wp\/v2\/posts\/2700\/revisions\/2705"}],"wp:featuredmedia":[{"embeddable":true,"href":"https:\/\/radioecoutefm.com\/index.php\/wp-json\/wp\/v2\/media\/2701"}],"wp:attachment":[{"href":"https:\/\/radioecoutefm.com\/index.php\/wp-json\/wp\/v2\/media?parent=2700"}],"wp:term":[{"taxonomy":"category","embeddable":true,"href":"https:\/\/radioecoutefm.com\/index.php\/wp-json\/wp\/v2\/categories?post=2700"},{"taxonomy":"post_tag","embeddable":true,"href":"https:\/\/radioecoutefm.com\/index.php\/wp-json\/wp\/v2\/tags?post=2700"},{"taxonomy":"author","embeddable":true,"href":"https:\/\/radioecoutefm.com\/index.php\/wp-json\/wp\/v2\/ppma_author?post=2700"}],"curies":[{"name":"wp","href":"https:\/\/api.w.org\/{rel}","templated":true}]}}