{"id":2684,"date":"2025-04-12T01:53:21","date_gmt":"2025-04-12T01:53:21","guid":{"rendered":"https:\/\/radioecoutefm.com\/?p=2684"},"modified":"2025-04-15T02:26:01","modified_gmt":"2025-04-15T02:26:01","slug":"sous-pression-la-justice-interroge-danciens-hauts-cadres-soupconnes-des-liens-avec-les-gangs","status":"publish","type":"post","link":"https:\/\/radioecoutefm.com\/index.php\/2025\/04\/12\/sous-pression-la-justice-interroge-danciens-hauts-cadres-soupconnes-des-liens-avec-les-gangs\/","title":{"rendered":"Sous pression, la justice interroge d\u2019anciens hauts cadres soup\u00e7onn\u00e9s des liens avec les gangs"},"content":{"rendered":"<p class=\"\" data-start=\"156\" data-end=\"229\">La justice ha\u00eftienne poursuit ses d\u00e9marches dans un dossier explosif m\u00ealant figures politiques et pr\u00e9sum\u00e9s liens avec des groupes arm\u00e9s. Ce jeudi 10 avril 2025, le commissaire du gouvernement de Port-au-Prince, Me Frantz Monclair, a auditionn\u00e9 Prophane Victor, Magalie Habitant et Elionor Devalon, tous soup\u00e7onn\u00e9s d\u2019implication dans des r\u00e9seaux criminels op\u00e9rant dans la capitale. Selon l\u2019avocat Me Arnel R\u00e9my, qui repr\u00e9sente l\u2019un des accus\u00e9s, une quinzaine de personnes sont d\u00e9j\u00e0 en d\u00e9tention, et une douzaine d\u2019autres pourraient \u00eatre convoqu\u00e9es sous peu.<\/p>\n<p class=\"\" data-start=\"789\" data-end=\"1338\">Tout est parti de l\u2019arrestation de Prophane Victor, ancien d\u00e9put\u00e9 de Petite-Rivi\u00e8re de l\u2019Artibonite, captur\u00e9 le 12 janvier \u00e0 Vivy Mitchell par la DCPJ. Magalie Habitant, ex-directrice du Service National de Gestion des R\u00e9sidus Solides, avait \u00e9t\u00e9 arr\u00eat\u00e9e deux jours plus t\u00f4t \u00e0 Laboule. Elle est accus\u00e9e de participation \u00e0 des actes criminels, dont des enl\u00e8vements. Elionor Devalon, ancien responsable de la Caisse d\u2019Assistance Sociale, a \u00e9t\u00e9 interpell\u00e9 \u00e0 la fin du mois de janvier. Son avocat conteste la proc\u00e9dure, \u00e9voquant une d\u00e9tention arbitraire.<\/p>\n<p class=\"\" data-start=\"1340\" data-end=\"1762\">Alors que les auditions se poursuivent, les regards sont tourn\u00e9s vers le parquet. Pour Me R\u00e9my, seul un traitement \u00e9quitable permettra d\u2019\u00e9viter les d\u00e9rives judiciaires. Il appelle le ministre de la Justice, Me Patrick P\u00e9lissier, \u00e0 intervenir d\u2019urgence. Dans un climat d\u2019ins\u00e9curit\u00e9 extr\u00eame, cette affaire pourrait mettre \u00e0 nu les connexions entre pouvoir et criminalit\u00e9 organis\u00e9e, avec des cons\u00e9quences politiques majeures.<\/p>\n","protected":false},"excerpt":{"rendered":"<p>La justice ha\u00eftienne poursuit ses d\u00e9marches dans un dossier explosif m\u00ealant figures politiques et pr\u00e9sum\u00e9s liens avec des groupes arm\u00e9s. Ce jeudi 10 avril 2025, le commissaire du gouvernement de Port-au-Prince, Me Frantz Monclair, a auditionn\u00e9 Prophane Victor, Magalie Habitant et Elionor Devalon, tous soup\u00e7onn\u00e9s d\u2019implication dans des r\u00e9seaux criminels op\u00e9rant dans la capitale. Selon [&hellip;]<\/p>\n","protected":false},"author":1,"featured_media":2685,"comment_status":"open","ping_status":"open","sticky":false,"template":"","format":"standard","meta":{"_uag_custom_page_level_css":"","jetpack_post_was_ever_published":false,"_jetpack_newsletter_access":"","_jetpack_dont_email_post_to_subs":false,"_jetpack_newsletter_tier_id":0,"_jetpack_memberships_contains_paywalled_content":false,"_jetpack_memberships_contains_paid_content":false,"footnotes":"","jetpack_publicize_message":"","jetpack_publicize_feature_enabled":true,"jetpack_social_post_already_shared":true,"jetpack_social_options":{"image_generator_settings":{"template":"highway","default_image_id":0,"font":"","enabled":false},"version":2}},"categories":[45],"tags":[],"ppma_author":[15],"class_list":["post-2684","post","type-post","status-publish","format-standard","has-post-thumbnail","hentry","category-interview"],"aioseo_notices":[],"jetpack_publicize_connections":[],"jetpack_featured_media_url":"https:\/\/i0.wp.com\/radioecoutefm.com\/wp-content\/uploads\/2025\/04\/gang.png?fit=1102%2C588&ssl=1","uagb_featured_image_src":{"full":["https:\/\/i0.wp.com\/radioecoutefm.com\/wp-content\/uploads\/2025\/04\/gang.png?fit=1102%2C588&ssl=1",1102,588,false],"thumbnail":["https:\/\/i0.wp.com\/radioecoutefm.com\/wp-content\/uploads\/2025\/04\/gang.png?resize=150%2C150&ssl=1",150,150,true],"medium":["https:\/\/i0.wp.com\/radioecoutefm.com\/wp-content\/uploads\/2025\/04\/gang.png?fit=300%2C160&ssl=1",300,160,true],"medium_large":["https:\/\/i0.wp.com\/radioecoutefm.com\/wp-content\/uploads\/2025\/04\/gang.png?fit=640%2C342&ssl=1",640,342,true],"large":["https:\/\/i0.wp.com\/radioecoutefm.com\/wp-content\/uploads\/2025\/04\/gang.png?fit=640%2C341&ssl=1",640,341,true],"1536x1536":["https:\/\/i0.wp.com\/radioecoutefm.com\/wp-content\/uploads\/2025\/04\/gang.png?fit=1102%2C588&ssl=1",1102,588,true],"2048x2048":["https:\/\/i0.wp.com\/radioecoutefm.com\/wp-content\/uploads\/2025\/04\/gang.png?fit=1102%2C588&ssl=1",1102,588,true],"newsair-slider-full":["https:\/\/i0.wp.com\/radioecoutefm.com\/wp-content\/uploads\/2025\/04\/gang.png?resize=1102%2C588&ssl=1",1102,588,true],"newsair-featured":["https:\/\/i0.wp.com\/radioecoutefm.com\/wp-content\/uploads\/2025\/04\/gang.png?fit=1024%2C546&ssl=1",1024,546,true],"newsair-medium":["https:\/\/i0.wp.com\/radioecoutefm.com\/wp-content\/uploads\/2025\/04\/gang.png?resize=720%2C380&ssl=1",720,380,true]},"uagb_author_info":{"display_name":"Ecoute FM","author_link":"https:\/\/radioecoutefm.com\/index.php\/author\/borgellaattis\/"},"uagb_comment_info":0,"uagb_excerpt":"La justice ha\u00eftienne poursuit ses d\u00e9marches dans un dossier explosif m\u00ealant figures politiques et pr\u00e9sum\u00e9s liens avec des groupes arm\u00e9s. Ce jeudi 10 avril 2025, le commissaire du gouvernement de Port-au-Prince, Me Frantz Monclair, a auditionn\u00e9 Prophane Victor, Magalie Habitant et Elionor Devalon, tous soup\u00e7onn\u00e9s d\u2019implication dans des r\u00e9seaux criminels op\u00e9rant dans la capitale. Selon&hellip;","jetpack_sharing_enabled":true,"jetpack_shortlink":"https:\/\/wp.me\/pgoyna-Hi","jetpack-related-posts":[{"id":2562,"url":"https:\/\/radioecoutefm.com\/index.php\/2025\/04\/10\/magalie-habitant-prophane-victor-et-lex-directeur-du-cas-entendus-au-parquet\/","url_meta":{"origin":2684,"position":0},"title":"Magalie Habitant, Prophane Victor et l\u2019ex-directeur du CAS entendus au Parquet","author":"Ecoute FM","date":"10.04.2025","format":false,"excerpt":"Magalie Habitant, l'ancien d\u00e9put\u00e9 Prophane Victor et l\u2019ex-directeur du CAS Elionor Devallon, sont au parquet pour \u00eatre auditionn\u00e9s, ce jeudi 10 avril 2025, au moment de la r\u00e9daction de cet article. Ces trois anciens fonctionnaires de l\u2019\u00c9tat avaient \u00e9t\u00e9 arr\u00eat\u00e9s par la DCPJ pour leurs implications pr\u00e9sum\u00e9es dans la violence\u2026","rel":"","context":"In &quot;JUSTICE&quot;","block_context":{"text":"JUSTICE","link":"https:\/\/radioecoutefm.com\/index.php\/category\/interview\/"},"img":{"alt_text":"","src":"https:\/\/i0.wp.com\/radioecoutefm.com\/wp-content\/uploads\/2025\/04\/79A973E8-A886-44DD-BC1E-48EB13CA7DCE.jpeg?fit=1200%2C1200&ssl=1&resize=350%2C200","width":350,"height":200,"srcset":"https:\/\/i0.wp.com\/radioecoutefm.com\/wp-content\/uploads\/2025\/04\/79A973E8-A886-44DD-BC1E-48EB13CA7DCE.jpeg?fit=1200%2C1200&ssl=1&resize=350%2C200 1x, https:\/\/i0.wp.com\/radioecoutefm.com\/wp-content\/uploads\/2025\/04\/79A973E8-A886-44DD-BC1E-48EB13CA7DCE.jpeg?fit=1200%2C1200&ssl=1&resize=525%2C300 1.5x, https:\/\/i0.wp.com\/radioecoutefm.com\/wp-content\/uploads\/2025\/04\/79A973E8-A886-44DD-BC1E-48EB13CA7DCE.jpeg?fit=1200%2C1200&ssl=1&resize=700%2C400 2x, https:\/\/i0.wp.com\/radioecoutefm.com\/wp-content\/uploads\/2025\/04\/79A973E8-A886-44DD-BC1E-48EB13CA7DCE.jpeg?fit=1200%2C1200&ssl=1&resize=1050%2C600 3x"},"classes":[]},{"id":2822,"url":"https:\/\/radioecoutefm.com\/index.php\/2025\/04\/15\/des-ex-officiels-haitiens-face-a-la-justice\/","url_meta":{"origin":2684,"position":1},"title":"Des ex-officiels ha\u00eftiens face \u00e0 la justice","author":"Ecoute FM","date":"15.04.2025","format":false,"excerpt":"Port-au-Prince, 14 avril 2025 \u2013 Le commissaire du gouvernement Frantz Monclair a d\u00e9f\u00e9r\u00e9 ce lundi un dossier majeur au cabinet d'instruction concernant dix personnes, dont trois anciens responsables de l'\u00c9tat, soup\u00e7onn\u00e9es de liens avec des gangs arm\u00e9s. Parmi ces figures publiques, on retrouve Prophane Victor, ancien d\u00e9put\u00e9, Magalie Habitant et\u2026","rel":"","context":"In &quot;JUSTICE&quot;","block_context":{"text":"JUSTICE","link":"https:\/\/radioecoutefm.com\/index.php\/category\/interview\/"},"img":{"alt_text":"","src":"https:\/\/i0.wp.com\/radioecoutefm.com\/wp-content\/uploads\/2025\/04\/JUSTICE.jpg?fit=1200%2C900&ssl=1&resize=350%2C200","width":350,"height":200,"srcset":"https:\/\/i0.wp.com\/radioecoutefm.com\/wp-content\/uploads\/2025\/04\/JUSTICE.jpg?fit=1200%2C900&ssl=1&resize=350%2C200 1x, https:\/\/i0.wp.com\/radioecoutefm.com\/wp-content\/uploads\/2025\/04\/JUSTICE.jpg?fit=1200%2C900&ssl=1&resize=525%2C300 1.5x, https:\/\/i0.wp.com\/radioecoutefm.com\/wp-content\/uploads\/2025\/04\/JUSTICE.jpg?fit=1200%2C900&ssl=1&resize=700%2C400 2x, https:\/\/i0.wp.com\/radioecoutefm.com\/wp-content\/uploads\/2025\/04\/JUSTICE.jpg?fit=1200%2C900&ssl=1&resize=1050%2C600 3x"},"classes":[]},{"id":3371,"url":"https:\/\/radioecoutefm.com\/index.php\/2025\/04\/24\/3371\/","url_meta":{"origin":2684,"position":2},"title":"Haiti: L\u2019Inspecteur g\u00e9n\u00e9ral Alain Auguste se pr\u00e9sente au Parquet de Port-au-Prince et conteste la proc\u00e9dure","author":"Ecoute FM","date":"24.04.2025","format":false,"excerpt":"\u00a0 Dans le cadre du dossier explosif impliquant Magalie Habitant et Prophane Victor, l\u2019Inspecteur g\u00e9n\u00e9ral Alain Auguste s\u2019est pr\u00e9sent\u00e9 ce jeudi 24 avril 2025 au Parquet de Port-au-Prince. Apr\u00e8s son audition, il a regagn\u00e9 son domicile sans qu\u2019aucune mesure ne soit prise contre lui. Son avocat, Me Mario Delcy, a\u2026","rel":"","context":"In &quot;JUSTICE&quot;","block_context":{"text":"JUSTICE","link":"https:\/\/radioecoutefm.com\/index.php\/category\/interview\/"},"img":{"alt_text":"","src":"https:\/\/i0.wp.com\/radioecoutefm.com\/wp-content\/uploads\/2025\/04\/IMG_1797.jpeg?fit=1170%2C709&ssl=1&resize=350%2C200","width":350,"height":200,"srcset":"https:\/\/i0.wp.com\/radioecoutefm.com\/wp-content\/uploads\/2025\/04\/IMG_1797.jpeg?fit=1170%2C709&ssl=1&resize=350%2C200 1x, https:\/\/i0.wp.com\/radioecoutefm.com\/wp-content\/uploads\/2025\/04\/IMG_1797.jpeg?fit=1170%2C709&ssl=1&resize=525%2C300 1.5x, https:\/\/i0.wp.com\/radioecoutefm.com\/wp-content\/uploads\/2025\/04\/IMG_1797.jpeg?fit=1170%2C709&ssl=1&resize=700%2C400 2x, https:\/\/i0.wp.com\/radioecoutefm.com\/wp-content\/uploads\/2025\/04\/IMG_1797.jpeg?fit=1170%2C709&ssl=1&resize=1050%2C600 3x"},"classes":[]},{"id":3289,"url":"https:\/\/radioecoutefm.com\/index.php\/2025\/04\/23\/le-journaliste-ismael-valestin-dans-la-tourmente-son-nom-cite-dans-laffaire-prophane-victor\/","url_meta":{"origin":2684,"position":3},"title":"Le journaliste, Isma\u00ebl Valestin dans la tourmente, son nom cit\u00e9 dans l\u2019affaire Prophane Victor","author":"Ecoute FM","date":"23.04.2025","format":false,"excerpt":"L\u2019affaire Prophane Victor continue de faire des vagues. Ce scandale politico-judiciaire, qui a d\u00e9j\u00e0 conduit \u00e0 l\u2019arrestation de l\u2019ancien d\u00e9put\u00e9 de Petite-Rivi\u00e8re de l\u2019Artibonite, s\u2019\u00e9tend d\u00e9sormais \u00e0 d\u2019autres sph\u00e8res, y compris celle des m\u00e9dias. Le journaliste Isma\u00ebl Valestin a \u00e9t\u00e9 r\u00e9cemment convoqu\u00e9 par le Parquet de Port-au-Prince, son num\u00e9ro de\u2026","rel":"","context":"In &quot;JUSTICE&quot;","block_context":{"text":"JUSTICE","link":"https:\/\/radioecoutefm.com\/index.php\/category\/interview\/"},"img":{"alt_text":"","src":"https:\/\/i0.wp.com\/radioecoutefm.com\/wp-content\/uploads\/2025\/04\/Ismael-Valestin.png?fit=904%2C706&ssl=1&resize=350%2C200","width":350,"height":200,"srcset":"https:\/\/i0.wp.com\/radioecoutefm.com\/wp-content\/uploads\/2025\/04\/Ismael-Valestin.png?fit=904%2C706&ssl=1&resize=350%2C200 1x, https:\/\/i0.wp.com\/radioecoutefm.com\/wp-content\/uploads\/2025\/04\/Ismael-Valestin.png?fit=904%2C706&ssl=1&resize=525%2C300 1.5x, https:\/\/i0.wp.com\/radioecoutefm.com\/wp-content\/uploads\/2025\/04\/Ismael-Valestin.png?fit=904%2C706&ssl=1&resize=700%2C400 2x"},"classes":[]},{"id":5677,"url":"https:\/\/radioecoutefm.com\/index.php\/2025\/07\/28\/5677\/","url_meta":{"origin":2684,"position":4},"title":"Un protocole pour juger les d\u00e9port\u00e9s impliqu\u00e9s dans la criminalit\u00e9 Ha\u00eftienne","author":"Ecoute FM","date":"28.07.2025","format":false,"excerpt":"Le gouvernement ha\u00eftien vient d\u2019adopter un nouveau protocole officiel pour g\u00e9rer les cas des ressortissants d\u00e9port\u00e9s ou extrad\u00e9s vers Ha\u00efti, notamment ceux accus\u00e9s de crimes financiers ou de liens avec des groupes arm\u00e9s ou terroristes. Cette d\u00e9cision fait suite \u00e0 un resserrement des politiques migratoires am\u00e9ricaines, ciblant les individus soup\u00e7onn\u00e9s\u2026","rel":"","context":"In &quot;JUSTICE&quot;","block_context":{"text":"JUSTICE","link":"https:\/\/radioecoutefm.com\/index.php\/category\/interview\/"},"img":{"alt_text":"","src":"https:\/\/i0.wp.com\/radioecoutefm.com\/wp-content\/uploads\/2025\/07\/IMG_2493.png?fit=600%2C315&ssl=1&resize=350%2C200","width":350,"height":200,"srcset":"https:\/\/i0.wp.com\/radioecoutefm.com\/wp-content\/uploads\/2025\/07\/IMG_2493.png?fit=600%2C315&ssl=1&resize=350%2C200 1x, https:\/\/i0.wp.com\/radioecoutefm.com\/wp-content\/uploads\/2025\/07\/IMG_2493.png?fit=600%2C315&ssl=1&resize=525%2C300 1.5x"},"classes":[]},{"id":1728,"url":"https:\/\/radioecoutefm.com\/index.php\/2025\/03\/18\/nenel-cassy-face-a-la-justice-entre-accusations-et-denonciation-de-persecution-politique\/","url_meta":{"origin":2684,"position":5},"title":"Nenel Cassy face \u00e0 la justice : entre accusations et d\u00e9nonciation de pers\u00e9cution politique","author":"Ecoute FM","date":"18.03.2025","format":false,"excerpt":"L\u2019ancien s\u00e9nateur des Nippes, Nenel Cassy, s\u2019est pr\u00e9sent\u00e9 ce lundi 17 mars au parquet de Port-au-Prince en r\u00e9ponse \u00e0 une convocation de la justice ha\u00eftienne, un mois apr\u00e8s l\u2019\u00e9mission d\u2019un avis de recherche \u00e0 son encontre par la Direction Centrale de la Police Judiciaire (DCPJ), qui le soup\u00e7onne de liens\u2026","rel":"","context":"In &quot;POLITIQUE&quot;","block_context":{"text":"POLITIQUE","link":"https:\/\/radioecoutefm.com\/index.php\/category\/politique\/"},"img":{"alt_text":"","src":"https:\/\/i0.wp.com\/radioecoutefm.com\/wp-content\/uploads\/2025\/03\/IMG_1414.jpeg?fit=691%2C413&ssl=1&resize=350%2C200","width":350,"height":200,"srcset":"https:\/\/i0.wp.com\/radioecoutefm.com\/wp-content\/uploads\/2025\/03\/IMG_1414.jpeg?fit=691%2C413&ssl=1&resize=350%2C200 1x, https:\/\/i0.wp.com\/radioecoutefm.com\/wp-content\/uploads\/2025\/03\/IMG_1414.jpeg?fit=691%2C413&ssl=1&resize=525%2C300 1.5x"},"classes":[]}],"authors":[{"term_id":15,"user_id":1,"is_guest":0,"slug":"borgellaattis","display_name":"Ecoute FM","avatar_url":"https:\/\/secure.gravatar.com\/avatar\/a5369629745bf29c5deb65198d5e38aed1dc2c880c04b3b630ab3f6e8c623b70?s=96&d=mm&r=g","0":null,"1":"","2":"","3":"","4":"","5":"","6":"","7":"","8":""}],"_links":{"self":[{"href":"https:\/\/radioecoutefm.com\/index.php\/wp-json\/wp\/v2\/posts\/2684","targetHints":{"allow":["GET"]}}],"collection":[{"href":"https:\/\/radioecoutefm.com\/index.php\/wp-json\/wp\/v2\/posts"}],"about":[{"href":"https:\/\/radioecoutefm.com\/index.php\/wp-json\/wp\/v2\/types\/post"}],"author":[{"embeddable":true,"href":"https:\/\/radioecoutefm.com\/index.php\/wp-json\/wp\/v2\/users\/1"}],"replies":[{"embeddable":true,"href":"https:\/\/radioecoutefm.com\/index.php\/wp-json\/wp\/v2\/comments?post=2684"}],"version-history":[{"count":2,"href":"https:\/\/radioecoutefm.com\/index.php\/wp-json\/wp\/v2\/posts\/2684\/revisions"}],"predecessor-version":[{"id":2828,"href":"https:\/\/radioecoutefm.com\/index.php\/wp-json\/wp\/v2\/posts\/2684\/revisions\/2828"}],"wp:featuredmedia":[{"embeddable":true,"href":"https:\/\/radioecoutefm.com\/index.php\/wp-json\/wp\/v2\/media\/2685"}],"wp:attachment":[{"href":"https:\/\/radioecoutefm.com\/index.php\/wp-json\/wp\/v2\/media?parent=2684"}],"wp:term":[{"taxonomy":"category","embeddable":true,"href":"https:\/\/radioecoutefm.com\/index.php\/wp-json\/wp\/v2\/categories?post=2684"},{"taxonomy":"post_tag","embeddable":true,"href":"https:\/\/radioecoutefm.com\/index.php\/wp-json\/wp\/v2\/tags?post=2684"},{"taxonomy":"author","embeddable":true,"href":"https:\/\/radioecoutefm.com\/index.php\/wp-json\/wp\/v2\/ppma_author?post=2684"}],"curies":[{"name":"wp","href":"https:\/\/api.w.org\/{rel}","templated":true}]}}