{"id":2672,"date":"2025-04-12T01:32:49","date_gmt":"2025-04-12T01:32:49","guid":{"rendered":"https:\/\/radioecoutefm.com\/?p=2672"},"modified":"2025-04-12T01:32:49","modified_gmt":"2025-04-12T01:32:49","slug":"haiti-mirebalais-deploiement-de-forces-specialisees-pour-lutter-contre-les-gangs-armes","status":"publish","type":"post","link":"https:\/\/radioecoutefm.com\/index.php\/2025\/04\/12\/haiti-mirebalais-deploiement-de-forces-specialisees-pour-lutter-contre-les-gangs-armes\/","title":{"rendered":"Haiti: Mirebalais , d\u00e9ploiement de forces sp\u00e9cialis\u00e9es pour lutter contre les gangs arm\u00e9s"},"content":{"rendered":"<p>Face \u00e0 l&#8217;intensification des attaques men\u00e9es par des gangs arm\u00e9s, la Police nationale d&#8217;Ha\u00efti (PNH) a d\u00e9ploy\u00e9 des unit\u00e9s sp\u00e9cialis\u00e9es dans la commune de Mirebalais.\u00a0 Selon un communiqu\u00e9 officiel de la PNH, des mat\u00e9riels de combat ont \u00e9t\u00e9 envoy\u00e9s dans la r\u00e9gion et des policiers ont \u00e9t\u00e9 positionn\u00e9s dans des zones strat\u00e9giques afin de maximiser l\u2019efficacit\u00e9 des interventions. Ces renforts font suite \u00e0 une s\u00e9rie d\u2019attaques violentes qui ont d\u00e9stabilis\u00e9 la commune, plongeant ses r\u00e9sidents dans un climat de peur et d\u2019ins\u00e9curit\u00e9.<\/p>\n<p>Les autorit\u00e9s esp\u00e8rent que cette op\u00e9ration permettra de r\u00e9tablir l&#8217;ordre et de mettre fin aux activit\u00e9s criminelles qui perturbent la vie quotidienne \u00e0 Mirebalais.<\/p>\n","protected":false},"excerpt":{"rendered":"<p>Face \u00e0 l&#8217;intensification des attaques men\u00e9es par des gangs arm\u00e9s, la Police nationale d&#8217;Ha\u00efti (PNH) a d\u00e9ploy\u00e9 des unit\u00e9s sp\u00e9cialis\u00e9es dans la commune de Mirebalais.\u00a0 Selon un communiqu\u00e9 officiel de la PNH, des mat\u00e9riels de combat ont \u00e9t\u00e9 envoy\u00e9s dans la r\u00e9gion et des policiers ont \u00e9t\u00e9 positionn\u00e9s dans des zones strat\u00e9giques afin de maximiser [&hellip;]<\/p>\n","protected":false},"author":1,"featured_media":2673,"comment_status":"open","ping_status":"open","sticky":false,"template":"","format":"standard","meta":{"_uag_custom_page_level_css":"","jetpack_post_was_ever_published":false,"_jetpack_newsletter_access":"","_jetpack_dont_email_post_to_subs":false,"_jetpack_newsletter_tier_id":0,"_jetpack_memberships_contains_paywalled_content":false,"_jetpack_memberships_contains_paid_content":false,"footnotes":"","jetpack_publicize_message":"","jetpack_publicize_feature_enabled":true,"jetpack_social_post_already_shared":true,"jetpack_social_options":{"image_generator_settings":{"template":"highway","default_image_id":0,"font":"","enabled":false},"version":2}},"categories":[57],"tags":[],"ppma_author":[15],"class_list":["post-2672","post","type-post","status-publish","format-standard","has-post-thumbnail","hentry","category-securite"],"aioseo_notices":[],"jetpack_publicize_connections":[],"jetpack_featured_media_url":"https:\/\/i0.wp.com\/radioecoutefm.com\/wp-content\/uploads\/2025\/04\/Mirebalais.jpeg?fit=275%2C183&ssl=1","uagb_featured_image_src":{"full":["https:\/\/i0.wp.com\/radioecoutefm.com\/wp-content\/uploads\/2025\/04\/Mirebalais.jpeg?fit=275%2C183&ssl=1",275,183,false],"thumbnail":["https:\/\/i0.wp.com\/radioecoutefm.com\/wp-content\/uploads\/2025\/04\/Mirebalais.jpeg?resize=150%2C150&ssl=1",150,150,true],"medium":["https:\/\/i0.wp.com\/radioecoutefm.com\/wp-content\/uploads\/2025\/04\/Mirebalais.jpeg?fit=275%2C183&ssl=1",275,183,true],"medium_large":["https:\/\/i0.wp.com\/radioecoutefm.com\/wp-content\/uploads\/2025\/04\/Mirebalais.jpeg?fit=275%2C183&ssl=1",275,183,true],"large":["https:\/\/i0.wp.com\/radioecoutefm.com\/wp-content\/uploads\/2025\/04\/Mirebalais.jpeg?fit=275%2C183&ssl=1",275,183,true],"1536x1536":["https:\/\/i0.wp.com\/radioecoutefm.com\/wp-content\/uploads\/2025\/04\/Mirebalais.jpeg?fit=275%2C183&ssl=1",275,183,true],"2048x2048":["https:\/\/i0.wp.com\/radioecoutefm.com\/wp-content\/uploads\/2025\/04\/Mirebalais.jpeg?fit=275%2C183&ssl=1",275,183,true],"newsair-slider-full":["https:\/\/i0.wp.com\/radioecoutefm.com\/wp-content\/uploads\/2025\/04\/Mirebalais.jpeg?resize=275%2C183&ssl=1",275,183,true],"newsair-featured":["https:\/\/i0.wp.com\/radioecoutefm.com\/wp-content\/uploads\/2025\/04\/Mirebalais.jpeg?fit=275%2C183&ssl=1",275,183,true],"newsair-medium":["https:\/\/i0.wp.com\/radioecoutefm.com\/wp-content\/uploads\/2025\/04\/Mirebalais.jpeg?resize=275%2C183&ssl=1",275,183,true]},"uagb_author_info":{"display_name":"Ecoute FM","author_link":"https:\/\/radioecoutefm.com\/index.php\/author\/borgellaattis\/"},"uagb_comment_info":0,"uagb_excerpt":"Face \u00e0 l&#8217;intensification des attaques men\u00e9es par des gangs arm\u00e9s, la Police nationale d&#8217;Ha\u00efti (PNH) a d\u00e9ploy\u00e9 des unit\u00e9s sp\u00e9cialis\u00e9es dans la commune de Mirebalais.\u00a0 Selon un communiqu\u00e9 officiel de la PNH, des mat\u00e9riels de combat ont \u00e9t\u00e9 envoy\u00e9s dans la r\u00e9gion et des policiers ont \u00e9t\u00e9 positionn\u00e9s dans des zones strat\u00e9giques afin de maximiser&hellip;","jetpack_sharing_enabled":true,"jetpack_shortlink":"https:\/\/wp.me\/pgoyna-H6","jetpack-related-posts":[{"id":5229,"url":"https:\/\/radioecoutefm.com\/index.php\/2025\/06\/19\/intensification-des-operations-de-la-pnh\/","url_meta":{"origin":2672,"position":0},"title":"Intensification des op\u00e9rations de la PNH","author":"Ecoute FM","date":"19.06.2025","format":false,"excerpt":"La Police nationale d'Ha\u00efti (PNH) a men\u00e9 des op\u00e9rations d'envergure contre les gangs arm\u00e9s dans plusieurs r\u00e9gions du pays, selon le bilan pr\u00e9sent\u00e9 par le porte-parole Michel-Ange Louis Jeune, lors d'une conf\u00e9rence de presse, ce mercredi 18 juin. Ces interventions cibl\u00e9es ont permis de saisir dix armes \u00e0 feu, deux\u2026","rel":"","context":"In &quot;SECURITE&quot;","block_context":{"text":"SECURITE","link":"https:\/\/radioecoutefm.com\/index.php\/category\/insecurite\/"},"img":{"alt_text":"","src":"https:\/\/i0.wp.com\/radioecoutefm.com\/wp-content\/uploads\/2025\/06\/0CCD3BCA-ED5D-4B06-AB86-1F779AB3BA0B.jpeg?fit=995%2C518&ssl=1&resize=350%2C200","width":350,"height":200,"srcset":"https:\/\/i0.wp.com\/radioecoutefm.com\/wp-content\/uploads\/2025\/06\/0CCD3BCA-ED5D-4B06-AB86-1F779AB3BA0B.jpeg?fit=995%2C518&ssl=1&resize=350%2C200 1x, https:\/\/i0.wp.com\/radioecoutefm.com\/wp-content\/uploads\/2025\/06\/0CCD3BCA-ED5D-4B06-AB86-1F779AB3BA0B.jpeg?fit=995%2C518&ssl=1&resize=525%2C300 1.5x, https:\/\/i0.wp.com\/radioecoutefm.com\/wp-content\/uploads\/2025\/06\/0CCD3BCA-ED5D-4B06-AB86-1F779AB3BA0B.jpeg?fit=995%2C518&ssl=1&resize=700%2C400 2x"},"classes":[]},{"id":2269,"url":"https:\/\/radioecoutefm.com\/index.php\/2025\/04\/02\/deux-nouvelles-victimes-des-gangs-armes-a-mirebalais\/","url_meta":{"origin":2672,"position":1},"title":"Deux nouvelles victimes des gangs arm\u00e9s \u00e0 Mirebalais","author":"Ecoute FM","date":"02.04.2025","format":false,"excerpt":"La liste des victimes des gangs qui ont envahi la ville de Mirebalais dans la matin\u00e9e du 31 mars 2025 continue de s'allonger. Deux religieuses de la communaut\u00e9 Sainte-Th\u00e9r\u00e8se ont \u00e9t\u00e9 tu\u00e9es par des membres des groupes criminels. Il s\u2019agit de la S\u0153ur Evanette Onezaire et de la S\u0153ur Jeanne\u2026","rel":"","context":"In &quot;INSECURITE&quot;","block_context":{"text":"INSECURITE","link":"https:\/\/radioecoutefm.com\/index.php\/category\/securite\/"},"img":{"alt_text":"","src":"https:\/\/i0.wp.com\/radioecoutefm.com\/wp-content\/uploads\/2025\/04\/gangs.jpeg?fit=1200%2C800&ssl=1&resize=350%2C200","width":350,"height":200,"srcset":"https:\/\/i0.wp.com\/radioecoutefm.com\/wp-content\/uploads\/2025\/04\/gangs.jpeg?fit=1200%2C800&ssl=1&resize=350%2C200 1x, https:\/\/i0.wp.com\/radioecoutefm.com\/wp-content\/uploads\/2025\/04\/gangs.jpeg?fit=1200%2C800&ssl=1&resize=525%2C300 1.5x, https:\/\/i0.wp.com\/radioecoutefm.com\/wp-content\/uploads\/2025\/04\/gangs.jpeg?fit=1200%2C800&ssl=1&resize=700%2C400 2x, https:\/\/i0.wp.com\/radioecoutefm.com\/wp-content\/uploads\/2025\/04\/gangs.jpeg?fit=1200%2C800&ssl=1&resize=1050%2C600 3x"},"classes":[]},{"id":1885,"url":"https:\/\/radioecoutefm.com\/index.php\/2025\/03\/20\/un-enieme-blinde-de-la-pnh-incendie-par-les-gangs-armes\/","url_meta":{"origin":2672,"position":2},"title":"Un \u00e9ni\u00e8me blind\u00e9 de la PNH incendi\u00e9 par les gangs arm\u00e9s","author":"Claude DIEUPHENE","date":"20.03.2025","format":false,"excerpt":"Un v\u00e9hicule blind\u00e9 de la Police nationale d\u2019Ha\u00efti (PNH) a \u00e9t\u00e9 pris au pi\u00e8ge et incendi\u00e9 par des membres de la coalition criminelle \u201cViv Ansanm\u201d dans les environs de la Rue Capois, pr\u00e8s du Champ de Mars le jeudi 20 mars 2025. Les assaillants ont utilis\u00e9 des cocktails Molotov et\u2026","rel":"","context":"In &quot;INSECURITE&quot;","block_context":{"text":"INSECURITE","link":"https:\/\/radioecoutefm.com\/index.php\/category\/securite\/"},"img":{"alt_text":"","src":"https:\/\/i0.wp.com\/radioecoutefm.com\/wp-content\/uploads\/2025\/03\/CEF19EAA-1A06-43C5-9EE1-69647991FD13.jpeg?fit=720%2C372&ssl=1&resize=350%2C200","width":350,"height":200,"srcset":"https:\/\/i0.wp.com\/radioecoutefm.com\/wp-content\/uploads\/2025\/03\/CEF19EAA-1A06-43C5-9EE1-69647991FD13.jpeg?fit=720%2C372&ssl=1&resize=350%2C200 1x, https:\/\/i0.wp.com\/radioecoutefm.com\/wp-content\/uploads\/2025\/03\/CEF19EAA-1A06-43C5-9EE1-69647991FD13.jpeg?fit=720%2C372&ssl=1&resize=525%2C300 1.5x, https:\/\/i0.wp.com\/radioecoutefm.com\/wp-content\/uploads\/2025\/03\/CEF19EAA-1A06-43C5-9EE1-69647991FD13.jpeg?fit=720%2C372&ssl=1&resize=700%2C400 2x"},"classes":[]},{"id":2493,"url":"https:\/\/radioecoutefm.com\/index.php\/2025\/04\/08\/haiti-un-policier-de-lutag-tue-dans-un-affrontement-a-mirebalais\/","url_meta":{"origin":2672,"position":3},"title":"Haiti : Un policier de l\u2019UTAG tu\u00e9 dans un affrontement \u00e0 Mirebalais","author":"Ecoute FM","date":"08.04.2025","format":false,"excerpt":"La violence a frapp\u00e9 \u00e0 nouveau \u00e0 Mirebalais , o\u00f9 un policier de l'Unit\u00e9 Temporaire Anti-Gang (UTAG), Luma Gary, a perdu la vie lors d\u2019un affrontement avec des groupes arm\u00e9s. Les policiers, qui avaient r\u00e9ussi \u00e0 repousser une premi\u00e8re attaque au carrefour Peligre, ont \u00e9t\u00e9 confront\u00e9s \u00e0 un retour plus\u2026","rel":"","context":"In &quot;INSECURITE&quot;","block_context":{"text":"INSECURITE","link":"https:\/\/radioecoutefm.com\/index.php\/category\/securite\/"},"img":{"alt_text":"","src":"https:\/\/i0.wp.com\/radioecoutefm.com\/wp-content\/uploads\/2025\/04\/IMG_1615.jpeg?fit=720%2C339&ssl=1&resize=350%2C200","width":350,"height":200,"srcset":"https:\/\/i0.wp.com\/radioecoutefm.com\/wp-content\/uploads\/2025\/04\/IMG_1615.jpeg?fit=720%2C339&ssl=1&resize=350%2C200 1x, https:\/\/i0.wp.com\/radioecoutefm.com\/wp-content\/uploads\/2025\/04\/IMG_1615.jpeg?fit=720%2C339&ssl=1&resize=525%2C300 1.5x, https:\/\/i0.wp.com\/radioecoutefm.com\/wp-content\/uploads\/2025\/04\/IMG_1615.jpeg?fit=720%2C339&ssl=1&resize=700%2C400 2x"},"classes":[]},{"id":2724,"url":"https:\/\/radioecoutefm.com\/index.php\/2025\/04\/12\/armes-et-munitions-de-la-pnh-saisies-par-les-bandits-lionel-lazarre-denonce-des-fautes-administratives-graves\/","url_meta":{"origin":2672,"position":4},"title":"Armes et munitions de la PNH saisies par les bandits, Lionel Lazarre d\u00e9nonce des fautes administratives graves","author":"Ecoute FM","date":"12.04.2025","format":false,"excerpt":"Dans la nuit du 10 au 11 avril 2025, \u00e0 Kenscoff, des bandits arm\u00e9s ont saisi plusieurs armes automatiques, plusieurs chargeurs et autres munitions de la PNH. Ces derniers ont \u00e9t\u00e9 pi\u00e9g\u00e9s par des femmes. Le porte-parole de la PNH , Lionel Lazarre d\u00e9nonce l'attitude des argents de l'ordre qui\u2026","rel":"","context":"In &quot;INSECURITE&quot;","block_context":{"text":"INSECURITE","link":"https:\/\/radioecoutefm.com\/index.php\/category\/securite\/"},"img":{"alt_text":"","src":"https:\/\/i0.wp.com\/radioecoutefm.com\/wp-content\/uploads\/2025\/04\/Minution.jpeg?fit=1080%2C720&ssl=1&resize=350%2C200","width":350,"height":200,"srcset":"https:\/\/i0.wp.com\/radioecoutefm.com\/wp-content\/uploads\/2025\/04\/Minution.jpeg?fit=1080%2C720&ssl=1&resize=350%2C200 1x, https:\/\/i0.wp.com\/radioecoutefm.com\/wp-content\/uploads\/2025\/04\/Minution.jpeg?fit=1080%2C720&ssl=1&resize=525%2C300 1.5x, https:\/\/i0.wp.com\/radioecoutefm.com\/wp-content\/uploads\/2025\/04\/Minution.jpeg?fit=1080%2C720&ssl=1&resize=700%2C400 2x, https:\/\/i0.wp.com\/radioecoutefm.com\/wp-content\/uploads\/2025\/04\/Minution.jpeg?fit=1080%2C720&ssl=1&resize=1050%2C600 3x"},"classes":[]},{"id":1960,"url":"https:\/\/radioecoutefm.com\/index.php\/2025\/03\/24\/tension-a-mirebalais-la-societe-civile-bloque-lacces-au-departement-du-centre\/","url_meta":{"origin":2672,"position":5},"title":"Tension \u00e0 Mirebalais : La soci\u00e9t\u00e9 civile bloque l\u2019acc\u00e8s au d\u00e9partement du Centre","author":"Claude DIEUPHENE","date":"24.03.2025","format":false,"excerpt":"La soci\u00e9t\u00e9 civile de Mirebalais et le mouvement Reposem sont pass\u00e9s \u00e0 l\u2019action ce dimanche. D\u00e8s les premi\u00e8res heures de la journ\u00e9e, ils ont \u00e9rig\u00e9 des barricades sur la Route Nationale No. 3, pr\u00e9cis\u00e9ment dans la zone de Morne Blanc, bloquant ainsi l\u2019acc\u00e8s au d\u00e9partement du Centre. Les protestataires d\u00e9noncent\u2026","rel":"","context":"In &quot;SOCIETE&quot;","block_context":{"text":"SOCIETE","link":"https:\/\/radioecoutefm.com\/index.php\/category\/societe\/"},"img":{"alt_text":"","src":"https:\/\/i0.wp.com\/radioecoutefm.com\/wp-content\/uploads\/2025\/03\/IMG_1468.webp?fit=1200%2C900&ssl=1&resize=350%2C200","width":350,"height":200,"srcset":"https:\/\/i0.wp.com\/radioecoutefm.com\/wp-content\/uploads\/2025\/03\/IMG_1468.webp?fit=1200%2C900&ssl=1&resize=350%2C200 1x, https:\/\/i0.wp.com\/radioecoutefm.com\/wp-content\/uploads\/2025\/03\/IMG_1468.webp?fit=1200%2C900&ssl=1&resize=525%2C300 1.5x, https:\/\/i0.wp.com\/radioecoutefm.com\/wp-content\/uploads\/2025\/03\/IMG_1468.webp?fit=1200%2C900&ssl=1&resize=700%2C400 2x, https:\/\/i0.wp.com\/radioecoutefm.com\/wp-content\/uploads\/2025\/03\/IMG_1468.webp?fit=1200%2C900&ssl=1&resize=1050%2C600 3x"},"classes":[]}],"authors":[{"term_id":15,"user_id":1,"is_guest":0,"slug":"borgellaattis","display_name":"Ecoute FM","avatar_url":"https:\/\/secure.gravatar.com\/avatar\/a5369629745bf29c5deb65198d5e38aed1dc2c880c04b3b630ab3f6e8c623b70?s=96&d=mm&r=g","0":null,"1":"","2":"","3":"","4":"","5":"","6":"","7":"","8":""}],"_links":{"self":[{"href":"https:\/\/radioecoutefm.com\/index.php\/wp-json\/wp\/v2\/posts\/2672","targetHints":{"allow":["GET"]}}],"collection":[{"href":"https:\/\/radioecoutefm.com\/index.php\/wp-json\/wp\/v2\/posts"}],"about":[{"href":"https:\/\/radioecoutefm.com\/index.php\/wp-json\/wp\/v2\/types\/post"}],"author":[{"embeddable":true,"href":"https:\/\/radioecoutefm.com\/index.php\/wp-json\/wp\/v2\/users\/1"}],"replies":[{"embeddable":true,"href":"https:\/\/radioecoutefm.com\/index.php\/wp-json\/wp\/v2\/comments?post=2672"}],"version-history":[{"count":1,"href":"https:\/\/radioecoutefm.com\/index.php\/wp-json\/wp\/v2\/posts\/2672\/revisions"}],"predecessor-version":[{"id":2677,"href":"https:\/\/radioecoutefm.com\/index.php\/wp-json\/wp\/v2\/posts\/2672\/revisions\/2677"}],"wp:featuredmedia":[{"embeddable":true,"href":"https:\/\/radioecoutefm.com\/index.php\/wp-json\/wp\/v2\/media\/2673"}],"wp:attachment":[{"href":"https:\/\/radioecoutefm.com\/index.php\/wp-json\/wp\/v2\/media?parent=2672"}],"wp:term":[{"taxonomy":"category","embeddable":true,"href":"https:\/\/radioecoutefm.com\/index.php\/wp-json\/wp\/v2\/categories?post=2672"},{"taxonomy":"post_tag","embeddable":true,"href":"https:\/\/radioecoutefm.com\/index.php\/wp-json\/wp\/v2\/tags?post=2672"},{"taxonomy":"author","embeddable":true,"href":"https:\/\/radioecoutefm.com\/index.php\/wp-json\/wp\/v2\/ppma_author?post=2672"}],"curies":[{"name":"wp","href":"https:\/\/api.w.org\/{rel}","templated":true}]}}