{"id":2639,"date":"2025-04-11T01:17:55","date_gmt":"2025-04-11T01:17:55","guid":{"rendered":"https:\/\/radioecoutefm.com\/?p=2639"},"modified":"2025-04-11T01:17:55","modified_gmt":"2025-04-11T01:17:55","slug":"gold-cup-la-selection-haitienne-connait-ses-adversaires","status":"publish","type":"post","link":"https:\/\/radioecoutefm.com\/index.php\/2025\/04\/11\/gold-cup-la-selection-haitienne-connait-ses-adversaires\/","title":{"rendered":"Gold Cup: La s\u00e9lection ha\u00eftienne conna\u00eet ses adversaires"},"content":{"rendered":"<p>La Concacaf a proc\u00e9d\u00e9 au tirage au sort de la Gold Cup 2025, ce jeudi 10 avril 2025. La s\u00e9lection ha\u00eftienne jouera dans le groupe D aux c\u00f4t\u00e9s des \u00c9tats-Unis, Trinidad-et-Tobago et l&#8217;Arabie Saoudite.<\/p>\n<p>Cette ann\u00e9e, la Concacaf organisera, du 14 juin au 6 juillet, la dix-huiti\u00e8me \u00e9dition de la Gold, aux \u00c9tats-Unis et au Canada. Pr\u00e9sente dans la comp\u00e9tition, Ha\u00efti s&#8217;appr\u00eate \u00e0 honorer sa dixi\u00e8me participation. Suite s&#8217;au tirage au sort, les Grenadiers joueront dans le groupe D. Ils affronteront les \u00c9tats-Unis, Trinidad-et-Tobago et l&#8217;Arabie Saoudite, pays invit\u00e9 de la grande messe du football de la zone.<\/p>\n<p>Les Grenadiers auront fort \u00e0 faire pour arracher l&#8217;une des deux premi\u00e8res places qui donneront acc\u00e8s \u00e0 la deuxi\u00e8me phase de la comp\u00e9tition.<\/p>\n<p><strong>Le tableau complet<\/strong> :<\/p>\n<p>Groupe A : Mexique, Costa Rica, Suriname, Republique Dominiciane<br \/>\nGroupe B : Canada, Honduras, Salvador, Curacao<br \/>\nGroupe C : Panama, Jamaique, Guatemala, Guadeloupe<br \/>\nGroupe D : USA, Haiti, Trinidad, Arabie<\/p>\n","protected":false},"excerpt":{"rendered":"<p>La Concacaf a proc\u00e9d\u00e9 au tirage au sort de la Gold Cup 2025, ce jeudi 10 avril 2025. La s\u00e9lection ha\u00eftienne jouera dans le groupe D aux c\u00f4t\u00e9s des \u00c9tats-Unis, Trinidad-et-Tobago et l&#8217;Arabie Saoudite. Cette ann\u00e9e, la Concacaf organisera, du 14 juin au 6 juillet, la dix-huiti\u00e8me \u00e9dition de la Gold, aux \u00c9tats-Unis et au [&hellip;]<\/p>\n","protected":false},"author":1,"featured_media":2640,"comment_status":"open","ping_status":"open","sticky":false,"template":"","format":"standard","meta":{"_uag_custom_page_level_css":"","jetpack_post_was_ever_published":false,"_jetpack_newsletter_access":"","_jetpack_dont_email_post_to_subs":false,"_jetpack_newsletter_tier_id":0,"_jetpack_memberships_contains_paywalled_content":false,"_jetpack_memberships_contains_paid_content":false,"footnotes":"","jetpack_publicize_message":"","jetpack_publicize_feature_enabled":true,"jetpack_social_post_already_shared":true,"jetpack_social_options":{"image_generator_settings":{"template":"highway","default_image_id":0,"font":"","enabled":false},"version":2}},"categories":[10],"tags":[],"ppma_author":[15],"class_list":["post-2639","post","type-post","status-publish","format-standard","has-post-thumbnail","hentry","category-sport"],"aioseo_notices":[],"jetpack_publicize_connections":[],"jetpack_featured_media_url":"https:\/\/i0.wp.com\/radioecoutefm.com\/wp-content\/uploads\/2025\/04\/6B4ED262-365E-4BE5-967E-7FDE0CE7221D.jpeg?fit=755%2C491&ssl=1","uagb_featured_image_src":{"full":["https:\/\/i0.wp.com\/radioecoutefm.com\/wp-content\/uploads\/2025\/04\/6B4ED262-365E-4BE5-967E-7FDE0CE7221D.jpeg?fit=755%2C491&ssl=1",755,491,false],"thumbnail":["https:\/\/i0.wp.com\/radioecoutefm.com\/wp-content\/uploads\/2025\/04\/6B4ED262-365E-4BE5-967E-7FDE0CE7221D.jpeg?resize=150%2C150&ssl=1",150,150,true],"medium":["https:\/\/i0.wp.com\/radioecoutefm.com\/wp-content\/uploads\/2025\/04\/6B4ED262-365E-4BE5-967E-7FDE0CE7221D.jpeg?fit=300%2C195&ssl=1",300,195,true],"medium_large":["https:\/\/i0.wp.com\/radioecoutefm.com\/wp-content\/uploads\/2025\/04\/6B4ED262-365E-4BE5-967E-7FDE0CE7221D.jpeg?fit=640%2C416&ssl=1",640,416,true],"large":["https:\/\/i0.wp.com\/radioecoutefm.com\/wp-content\/uploads\/2025\/04\/6B4ED262-365E-4BE5-967E-7FDE0CE7221D.jpeg?fit=640%2C416&ssl=1",640,416,true],"1536x1536":["https:\/\/i0.wp.com\/radioecoutefm.com\/wp-content\/uploads\/2025\/04\/6B4ED262-365E-4BE5-967E-7FDE0CE7221D.jpeg?fit=755%2C491&ssl=1",755,491,true],"2048x2048":["https:\/\/i0.wp.com\/radioecoutefm.com\/wp-content\/uploads\/2025\/04\/6B4ED262-365E-4BE5-967E-7FDE0CE7221D.jpeg?fit=755%2C491&ssl=1",755,491,true],"newsair-slider-full":["https:\/\/i0.wp.com\/radioecoutefm.com\/wp-content\/uploads\/2025\/04\/6B4ED262-365E-4BE5-967E-7FDE0CE7221D.jpeg?resize=755%2C491&ssl=1",755,491,true],"newsair-featured":["https:\/\/i0.wp.com\/radioecoutefm.com\/wp-content\/uploads\/2025\/04\/6B4ED262-365E-4BE5-967E-7FDE0CE7221D.jpeg?fit=755%2C491&ssl=1",755,491,true],"newsair-medium":["https:\/\/i0.wp.com\/radioecoutefm.com\/wp-content\/uploads\/2025\/04\/6B4ED262-365E-4BE5-967E-7FDE0CE7221D.jpeg?resize=720%2C380&ssl=1",720,380,true]},"uagb_author_info":{"display_name":"Ecoute FM","author_link":"https:\/\/radioecoutefm.com\/index.php\/author\/borgellaattis\/"},"uagb_comment_info":0,"uagb_excerpt":"La Concacaf a proc\u00e9d\u00e9 au tirage au sort de la Gold Cup 2025, ce jeudi 10 avril 2025. La s\u00e9lection ha\u00eftienne jouera dans le groupe D aux c\u00f4t\u00e9s des \u00c9tats-Unis, Trinidad-et-Tobago et l&#8217;Arabie Saoudite. Cette ann\u00e9e, la Concacaf organisera, du 14 juin au 6 juillet, la dix-huiti\u00e8me \u00e9dition de la Gold, aux \u00c9tats-Unis et au&hellip;","jetpack_sharing_enabled":true,"jetpack_shortlink":"https:\/\/wp.me\/pgoyna-Gz","jetpack-related-posts":[{"id":5352,"url":"https:\/\/radioecoutefm.com\/index.php\/2025\/06\/23\/gold-cup-2025-haiti-eliminee-apres-une-courte-defaite-face-aux-etats-unis\/","url_meta":{"origin":2639,"position":0},"title":"Gold Cup 2025 : Ha\u00efti \u00e9limin\u00e9e apr\u00e8s une courte d\u00e9faite face aux \u00c9tats-Unis","author":"Ecoute FM","date":"23.06.2025","format":false,"excerpt":"L'aventure des Grenadiers dans la Gold Cup 2025 s'arr\u00eate d\u00e8s la phase de groupes. Ce samedi soir, la s\u00e9lection ha\u00eftienne a \u00e9t\u00e9 battue 2-1 par les \u00c9tats-Unis, dans un match d\u00e9cisif du groupe D. Avec un seul point glan\u00e9 en trois rencontres, Ha\u00efti termine lanterne rouge et dit adieu \u00e0\u2026","rel":"","context":"In &quot;SPORT&quot;","block_context":{"text":"SPORT","link":"https:\/\/radioecoutefm.com\/index.php\/category\/sport\/"},"img":{"alt_text":"","src":"https:\/\/i0.wp.com\/radioecoutefm.com\/wp-content\/uploads\/2025\/06\/Haiti-elimne.png?fit=393%2C263&ssl=1&resize=350%2C200","width":350,"height":200},"classes":[]},{"id":5108,"url":"https:\/\/radioecoutefm.com\/index.php\/2025\/06\/13\/mondial-2026-eliminatoires-haiti-herite-dun-groupe-releve\/","url_meta":{"origin":2639,"position":1},"title":"Mondial 2026\/\u00c9liminatoires : Ha\u00efti h\u00e9rite d\u2019un groupe relev\u00e9","author":"Ecoute FM","date":"13.06.2025","format":false,"excerpt":"Le tirage au sort de la derni\u00e8re phase des \u00e9liminatoires de la Coupe du monde 2026, pour la zone Concacaf, a eu lieu ce jeudi 12 juin 2025. La s\u00e9lection ha\u00eftienne \u00e9voluera dans le groupe C aux c\u00f4t\u00e9s du Costa Rica, du Honduras et du Nicaragua. Un groupe dense, qui\u2026","rel":"","context":"In &quot;SPORT&quot;","block_context":{"text":"SPORT","link":"https:\/\/radioecoutefm.com\/index.php\/category\/sport\/"},"img":{"alt_text":"","src":"","width":0,"height":0},"classes":[]},{"id":5183,"url":"https:\/\/radioecoutefm.com\/index.php\/2025\/06\/16\/debut-rate-pour-la-selection-haitienne-dans-la-gold-cup-2025\/","url_meta":{"origin":2639,"position":2},"title":"D\u00e9but rat\u00e9 pour la s\u00e9lection ha\u00eftienne dans la Gold Cup 2025","author":"Ecoute FM","date":"16.06.2025","format":false,"excerpt":"La s\u00e9lection ha\u00eftienne de football a connu un d\u00e9but de tournoi d\u00e9cevant lors de la Gold Cup 2025, s'inclinant face \u00e0 l'Arabie Saoudite sur le score de 1-0, au Snapdragon Stadium, ce dimanche 15 juin. Les Grenadiers, qui avaient pourtant bien entam\u00e9 la rencontre en ma\u00eetrisant les premi\u00e8res phases de\u2026","rel":"","context":"In &quot;SPORT&quot;","block_context":{"text":"SPORT","link":"https:\/\/radioecoutefm.com\/index.php\/category\/sport\/"},"img":{"alt_text":"","src":"https:\/\/i0.wp.com\/radioecoutefm.com\/wp-content\/uploads\/2025\/06\/ea6f27b7-f072-4631-bf71-787d46e5072c.jpeg?fit=1200%2C818&ssl=1&resize=350%2C200","width":350,"height":200,"srcset":"https:\/\/i0.wp.com\/radioecoutefm.com\/wp-content\/uploads\/2025\/06\/ea6f27b7-f072-4631-bf71-787d46e5072c.jpeg?fit=1200%2C818&ssl=1&resize=350%2C200 1x, https:\/\/i0.wp.com\/radioecoutefm.com\/wp-content\/uploads\/2025\/06\/ea6f27b7-f072-4631-bf71-787d46e5072c.jpeg?fit=1200%2C818&ssl=1&resize=525%2C300 1.5x, https:\/\/i0.wp.com\/radioecoutefm.com\/wp-content\/uploads\/2025\/06\/ea6f27b7-f072-4631-bf71-787d46e5072c.jpeg?fit=1200%2C818&ssl=1&resize=700%2C400 2x, https:\/\/i0.wp.com\/radioecoutefm.com\/wp-content\/uploads\/2025\/06\/ea6f27b7-f072-4631-bf71-787d46e5072c.jpeg?fit=1200%2C818&ssl=1&resize=1050%2C600 3x"},"classes":[]},{"id":4589,"url":"https:\/\/radioecoutefm.com\/index.php\/2025\/05\/27\/sebastien-migne-convoque-25-joueurs-pour-les-echeances-internationales\/","url_meta":{"origin":2639,"position":3},"title":"S\u00e9bastien Mign\u00e9 convoque 25 joueurs pour les \u00e9ch\u00e9ances internationales","author":"Ecoute FM","date":"27.05.2025","format":false,"excerpt":"Le s\u00e9lectionneur de l'\u00e9quipe ha\u00eftienne a publi\u00e9, ce lundi 26 mai, la liste des 25 joueurs convoqu\u00e9s pour les \u00e9liminatoires de la Coupe du monde 2026 et de la Gold Cup 2025. Mondial\/ Gold Cup : S\u00e9bastien Mign\u00e9 d\u00e9voile sa liste de 25 joueurs. Ha\u00efti affrontera Aruba le 7 juin,\u2026","rel":"","context":"In &quot;SPORT&quot;","block_context":{"text":"SPORT","link":"https:\/\/radioecoutefm.com\/index.php\/category\/sport\/"},"img":{"alt_text":"","src":"https:\/\/i0.wp.com\/radioecoutefm.com\/wp-content\/uploads\/2025\/05\/haiti-1.jpg?fit=1200%2C675&ssl=1&resize=350%2C200","width":350,"height":200,"srcset":"https:\/\/i0.wp.com\/radioecoutefm.com\/wp-content\/uploads\/2025\/05\/haiti-1.jpg?fit=1200%2C675&ssl=1&resize=350%2C200 1x, https:\/\/i0.wp.com\/radioecoutefm.com\/wp-content\/uploads\/2025\/05\/haiti-1.jpg?fit=1200%2C675&ssl=1&resize=525%2C300 1.5x, https:\/\/i0.wp.com\/radioecoutefm.com\/wp-content\/uploads\/2025\/05\/haiti-1.jpg?fit=1200%2C675&ssl=1&resize=700%2C400 2x, https:\/\/i0.wp.com\/radioecoutefm.com\/wp-content\/uploads\/2025\/05\/haiti-1.jpg?fit=1200%2C675&ssl=1&resize=1050%2C600 3x"},"classes":[]},{"id":4514,"url":"https:\/\/radioecoutefm.com\/index.php\/2025\/05\/26\/coupe-du-monde-u17-haiti-herite-du-groupe-e\/","url_meta":{"origin":2639,"position":4},"title":"Coupe du Monde U17 : Ha\u00efti h\u00e9rite du groupe E","author":"Ecoute FM","date":"26.05.2025","format":false,"excerpt":"Le tirage au sort de la Coupe du Monde U17 de la FIFA, pr\u00e9vue en 2025 au Qatar, a rendu son verdict ce dimanche \u00e0 Doha. L\u2019\u00e9quipe ha\u00eftienne conna\u00eet d\u00e9sormais ses adversaires pour la phase de groupes. Les jeunes Grenadiers \u00e9volueront dans le groupe E, en compagnie de l\u2019Angleterre, du\u2026","rel":"","context":"In &quot;SPORT&quot;","block_context":{"text":"SPORT","link":"https:\/\/radioecoutefm.com\/index.php\/category\/sport\/"},"img":{"alt_text":"","src":"https:\/\/i0.wp.com\/radioecoutefm.com\/wp-content\/uploads\/2025\/05\/u17-haiti.png?fit=598%2C399&ssl=1&resize=350%2C200","width":350,"height":200,"srcset":"https:\/\/i0.wp.com\/radioecoutefm.com\/wp-content\/uploads\/2025\/05\/u17-haiti.png?fit=598%2C399&ssl=1&resize=350%2C200 1x, https:\/\/i0.wp.com\/radioecoutefm.com\/wp-content\/uploads\/2025\/05\/u17-haiti.png?fit=598%2C399&ssl=1&resize=525%2C300 1.5x"},"classes":[]},{"id":1842,"url":"https:\/\/radioecoutefm.com\/index.php\/2025\/03\/19\/un-groupe-de-migrants-haitiens-expulses-des-etats-unis-arrive-a-cap-haitien-dont-25-criminels-condamnes\/","url_meta":{"origin":2639,"position":5},"title":"Un groupe de migrants ha\u00eftiens expuls\u00e9s des \u00c9tats-Unis arrive \u00e0 Cap-Ha\u00eftien, dont 25 criminels condamn\u00e9s","author":"Ecoute FM","date":"19.03.2025","format":false,"excerpt":"Un vol en provenance de Miami a atterri \u00e0 l\u2019a\u00e9roport international de Cap-Ha\u00eftien ce mardi, transportant un groupe de 46 migrants ha\u00eftiens expuls\u00e9s des \u00c9tats-Unis. Parmi les passagers se trouvaient 25 individus condamn\u00e9s pour des crimes graves, selon une source gouvernementale ha\u00eftienne. L\u2019arriv\u00e9e de ce groupe de migrants intervient dans\u2026","rel":"","context":"In &quot;SOCIETE&quot;","block_context":{"text":"SOCIETE","link":"https:\/\/radioecoutefm.com\/index.php\/category\/societe\/"},"img":{"alt_text":"","src":"https:\/\/i0.wp.com\/radioecoutefm.com\/wp-content\/uploads\/2025\/03\/deportation-haiti.jpeg?fit=924%2C616&ssl=1&resize=350%2C200","width":350,"height":200,"srcset":"https:\/\/i0.wp.com\/radioecoutefm.com\/wp-content\/uploads\/2025\/03\/deportation-haiti.jpeg?fit=924%2C616&ssl=1&resize=350%2C200 1x, https:\/\/i0.wp.com\/radioecoutefm.com\/wp-content\/uploads\/2025\/03\/deportation-haiti.jpeg?fit=924%2C616&ssl=1&resize=525%2C300 1.5x, https:\/\/i0.wp.com\/radioecoutefm.com\/wp-content\/uploads\/2025\/03\/deportation-haiti.jpeg?fit=924%2C616&ssl=1&resize=700%2C400 2x"},"classes":[]}],"authors":[{"term_id":15,"user_id":1,"is_guest":0,"slug":"borgellaattis","display_name":"Ecoute FM","avatar_url":"https:\/\/secure.gravatar.com\/avatar\/a5369629745bf29c5deb65198d5e38aed1dc2c880c04b3b630ab3f6e8c623b70?s=96&d=mm&r=g","0":null,"1":"","2":"","3":"","4":"","5":"","6":"","7":"","8":""}],"_links":{"self":[{"href":"https:\/\/radioecoutefm.com\/index.php\/wp-json\/wp\/v2\/posts\/2639","targetHints":{"allow":["GET"]}}],"collection":[{"href":"https:\/\/radioecoutefm.com\/index.php\/wp-json\/wp\/v2\/posts"}],"about":[{"href":"https:\/\/radioecoutefm.com\/index.php\/wp-json\/wp\/v2\/types\/post"}],"author":[{"embeddable":true,"href":"https:\/\/radioecoutefm.com\/index.php\/wp-json\/wp\/v2\/users\/1"}],"replies":[{"embeddable":true,"href":"https:\/\/radioecoutefm.com\/index.php\/wp-json\/wp\/v2\/comments?post=2639"}],"version-history":[{"count":1,"href":"https:\/\/radioecoutefm.com\/index.php\/wp-json\/wp\/v2\/posts\/2639\/revisions"}],"predecessor-version":[{"id":2644,"href":"https:\/\/radioecoutefm.com\/index.php\/wp-json\/wp\/v2\/posts\/2639\/revisions\/2644"}],"wp:featuredmedia":[{"embeddable":true,"href":"https:\/\/radioecoutefm.com\/index.php\/wp-json\/wp\/v2\/media\/2640"}],"wp:attachment":[{"href":"https:\/\/radioecoutefm.com\/index.php\/wp-json\/wp\/v2\/media?parent=2639"}],"wp:term":[{"taxonomy":"category","embeddable":true,"href":"https:\/\/radioecoutefm.com\/index.php\/wp-json\/wp\/v2\/categories?post=2639"},{"taxonomy":"post_tag","embeddable":true,"href":"https:\/\/radioecoutefm.com\/index.php\/wp-json\/wp\/v2\/tags?post=2639"},{"taxonomy":"author","embeddable":true,"href":"https:\/\/radioecoutefm.com\/index.php\/wp-json\/wp\/v2\/ppma_author?post=2639"}],"curies":[{"name":"wp","href":"https:\/\/api.w.org\/{rel}","templated":true}]}}