{"id":2620,"date":"2025-04-10T23:10:24","date_gmt":"2025-04-10T23:10:24","guid":{"rendered":"https:\/\/radioecoutefm.com\/?p=2620"},"modified":"2025-04-10T23:10:24","modified_gmt":"2025-04-10T23:10:24","slug":"whatsapp-lance-une-mise-a-jour-majeure-pour-ameliorer-lexperience-utilisateur","status":"publish","type":"post","link":"https:\/\/radioecoutefm.com\/index.php\/2025\/04\/10\/whatsapp-lance-une-mise-a-jour-majeure-pour-ameliorer-lexperience-utilisateur\/","title":{"rendered":"WhatsApp lance une mise \u00e0 jour majeure pour am\u00e9liorer l\u2019exp\u00e9rience utilisateur"},"content":{"rendered":"<p>WhatsApp a annonc\u00e9 le d\u00e9ploiement d\u2019une nouvelle s\u00e9rie de fonctionnalit\u00e9s destin\u00e9es \u00e0 am\u00e9liorer les discussions de groupe, les appels, ainsi que l\u2019interaction au sein des communaut\u00e9s et des canaux. Parmi les principales nouveaut\u00e9s, les utilisateurs pourront d\u00e9sormais voir un indicateur d\u2019activit\u00e9 en ligne en temps r\u00e9el, mieux g\u00e9rer leurs notifications, et cr\u00e9er ou participer \u00e0 des \u00e9v\u00e9nements avec des options \u00e9largies.<\/p>\n<p>La plateforme de messagerie a \u00e9galement apport\u00e9 des am\u00e9liorations techniques notables, notamment une meilleure qualit\u00e9 audio et vid\u00e9o lors des appels, et l\u2019introduction du zoom pendant les appels vid\u00e9o. De leur c\u00f4t\u00e9, les administrateurs de canaux b\u00e9n\u00e9ficient d\u00e9sormais de nouveaux outils pour renforcer l\u2019engagement, comme le partage de mises \u00e0 jour vid\u00e9o et l\u2019utilisation de codes QR pour promouvoir leurs contenus.<\/p>\n<p>Avec cette mise \u00e0 jour, WhatsApp continue de renforcer sa position face \u00e0 la concurrence en proposant une exp\u00e9rience toujours plus compl\u00e8te, \u00e0 la fois pour les utilisateurs individuels et les communaut\u00e9s en ligne.<\/p>\n","protected":false},"excerpt":{"rendered":"<p>WhatsApp a annonc\u00e9 le d\u00e9ploiement d\u2019une nouvelle s\u00e9rie de fonctionnalit\u00e9s destin\u00e9es \u00e0 am\u00e9liorer les discussions de groupe, les appels, ainsi que l\u2019interaction au sein des communaut\u00e9s et des canaux. Parmi les principales nouveaut\u00e9s, les utilisateurs pourront d\u00e9sormais voir un indicateur d\u2019activit\u00e9 en ligne en temps r\u00e9el, mieux g\u00e9rer leurs notifications, et cr\u00e9er ou participer \u00e0 [&hellip;]<\/p>\n","protected":false},"author":1,"featured_media":2621,"comment_status":"open","ping_status":"open","sticky":false,"template":"","format":"standard","meta":{"_uag_custom_page_level_css":"","jetpack_post_was_ever_published":false,"_jetpack_newsletter_access":"","_jetpack_dont_email_post_to_subs":false,"_jetpack_newsletter_tier_id":0,"_jetpack_memberships_contains_paywalled_content":false,"_jetpack_memberships_contains_paid_content":false,"footnotes":"","jetpack_publicize_message":"","jetpack_publicize_feature_enabled":true,"jetpack_social_post_already_shared":true,"jetpack_social_options":{"image_generator_settings":{"template":"highway","default_image_id":0,"font":"","enabled":false},"version":2}},"categories":[58],"tags":[],"ppma_author":[15],"class_list":["post-2620","post","type-post","status-publish","format-standard","has-post-thumbnail","hentry","category-technologie"],"aioseo_notices":[],"jetpack_publicize_connections":[],"jetpack_featured_media_url":"https:\/\/i0.wp.com\/radioecoutefm.com\/wp-content\/uploads\/2025\/04\/2D28CC5B-318C-4B7A-8A29-C231E0C5DAB3.webp?fit=2000%2C1125&ssl=1","uagb_featured_image_src":{"full":["https:\/\/i0.wp.com\/radioecoutefm.com\/wp-content\/uploads\/2025\/04\/2D28CC5B-318C-4B7A-8A29-C231E0C5DAB3.webp?fit=2000%2C1125&ssl=1",2000,1125,false],"thumbnail":["https:\/\/i0.wp.com\/radioecoutefm.com\/wp-content\/uploads\/2025\/04\/2D28CC5B-318C-4B7A-8A29-C231E0C5DAB3.webp?resize=150%2C150&ssl=1",150,150,true],"medium":["https:\/\/i0.wp.com\/radioecoutefm.com\/wp-content\/uploads\/2025\/04\/2D28CC5B-318C-4B7A-8A29-C231E0C5DAB3.webp?fit=300%2C169&ssl=1",300,169,true],"medium_large":["https:\/\/i0.wp.com\/radioecoutefm.com\/wp-content\/uploads\/2025\/04\/2D28CC5B-318C-4B7A-8A29-C231E0C5DAB3.webp?fit=640%2C360&ssl=1",640,360,true],"large":["https:\/\/i0.wp.com\/radioecoutefm.com\/wp-content\/uploads\/2025\/04\/2D28CC5B-318C-4B7A-8A29-C231E0C5DAB3.webp?fit=640%2C360&ssl=1",640,360,true],"1536x1536":["https:\/\/i0.wp.com\/radioecoutefm.com\/wp-content\/uploads\/2025\/04\/2D28CC5B-318C-4B7A-8A29-C231E0C5DAB3.webp?fit=1536%2C864&ssl=1",1536,864,true],"2048x2048":["https:\/\/i0.wp.com\/radioecoutefm.com\/wp-content\/uploads\/2025\/04\/2D28CC5B-318C-4B7A-8A29-C231E0C5DAB3.webp?fit=2000%2C1125&ssl=1",2000,1125,true],"newsair-slider-full":["https:\/\/i0.wp.com\/radioecoutefm.com\/wp-content\/uploads\/2025\/04\/2D28CC5B-318C-4B7A-8A29-C231E0C5DAB3.webp?resize=1280%2C720&ssl=1",1280,720,true],"newsair-featured":["https:\/\/i0.wp.com\/radioecoutefm.com\/wp-content\/uploads\/2025\/04\/2D28CC5B-318C-4B7A-8A29-C231E0C5DAB3.webp?fit=1024%2C576&ssl=1",1024,576,true],"newsair-medium":["https:\/\/i0.wp.com\/radioecoutefm.com\/wp-content\/uploads\/2025\/04\/2D28CC5B-318C-4B7A-8A29-C231E0C5DAB3.webp?resize=720%2C380&ssl=1",720,380,true]},"uagb_author_info":{"display_name":"Ecoute FM","author_link":"https:\/\/radioecoutefm.com\/index.php\/author\/borgellaattis\/"},"uagb_comment_info":0,"uagb_excerpt":"WhatsApp a annonc\u00e9 le d\u00e9ploiement d\u2019une nouvelle s\u00e9rie de fonctionnalit\u00e9s destin\u00e9es \u00e0 am\u00e9liorer les discussions de groupe, les appels, ainsi que l\u2019interaction au sein des communaut\u00e9s et des canaux. Parmi les principales nouveaut\u00e9s, les utilisateurs pourront d\u00e9sormais voir un indicateur d\u2019activit\u00e9 en ligne en temps r\u00e9el, mieux g\u00e9rer leurs notifications, et cr\u00e9er ou participer \u00e0&hellip;","jetpack_sharing_enabled":true,"jetpack_shortlink":"https:\/\/wp.me\/pgoyna-Gg","jetpack-related-posts":[{"id":5016,"url":"https:\/\/radioecoutefm.com\/index.php\/2025\/06\/09\/5016\/","url_meta":{"origin":2620,"position":0},"title":"\u00c9lie Limage ex\u00e9cut\u00e9 a Gros morne","author":"Ecoute FM","date":"09.06.2025","format":false,"excerpt":"L\u2019ex\u00e9cution brutale d\u2019\u00c9lie Limage, homme d'affaire 84 ans, incarne la descente aux enfers du departement de l'artibonite livr\u00e9 aux groupes arm\u00e9s.. Enlev\u00e9 en plein jour avec son chauffeur et un autre homme d\u2019affaires, il a \u00e9t\u00e9 ex\u00e9cut\u00e9 pr\u00e8s de chez lui par les hommes du groupe gang arm\u00e9 de kokorat\u2026","rel":"","context":"In &quot;INSECURITE&quot;","block_context":{"text":"INSECURITE","link":"https:\/\/radioecoutefm.com\/index.php\/category\/securite\/"},"img":{"alt_text":"","src":"https:\/\/i0.wp.com\/radioecoutefm.com\/wp-content\/uploads\/2025\/06\/Elie-Limage.png?fit=720%2C622&ssl=1&resize=350%2C200","width":350,"height":200,"srcset":"https:\/\/i0.wp.com\/radioecoutefm.com\/wp-content\/uploads\/2025\/06\/Elie-Limage.png?fit=720%2C622&ssl=1&resize=350%2C200 1x, https:\/\/i0.wp.com\/radioecoutefm.com\/wp-content\/uploads\/2025\/06\/Elie-Limage.png?fit=720%2C622&ssl=1&resize=525%2C300 1.5x, https:\/\/i0.wp.com\/radioecoutefm.com\/wp-content\/uploads\/2025\/06\/Elie-Limage.png?fit=720%2C622&ssl=1&resize=700%2C400 2x"},"classes":[]},{"id":6140,"url":"https:\/\/radioecoutefm.com\/index.php\/2025\/10\/14\/baisse-du-prix-du-passeport-pour-les-haitiens-de-la-diaspora\/","url_meta":{"origin":2620,"position":1},"title":"Baisse du prix du passeport pour les Ha\u00eftiens de la diaspora","author":"Ecoute FM","date":"14.10.2025","format":false,"excerpt":"Le minist\u00e8re des Affaires \u00e9trang\u00e8res et des Cultes (MAEC) a annonc\u00e9 une r\u00e9duction significative du co\u00fbt du passeport ha\u00eftien, dans le but de faciliter l\u2019acc\u00e8s \u00e0 ce document essentiel pour les citoyens. Selon la nouvelle grille tarifaire, le prix pour un adulte de plus de 18 ans passe de 170\u2026","rel":"","context":"In &quot;SOCIETE&quot;","block_context":{"text":"SOCIETE","link":"https:\/\/radioecoutefm.com\/index.php\/category\/societe\/"},"img":{"alt_text":"","src":"https:\/\/i0.wp.com\/radioecoutefm.com\/wp-content\/uploads\/2025\/10\/52084C4E-7666-4D7E-89C1-9A7BF17AAA42.jpeg?fit=720%2C827&ssl=1&resize=350%2C200","width":350,"height":200,"srcset":"https:\/\/i0.wp.com\/radioecoutefm.com\/wp-content\/uploads\/2025\/10\/52084C4E-7666-4D7E-89C1-9A7BF17AAA42.jpeg?fit=720%2C827&ssl=1&resize=350%2C200 1x, https:\/\/i0.wp.com\/radioecoutefm.com\/wp-content\/uploads\/2025\/10\/52084C4E-7666-4D7E-89C1-9A7BF17AAA42.jpeg?fit=720%2C827&ssl=1&resize=525%2C300 1.5x, https:\/\/i0.wp.com\/radioecoutefm.com\/wp-content\/uploads\/2025\/10\/52084C4E-7666-4D7E-89C1-9A7BF17AAA42.jpeg?fit=720%2C827&ssl=1&resize=700%2C400 2x"},"classes":[]},{"id":1854,"url":"https:\/\/radioecoutefm.com\/index.php\/2025\/03\/19\/manifestation-contre-le-pouvoir-a-canape-vert-des-milliers-de-manifestants-exigent-des-changements-immediats\/","url_meta":{"origin":2620,"position":2},"title":"Manifestation contre le pouvoir \u00e0 Canap\u00e9-Vert : Des milliers de manifestants exigent des changements imm\u00e9diats","author":"Ecoute FM","date":"19.03.2025","format":false,"excerpt":"Ce mervredi 19 mars 2025, une manifestation d'une ampleur in\u00e9dite se d\u00e9roule \u00e0 Canap\u00e9-Vert, un quartier de la capitale ha\u00eftienne, Port-au-Prince. Des milliers de citoyens, en col\u00e8re contre la situation politique et sociale du pays, ont investi les rues pour exprimer leur m\u00e9contentement. Les manifestants d\u00e9noncent vivement l'incapacit\u00e9 des autorit\u00e9s\u2026","rel":"","context":"In &quot;INSECURITE&quot;","block_context":{"text":"INSECURITE","link":"https:\/\/radioecoutefm.com\/index.php\/category\/securite\/"},"img":{"alt_text":"","src":"https:\/\/i0.wp.com\/radioecoutefm.com\/wp-content\/uploads\/2025\/03\/D4C8932C-C1F5-4EAF-8AC7-E4B466FC7AE5.jpeg?fit=600%2C400&ssl=1&resize=350%2C200","width":350,"height":200,"srcset":"https:\/\/i0.wp.com\/radioecoutefm.com\/wp-content\/uploads\/2025\/03\/D4C8932C-C1F5-4EAF-8AC7-E4B466FC7AE5.jpeg?fit=600%2C400&ssl=1&resize=350%2C200 1x, https:\/\/i0.wp.com\/radioecoutefm.com\/wp-content\/uploads\/2025\/03\/D4C8932C-C1F5-4EAF-8AC7-E4B466FC7AE5.jpeg?fit=600%2C400&ssl=1&resize=525%2C300 1.5x"},"classes":[]},{"id":1688,"url":"https:\/\/radioecoutefm.com\/index.php\/2025\/03\/17\/haiti-insecurite-trois-medias-incendies-en-moins-dune-semaine-linquietante-montee-de-linsecurite-en-haiti-et-linaction-des-autorites\/","url_meta":{"origin":2620,"position":3},"title":"Haiti ins\u00e9curit\u00e9: Trois M\u00e9dias Incendi\u00e9s en moins d&#8217;une semaine, l&#8217;inqui\u00e9tante Mont\u00e9e de l&#8217;Ins\u00e9curit\u00e9 en Ha\u00efti et l&#8217;Inaction des Autorit\u00e9s","author":"Ecoute FM","date":"17.03.2025","format":false,"excerpt":"En moins d\u2019une semaine, trois stations de media ha\u00eftiennes ont \u00e9t\u00e9 cibl\u00e9es par des incendies criminels, une s\u00e9rie d'attaques violentes qui r\u00e9v\u00e8lent une escalade dramatique de l'ins\u00e9curit\u00e9 dans le pays. Ces incendies, attribu\u00e9s au groupe criminel Viv Ansanm, ont non seulement caus\u00e9 des destructions mat\u00e9rielles consid\u00e9rables, mais ont aussi jet\u00e9\u2026","rel":"","context":"In &quot;INSECURITE&quot;","block_context":{"text":"INSECURITE","link":"https:\/\/radioecoutefm.com\/index.php\/category\/securite\/"},"img":{"alt_text":"","src":"https:\/\/i0.wp.com\/radioecoutefm.com\/wp-content\/uploads\/2025\/03\/Liberte-de-la-presse.png?fit=1125%2C528&ssl=1&resize=350%2C200","width":350,"height":200,"srcset":"https:\/\/i0.wp.com\/radioecoutefm.com\/wp-content\/uploads\/2025\/03\/Liberte-de-la-presse.png?fit=1125%2C528&ssl=1&resize=350%2C200 1x, https:\/\/i0.wp.com\/radioecoutefm.com\/wp-content\/uploads\/2025\/03\/Liberte-de-la-presse.png?fit=1125%2C528&ssl=1&resize=525%2C300 1.5x, https:\/\/i0.wp.com\/radioecoutefm.com\/wp-content\/uploads\/2025\/03\/Liberte-de-la-presse.png?fit=1125%2C528&ssl=1&resize=700%2C400 2x, https:\/\/i0.wp.com\/radioecoutefm.com\/wp-content\/uploads\/2025\/03\/Liberte-de-la-presse.png?fit=1125%2C528&ssl=1&resize=1050%2C600 3x"},"classes":[]},{"id":1529,"url":"https:\/\/radioecoutefm.com\/index.php\/2025\/03\/12\/nouvelle-attaque-armee-a-carrefour-feuilles-des-habitants-en-detresse\/","url_meta":{"origin":2620,"position":4},"title":"Nouvelle attaque arm\u00e9e \u00e0 Carrefour-Feuilles, des habitants en d\u00e9tresse","author":"Claude DIEUPHENE","date":"12.03.2025","format":false,"excerpt":"Les gangs arm\u00e9s de la coalition Viv Ansanm ont lanc\u00e9 une nouvelle attaque contre Carrefour-Feuilles dans la nuit du 11 au 12 mars 2025. Sous le commandement du chef de gang Ti Lapli, ces criminels ont incendi\u00e9 plusieurs maisons et v\u00e9hicules, semant la terreur parmi la population locale. Sous une\u2026","rel":"","context":"In &quot;INSECURITE&quot;","block_context":{"text":"INSECURITE","link":"https:\/\/radioecoutefm.com\/index.php\/category\/securite\/"},"img":{"alt_text":"","src":"https:\/\/i0.wp.com\/radioecoutefm.com\/wp-content\/uploads\/2025\/03\/att.pL-UzcSCfx6dNbeUaOoxPNu49a0y8hQkSKU7p6vVRZY.jpeg?fit=640%2C480&ssl=1&resize=350%2C200","width":350,"height":200,"srcset":"https:\/\/i0.wp.com\/radioecoutefm.com\/wp-content\/uploads\/2025\/03\/att.pL-UzcSCfx6dNbeUaOoxPNu49a0y8hQkSKU7p6vVRZY.jpeg?fit=640%2C480&ssl=1&resize=350%2C200 1x, https:\/\/i0.wp.com\/radioecoutefm.com\/wp-content\/uploads\/2025\/03\/att.pL-UzcSCfx6dNbeUaOoxPNu49a0y8hQkSKU7p6vVRZY.jpeg?fit=640%2C480&ssl=1&resize=525%2C300 1.5x"},"classes":[]},{"id":1320,"url":"https:\/\/radioecoutefm.com\/index.php\/2025\/03\/05\/laeroport-des-cayes-devient-international-lesly-voltaire-annonce-une-nouvelle-ere-pour-la-region\/","url_meta":{"origin":2620,"position":5},"title":"L&#8217;A\u00e9roport des Cayes devient &#8220;International&#8221; : Lesly Voltaire annonce une nouvelle \u00e8re pour la r\u00e9gion","author":"Ecoute FM","date":"05.03.2025","format":false,"excerpt":"Le pr\u00e9sident du Conseil de Transition Politique (CTP), Lesly Voltaire, a officiellement annonc\u00e9 ce jeudi, lors d\u2019une d\u00e9claration faite dans la ville des Cayes, que l\u2019a\u00e9roport des Cayes est d\u00e9sormais un a\u00e9roport international. Ce changement fait suite aux travaux de modernisation entrepris par l'\u00c9tat central, visant \u00e0 am\u00e9liorer l\u2019infrastructure et\u2026","rel":"","context":"In &quot;SOCIETE&quot;","block_context":{"text":"SOCIETE","link":"https:\/\/radioecoutefm.com\/index.php\/category\/societe\/"},"img":{"alt_text":"","src":"https:\/\/i0.wp.com\/radioecoutefm.com\/wp-content\/uploads\/2025\/03\/aerport-cayes-4-mars.jpg?fit=640%2C427&ssl=1&resize=350%2C200","width":350,"height":200,"srcset":"https:\/\/i0.wp.com\/radioecoutefm.com\/wp-content\/uploads\/2025\/03\/aerport-cayes-4-mars.jpg?fit=640%2C427&ssl=1&resize=350%2C200 1x, https:\/\/i0.wp.com\/radioecoutefm.com\/wp-content\/uploads\/2025\/03\/aerport-cayes-4-mars.jpg?fit=640%2C427&ssl=1&resize=525%2C300 1.5x"},"classes":[]}],"authors":[{"term_id":15,"user_id":1,"is_guest":0,"slug":"borgellaattis","display_name":"Ecoute FM","avatar_url":"https:\/\/secure.gravatar.com\/avatar\/a5369629745bf29c5deb65198d5e38aed1dc2c880c04b3b630ab3f6e8c623b70?s=96&d=mm&r=g","0":null,"1":"","2":"","3":"","4":"","5":"","6":"","7":"","8":""}],"_links":{"self":[{"href":"https:\/\/radioecoutefm.com\/index.php\/wp-json\/wp\/v2\/posts\/2620","targetHints":{"allow":["GET"]}}],"collection":[{"href":"https:\/\/radioecoutefm.com\/index.php\/wp-json\/wp\/v2\/posts"}],"about":[{"href":"https:\/\/radioecoutefm.com\/index.php\/wp-json\/wp\/v2\/types\/post"}],"author":[{"embeddable":true,"href":"https:\/\/radioecoutefm.com\/index.php\/wp-json\/wp\/v2\/users\/1"}],"replies":[{"embeddable":true,"href":"https:\/\/radioecoutefm.com\/index.php\/wp-json\/wp\/v2\/comments?post=2620"}],"version-history":[{"count":1,"href":"https:\/\/radioecoutefm.com\/index.php\/wp-json\/wp\/v2\/posts\/2620\/revisions"}],"predecessor-version":[{"id":2625,"href":"https:\/\/radioecoutefm.com\/index.php\/wp-json\/wp\/v2\/posts\/2620\/revisions\/2625"}],"wp:featuredmedia":[{"embeddable":true,"href":"https:\/\/radioecoutefm.com\/index.php\/wp-json\/wp\/v2\/media\/2621"}],"wp:attachment":[{"href":"https:\/\/radioecoutefm.com\/index.php\/wp-json\/wp\/v2\/media?parent=2620"}],"wp:term":[{"taxonomy":"category","embeddable":true,"href":"https:\/\/radioecoutefm.com\/index.php\/wp-json\/wp\/v2\/categories?post=2620"},{"taxonomy":"post_tag","embeddable":true,"href":"https:\/\/radioecoutefm.com\/index.php\/wp-json\/wp\/v2\/tags?post=2620"},{"taxonomy":"author","embeddable":true,"href":"https:\/\/radioecoutefm.com\/index.php\/wp-json\/wp\/v2\/ppma_author?post=2620"}],"curies":[{"name":"wp","href":"https:\/\/api.w.org\/{rel}","templated":true}]}}